{"id":14969,"date":"2020-09-15T14:33:22","date_gmt":"2020-09-15T12:33:22","guid":{"rendered":"https:\/\/www.apfelpatient.de\/?p=14969"},"modified":"2020-09-15T14:33:22","modified_gmt":"2020-09-15T12:33:22","slug":"apple-event-new-details-about-apple-watch-se","status":"publish","type":"post","link":"https:\/\/www.apfelpatient.de\/en\/rumors\/apple-event-neue-details-zu-apple-watch-se","title":{"rendered":"Apple Event: New details about Apple Watch SE"},"content":{"rendered":"<p class=\"has-drop-cap\"><strong>Tonight, Apple will present new products as part of the \u201cTime Flies\u201d event. New Apple Watch and iPad models are expected.<\/strong><\/p>\n\n\n\n<p>In the run-up to Apple\u2019s virtual event \u201cTime Flies\u201d, which will take place at 7 p.m. <a href=\"https:\/\/www.apple.com\/\" class=\"ek-link\"><span style=\"text-decoration: underline;\" class=\"ek-underline\">organized<\/span><\/a> Bloomberg journalist Mark Gurman has spoken out again. He pointed out <a href=\"https:\/\/twitter.com\/markgurman\" class=\"ek-link\"><span style=\"text-decoration: underline;\" class=\"ek-underline\">Twitter<\/span><\/a> the so-called Apple Watch SE. Rumor has it that Apple is planning to replace the third generation of the popular smartwatch with a new, affordable model. Now Gurman believes that the device will actually be called the Apple Watch SE and will be based on the Series 5. The difference to the Apple Watch Series 6 is said to be the processor and the new health function, namely blood oxygen monitoring.&nbsp;<\/p>\n\n\n\n<h3 class=\"wp-block-heading\">Apple One is also expected<\/h3>\n\n\n\n\n\n\n\n<p>For this reason, Gurman has dampened expectations for the new Apple Watch Series 6 and noted that &quot;one should not hope for a ton of innovations&quot;. In addition to the new smartwatch models, a completely redesigned iPad Air 4 is also expected. The device will appear in the design of the iPad Pro and have Touch ID in the standby switch. However, the use of ProMotion technology is not to be expected. In addition to the hardware, the well-known journalist also expects Apple One. This is a new subscription bundle that includes various Apple services at a cheaper price. Gurman did not comment on AirTags, however.&nbsp;<em>(Image: Apple)<\/em><\/p>\n\n\n\n<ul class=\"wp-block-list\"><li><a href=\"https:\/\/www.apfelpatient.de\/en\/news\/airpods-pro-ios-14-apple-activates-spatial-audio\" class=\"ek-link\"><span style=\"text-decoration: underline;\" class=\"ek-underline\">AirPods Pro &amp; iOS 14: Apple activates Spatial Audio<\/span><\/a><\/li><\/ul>\n\n\n\n<h6 class=\"wp-block-heading translation-block\" id=\"h-kennt-ihr-schon-unsere-amazon-storefront-dort-findet-ihr-eine-handverlesene-auswahl-von-diversen-produkten-f-r-euer-iphone-und-co-viel-spa-beim-st-bern\"><em>Have you already visited our Amazon Storefront? There you&#039;ll find a hand-picked selection of various products for your iPhone and other devices \u2013 <span class=\"has-inline-color has-vivid-red-color\"><a href=\"https:\/\/www.amazon.de\/shop\/apfelpatientofficial\" class=\"ek-link\" data-wpel-link=\"exclude\" rel=\"follow noopener\" target=\"_self\"><span style=\"text-decoration: underline\" class=\"ek-underline\">enjoy browsing<\/span><\/a> !<\/span><\/em><\/h6>\n\n\n\n\n\n<h6 class=\"wp-block-heading translation-block\" id=\"h-der-beitrag-enthalt-partnerlinks\">This post contains <a data-type=\"URL\" data-id=\"https:\/\/www.apfelpatient.de\/partnerprogramm\" href=\"https:\/\/www.apfelpatient.de\/en\/partner-program\" data-wpel-link=\"internal\" target=\"_self\">affiliate links<\/a>.<\/h6>","protected":false},"excerpt":{"rendered":"<p>Apple Watch: Rumor has it that Apple is planning to replace the third generation of the popular smartwatch with a new, affordable model.<\/p>","protected":false},"author":2,"featured_media":5990,"comment_status":"closed","ping_status":"open","sticky":false,"template":"","format":"standard","meta":{"jnews-multi-image_gallery":[],"jnews_single_post":{"subtitle":"","format":"standard","video":"","gallery":"","source_name":"","source_url":"","via_name":"","via_url":"","override":[{"single_blog_custom":"","sidebar":"","second_sidebar":"","share_position":"","share_float_style":"","post_date_format":"","post_date_format_custom":"","post_reading_time_wpm":"","zoom_button_out_step":"1","zoom_button_in_step":"1","number_popup_post":"1"}],"image_override":[{"single_post_thumbnail_size":"","single_post_gallery_size":""}],"trending_post_position":"","trending_post_label":"","sponsored_post_label":"","sponsored_post_name":"","sponsored_post_url":"","sponsored_post_logo":"","sponsored_post_desc":""},"jnews_primary_category":{"id":"274"},"footnotes":""},"categories":[25],"tags":[34,86,427,14,20,18,240],"class_list":["post-14969","post","type-post","status-publish","format-standard","has-post-thumbnail","hentry","category-rumors","tag-apple-dienste","tag-apple-event","tag-apple-one","tag-apple-watch","tag-apple-watch-series-6","tag-ipad","tag-ipad-air"],"yoast_head":"<!-- This site is optimized with the Yoast SEO Premium plugin v27.5 (Yoast SEO v27.5) - https:\/\/yoast.com\/product\/yoast-seo-premium-wordpress\/ -->\n<title>Apple Event: Neue Details zu Apple Watch SE Apfelpatient<\/title>\n<meta name=\"description\" content=\"Apple Watch: Ger\u00fcchten nach plant Apple die dritte Generation der beliebten Smartwatch durch ein neues g\u00fcnstiges Modell abzul\u00f6sen.\" \/>\n<meta name=\"robots\" content=\"index, follow, max-snippet:-1, max-image-preview:large, max-video-preview:-1\" \/>\n<link rel=\"canonical\" href=\"https:\/\/www.apfelpatient.de\/en\/rumors\/apple-event-new-details-about-apple-watch-se\" \/>\n<meta property=\"og:locale\" content=\"en_US\" \/>\n<meta property=\"og:type\" content=\"article\" \/>\n<meta property=\"og:title\" content=\"Apple Event: Neue Details zu Apple Watch SE\" \/>\n<meta property=\"og:description\" content=\"Apple Watch: Ger\u00fcchten nach plant Apple die dritte Generation der beliebten Smartwatch durch ein neues g\u00fcnstiges Modell abzul\u00f6sen.\" \/>\n<meta property=\"og:url\" content=\"https:\/\/www.apfelpatient.de\/en\/rumors\/apple-event-new-details-about-apple-watch-se\" \/>\n<meta property=\"og:site_name\" content=\"Apfelpatient\" \/>\n<meta property=\"article:publisher\" content=\"https:\/\/www.facebook.com\/apfelpatientOfficial\" \/>\n<meta property=\"article:author\" content=\"https:\/\/www.facebook.com\/apfelpatientOfficial\" \/>\n<meta property=\"article:published_time\" content=\"2020-09-15T12:33:22+00:00\" \/>\n<meta property=\"og:image\" content=\"https:\/\/www.apfelpatient.de\/wp-content\/uploads\/2019\/09\/Apple_keynote-event_stan-ng-apple-watch-series-5_091019.jpg\" \/>\n\t<meta property=\"og:image:width\" content=\"1632\" \/>\n\t<meta property=\"og:image:height\" content=\"1094\" \/>\n\t<meta property=\"og:image:type\" content=\"image\/jpeg\" \/>\n<meta name=\"author\" content=\"Milan\" \/>\n<meta name=\"twitter:card\" content=\"summary_large_image\" \/>\n<meta name=\"twitter:description\" content=\"Apple Watch: Ger\u00fcchten nach plant Apple die dritte Generation der beliebten Smartwatch durch ein neues g\u00fcnstiges Modell abzul\u00f6sen.\" \/>\n<meta name=\"twitter:label1\" content=\"Written by\" \/>\n\t<meta name=\"twitter:data1\" content=\"Milan\" \/>\n\t<meta name=\"twitter:label2\" content=\"Est. reading time\" \/>\n\t<meta name=\"twitter:data2\" content=\"1 minute\" \/>\n<script type=\"application\/ld+json\" class=\"yoast-schema-graph\">{\"@context\":\"https:\\\/\\\/schema.org\",\"@graph\":[{\"@type\":\"NewsArticle\",\"@id\":\"https:\\\/\\\/www.apfelpatient.de\\\/rumors\\\/apple-event-neue-details-zu-apple-watch-se#article\",\"isPartOf\":{\"@id\":\"https:\\\/\\\/www.apfelpatient.de\\\/rumors\\\/apple-event-neue-details-zu-apple-watch-se\"},\"author\":{\"@type\":\"Organization\",\"@id\":\"https:\\\/\\\/www.apfelpatient.de\\\/en\\\/#organization\",\"name\":\"Apfelpatient\",\"url\":\"https:\\\/\\\/www.apfelpatient.de\\\/en\\\/\"},\"headline\":\"Apple Event: Neue Details zu Apple Watch SE\",\"datePublished\":\"2020-09-15T12:33:22+00:00\",\"mainEntityOfPage\":{\"@id\":\"https:\\\/\\\/www.apfelpatient.de\\\/rumors\\\/apple-event-neue-details-zu-apple-watch-se\"},\"wordCount\":256,\"publisher\":{\"@type\":\"Organization\",\"@id\":\"https:\\\/\\\/www.apfelpatient.de\\\/en\\\/#organization\",\"name\":\"Apfelpatient\",\"url\":\"https:\\\/\\\/www.apfelpatient.de\\\/en\\\/\"},\"image\":{\"@id\":\"https:\\\/\\\/www.apfelpatient.de\\\/rumors\\\/apple-event-neue-details-zu-apple-watch-se#primaryimage\"},\"thumbnailUrl\":\"https:\\\/\\\/www.apfelpatient.de\\\/wp-content\\\/uploads\\\/2019\\\/09\\\/Apple_keynote-event_stan-ng-apple-watch-series-5_091019.jpg\",\"keywords\":[\"Apple Dienste\",\"Apple Event\",\"Apple One\",\"Apple Watch\",\"Apple Watch Series 6\",\"iPad\",\"iPad Air\"],\"articleSection\":\"Rumors\",\"inLanguage\":\"en-US\",\"copyrightYear\":\"2020\",\"copyrightHolder\":{\"@id\":\"https:\\\/\\\/www.apfelpatient.de\\\/en\\\/#organization\"}},{\"@type\":\"WebPage\",\"@id\":\"https:\\\/\\\/www.apfelpatient.de\\\/rumors\\\/apple-event-neue-details-zu-apple-watch-se\",\"url\":\"https:\\\/\\\/www.apfelpatient.de\\\/rumors\\\/apple-event-neue-details-zu-apple-watch-se\",\"name\":\"Apple Event: Neue Details zu Apple Watch SE Apfelpatient\",\"isPartOf\":{\"@id\":\"https:\\\/\\\/www.apfelpatient.de\\\/#website\"},\"primaryImageOfPage\":{\"@id\":\"https:\\\/\\\/www.apfelpatient.de\\\/rumors\\\/apple-event-neue-details-zu-apple-watch-se#primaryimage\"},\"image\":{\"@id\":\"https:\\\/\\\/www.apfelpatient.de\\\/rumors\\\/apple-event-neue-details-zu-apple-watch-se#primaryimage\"},\"thumbnailUrl\":\"https:\\\/\\\/www.apfelpatient.de\\\/wp-content\\\/uploads\\\/2019\\\/09\\\/Apple_keynote-event_stan-ng-apple-watch-series-5_091019.jpg\",\"datePublished\":\"2020-09-15T12:33:22+00:00\",\"description\":\"Apple Watch: Ger\u00fcchten nach plant Apple die dritte Generation der beliebten Smartwatch durch ein neues g\u00fcnstiges Modell abzul\u00f6sen.\",\"breadcrumb\":{\"@id\":\"https:\\\/\\\/www.apfelpatient.de\\\/rumors\\\/apple-event-neue-details-zu-apple-watch-se#breadcrumb\"},\"inLanguage\":\"en-US\",\"potentialAction\":[{\"@type\":\"ReadAction\",\"target\":[\"https:\\\/\\\/www.apfelpatient.de\\\/rumors\\\/apple-event-neue-details-zu-apple-watch-se\"]}]},{\"@type\":\"ImageObject\",\"inLanguage\":\"en-US\",\"@id\":\"https:\\\/\\\/www.apfelpatient.de\\\/rumors\\\/apple-event-neue-details-zu-apple-watch-se#primaryimage\",\"url\":\"https:\\\/\\\/www.apfelpatient.de\\\/wp-content\\\/uploads\\\/2019\\\/09\\\/Apple_keynote-event_stan-ng-apple-watch-series-5_091019.jpg\",\"contentUrl\":\"https:\\\/\\\/www.apfelpatient.de\\\/wp-content\\\/uploads\\\/2019\\\/09\\\/Apple_keynote-event_stan-ng-apple-watch-series-5_091019.jpg\",\"width\":1632,\"height\":1094,\"caption\":\"Bild: Apple\"},{\"@type\":\"BreadcrumbList\",\"@id\":\"https:\\\/\\\/www.apfelpatient.de\\\/rumors\\\/apple-event-neue-details-zu-apple-watch-se#breadcrumb\",\"itemListElement\":[{\"@type\":\"ListItem\",\"position\":1,\"name\":\"Startseite\",\"item\":\"https:\\\/\\\/www.apfelpatient.de\\\/\"},{\"@type\":\"ListItem\",\"position\":2,\"name\":\"Apple Event: Neue Details zu Apple Watch SE\"}]},{\"@type\":\"WebSite\",\"@id\":\"https:\\\/\\\/www.apfelpatient.de\\\/#website\",\"url\":\"https:\\\/\\\/www.apfelpatient.de\\\/\",\"name\":\"Apfelpatient\",\"description\":\"Alles rund um Apple!\",\"publisher\":{\"@type\":\"Organization\",\"@id\":\"https:\\\/\\\/www.apfelpatient.de\\\/en\\\/#organization\",\"name\":\"Apfelpatient\",\"url\":\"https:\\\/\\\/www.apfelpatient.de\\\/en\\\/\"},\"alternateName\":\"Apfelpatient\",\"potentialAction\":[{\"@type\":\"SearchAction\",\"target\":{\"@type\":\"EntryPoint\",\"urlTemplate\":\"https:\\\/\\\/www.apfelpatient.de\\\/?s={search_term_string}\"},\"query-input\":{\"@type\":\"PropertyValueSpecification\",\"valueRequired\":true,\"valueName\":\"search_term_string\"}}],\"inLanguage\":\"en-US\"},{\"@type\":[\"Person\",\"Organization\"],\"@id\":\"https:\\\/\\\/www.apfelpatient.de\\\/#\\\/schema\\\/person\\\/35b3ddba5832f2bfc7fff5206d4f6b7b\",\"name\":\"Milan\",\"logo\":{\"@id\":\"https:\\\/\\\/www.apfelpatient.de\\\/#\\\/schema\\\/person\\\/image\\\/\"},\"description\":\"Hallo und herzlich willkommen auf meinem Technik-Blog! Als gro\u00dfer Apple-Fan berichte ich hier \u00fcber alles, was mit Apple zu tun hat: von den neuesten News und spannenden Ger\u00fcchten \u00fcber hilfreiche Tipps und Tricks bis hin zu ausf\u00fchrlichen Produkttests. Wenn du genauso technikbegeistert bist wie ich, bist du hier genau richtig!\",\"sameAs\":[\"https:\\\/\\\/www.facebook.com\\\/apfelpatientOfficial\",\"https:\\\/\\\/www.linkedin.com\\\/in\\\/milan-jovicic-42aa0231b\"],\"url\":\"https:\\\/\\\/www.apfelpatient.de\\\/en\\\/author\\\/apfeladmin\"}]}<\/script>\n<!-- \/ Yoast SEO Premium plugin. -->","yoast_head_json":{"title":"Apple Event: New details about Apple Watch SE Apfelpatient","description":"Apple Watch: Rumor has it that Apple is planning to replace the third generation of the popular smartwatch with a new, affordable model.","robots":{"index":"index","follow":"follow","max-snippet":"max-snippet:-1","max-image-preview":"max-image-preview:large","max-video-preview":"max-video-preview:-1"},"canonical":"https:\/\/www.apfelpatient.de\/en\/rumors\/apple-event-new-details-about-apple-watch-se","og_locale":"en_US","og_type":"article","og_title":"Apple Event: Neue Details zu Apple Watch SE","og_description":"Apple Watch: Ger\u00fcchten nach plant Apple die dritte Generation der beliebten Smartwatch durch ein neues g\u00fcnstiges Modell abzul\u00f6sen.","og_url":"https:\/\/www.apfelpatient.de\/en\/rumors\/apple-event-new-details-about-apple-watch-se","og_site_name":"Apfelpatient","article_publisher":"https:\/\/www.facebook.com\/apfelpatientOfficial","article_author":"https:\/\/www.facebook.com\/apfelpatientOfficial","article_published_time":"2020-09-15T12:33:22+00:00","og_image":[{"width":1632,"height":1094,"url":"https:\/\/www.apfelpatient.de\/wp-content\/uploads\/2019\/09\/Apple_keynote-event_stan-ng-apple-watch-series-5_091019.jpg","type":"image\/jpeg"}],"author":"Milan","twitter_card":"summary_large_image","twitter_description":"Apple Watch: Ger\u00fcchten nach plant Apple die dritte Generation der beliebten Smartwatch durch ein neues g\u00fcnstiges Modell abzul\u00f6sen.","twitter_misc":{"Written by":"Milan","Est. reading time":"1 minute"},"schema":{"@context":"https:\/\/schema.org","@graph":[{"@type":"NewsArticle","@id":"https:\/\/www.apfelpatient.de\/rumors\/apple-event-neue-details-zu-apple-watch-se#article","isPartOf":{"@id":"https:\/\/www.apfelpatient.de\/rumors\/apple-event-neue-details-zu-apple-watch-se"},"author":{"@type":"Organization","@id":"https:\/\/www.apfelpatient.de\/en\/#organization","name":"Apfelpatient","url":"https:\/\/www.apfelpatient.de\/en\/"},"headline":"Apple Event: Neue Details zu Apple Watch SE","datePublished":"2020-09-15T12:33:22+00:00","mainEntityOfPage":{"@id":"https:\/\/www.apfelpatient.de\/rumors\/apple-event-neue-details-zu-apple-watch-se"},"wordCount":256,"publisher":{"@type":"Organization","@id":"https:\/\/www.apfelpatient.de\/en\/#organization","name":"Apfelpatient","url":"https:\/\/www.apfelpatient.de\/en\/"},"image":{"@id":"https:\/\/www.apfelpatient.de\/rumors\/apple-event-neue-details-zu-apple-watch-se#primaryimage"},"thumbnailUrl":"https:\/\/www.apfelpatient.de\/wp-content\/uploads\/2019\/09\/Apple_keynote-event_stan-ng-apple-watch-series-5_091019.jpg","keywords":["Apple Dienste","Apple Event","Apple One","Apple Watch","Apple Watch Series 6","iPad","iPad Air"],"articleSection":"Rumors","inLanguage":"en-US","copyrightYear":"2020","copyrightHolder":{"@id":"https:\/\/www.apfelpatient.de\/en\/#organization"}},{"@type":"WebPage","@id":"https:\/\/www.apfelpatient.de\/rumors\/apple-event-neue-details-zu-apple-watch-se","url":"https:\/\/www.apfelpatient.de\/rumors\/apple-event-neue-details-zu-apple-watch-se","name":"Apple Event: New details about Apple Watch SE Apfelpatient","isPartOf":{"@id":"https:\/\/www.apfelpatient.de\/#website"},"primaryImageOfPage":{"@id":"https:\/\/www.apfelpatient.de\/rumors\/apple-event-neue-details-zu-apple-watch-se#primaryimage"},"image":{"@id":"https:\/\/www.apfelpatient.de\/rumors\/apple-event-neue-details-zu-apple-watch-se#primaryimage"},"thumbnailUrl":"https:\/\/www.apfelpatient.de\/wp-content\/uploads\/2019\/09\/Apple_keynote-event_stan-ng-apple-watch-series-5_091019.jpg","datePublished":"2020-09-15T12:33:22+00:00","description":"Apple Watch: Rumor has it that Apple is planning to replace the third generation of the popular smartwatch with a new, affordable model.","breadcrumb":{"@id":"https:\/\/www.apfelpatient.de\/rumors\/apple-event-neue-details-zu-apple-watch-se#breadcrumb"},"inLanguage":"en-US","potentialAction":[{"@type":"ReadAction","target":["https:\/\/www.apfelpatient.de\/rumors\/apple-event-neue-details-zu-apple-watch-se"]}]},{"@type":"ImageObject","inLanguage":"en-US","@id":"https:\/\/www.apfelpatient.de\/rumors\/apple-event-neue-details-zu-apple-watch-se#primaryimage","url":"https:\/\/www.apfelpatient.de\/wp-content\/uploads\/2019\/09\/Apple_keynote-event_stan-ng-apple-watch-series-5_091019.jpg","contentUrl":"https:\/\/www.apfelpatient.de\/wp-content\/uploads\/2019\/09\/Apple_keynote-event_stan-ng-apple-watch-series-5_091019.jpg","width":1632,"height":1094,"caption":"Bild: Apple"},{"@type":"BreadcrumbList","@id":"https:\/\/www.apfelpatient.de\/rumors\/apple-event-neue-details-zu-apple-watch-se#breadcrumb","itemListElement":[{"@type":"ListItem","position":1,"name":"Startseite","item":"https:\/\/www.apfelpatient.de\/"},{"@type":"ListItem","position":2,"name":"Apple Event: Neue Details zu Apple Watch SE"}]},{"@type":"WebSite","@id":"https:\/\/www.apfelpatient.de\/#website","url":"https:\/\/www.apfelpatient.de\/","name":"apple patient","description":"Everything about Apple!","publisher":{"@type":"Organization","@id":"https:\/\/www.apfelpatient.de\/en\/#organization","name":"Apfelpatient","url":"https:\/\/www.apfelpatient.de\/en\/"},"alternateName":"Apfelpatient","potentialAction":[{"@type":"SearchAction","target":{"@type":"EntryPoint","urlTemplate":"https:\/\/www.apfelpatient.de\/?s={search_term_string}"},"query-input":{"@type":"PropertyValueSpecification","valueRequired":true,"valueName":"search_term_string"}}],"inLanguage":"en-US"},{"@type":["Person","Organization"],"@id":"https:\/\/www.apfelpatient.de\/#\/schema\/person\/35b3ddba5832f2bfc7fff5206d4f6b7b","name":"Milan","logo":{"@id":"https:\/\/www.apfelpatient.de\/#\/schema\/person\/image\/"},"description":"Hello and welcome to my technology blog! As a big Apple fan, I report on everything to do with Apple: from the latest news and exciting rumors to helpful tips and tricks and detailed product tests. If you are as enthusiastic about technology as I am, you have come to the right place!","sameAs":["https:\/\/www.facebook.com\/apfelpatientOfficial","https:\/\/www.linkedin.com\/in\/milan-jovicic-42aa0231b"],"url":"https:\/\/www.apfelpatient.de\/en\/author\/apfeladmin"}]}},"_links":{"self":[{"href":"https:\/\/www.apfelpatient.de\/en\/wp-json\/wp\/v2\/posts\/14969","targetHints":{"allow":["GET"]}}],"collection":[{"href":"https:\/\/www.apfelpatient.de\/en\/wp-json\/wp\/v2\/posts"}],"about":[{"href":"https:\/\/www.apfelpatient.de\/en\/wp-json\/wp\/v2\/types\/post"}],"author":[{"embeddable":true,"href":"https:\/\/www.apfelpatient.de\/en\/wp-json\/wp\/v2\/users\/2"}],"replies":[{"embeddable":true,"href":"https:\/\/www.apfelpatient.de\/en\/wp-json\/wp\/v2\/comments?post=14969"}],"version-history":[{"count":0,"href":"https:\/\/www.apfelpatient.de\/en\/wp-json\/wp\/v2\/posts\/14969\/revisions"}],"wp:featuredmedia":[{"embeddable":true,"href":"https:\/\/www.apfelpatient.de\/en\/wp-json\/wp\/v2\/media\/5990"}],"wp:attachment":[{"href":"https:\/\/www.apfelpatient.de\/en\/wp-json\/wp\/v2\/media?parent=14969"}],"wp:term":[{"taxonomy":"category","embeddable":true,"href":"https:\/\/www.apfelpatient.de\/en\/wp-json\/wp\/v2\/categories?post=14969"},{"taxonomy":"post_tag","embeddable":true,"href":"https:\/\/www.apfelpatient.de\/en\/wp-json\/wp\/v2\/tags?post=14969"}],"curies":[{"name":"wp","href":"https:\/\/api.w.org\/{rel}","templated":true}]}}