{"id":14965,"date":"2020-09-14T22:07:49","date_gmt":"2020-09-14T20:07:49","guid":{"rendered":"https:\/\/www.apfelpatient.de\/?p=14965"},"modified":"2025-02-06T08:02:37","modified_gmt":"2025-02-06T07:02:37","slug":"airpods-pro-ios-14-apple-activates-spatial-audio","status":"publish","type":"post","link":"https:\/\/www.apfelpatient.de\/en\/news\/airpods-pro-ios-14-apple-aktiviert-spatial-audio","title":{"rendered":"AirPods Pro &amp; iOS 14: Apple activates Spatial Audio"},"content":{"rendered":"<p class=\"has-drop-cap\"><strong>Apple has now officially released a firmware update with the identifier 3A283 for the AirPods 2 and AirPods Pro <a href=\"https:\/\/www.apfelpatient.de\/en\/news\/airpods-2-airpods-pro-update-released\" class=\"ek-link\"><span style=\"text-decoration: underline;\" class=\"ek-underline\">published<\/span><\/a>The new feature \u2013 Spatial Audio \u2013 is now available for iOS 14 users.<\/strong><\/p>\n\n\n\n<p>Under iOS 14, the Pro version of the AirPods will have \u201cSpatial Audio\u201d or spatial sound. This <a href=\"https:\/\/www.apple.com\/de\/music\/\" class=\"ek-link\"><span style=\"text-decoration: underline;\" class=\"ek-underline\">feature<\/span><\/a> was introduced during WWDC 2020 in June. For spatial sound, Apple uses dynamic head tracking and the position of the iPhone to create cinema surround sound, a sound experience that makes it feel like you are right in the movie. The gyroscope and accelerometer in the AirPods Pro analyze head movements. The comparison then helps to adjust the sounds and reproduce them in the right direction in the earpiece. The feature is now available under firmware update 3A283. But not everyone can use it. In order to activate the function, iOS 14 or iPadOS 14 is required. Accordingly, only registered developers or public <a href=\"https:\/\/www.apfelpatient.de\/en\/tips-tricks\/public-beta-so-you-can-test-ios-16-ipados-16\" class=\"ek-link\"><span style=\"text-decoration: underline;\" class=\"ek-underline\">beta testers<\/span><\/a> access it.&nbsp;<\/p>\n\n\n\n<h3 class=\"wp-block-heading\">AirPods: Automatic switching under iOS 14<\/h3>\n\n\n\n\n\n\n\n<p>As you can see in the screenshot, Spatial Audio can be activated or deactivated in the Control Center. Initial users describe the feature as impressive and called Apple TV+ content immersive. In addition to Spatial Audio, the update also seems to support automatic switching between devices (for AirPods 2 &amp; AirPods Pro). By using multiple Apple devices under one and the same Apple ID, it is now possible to automatically switch the white plugs between devices. This means that if you listen to music on your iPhone but start a movie on your iPad, the AirPods will automatically connect to the iPad. Manual switching is therefore no longer necessary. The same applies from iPad to Apple Watch, etc., because all operating systems (iPadOS, iOS, macOS and watchOS) are taken into account. But here too, iOS 14 &amp; Co. are required.&nbsp;<a href=\"https:\/\/www.amazon.de\/shop\/apfelpatientofficial?listId=2SH1KEP4J41TE&amp;ref=cm_sw_em_r_inf_list_own_apfelpatientofficial_dp_ZrWfgRbpxgBlW\" class=\"ek-link\"><span style=\"text-decoration: underline;\" class=\"ek-underline\">AirPods Pro on special offer at Amazon \u2013 available now<\/span><\/a>. <em>(Photo by Eremin \/ Bigstockphoto)<\/em><\/p>\n\n\n\n<ul class=\"wp-block-list\"><li><a href=\"https:\/\/www.apfelpatient.de\/en\/tips-tricks\/ios-14-how-to-check-headphone-level-in-real-time\" class=\"ek-link\"><span style=\"text-decoration: underline;\" class=\"ek-underline\">iOS 14: How to check headphone levels in real time<\/span><\/a><\/li><\/ul>\n\n\n\n<figure class=\"wp-block-image size-large\"><img decoding=\"async\" width=\"800\" height=\"370\" src=\"https:\/\/www.apfelpatient.de\/wp-content\/uploads\/2020\/09\/IMG_1992.jpg\" alt=\"via Twitter\" class=\"wp-image-14966\"\/><figcaption>via Twitter<\/figcaption><\/figure>\n\n\n\n<h6 class=\"wp-block-heading translation-block\" id=\"h-kennt-ihr-schon-unsere-amazon-storefront-dort-findet-ihr-eine-handverlesene-auswahl-von-diversen-produkten-f-r-euer-iphone-und-co-viel-spa-beim-st-bern\"><em>Have you already visited our Amazon Storefront? There you&#039;ll find a hand-picked selection of various products for your iPhone and other devices \u2013 <span class=\"has-inline-color has-vivid-red-color\"><a href=\"https:\/\/www.amazon.de\/shop\/apfelpatientofficial\" class=\"ek-link\" data-wpel-link=\"exclude\" rel=\"follow noopener\" target=\"_self\"><span style=\"text-decoration: underline\" class=\"ek-underline\">enjoy browsing<\/span><\/a> !<\/span><\/em><\/h6>\n\n\n\n\n\n<h6 class=\"wp-block-heading translation-block\" id=\"h-der-beitrag-enthalt-partnerlinks\">This post contains <a data-type=\"URL\" data-id=\"https:\/\/www.apfelpatient.de\/partnerprogramm\" href=\"https:\/\/www.apfelpatient.de\/en\/partner-program\" data-wpel-link=\"internal\" target=\"_self\">affiliate links<\/a>.<\/h6>","protected":false},"excerpt":{"rendered":"<p>Spatial Audio: Apple has now officially released a firmware update with the identifier 3A283 for the AirPods 2 and AirPods Pro.<\/p>","protected":false},"author":2,"featured_media":13114,"comment_status":"closed","ping_status":"open","sticky":false,"template":"","format":"standard","meta":{"jnews-multi-image_gallery":[],"jnews_single_post":{"subtitle":"","format":"standard","video":"","gallery":"","source_name":"","source_url":"","via_name":"","via_url":"","override":[{"single_blog_custom":"","sidebar":"","second_sidebar":"","share_position":"","share_float_style":"","post_date_format":"","post_date_format_custom":"","post_reading_time_wpm":"","zoom_button_out_step":"1","zoom_button_in_step":"1","number_popup_post":"1"}],"image_override":[{"single_post_thumbnail_size":"","single_post_gallery_size":""}],"trending_post_position":"","trending_post_label":"","sponsored_post_label":"","sponsored_post_name":"","sponsored_post_url":"","sponsored_post_logo":"","sponsored_post_desc":""},"jnews_primary_category":{"id":"265"},"footnotes":""},"categories":[9],"tags":[28,31,347,3,15],"class_list":["post-14965","post","type-post","status-publish","format-standard","has-post-thumbnail","hentry","category-news","tag-airpods","tag-airpods-2","tag-airpods-pro","tag-ios","tag-ios-14"],"yoast_head":"<!-- This site is optimized with the Yoast SEO Premium plugin v27.5 (Yoast SEO v27.5) - https:\/\/yoast.com\/product\/yoast-seo-premium-wordpress\/ -->\n<title>AirPods Pro &amp; iOS 14: Apple aktiviert Spatial Audio Apfelpatient<\/title>\n<meta name=\"description\" content=\"Spatial Audio: Apple hat nun offiziell ein Firmware-Update mit der Kennung 3A283 f\u00fcr die AirPods 2 und AirPods Pro ver\u00f6ffentlicht.\" \/>\n<meta name=\"robots\" content=\"index, follow, max-snippet:-1, max-image-preview:large, max-video-preview:-1\" \/>\n<link rel=\"canonical\" href=\"https:\/\/www.apfelpatient.de\/en\/news\/airpods-pro-ios-14-apple-activates-spatial-audio\" \/>\n<meta property=\"og:locale\" content=\"en_US\" \/>\n<meta property=\"og:type\" content=\"article\" \/>\n<meta property=\"og:title\" content=\"AirPods Pro &amp; iOS 14: Apple aktiviert Spatial Audio\" \/>\n<meta property=\"og:description\" content=\"Spatial Audio: Apple hat nun offiziell ein Firmware-Update mit der Kennung 3A283 f\u00fcr die AirPods 2 und AirPods Pro ver\u00f6ffentlicht.\" \/>\n<meta property=\"og:url\" content=\"https:\/\/www.apfelpatient.de\/en\/news\/airpods-pro-ios-14-apple-activates-spatial-audio\" \/>\n<meta property=\"og:site_name\" content=\"Apfelpatient\" \/>\n<meta property=\"article:publisher\" content=\"https:\/\/www.facebook.com\/apfelpatientOfficial\" \/>\n<meta property=\"article:author\" content=\"https:\/\/www.facebook.com\/apfelpatientOfficial\" \/>\n<meta property=\"article:published_time\" content=\"2020-09-14T20:07:49+00:00\" \/>\n<meta property=\"article:modified_time\" content=\"2025-02-06T07:02:37+00:00\" \/>\n<meta property=\"og:image\" content=\"https:\/\/www.apfelpatient.de\/wp-content\/uploads\/2020\/06\/bigstock-Rostov-on-don-Russia-Decemb-352656968.jpg\" \/>\n\t<meta property=\"og:image:width\" content=\"1600\" \/>\n\t<meta property=\"og:image:height\" content=\"1067\" \/>\n\t<meta property=\"og:image:type\" content=\"image\/jpeg\" \/>\n<meta name=\"author\" content=\"Milan\" \/>\n<meta name=\"twitter:card\" content=\"summary_large_image\" \/>\n<meta name=\"twitter:description\" content=\"Spatial Audio: Apple hat nun offiziell ein Firmware-Update mit der Kennung 3A283 f\u00fcr die AirPods 2 und AirPods Pro ver\u00f6ffentlicht.\" \/>\n<meta name=\"twitter:label1\" content=\"Written by\" \/>\n\t<meta name=\"twitter:data1\" content=\"Milan\" \/>\n\t<meta name=\"twitter:label2\" content=\"Est. reading time\" \/>\n\t<meta name=\"twitter:data2\" content=\"2 minutes\" \/>\n<script type=\"application\/ld+json\" class=\"yoast-schema-graph\">{\"@context\":\"https:\\\/\\\/schema.org\",\"@graph\":[{\"@type\":\"NewsArticle\",\"@id\":\"https:\\\/\\\/www.apfelpatient.de\\\/news\\\/airpods-pro-ios-14-apple-aktiviert-spatial-audio#article\",\"isPartOf\":{\"@id\":\"https:\\\/\\\/www.apfelpatient.de\\\/news\\\/airpods-pro-ios-14-apple-aktiviert-spatial-audio\"},\"author\":{\"@type\":\"Organization\",\"@id\":\"https:\\\/\\\/www.apfelpatient.de\\\/en\\\/#organization\",\"name\":\"Apfelpatient\",\"url\":\"https:\\\/\\\/www.apfelpatient.de\\\/en\\\/\"},\"headline\":\"AirPods Pro &#038; iOS 14: Apple aktiviert Spatial Audio\",\"datePublished\":\"2020-09-14T20:07:49+00:00\",\"dateModified\":\"2025-02-06T07:02:37+00:00\",\"mainEntityOfPage\":{\"@id\":\"https:\\\/\\\/www.apfelpatient.de\\\/news\\\/airpods-pro-ios-14-apple-aktiviert-spatial-audio\"},\"wordCount\":354,\"publisher\":{\"@type\":\"Organization\",\"@id\":\"https:\\\/\\\/www.apfelpatient.de\\\/en\\\/#organization\",\"name\":\"Apfelpatient\",\"url\":\"https:\\\/\\\/www.apfelpatient.de\\\/en\\\/\"},\"image\":{\"@id\":\"https:\\\/\\\/www.apfelpatient.de\\\/news\\\/airpods-pro-ios-14-apple-aktiviert-spatial-audio#primaryimage\"},\"thumbnailUrl\":\"https:\\\/\\\/www.apfelpatient.de\\\/wp-content\\\/uploads\\\/2020\\\/06\\\/bigstock-Rostov-on-don-Russia-Decemb-352656968.jpg\",\"keywords\":[\"AirPods\",\"AirPods 2\",\"AirPods Pro\",\"iOS\",\"iOS 14\"],\"articleSection\":\"News\",\"inLanguage\":\"en-US\",\"copyrightYear\":\"2020\",\"copyrightHolder\":{\"@id\":\"https:\\\/\\\/www.apfelpatient.de\\\/en\\\/#organization\"}},{\"@type\":\"WebPage\",\"@id\":\"https:\\\/\\\/www.apfelpatient.de\\\/news\\\/airpods-pro-ios-14-apple-aktiviert-spatial-audio\",\"url\":\"https:\\\/\\\/www.apfelpatient.de\\\/news\\\/airpods-pro-ios-14-apple-aktiviert-spatial-audio\",\"name\":\"AirPods Pro & iOS 14: Apple aktiviert Spatial Audio Apfelpatient\",\"isPartOf\":{\"@id\":\"https:\\\/\\\/www.apfelpatient.de\\\/#website\"},\"primaryImageOfPage\":{\"@id\":\"https:\\\/\\\/www.apfelpatient.de\\\/news\\\/airpods-pro-ios-14-apple-aktiviert-spatial-audio#primaryimage\"},\"image\":{\"@id\":\"https:\\\/\\\/www.apfelpatient.de\\\/news\\\/airpods-pro-ios-14-apple-aktiviert-spatial-audio#primaryimage\"},\"thumbnailUrl\":\"https:\\\/\\\/www.apfelpatient.de\\\/wp-content\\\/uploads\\\/2020\\\/06\\\/bigstock-Rostov-on-don-Russia-Decemb-352656968.jpg\",\"datePublished\":\"2020-09-14T20:07:49+00:00\",\"dateModified\":\"2025-02-06T07:02:37+00:00\",\"description\":\"Spatial Audio: Apple hat nun offiziell ein Firmware-Update mit der Kennung 3A283 f\u00fcr die AirPods 2 und AirPods Pro ver\u00f6ffentlicht.\",\"breadcrumb\":{\"@id\":\"https:\\\/\\\/www.apfelpatient.de\\\/news\\\/airpods-pro-ios-14-apple-aktiviert-spatial-audio#breadcrumb\"},\"inLanguage\":\"en-US\",\"potentialAction\":[{\"@type\":\"ReadAction\",\"target\":[\"https:\\\/\\\/www.apfelpatient.de\\\/news\\\/airpods-pro-ios-14-apple-aktiviert-spatial-audio\"]}]},{\"@type\":\"ImageObject\",\"inLanguage\":\"en-US\",\"@id\":\"https:\\\/\\\/www.apfelpatient.de\\\/news\\\/airpods-pro-ios-14-apple-aktiviert-spatial-audio#primaryimage\",\"url\":\"https:\\\/\\\/www.apfelpatient.de\\\/wp-content\\\/uploads\\\/2020\\\/06\\\/bigstock-Rostov-on-don-Russia-Decemb-352656968.jpg\",\"contentUrl\":\"https:\\\/\\\/www.apfelpatient.de\\\/wp-content\\\/uploads\\\/2020\\\/06\\\/bigstock-Rostov-on-don-Russia-Decemb-352656968.jpg\",\"width\":1600,\"height\":1067,\"caption\":\"Rostov-on-Don, Russia - December 2019. Apple AirPods Pro on a white background. Wireless headphones close-up.\"},{\"@type\":\"BreadcrumbList\",\"@id\":\"https:\\\/\\\/www.apfelpatient.de\\\/news\\\/airpods-pro-ios-14-apple-aktiviert-spatial-audio#breadcrumb\",\"itemListElement\":[{\"@type\":\"ListItem\",\"position\":1,\"name\":\"Startseite\",\"item\":\"https:\\\/\\\/www.apfelpatient.de\\\/\"},{\"@type\":\"ListItem\",\"position\":2,\"name\":\"AirPods Pro &#038; iOS 14: Apple aktiviert Spatial Audio\"}]},{\"@type\":\"WebSite\",\"@id\":\"https:\\\/\\\/www.apfelpatient.de\\\/#website\",\"url\":\"https:\\\/\\\/www.apfelpatient.de\\\/\",\"name\":\"Apfelpatient\",\"description\":\"Alles rund um Apple!\",\"publisher\":{\"@type\":\"Organization\",\"@id\":\"https:\\\/\\\/www.apfelpatient.de\\\/en\\\/#organization\",\"name\":\"Apfelpatient\",\"url\":\"https:\\\/\\\/www.apfelpatient.de\\\/en\\\/\"},\"alternateName\":\"Apfelpatient\",\"potentialAction\":[{\"@type\":\"SearchAction\",\"target\":{\"@type\":\"EntryPoint\",\"urlTemplate\":\"https:\\\/\\\/www.apfelpatient.de\\\/?s={search_term_string}\"},\"query-input\":{\"@type\":\"PropertyValueSpecification\",\"valueRequired\":true,\"valueName\":\"search_term_string\"}}],\"inLanguage\":\"en-US\"},{\"@type\":[\"Person\",\"Organization\"],\"@id\":\"https:\\\/\\\/www.apfelpatient.de\\\/#\\\/schema\\\/person\\\/35b3ddba5832f2bfc7fff5206d4f6b7b\",\"name\":\"Milan\",\"logo\":{\"@id\":\"https:\\\/\\\/www.apfelpatient.de\\\/#\\\/schema\\\/person\\\/image\\\/\"},\"description\":\"Hallo und herzlich willkommen auf meinem Technik-Blog! Als gro\u00dfer Apple-Fan berichte ich hier \u00fcber alles, was mit Apple zu tun hat: von den neuesten News und spannenden Ger\u00fcchten \u00fcber hilfreiche Tipps und Tricks bis hin zu ausf\u00fchrlichen Produkttests. Wenn du genauso technikbegeistert bist wie ich, bist du hier genau richtig!\",\"sameAs\":[\"https:\\\/\\\/www.facebook.com\\\/apfelpatientOfficial\",\"https:\\\/\\\/www.linkedin.com\\\/in\\\/milan-jovicic-42aa0231b\"],\"url\":\"https:\\\/\\\/www.apfelpatient.de\\\/en\\\/author\\\/apfeladmin\"}]}<\/script>\n<!-- \/ Yoast SEO Premium plugin. -->","yoast_head_json":{"title":"AirPods Pro &amp; iOS 14: Apple activates Spatial Audio Apfelpatient","description":"Spatial Audio: Apple has now officially released a firmware update with the identifier 3A283 for the AirPods 2 and AirPods Pro.","robots":{"index":"index","follow":"follow","max-snippet":"max-snippet:-1","max-image-preview":"max-image-preview:large","max-video-preview":"max-video-preview:-1"},"canonical":"https:\/\/www.apfelpatient.de\/en\/news\/airpods-pro-ios-14-apple-activates-spatial-audio","og_locale":"en_US","og_type":"article","og_title":"AirPods Pro & iOS 14: Apple aktiviert Spatial Audio","og_description":"Spatial Audio: Apple hat nun offiziell ein Firmware-Update mit der Kennung 3A283 f\u00fcr die AirPods 2 und AirPods Pro ver\u00f6ffentlicht.","og_url":"https:\/\/www.apfelpatient.de\/en\/news\/airpods-pro-ios-14-apple-activates-spatial-audio","og_site_name":"Apfelpatient","article_publisher":"https:\/\/www.facebook.com\/apfelpatientOfficial","article_author":"https:\/\/www.facebook.com\/apfelpatientOfficial","article_published_time":"2020-09-14T20:07:49+00:00","article_modified_time":"2025-02-06T07:02:37+00:00","og_image":[{"width":1600,"height":1067,"url":"https:\/\/www.apfelpatient.de\/wp-content\/uploads\/2020\/06\/bigstock-Rostov-on-don-Russia-Decemb-352656968.jpg","type":"image\/jpeg"}],"author":"Milan","twitter_card":"summary_large_image","twitter_description":"Spatial Audio: Apple hat nun offiziell ein Firmware-Update mit der Kennung 3A283 f\u00fcr die AirPods 2 und AirPods Pro ver\u00f6ffentlicht.","twitter_misc":{"Written by":"Milan","Est. reading time":"2 minutes"},"schema":{"@context":"https:\/\/schema.org","@graph":[{"@type":"NewsArticle","@id":"https:\/\/www.apfelpatient.de\/news\/airpods-pro-ios-14-apple-aktiviert-spatial-audio#article","isPartOf":{"@id":"https:\/\/www.apfelpatient.de\/news\/airpods-pro-ios-14-apple-aktiviert-spatial-audio"},"author":{"@type":"Organization","@id":"https:\/\/www.apfelpatient.de\/en\/#organization","name":"Apfelpatient","url":"https:\/\/www.apfelpatient.de\/en\/"},"headline":"AirPods Pro &#038; iOS 14: Apple aktiviert Spatial Audio","datePublished":"2020-09-14T20:07:49+00:00","dateModified":"2025-02-06T07:02:37+00:00","mainEntityOfPage":{"@id":"https:\/\/www.apfelpatient.de\/news\/airpods-pro-ios-14-apple-aktiviert-spatial-audio"},"wordCount":354,"publisher":{"@type":"Organization","@id":"https:\/\/www.apfelpatient.de\/en\/#organization","name":"Apfelpatient","url":"https:\/\/www.apfelpatient.de\/en\/"},"image":{"@id":"https:\/\/www.apfelpatient.de\/news\/airpods-pro-ios-14-apple-aktiviert-spatial-audio#primaryimage"},"thumbnailUrl":"https:\/\/www.apfelpatient.de\/wp-content\/uploads\/2020\/06\/bigstock-Rostov-on-don-Russia-Decemb-352656968.jpg","keywords":["AirPods","AirPods 2","AirPods Pro","iOS","iOS 14"],"articleSection":"News","inLanguage":"en-US","copyrightYear":"2020","copyrightHolder":{"@id":"https:\/\/www.apfelpatient.de\/en\/#organization"}},{"@type":"WebPage","@id":"https:\/\/www.apfelpatient.de\/news\/airpods-pro-ios-14-apple-aktiviert-spatial-audio","url":"https:\/\/www.apfelpatient.de\/news\/airpods-pro-ios-14-apple-aktiviert-spatial-audio","name":"AirPods Pro &amp; iOS 14: Apple activates Spatial Audio Apfelpatient","isPartOf":{"@id":"https:\/\/www.apfelpatient.de\/#website"},"primaryImageOfPage":{"@id":"https:\/\/www.apfelpatient.de\/news\/airpods-pro-ios-14-apple-aktiviert-spatial-audio#primaryimage"},"image":{"@id":"https:\/\/www.apfelpatient.de\/news\/airpods-pro-ios-14-apple-aktiviert-spatial-audio#primaryimage"},"thumbnailUrl":"https:\/\/www.apfelpatient.de\/wp-content\/uploads\/2020\/06\/bigstock-Rostov-on-don-Russia-Decemb-352656968.jpg","datePublished":"2020-09-14T20:07:49+00:00","dateModified":"2025-02-06T07:02:37+00:00","description":"Spatial Audio: Apple has now officially released a firmware update with the identifier 3A283 for the AirPods 2 and AirPods Pro.","breadcrumb":{"@id":"https:\/\/www.apfelpatient.de\/news\/airpods-pro-ios-14-apple-aktiviert-spatial-audio#breadcrumb"},"inLanguage":"en-US","potentialAction":[{"@type":"ReadAction","target":["https:\/\/www.apfelpatient.de\/news\/airpods-pro-ios-14-apple-aktiviert-spatial-audio"]}]},{"@type":"ImageObject","inLanguage":"en-US","@id":"https:\/\/www.apfelpatient.de\/news\/airpods-pro-ios-14-apple-aktiviert-spatial-audio#primaryimage","url":"https:\/\/www.apfelpatient.de\/wp-content\/uploads\/2020\/06\/bigstock-Rostov-on-don-Russia-Decemb-352656968.jpg","contentUrl":"https:\/\/www.apfelpatient.de\/wp-content\/uploads\/2020\/06\/bigstock-Rostov-on-don-Russia-Decemb-352656968.jpg","width":1600,"height":1067,"caption":"Rostov-on-Don, Russia - December 2019. Apple AirPods Pro on a white background. Wireless headphones close-up."},{"@type":"BreadcrumbList","@id":"https:\/\/www.apfelpatient.de\/news\/airpods-pro-ios-14-apple-aktiviert-spatial-audio#breadcrumb","itemListElement":[{"@type":"ListItem","position":1,"name":"Startseite","item":"https:\/\/www.apfelpatient.de\/"},{"@type":"ListItem","position":2,"name":"AirPods Pro &#038; iOS 14: Apple aktiviert Spatial Audio"}]},{"@type":"WebSite","@id":"https:\/\/www.apfelpatient.de\/#website","url":"https:\/\/www.apfelpatient.de\/","name":"apple patient","description":"Everything about Apple!","publisher":{"@type":"Organization","@id":"https:\/\/www.apfelpatient.de\/en\/#organization","name":"Apfelpatient","url":"https:\/\/www.apfelpatient.de\/en\/"},"alternateName":"Apfelpatient","potentialAction":[{"@type":"SearchAction","target":{"@type":"EntryPoint","urlTemplate":"https:\/\/www.apfelpatient.de\/?s={search_term_string}"},"query-input":{"@type":"PropertyValueSpecification","valueRequired":true,"valueName":"search_term_string"}}],"inLanguage":"en-US"},{"@type":["Person","Organization"],"@id":"https:\/\/www.apfelpatient.de\/#\/schema\/person\/35b3ddba5832f2bfc7fff5206d4f6b7b","name":"Milan","logo":{"@id":"https:\/\/www.apfelpatient.de\/#\/schema\/person\/image\/"},"description":"Hello and welcome to my technology blog! As a big Apple fan, I report on everything to do with Apple: from the latest news and exciting rumors to helpful tips and tricks and detailed product tests. If you are as enthusiastic about technology as I am, you have come to the right place!","sameAs":["https:\/\/www.facebook.com\/apfelpatientOfficial","https:\/\/www.linkedin.com\/in\/milan-jovicic-42aa0231b"],"url":"https:\/\/www.apfelpatient.de\/en\/author\/apfeladmin"}]}},"_links":{"self":[{"href":"https:\/\/www.apfelpatient.de\/en\/wp-json\/wp\/v2\/posts\/14965","targetHints":{"allow":["GET"]}}],"collection":[{"href":"https:\/\/www.apfelpatient.de\/en\/wp-json\/wp\/v2\/posts"}],"about":[{"href":"https:\/\/www.apfelpatient.de\/en\/wp-json\/wp\/v2\/types\/post"}],"author":[{"embeddable":true,"href":"https:\/\/www.apfelpatient.de\/en\/wp-json\/wp\/v2\/users\/2"}],"replies":[{"embeddable":true,"href":"https:\/\/www.apfelpatient.de\/en\/wp-json\/wp\/v2\/comments?post=14965"}],"version-history":[{"count":0,"href":"https:\/\/www.apfelpatient.de\/en\/wp-json\/wp\/v2\/posts\/14965\/revisions"}],"wp:featuredmedia":[{"embeddable":true,"href":"https:\/\/www.apfelpatient.de\/en\/wp-json\/wp\/v2\/media\/13114"}],"wp:attachment":[{"href":"https:\/\/www.apfelpatient.de\/en\/wp-json\/wp\/v2\/media?parent=14965"}],"wp:term":[{"taxonomy":"category","embeddable":true,"href":"https:\/\/www.apfelpatient.de\/en\/wp-json\/wp\/v2\/categories?post=14965"},{"taxonomy":"post_tag","embeddable":true,"href":"https:\/\/www.apfelpatient.de\/en\/wp-json\/wp\/v2\/tags?post=14965"}],"curies":[{"name":"wp","href":"https:\/\/api.w.org\/{rel}","templated":true}]}}