{"id":14897,"date":"2020-09-12T00:31:23","date_gmt":"2020-09-11T22:31:23","guid":{"rendered":"https:\/\/www.apfelpatient.de\/?p=14897"},"modified":"2025-02-06T08:00:57","modified_gmt":"2025-02-06T07:00:57","slug":"base-station-pro-nomad-includes-apple-watch-adapter","status":"publish","type":"post","link":"https:\/\/www.apfelpatient.de\/en\/news\/base-station-pro-nomad-legt-apple-watch-adapter-bei","title":{"rendered":"Base Station Pro: Nomad includes Apple Watch adapter"},"content":{"rendered":"<p class=\"has-drop-cap\"><strong>Nomad has recently officially launched the Base Station Pro \u2013 a great AirPower alternative \u2013 in the <a href=\"https:\/\/www.pntrac.com\/t\/TUJGRUVORUJHRUlFRkxCRkZOSE1L?website=309948&amp;url=https%3A%2F%2Fnomadgoods.com%2Fproducts%2Fbase-station-pro%3Futm_campaign%3D08.25.20_BS%2520Pro%2520%25231%2520%2528UMg4jj%2529%26utm_medium%3Demail%26utm_source%3D%2528open%2529%2520Base%2520Station%2520Pro%25208355%26_ke%3DeyJrbF9lbWFpbCI6ICJpbmZvQGFwZmVscGF0aWVudC5kZSIsICJrbF9jb21wYW55X2lkIjogImJkUUxqVyJ9\" class=\"ek-link\"><span style=\"text-decoration: underline;\" class=\"ek-underline\">range<\/span><\/a> The intuitive charging station will go on sale at the end of September. Now the company has listened to fans&#039; feedback and made a change.<\/strong><\/p>\n\n\n\n<p>The Nomad Base Station Pro is a great charger. The Qi charging station can charge up to three devices at once and does not have a fixed charging zone. This means that the devices can simply be placed on the charger and then charged. This is the freedom that Apple promised us with AirPower. But there is one criticism. While two iPhones and AirPods can be charged, for example, the Apple Watch is left empty-handed. The charging mat is not compatible with the world&#039;s most popular smartwatch. Reason enough for some to say no. But Nomad is not a company that ignores feedback. Quite the opposite.&nbsp;<\/p>\n\n\n\n<h3 class=\"wp-block-heading\">Base Station Pro: Nomad listens<\/h3>\n\n\n\n\n\n\n\n<p>The accessories manufacturer has now promised to include a free charging adapter suitable for the Apple Watch with every Base Station Pro. There is, however, a small catch. The adapter cannot charge the watch itself. The usual Apple Watch charging cable is required for this, as can be seen in the picture. The solution will certainly not suit everyone, but it shows that the company is listening and is trying to improve. <\/p>\n\n\n\n<figure class=\"wp-block-image size-large\"><img decoding=\"async\" width=\"292\" height=\"292\" src=\"https:\/\/www.apfelpatient.de\/wp-content\/uploads\/2020\/09\/Unknown.jpeg\" alt=\"Apple Watch Adapter\" class=\"wp-image-14896\"\/><figcaption>Image: Nomad<\/figcaption><\/figure>\n\n\n\n<p>Even though the element has to be attached to the charging station, the whole thing still looks pretty good. According to Nomad, the adapter is included with every Base Station Pro, but it is shipped separately. If you want to know more about how the charging mat works, you can find a detailed description below. The Base Station Pro can be purchased for $229.95 <a href=\"https:\/\/www.pntrac.com\/t\/TUJGRUVORUJHRUlFRkxCRkZOSE1L?website=309948&amp;url=https%3A%2F%2Fnomadgoods.com%2Fproducts%2Fbase-station-pro%3Futm_campaign%3D08.25.20_BS%2520Pro%2520%25231%2520%2528UMg4jj%2529%26utm_medium%3Demail%26utm_source%3D%2528open%2529%2520Base%2520Station%2520Pro%25208355%26_ke%3DeyJrbF9lbWFpbCI6ICJpbmZvQGFwZmVscGF0aWVudC5kZSIsICJrbF9jb21wYW55X2lkIjogImJkUUxqVyJ9\" class=\"ek-link\"><span style=\"text-decoration: underline;\" class=\"ek-underline\">can now be pre-ordered<\/span><\/a>Delivery will start at the end of September. <em>(Image: Nomad)<\/em><\/p>\n\n\n\n<ul class=\"wp-block-list\"><li><a href=\"https:\/\/www.apfelpatient.de\/en\/news\/airpower-alternative-base-station-pro-comes\" class=\"ek-link\"><span style=\"text-decoration: underline;\" class=\"ek-underline\">AirPower Alternative: Base Station Pro is coming<\/span><\/a><\/li><\/ul>\n\n\n\n<figure class=\"wp-block-image size-large\"><img decoding=\"async\" src=\"https:\/\/www.apfelpatient.de\/wp-content\/uploads\/2020\/09\/Unknown-1-1024x403.jpeg\" alt=\"Nomad Base Station Pro\" class=\"wp-image-14895\"\/><figcaption>Image: Nomad<\/figcaption><\/figure>\n\n\n\n<h6 class=\"wp-block-heading translation-block\" id=\"h-kennt-ihr-schon-unsere-amazon-storefront-dort-findet-ihr-eine-handverlesene-auswahl-von-diversen-produkten-f-r-euer-iphone-und-co-viel-spa-beim-st-bern\"><em>Have you already visited our Amazon Storefront? There you&#039;ll find a hand-picked selection of various products for your iPhone and other devices \u2013 <span class=\"has-inline-color has-vivid-red-color\"><a href=\"https:\/\/www.amazon.de\/shop\/apfelpatientofficial\" class=\"ek-link\" data-wpel-link=\"exclude\" rel=\"follow noopener\" target=\"_self\"><span style=\"text-decoration: underline\" class=\"ek-underline\">enjoy browsing<\/span><\/a> !<\/span><\/em><\/h6>\n\n\n\n\n\n<h6 class=\"wp-block-heading translation-block\" id=\"h-der-beitrag-enthalt-partnerlinks\">This post contains <a data-type=\"URL\" data-id=\"https:\/\/www.apfelpatient.de\/partnerprogramm\" href=\"https:\/\/www.apfelpatient.de\/en\/partner-program\" data-wpel-link=\"internal\" target=\"_self\">affiliate links<\/a>.<\/h6>","protected":false},"excerpt":{"rendered":"<p>Nomad Base Station Pro: The intuitive charging station will go on sale at the end of September. The company has now taken fans&#039; feedback to heart.<\/p>","protected":false},"author":2,"featured_media":9756,"comment_status":"closed","ping_status":"open","sticky":false,"template":"","format":"standard","meta":{"jnews-multi-image_gallery":[],"jnews_single_post":{"subtitle":"","format":"standard","video":"","gallery":"","source_name":"","source_url":"","via_name":"","via_url":"","override":[{"single_blog_custom":"","sidebar":"","second_sidebar":"","share_position":"","share_float_style":"","post_date_format":"","post_date_format_custom":"","post_reading_time_wpm":"","zoom_button_out_step":"1","zoom_button_in_step":"1","number_popup_post":"1"}],"image_override":[{"single_post_thumbnail_size":"","single_post_gallery_size":""}],"trending_post_position":"","trending_post_label":"","sponsored_post_label":"","sponsored_post_name":"","sponsored_post_url":"","sponsored_post_logo":"","sponsored_post_desc":""},"jnews_primary_category":{"id":"265"},"footnotes":""},"categories":[9],"tags":[28,14,8,19],"class_list":["post-14897","post","type-post","status-publish","format-standard","has-post-thumbnail","hentry","category-news","tag-airpods","tag-apple-watch","tag-iphone","tag-nomad"],"yoast_head":"<!-- This site is optimized with the Yoast SEO Premium plugin v27.5 (Yoast SEO v27.5) - https:\/\/yoast.com\/product\/yoast-seo-premium-wordpress\/ -->\n<title>Base Station Pro: Nomad legt Apple Watch Adapter bei Apfelpatient<\/title>\n<meta name=\"description\" content=\"Nomad Base Station Pro: Die intuitive Ladestation wird Ende September in Verkauf gehen. Nun hat das Unternehmen Feedback der Fans beherzigt.\" \/>\n<meta name=\"robots\" content=\"index, follow, max-snippet:-1, max-image-preview:large, max-video-preview:-1\" \/>\n<link rel=\"canonical\" href=\"https:\/\/www.apfelpatient.de\/en\/news\/base-station-pro-nomad-includes-apple-watch-adapter\" \/>\n<meta property=\"og:locale\" content=\"en_US\" \/>\n<meta property=\"og:type\" content=\"article\" \/>\n<meta property=\"og:title\" content=\"Base Station Pro: Nomad legt Apple Watch Adapter bei\" \/>\n<meta property=\"og:description\" content=\"Nomad Base Station Pro: Die intuitive Ladestation wird Ende September in Verkauf gehen. Nun hat das Unternehmen Feedback der Fans beherzigt.\" \/>\n<meta property=\"og:url\" content=\"https:\/\/www.apfelpatient.de\/en\/news\/base-station-pro-nomad-includes-apple-watch-adapter\" \/>\n<meta property=\"og:site_name\" content=\"Apfelpatient\" \/>\n<meta property=\"article:publisher\" content=\"https:\/\/www.facebook.com\/apfelpatientOfficial\" \/>\n<meta property=\"article:author\" content=\"https:\/\/www.facebook.com\/apfelpatientOfficial\" \/>\n<meta property=\"article:published_time\" content=\"2020-09-11T22:31:23+00:00\" \/>\n<meta property=\"article:modified_time\" content=\"2025-02-06T07:00:57+00:00\" \/>\n<meta property=\"og:image\" content=\"https:\/\/www.apfelpatient.de\/wp-content\/uploads\/2020\/01\/Nomad-Base-Station-Pro.jpg\" \/>\n\t<meta property=\"og:image:width\" content=\"2120\" \/>\n\t<meta property=\"og:image:height\" content=\"1697\" \/>\n\t<meta property=\"og:image:type\" content=\"image\/jpeg\" \/>\n<meta name=\"author\" content=\"Milan\" \/>\n<meta name=\"twitter:card\" content=\"summary_large_image\" \/>\n<meta name=\"twitter:description\" content=\"Nomad Base Station Pro: Die intuitive Ladestation wird Ende September in Verkauf gehen. Nun hat das Unternehmen Feedback der Fans beherzigt.\" \/>\n<meta name=\"twitter:label1\" content=\"Written by\" \/>\n\t<meta name=\"twitter:data1\" content=\"Milan\" \/>\n\t<meta name=\"twitter:label2\" content=\"Est. reading time\" \/>\n\t<meta name=\"twitter:data2\" content=\"2 minutes\" \/>\n<script type=\"application\/ld+json\" class=\"yoast-schema-graph\">{\"@context\":\"https:\\\/\\\/schema.org\",\"@graph\":[{\"@type\":\"NewsArticle\",\"@id\":\"https:\\\/\\\/www.apfelpatient.de\\\/news\\\/base-station-pro-nomad-legt-apple-watch-adapter-bei#article\",\"isPartOf\":{\"@id\":\"https:\\\/\\\/www.apfelpatient.de\\\/news\\\/base-station-pro-nomad-legt-apple-watch-adapter-bei\"},\"author\":{\"@type\":\"Organization\",\"@id\":\"https:\\\/\\\/www.apfelpatient.de\\\/en\\\/#organization\",\"name\":\"Apfelpatient\",\"url\":\"https:\\\/\\\/www.apfelpatient.de\\\/en\\\/\"},\"headline\":\"Base Station Pro: Nomad legt Apple Watch Adapter bei\",\"datePublished\":\"2020-09-11T22:31:23+00:00\",\"dateModified\":\"2025-02-06T07:00:57+00:00\",\"mainEntityOfPage\":{\"@id\":\"https:\\\/\\\/www.apfelpatient.de\\\/news\\\/base-station-pro-nomad-legt-apple-watch-adapter-bei\"},\"wordCount\":331,\"publisher\":{\"@type\":\"Organization\",\"@id\":\"https:\\\/\\\/www.apfelpatient.de\\\/en\\\/#organization\",\"name\":\"Apfelpatient\",\"url\":\"https:\\\/\\\/www.apfelpatient.de\\\/en\\\/\"},\"image\":{\"@id\":\"https:\\\/\\\/www.apfelpatient.de\\\/news\\\/base-station-pro-nomad-legt-apple-watch-adapter-bei#primaryimage\"},\"thumbnailUrl\":\"https:\\\/\\\/www.apfelpatient.de\\\/wp-content\\\/uploads\\\/2020\\\/01\\\/Nomad-Base-Station-Pro.jpg\",\"keywords\":[\"AirPods\",\"Apple Watch\",\"iPhone\",\"Nomad\"],\"articleSection\":\"News\",\"inLanguage\":\"en-US\",\"copyrightYear\":\"2020\",\"copyrightHolder\":{\"@id\":\"https:\\\/\\\/www.apfelpatient.de\\\/en\\\/#organization\"}},{\"@type\":\"WebPage\",\"@id\":\"https:\\\/\\\/www.apfelpatient.de\\\/news\\\/base-station-pro-nomad-legt-apple-watch-adapter-bei\",\"url\":\"https:\\\/\\\/www.apfelpatient.de\\\/news\\\/base-station-pro-nomad-legt-apple-watch-adapter-bei\",\"name\":\"Base Station Pro: Nomad legt Apple Watch Adapter bei Apfelpatient\",\"isPartOf\":{\"@id\":\"https:\\\/\\\/www.apfelpatient.de\\\/#website\"},\"primaryImageOfPage\":{\"@id\":\"https:\\\/\\\/www.apfelpatient.de\\\/news\\\/base-station-pro-nomad-legt-apple-watch-adapter-bei#primaryimage\"},\"image\":{\"@id\":\"https:\\\/\\\/www.apfelpatient.de\\\/news\\\/base-station-pro-nomad-legt-apple-watch-adapter-bei#primaryimage\"},\"thumbnailUrl\":\"https:\\\/\\\/www.apfelpatient.de\\\/wp-content\\\/uploads\\\/2020\\\/01\\\/Nomad-Base-Station-Pro.jpg\",\"datePublished\":\"2020-09-11T22:31:23+00:00\",\"dateModified\":\"2025-02-06T07:00:57+00:00\",\"description\":\"Nomad Base Station Pro: Die intuitive Ladestation wird Ende September in Verkauf gehen. Nun hat das Unternehmen Feedback der Fans beherzigt.\",\"breadcrumb\":{\"@id\":\"https:\\\/\\\/www.apfelpatient.de\\\/news\\\/base-station-pro-nomad-legt-apple-watch-adapter-bei#breadcrumb\"},\"inLanguage\":\"en-US\",\"potentialAction\":[{\"@type\":\"ReadAction\",\"target\":[\"https:\\\/\\\/www.apfelpatient.de\\\/news\\\/base-station-pro-nomad-legt-apple-watch-adapter-bei\"]}]},{\"@type\":\"ImageObject\",\"inLanguage\":\"en-US\",\"@id\":\"https:\\\/\\\/www.apfelpatient.de\\\/news\\\/base-station-pro-nomad-legt-apple-watch-adapter-bei#primaryimage\",\"url\":\"https:\\\/\\\/www.apfelpatient.de\\\/wp-content\\\/uploads\\\/2020\\\/01\\\/Nomad-Base-Station-Pro.jpg\",\"contentUrl\":\"https:\\\/\\\/www.apfelpatient.de\\\/wp-content\\\/uploads\\\/2020\\\/01\\\/Nomad-Base-Station-Pro.jpg\",\"width\":2120,\"height\":1697,\"caption\":\"Bild: Nomad\"},{\"@type\":\"BreadcrumbList\",\"@id\":\"https:\\\/\\\/www.apfelpatient.de\\\/news\\\/base-station-pro-nomad-legt-apple-watch-adapter-bei#breadcrumb\",\"itemListElement\":[{\"@type\":\"ListItem\",\"position\":1,\"name\":\"Startseite\",\"item\":\"https:\\\/\\\/www.apfelpatient.de\\\/\"},{\"@type\":\"ListItem\",\"position\":2,\"name\":\"Base Station Pro: Nomad legt Apple Watch Adapter bei\"}]},{\"@type\":\"WebSite\",\"@id\":\"https:\\\/\\\/www.apfelpatient.de\\\/#website\",\"url\":\"https:\\\/\\\/www.apfelpatient.de\\\/\",\"name\":\"Apfelpatient\",\"description\":\"Alles rund um Apple!\",\"publisher\":{\"@type\":\"Organization\",\"@id\":\"https:\\\/\\\/www.apfelpatient.de\\\/en\\\/#organization\",\"name\":\"Apfelpatient\",\"url\":\"https:\\\/\\\/www.apfelpatient.de\\\/en\\\/\"},\"alternateName\":\"Apfelpatient\",\"potentialAction\":[{\"@type\":\"SearchAction\",\"target\":{\"@type\":\"EntryPoint\",\"urlTemplate\":\"https:\\\/\\\/www.apfelpatient.de\\\/?s={search_term_string}\"},\"query-input\":{\"@type\":\"PropertyValueSpecification\",\"valueRequired\":true,\"valueName\":\"search_term_string\"}}],\"inLanguage\":\"en-US\"},{\"@type\":[\"Person\",\"Organization\"],\"@id\":\"https:\\\/\\\/www.apfelpatient.de\\\/#\\\/schema\\\/person\\\/7dc56ad6c8e9824b76d2c08d4c140e13\",\"name\":\"Milan\",\"logo\":{\"@id\":\"https:\\\/\\\/www.apfelpatient.de\\\/#\\\/schema\\\/person\\\/image\\\/\"},\"description\":\"Hallo und herzlich willkommen auf meinem Technik-Blog! Als gro\u00dfer Apple-Fan berichte ich hier \u00fcber alles, was mit Apple zu tun hat: von den neuesten News und spannenden Ger\u00fcchten \u00fcber hilfreiche Tipps und Tricks bis hin zu ausf\u00fchrlichen Produkttests. Wenn du genauso technikbegeistert bist wie ich, bist du hier genau richtig!\",\"sameAs\":[\"https:\\\/\\\/www.facebook.com\\\/apfelpatientOfficial\",\"https:\\\/\\\/www.linkedin.com\\\/in\\\/milan-jovicic-42aa0231b\"],\"url\":\"https:\\\/\\\/www.apfelpatient.de\\\/en\\\/author\\\/apfeladmin\"}]}<\/script>\n<!-- \/ Yoast SEO Premium plugin. -->","yoast_head_json":{"title":"Base Station Pro: Nomad adds Apple Watch adapter to Apfelpatient","description":"Nomad Base Station Pro: The intuitive charging station will go on sale at the end of September. The company has now taken fans&#039; feedback to heart.","robots":{"index":"index","follow":"follow","max-snippet":"max-snippet:-1","max-image-preview":"max-image-preview:large","max-video-preview":"max-video-preview:-1"},"canonical":"https:\/\/www.apfelpatient.de\/en\/news\/base-station-pro-nomad-includes-apple-watch-adapter","og_locale":"en_US","og_type":"article","og_title":"Base Station Pro: Nomad legt Apple Watch Adapter bei","og_description":"Nomad Base Station Pro: Die intuitive Ladestation wird Ende September in Verkauf gehen. Nun hat das Unternehmen Feedback der Fans beherzigt.","og_url":"https:\/\/www.apfelpatient.de\/en\/news\/base-station-pro-nomad-includes-apple-watch-adapter","og_site_name":"Apfelpatient","article_publisher":"https:\/\/www.facebook.com\/apfelpatientOfficial","article_author":"https:\/\/www.facebook.com\/apfelpatientOfficial","article_published_time":"2020-09-11T22:31:23+00:00","article_modified_time":"2025-02-06T07:00:57+00:00","og_image":[{"width":2120,"height":1697,"url":"https:\/\/www.apfelpatient.de\/wp-content\/uploads\/2020\/01\/Nomad-Base-Station-Pro.jpg","type":"image\/jpeg"}],"author":"Milan","twitter_card":"summary_large_image","twitter_description":"Nomad Base Station Pro: Die intuitive Ladestation wird Ende September in Verkauf gehen. Nun hat das Unternehmen Feedback der Fans beherzigt.","twitter_misc":{"Written by":"Milan","Est. reading time":"2 minutes"},"schema":{"@context":"https:\/\/schema.org","@graph":[{"@type":"NewsArticle","@id":"https:\/\/www.apfelpatient.de\/news\/base-station-pro-nomad-legt-apple-watch-adapter-bei#article","isPartOf":{"@id":"https:\/\/www.apfelpatient.de\/news\/base-station-pro-nomad-legt-apple-watch-adapter-bei"},"author":{"@type":"Organization","@id":"https:\/\/www.apfelpatient.de\/en\/#organization","name":"Apfelpatient","url":"https:\/\/www.apfelpatient.de\/en\/"},"headline":"Base Station Pro: Nomad legt Apple Watch Adapter bei","datePublished":"2020-09-11T22:31:23+00:00","dateModified":"2025-02-06T07:00:57+00:00","mainEntityOfPage":{"@id":"https:\/\/www.apfelpatient.de\/news\/base-station-pro-nomad-legt-apple-watch-adapter-bei"},"wordCount":331,"publisher":{"@type":"Organization","@id":"https:\/\/www.apfelpatient.de\/en\/#organization","name":"Apfelpatient","url":"https:\/\/www.apfelpatient.de\/en\/"},"image":{"@id":"https:\/\/www.apfelpatient.de\/news\/base-station-pro-nomad-legt-apple-watch-adapter-bei#primaryimage"},"thumbnailUrl":"https:\/\/www.apfelpatient.de\/wp-content\/uploads\/2020\/01\/Nomad-Base-Station-Pro.jpg","keywords":["AirPods","Apple Watch","iPhone","Nomad"],"articleSection":"News","inLanguage":"en-US","copyrightYear":"2020","copyrightHolder":{"@id":"https:\/\/www.apfelpatient.de\/en\/#organization"}},{"@type":"WebPage","@id":"https:\/\/www.apfelpatient.de\/news\/base-station-pro-nomad-legt-apple-watch-adapter-bei","url":"https:\/\/www.apfelpatient.de\/news\/base-station-pro-nomad-legt-apple-watch-adapter-bei","name":"Base Station Pro: Nomad adds Apple Watch adapter to Apfelpatient","isPartOf":{"@id":"https:\/\/www.apfelpatient.de\/#website"},"primaryImageOfPage":{"@id":"https:\/\/www.apfelpatient.de\/news\/base-station-pro-nomad-legt-apple-watch-adapter-bei#primaryimage"},"image":{"@id":"https:\/\/www.apfelpatient.de\/news\/base-station-pro-nomad-legt-apple-watch-adapter-bei#primaryimage"},"thumbnailUrl":"https:\/\/www.apfelpatient.de\/wp-content\/uploads\/2020\/01\/Nomad-Base-Station-Pro.jpg","datePublished":"2020-09-11T22:31:23+00:00","dateModified":"2025-02-06T07:00:57+00:00","description":"Nomad Base Station Pro: The intuitive charging station will go on sale at the end of September. The company has now taken fans&#039; feedback to heart.","breadcrumb":{"@id":"https:\/\/www.apfelpatient.de\/news\/base-station-pro-nomad-legt-apple-watch-adapter-bei#breadcrumb"},"inLanguage":"en-US","potentialAction":[{"@type":"ReadAction","target":["https:\/\/www.apfelpatient.de\/news\/base-station-pro-nomad-legt-apple-watch-adapter-bei"]}]},{"@type":"ImageObject","inLanguage":"en-US","@id":"https:\/\/www.apfelpatient.de\/news\/base-station-pro-nomad-legt-apple-watch-adapter-bei#primaryimage","url":"https:\/\/www.apfelpatient.de\/wp-content\/uploads\/2020\/01\/Nomad-Base-Station-Pro.jpg","contentUrl":"https:\/\/www.apfelpatient.de\/wp-content\/uploads\/2020\/01\/Nomad-Base-Station-Pro.jpg","width":2120,"height":1697,"caption":"Bild: Nomad"},{"@type":"BreadcrumbList","@id":"https:\/\/www.apfelpatient.de\/news\/base-station-pro-nomad-legt-apple-watch-adapter-bei#breadcrumb","itemListElement":[{"@type":"ListItem","position":1,"name":"Startseite","item":"https:\/\/www.apfelpatient.de\/"},{"@type":"ListItem","position":2,"name":"Base Station Pro: Nomad legt Apple Watch Adapter bei"}]},{"@type":"WebSite","@id":"https:\/\/www.apfelpatient.de\/#website","url":"https:\/\/www.apfelpatient.de\/","name":"apple patient","description":"Everything about Apple!","publisher":{"@type":"Organization","@id":"https:\/\/www.apfelpatient.de\/en\/#organization","name":"Apfelpatient","url":"https:\/\/www.apfelpatient.de\/en\/"},"alternateName":"Apfelpatient","potentialAction":[{"@type":"SearchAction","target":{"@type":"EntryPoint","urlTemplate":"https:\/\/www.apfelpatient.de\/?s={search_term_string}"},"query-input":{"@type":"PropertyValueSpecification","valueRequired":true,"valueName":"search_term_string"}}],"inLanguage":"en-US"},{"@type":["Person","Organization"],"@id":"https:\/\/www.apfelpatient.de\/#\/schema\/person\/7dc56ad6c8e9824b76d2c08d4c140e13","name":"Milan","logo":{"@id":"https:\/\/www.apfelpatient.de\/#\/schema\/person\/image\/"},"description":"Hello and welcome to my technology blog! As a big Apple fan, I report on everything to do with Apple: from the latest news and exciting rumors to helpful tips and tricks and detailed product tests. If you are as enthusiastic about technology as I am, you have come to the right place!","sameAs":["https:\/\/www.facebook.com\/apfelpatientOfficial","https:\/\/www.linkedin.com\/in\/milan-jovicic-42aa0231b"],"url":"https:\/\/www.apfelpatient.de\/en\/author\/apfeladmin"}]}},"_links":{"self":[{"href":"https:\/\/www.apfelpatient.de\/en\/wp-json\/wp\/v2\/posts\/14897","targetHints":{"allow":["GET"]}}],"collection":[{"href":"https:\/\/www.apfelpatient.de\/en\/wp-json\/wp\/v2\/posts"}],"about":[{"href":"https:\/\/www.apfelpatient.de\/en\/wp-json\/wp\/v2\/types\/post"}],"author":[{"embeddable":true,"href":"https:\/\/www.apfelpatient.de\/en\/wp-json\/wp\/v2\/users\/2"}],"replies":[{"embeddable":true,"href":"https:\/\/www.apfelpatient.de\/en\/wp-json\/wp\/v2\/comments?post=14897"}],"version-history":[{"count":0,"href":"https:\/\/www.apfelpatient.de\/en\/wp-json\/wp\/v2\/posts\/14897\/revisions"}],"wp:featuredmedia":[{"embeddable":true,"href":"https:\/\/www.apfelpatient.de\/en\/wp-json\/wp\/v2\/media\/9756"}],"wp:attachment":[{"href":"https:\/\/www.apfelpatient.de\/en\/wp-json\/wp\/v2\/media?parent=14897"}],"wp:term":[{"taxonomy":"category","embeddable":true,"href":"https:\/\/www.apfelpatient.de\/en\/wp-json\/wp\/v2\/categories?post=14897"},{"taxonomy":"post_tag","embeddable":true,"href":"https:\/\/www.apfelpatient.de\/en\/wp-json\/wp\/v2\/tags?post=14897"}],"curies":[{"name":"wp","href":"https:\/\/api.w.org\/{rel}","templated":true}]}}