{"id":14880,"date":"2020-09-11T16:45:57","date_gmt":"2020-09-11T14:45:57","guid":{"rendered":"https:\/\/www.apfelpatient.de\/?p=14880"},"modified":"2020-09-11T16:45:57","modified_gmt":"2020-09-11T14:45:57","slug":"apple-event-time-flies-comes-the-apple-watch-se","status":"publish","type":"post","link":"https:\/\/www.apfelpatient.de\/en\/rumors\/apple-event-time-flies-kommt-die-apple-watch-se","title":{"rendered":"Apple Event \u201cTime Flies\u201d: Is the Apple Watch SE coming?"},"content":{"rendered":"<p class=\"has-drop-cap\"><strong>Apple will hold an online event on September 15th with the motto &quot;Time Flies&quot;. The Apple Watch Series 6 and the iPad Air 4 will be presented there. However, an Apple Watch SE is also possible.<\/strong>&nbsp;<\/p>\n\n\n\n<p>Rumors that Apple wants to offer a cheaper Apple Watch have recently been documented again. Now the newcomer among the leakers - Jon Prosser - has spoken out. He explained that the so-called Apple Watch SE could be presented as part of the &quot;Time Flies&quot; event. While he listed the code names, he emphasized that there will be two different Apple Watch variants in total. Accordingly, he expects the so-called Apple Watch Pro and an inexpensive Apple Watch. This is what the <a href=\"https:\/\/twitter.com\/jon_prosser\/status\/1304414658816815105?ref_src=twsrc%5Etfw%7Ctwcamp%5Etweetembed%7Ctwterm%5E1304414658816815105%7Ctwgr%5Eshare_3&amp;ref_url=https%3A%2F%2Fappleinsider.com%2Farticles%2F20%2F09%2F11%2Finexpensive-apple-watch-se-may-arrive-at-apples-time-flies-event\" class=\"ek-link\"><span style=\"text-decoration: underline;\" class=\"ek-underline\">Tweet<\/span><\/a>:<\/p>\n\n\n\n<ul class=\"wp-block-list\"><li>Codename: N140S \u2013 GPS 40mm<\/li><li>Codename: N140B \u2013 Cellular 40mm<\/li><li>Codename: N142S \u2013 GPS 42mm<\/li><li>Codename: N142B \u2013 Cellular 44mm<\/li><\/ul>\n\n\n\n<h3 class=\"wp-block-heading\">Is the Apple Watch SE intended for children?<\/h3>\n\n\n\n\n\n\n\n<p>Unlike the \u201cPro version\u201d of the Apple Watch, the cheaper <a href=\"https:\/\/www.apple.com\/de\/watch\/\" class=\"ek-link\"><span style=\"text-decoration: underline;\" class=\"ek-underline\">Model<\/span><\/a> without an always-on display and ECG function. However, this version will have the Apple Watch Series 4 design and an M9 chip. Previous rumors have suggested that the device could get a new case made of plastic material. Reduced costs could also significantly reduce the price. Prosser did not comment on this, however. There have also been leaks on a software basis that Apple wants to integrate a special children&#039;s mode into watchOS 7. This fuels the suspicion that this inexpensive Apple Watch model could be primarily intended for children. It remains to be seen whether Prosser will be right. After all, he was already wrong about the launch date. <a href=\"https:\/\/www.amazon.de\/shop\/apfelpatientofficial?listId=2SH1KEP4J41TE&amp;ref=cm_sw_em_r_inf_list_own_apfelpatientofficial_dp_ZrWfgRbpxgBlW\" class=\"ek-link\"><span style=\"text-decoration: underline;\" class=\"ek-underline\">AirPods Pro on special offer at Amazon \u2013 available now<\/span><\/a>. <em>(Photo by Denys Prykhodov \/ Bigstockphoto)<\/em><\/p>\n\n\n\n<ul class=\"wp-block-list\"><li><a href=\"https:\/\/www.apfelpatient.de\/en\/rumors\/no-iphone-12-apple-event-focuses-on-other-devices\" class=\"ek-link\"><span style=\"text-decoration: underline;\" class=\"ek-underline\">No iPhone 12? Apple event focuses on other devices<\/span><\/a><\/li><\/ul>\n\n\n\n<h6 class=\"wp-block-heading translation-block\" id=\"h-kennt-ihr-schon-unsere-amazon-storefront-dort-findet-ihr-eine-handverlesene-auswahl-von-diversen-produkten-f-r-euer-iphone-und-co-viel-spa-beim-st-bern\"><em>Have you already visited our Amazon Storefront? There you&#039;ll find a hand-picked selection of various products for your iPhone and other devices \u2013 <span class=\"has-inline-color has-vivid-red-color\"><a href=\"https:\/\/www.amazon.de\/shop\/apfelpatientofficial\" class=\"ek-link\" data-wpel-link=\"exclude\" rel=\"follow noopener\" target=\"_self\"><span style=\"text-decoration: underline\" class=\"ek-underline\">enjoy browsing<\/span><\/a> !<\/span><\/em><\/h6>\n\n\n\n\n\n<h6 class=\"wp-block-heading translation-block\" id=\"h-der-beitrag-enthalt-partnerlinks\">This post contains <a data-type=\"URL\" data-id=\"https:\/\/www.apfelpatient.de\/partnerprogramm\" href=\"https:\/\/www.apfelpatient.de\/en\/partner-program\" data-wpel-link=\"internal\" target=\"_self\">affiliate links<\/a>.<\/h6>","protected":false},"excerpt":{"rendered":"<p>Apple Watch Series 6: Apple will host an online event on September 15th with the theme \u201cTime Flies.\u201d<\/p>","protected":false},"author":2,"featured_media":7458,"comment_status":"closed","ping_status":"open","sticky":false,"template":"","format":"standard","meta":{"jnews-multi-image_gallery":[],"jnews_single_post":{"subtitle":"","format":"standard","video":"","gallery":"","source_name":"","source_url":"","via_name":"","via_url":"","override":[{"single_blog_custom":"","sidebar":"","second_sidebar":"","share_position":"","share_float_style":"","post_date_format":"","post_date_format_custom":"","post_reading_time_wpm":"","zoom_button_out_step":"1","zoom_button_in_step":"1","number_popup_post":"1"}],"image_override":[{"single_post_thumbnail_size":"","single_post_gallery_size":""}],"trending_post_position":"","trending_post_label":"","sponsored_post_label":"","sponsored_post_name":"","sponsored_post_url":"","sponsored_post_logo":"","sponsored_post_desc":""},"jnews_primary_category":{"id":"274"},"footnotes":""},"categories":[25],"tags":[86,14,20,21,22],"class_list":["post-14880","post","type-post","status-publish","format-standard","has-post-thumbnail","hentry","category-rumors","tag-apple-event","tag-apple-watch","tag-apple-watch-series-6","tag-watchos","tag-watchos-7"],"yoast_head":"<!-- This site is optimized with the Yoast SEO Premium plugin v27.5 (Yoast SEO v27.5) - https:\/\/yoast.com\/product\/yoast-seo-premium-wordpress\/ -->\n<title>Apple Event &quot;Time Flies&quot;: Kommt die Apple Watch SE? Apfelpatient<\/title>\n<meta name=\"description\" content=\"Apple Watch Series 6: Apple wird am 15. September ein Online-Event mit dem Motto &quot;Time Flies&quot; veranstalten.\" \/>\n<meta name=\"robots\" content=\"index, follow, max-snippet:-1, max-image-preview:large, max-video-preview:-1\" \/>\n<link rel=\"canonical\" href=\"https:\/\/www.apfelpatient.de\/en\/rumors\/apple-event-time-flies-comes-the-apple-watch-se\" \/>\n<meta property=\"og:locale\" content=\"en_US\" \/>\n<meta property=\"og:type\" content=\"article\" \/>\n<meta property=\"og:title\" content=\"Apple Event &quot;Time Flies&quot;: Kommt die Apple Watch SE?\" \/>\n<meta property=\"og:description\" content=\"Apple Watch Series 6: Apple wird am 15. September ein Online-Event mit dem Motto &quot;Time Flies&quot; veranstalten.\" \/>\n<meta property=\"og:url\" content=\"https:\/\/www.apfelpatient.de\/en\/rumors\/apple-event-time-flies-comes-the-apple-watch-se\" \/>\n<meta property=\"og:site_name\" content=\"Apfelpatient\" \/>\n<meta property=\"article:publisher\" content=\"https:\/\/www.facebook.com\/apfelpatientOfficial\" \/>\n<meta property=\"article:author\" content=\"https:\/\/www.facebook.com\/apfelpatientOfficial\" \/>\n<meta property=\"article:published_time\" content=\"2020-09-11T14:45:57+00:00\" \/>\n<meta property=\"og:image\" content=\"https:\/\/www.apfelpatient.de\/wp-content\/uploads\/2019\/11\/bigstock-Anapa-Russia-February-285518104.jpg\" \/>\n\t<meta property=\"og:image:width\" content=\"1600\" \/>\n\t<meta property=\"og:image:height\" content=\"1067\" \/>\n\t<meta property=\"og:image:type\" content=\"image\/jpeg\" \/>\n<meta name=\"author\" content=\"Milan\" \/>\n<meta name=\"twitter:card\" content=\"summary_large_image\" \/>\n<meta name=\"twitter:description\" content=\"Apple Watch Series 6: Apple wird am 15. September ein Online-Event mit dem Motto &quot;Time Flies&quot; veranstalten.\" \/>\n<meta name=\"twitter:label1\" content=\"Written by\" \/>\n\t<meta name=\"twitter:data1\" content=\"Milan\" \/>\n\t<meta name=\"twitter:label2\" content=\"Est. reading time\" \/>\n\t<meta name=\"twitter:data2\" content=\"2 minutes\" \/>\n<script type=\"application\/ld+json\" class=\"yoast-schema-graph\">{\"@context\":\"https:\\\/\\\/schema.org\",\"@graph\":[{\"@type\":\"NewsArticle\",\"@id\":\"https:\\\/\\\/www.apfelpatient.de\\\/rumors\\\/apple-event-time-flies-kommt-die-apple-watch-se#article\",\"isPartOf\":{\"@id\":\"https:\\\/\\\/www.apfelpatient.de\\\/rumors\\\/apple-event-time-flies-kommt-die-apple-watch-se\"},\"author\":{\"@type\":\"Organization\",\"@id\":\"https:\\\/\\\/www.apfelpatient.de\\\/en\\\/#organization\",\"name\":\"Apfelpatient\",\"url\":\"https:\\\/\\\/www.apfelpatient.de\\\/en\\\/\"},\"headline\":\"Apple Event &#8222;Time Flies&#8220;: Kommt die Apple Watch SE?\",\"datePublished\":\"2020-09-11T14:45:57+00:00\",\"mainEntityOfPage\":{\"@id\":\"https:\\\/\\\/www.apfelpatient.de\\\/rumors\\\/apple-event-time-flies-kommt-die-apple-watch-se\"},\"wordCount\":316,\"publisher\":{\"@type\":\"Organization\",\"@id\":\"https:\\\/\\\/www.apfelpatient.de\\\/en\\\/#organization\",\"name\":\"Apfelpatient\",\"url\":\"https:\\\/\\\/www.apfelpatient.de\\\/en\\\/\"},\"image\":{\"@id\":\"https:\\\/\\\/www.apfelpatient.de\\\/rumors\\\/apple-event-time-flies-kommt-die-apple-watch-se#primaryimage\"},\"thumbnailUrl\":\"https:\\\/\\\/www.apfelpatient.de\\\/wp-content\\\/uploads\\\/2019\\\/11\\\/bigstock-Anapa-Russia-February-285518104.jpg\",\"keywords\":[\"Apple Event\",\"Apple Watch\",\"Apple Watch Series 6\",\"watchOS\",\"watchOS 7\"],\"articleSection\":\"Rumors\",\"inLanguage\":\"en-US\",\"copyrightYear\":\"2020\",\"copyrightHolder\":{\"@id\":\"https:\\\/\\\/www.apfelpatient.de\\\/en\\\/#organization\"}},{\"@type\":\"WebPage\",\"@id\":\"https:\\\/\\\/www.apfelpatient.de\\\/rumors\\\/apple-event-time-flies-kommt-die-apple-watch-se\",\"url\":\"https:\\\/\\\/www.apfelpatient.de\\\/rumors\\\/apple-event-time-flies-kommt-die-apple-watch-se\",\"name\":\"Apple Event \\\"Time Flies\\\": Kommt die Apple Watch SE? Apfelpatient\",\"isPartOf\":{\"@id\":\"https:\\\/\\\/www.apfelpatient.de\\\/#website\"},\"primaryImageOfPage\":{\"@id\":\"https:\\\/\\\/www.apfelpatient.de\\\/rumors\\\/apple-event-time-flies-kommt-die-apple-watch-se#primaryimage\"},\"image\":{\"@id\":\"https:\\\/\\\/www.apfelpatient.de\\\/rumors\\\/apple-event-time-flies-kommt-die-apple-watch-se#primaryimage\"},\"thumbnailUrl\":\"https:\\\/\\\/www.apfelpatient.de\\\/wp-content\\\/uploads\\\/2019\\\/11\\\/bigstock-Anapa-Russia-February-285518104.jpg\",\"datePublished\":\"2020-09-11T14:45:57+00:00\",\"description\":\"Apple Watch Series 6: Apple wird am 15. September ein Online-Event mit dem Motto \\\"Time Flies\\\" veranstalten.\",\"breadcrumb\":{\"@id\":\"https:\\\/\\\/www.apfelpatient.de\\\/rumors\\\/apple-event-time-flies-kommt-die-apple-watch-se#breadcrumb\"},\"inLanguage\":\"en-US\",\"potentialAction\":[{\"@type\":\"ReadAction\",\"target\":[\"https:\\\/\\\/www.apfelpatient.de\\\/rumors\\\/apple-event-time-flies-kommt-die-apple-watch-se\"]}]},{\"@type\":\"ImageObject\",\"inLanguage\":\"en-US\",\"@id\":\"https:\\\/\\\/www.apfelpatient.de\\\/rumors\\\/apple-event-time-flies-kommt-die-apple-watch-se#primaryimage\",\"url\":\"https:\\\/\\\/www.apfelpatient.de\\\/wp-content\\\/uploads\\\/2019\\\/11\\\/bigstock-Anapa-Russia-February-285518104.jpg\",\"contentUrl\":\"https:\\\/\\\/www.apfelpatient.de\\\/wp-content\\\/uploads\\\/2019\\\/11\\\/bigstock-Anapa-Russia-February-285518104.jpg\",\"width\":1600,\"height\":1067,\"caption\":\"Anapa, Russia - February 17, 2019: Man hand with Apple Watch Series 4 with the ECG app on the screen. Apple Watch was created and developed by the Apple inc.\"},{\"@type\":\"BreadcrumbList\",\"@id\":\"https:\\\/\\\/www.apfelpatient.de\\\/rumors\\\/apple-event-time-flies-kommt-die-apple-watch-se#breadcrumb\",\"itemListElement\":[{\"@type\":\"ListItem\",\"position\":1,\"name\":\"Startseite\",\"item\":\"https:\\\/\\\/www.apfelpatient.de\\\/\"},{\"@type\":\"ListItem\",\"position\":2,\"name\":\"Apple Event &#8222;Time Flies&#8220;: Kommt die Apple Watch SE?\"}]},{\"@type\":\"WebSite\",\"@id\":\"https:\\\/\\\/www.apfelpatient.de\\\/#website\",\"url\":\"https:\\\/\\\/www.apfelpatient.de\\\/\",\"name\":\"Apfelpatient\",\"description\":\"Alles rund um Apple!\",\"publisher\":{\"@type\":\"Organization\",\"@id\":\"https:\\\/\\\/www.apfelpatient.de\\\/en\\\/#organization\",\"name\":\"Apfelpatient\",\"url\":\"https:\\\/\\\/www.apfelpatient.de\\\/en\\\/\"},\"alternateName\":\"Apfelpatient\",\"potentialAction\":[{\"@type\":\"SearchAction\",\"target\":{\"@type\":\"EntryPoint\",\"urlTemplate\":\"https:\\\/\\\/www.apfelpatient.de\\\/?s={search_term_string}\"},\"query-input\":{\"@type\":\"PropertyValueSpecification\",\"valueRequired\":true,\"valueName\":\"search_term_string\"}}],\"inLanguage\":\"en-US\"},{\"@type\":[\"Person\",\"Organization\"],\"@id\":\"https:\\\/\\\/www.apfelpatient.de\\\/#\\\/schema\\\/person\\\/35b3ddba5832f2bfc7fff5206d4f6b7b\",\"name\":\"Milan\",\"logo\":{\"@id\":\"https:\\\/\\\/www.apfelpatient.de\\\/#\\\/schema\\\/person\\\/image\\\/\"},\"description\":\"Hallo und herzlich willkommen auf meinem Technik-Blog! Als gro\u00dfer Apple-Fan berichte ich hier \u00fcber alles, was mit Apple zu tun hat: von den neuesten News und spannenden Ger\u00fcchten \u00fcber hilfreiche Tipps und Tricks bis hin zu ausf\u00fchrlichen Produkttests. Wenn du genauso technikbegeistert bist wie ich, bist du hier genau richtig!\",\"sameAs\":[\"https:\\\/\\\/www.facebook.com\\\/apfelpatientOfficial\",\"https:\\\/\\\/www.linkedin.com\\\/in\\\/milan-jovicic-42aa0231b\"],\"url\":\"https:\\\/\\\/www.apfelpatient.de\\\/en\\\/author\\\/apfeladmin\"}]}<\/script>\n<!-- \/ Yoast SEO Premium plugin. -->","yoast_head_json":{"title":"Apple Event &quot;Time Flies&quot;: Is the Apple Watch SE coming? Apfelpatient","description":"Apple Watch Series 6: Apple will host an online event on September 15th with the theme &quot;Time Flies&quot;.","robots":{"index":"index","follow":"follow","max-snippet":"max-snippet:-1","max-image-preview":"max-image-preview:large","max-video-preview":"max-video-preview:-1"},"canonical":"https:\/\/www.apfelpatient.de\/en\/rumors\/apple-event-time-flies-comes-the-apple-watch-se","og_locale":"en_US","og_type":"article","og_title":"Apple Event \"Time Flies\": Kommt die Apple Watch SE?","og_description":"Apple Watch Series 6: Apple wird am 15. September ein Online-Event mit dem Motto \"Time Flies\" veranstalten.","og_url":"https:\/\/www.apfelpatient.de\/en\/rumors\/apple-event-time-flies-comes-the-apple-watch-se","og_site_name":"Apfelpatient","article_publisher":"https:\/\/www.facebook.com\/apfelpatientOfficial","article_author":"https:\/\/www.facebook.com\/apfelpatientOfficial","article_published_time":"2020-09-11T14:45:57+00:00","og_image":[{"width":1600,"height":1067,"url":"https:\/\/www.apfelpatient.de\/wp-content\/uploads\/2019\/11\/bigstock-Anapa-Russia-February-285518104.jpg","type":"image\/jpeg"}],"author":"Milan","twitter_card":"summary_large_image","twitter_description":"Apple Watch Series 6: Apple wird am 15. September ein Online-Event mit dem Motto \"Time Flies\" veranstalten.","twitter_misc":{"Written by":"Milan","Est. reading time":"2 minutes"},"schema":{"@context":"https:\/\/schema.org","@graph":[{"@type":"NewsArticle","@id":"https:\/\/www.apfelpatient.de\/rumors\/apple-event-time-flies-kommt-die-apple-watch-se#article","isPartOf":{"@id":"https:\/\/www.apfelpatient.de\/rumors\/apple-event-time-flies-kommt-die-apple-watch-se"},"author":{"@type":"Organization","@id":"https:\/\/www.apfelpatient.de\/en\/#organization","name":"Apfelpatient","url":"https:\/\/www.apfelpatient.de\/en\/"},"headline":"Apple Event &#8222;Time Flies&#8220;: Kommt die Apple Watch SE?","datePublished":"2020-09-11T14:45:57+00:00","mainEntityOfPage":{"@id":"https:\/\/www.apfelpatient.de\/rumors\/apple-event-time-flies-kommt-die-apple-watch-se"},"wordCount":316,"publisher":{"@type":"Organization","@id":"https:\/\/www.apfelpatient.de\/en\/#organization","name":"Apfelpatient","url":"https:\/\/www.apfelpatient.de\/en\/"},"image":{"@id":"https:\/\/www.apfelpatient.de\/rumors\/apple-event-time-flies-kommt-die-apple-watch-se#primaryimage"},"thumbnailUrl":"https:\/\/www.apfelpatient.de\/wp-content\/uploads\/2019\/11\/bigstock-Anapa-Russia-February-285518104.jpg","keywords":["Apple Event","Apple Watch","Apple Watch Series 6","watchOS","watchOS 7"],"articleSection":"Rumors","inLanguage":"en-US","copyrightYear":"2020","copyrightHolder":{"@id":"https:\/\/www.apfelpatient.de\/en\/#organization"}},{"@type":"WebPage","@id":"https:\/\/www.apfelpatient.de\/rumors\/apple-event-time-flies-kommt-die-apple-watch-se","url":"https:\/\/www.apfelpatient.de\/rumors\/apple-event-time-flies-kommt-die-apple-watch-se","name":"Apple Event &quot;Time Flies&quot;: Is the Apple Watch SE coming? Apfelpatient","isPartOf":{"@id":"https:\/\/www.apfelpatient.de\/#website"},"primaryImageOfPage":{"@id":"https:\/\/www.apfelpatient.de\/rumors\/apple-event-time-flies-kommt-die-apple-watch-se#primaryimage"},"image":{"@id":"https:\/\/www.apfelpatient.de\/rumors\/apple-event-time-flies-kommt-die-apple-watch-se#primaryimage"},"thumbnailUrl":"https:\/\/www.apfelpatient.de\/wp-content\/uploads\/2019\/11\/bigstock-Anapa-Russia-February-285518104.jpg","datePublished":"2020-09-11T14:45:57+00:00","description":"Apple Watch Series 6: Apple will host an online event on September 15th with the theme &quot;Time Flies&quot;.","breadcrumb":{"@id":"https:\/\/www.apfelpatient.de\/rumors\/apple-event-time-flies-kommt-die-apple-watch-se#breadcrumb"},"inLanguage":"en-US","potentialAction":[{"@type":"ReadAction","target":["https:\/\/www.apfelpatient.de\/rumors\/apple-event-time-flies-kommt-die-apple-watch-se"]}]},{"@type":"ImageObject","inLanguage":"en-US","@id":"https:\/\/www.apfelpatient.de\/rumors\/apple-event-time-flies-kommt-die-apple-watch-se#primaryimage","url":"https:\/\/www.apfelpatient.de\/wp-content\/uploads\/2019\/11\/bigstock-Anapa-Russia-February-285518104.jpg","contentUrl":"https:\/\/www.apfelpatient.de\/wp-content\/uploads\/2019\/11\/bigstock-Anapa-Russia-February-285518104.jpg","width":1600,"height":1067,"caption":"Anapa, Russia - February 17, 2019: Man hand with Apple Watch Series 4 with the ECG app on the screen. Apple Watch was created and developed by the Apple inc."},{"@type":"BreadcrumbList","@id":"https:\/\/www.apfelpatient.de\/rumors\/apple-event-time-flies-kommt-die-apple-watch-se#breadcrumb","itemListElement":[{"@type":"ListItem","position":1,"name":"Startseite","item":"https:\/\/www.apfelpatient.de\/"},{"@type":"ListItem","position":2,"name":"Apple Event &#8222;Time Flies&#8220;: Kommt die Apple Watch SE?"}]},{"@type":"WebSite","@id":"https:\/\/www.apfelpatient.de\/#website","url":"https:\/\/www.apfelpatient.de\/","name":"apple patient","description":"Everything about Apple!","publisher":{"@type":"Organization","@id":"https:\/\/www.apfelpatient.de\/en\/#organization","name":"Apfelpatient","url":"https:\/\/www.apfelpatient.de\/en\/"},"alternateName":"Apfelpatient","potentialAction":[{"@type":"SearchAction","target":{"@type":"EntryPoint","urlTemplate":"https:\/\/www.apfelpatient.de\/?s={search_term_string}"},"query-input":{"@type":"PropertyValueSpecification","valueRequired":true,"valueName":"search_term_string"}}],"inLanguage":"en-US"},{"@type":["Person","Organization"],"@id":"https:\/\/www.apfelpatient.de\/#\/schema\/person\/35b3ddba5832f2bfc7fff5206d4f6b7b","name":"Milan","logo":{"@id":"https:\/\/www.apfelpatient.de\/#\/schema\/person\/image\/"},"description":"Hello and welcome to my technology blog! As a big Apple fan, I report on everything to do with Apple: from the latest news and exciting rumors to helpful tips and tricks and detailed product tests. If you are as enthusiastic about technology as I am, you have come to the right place!","sameAs":["https:\/\/www.facebook.com\/apfelpatientOfficial","https:\/\/www.linkedin.com\/in\/milan-jovicic-42aa0231b"],"url":"https:\/\/www.apfelpatient.de\/en\/author\/apfeladmin"}]}},"_links":{"self":[{"href":"https:\/\/www.apfelpatient.de\/en\/wp-json\/wp\/v2\/posts\/14880","targetHints":{"allow":["GET"]}}],"collection":[{"href":"https:\/\/www.apfelpatient.de\/en\/wp-json\/wp\/v2\/posts"}],"about":[{"href":"https:\/\/www.apfelpatient.de\/en\/wp-json\/wp\/v2\/types\/post"}],"author":[{"embeddable":true,"href":"https:\/\/www.apfelpatient.de\/en\/wp-json\/wp\/v2\/users\/2"}],"replies":[{"embeddable":true,"href":"https:\/\/www.apfelpatient.de\/en\/wp-json\/wp\/v2\/comments?post=14880"}],"version-history":[{"count":0,"href":"https:\/\/www.apfelpatient.de\/en\/wp-json\/wp\/v2\/posts\/14880\/revisions"}],"wp:featuredmedia":[{"embeddable":true,"href":"https:\/\/www.apfelpatient.de\/en\/wp-json\/wp\/v2\/media\/7458"}],"wp:attachment":[{"href":"https:\/\/www.apfelpatient.de\/en\/wp-json\/wp\/v2\/media?parent=14880"}],"wp:term":[{"taxonomy":"category","embeddable":true,"href":"https:\/\/www.apfelpatient.de\/en\/wp-json\/wp\/v2\/categories?post=14880"},{"taxonomy":"post_tag","embeddable":true,"href":"https:\/\/www.apfelpatient.de\/en\/wp-json\/wp\/v2\/tags?post=14880"}],"curies":[{"name":"wp","href":"https:\/\/api.w.org\/{rel}","templated":true}]}}