{"id":14878,"date":"2020-09-11T16:37:47","date_gmt":"2020-09-11T14:37:47","guid":{"rendered":"https:\/\/www.apfelpatient.de\/?p=14878"},"modified":"2021-08-29T19:47:00","modified_gmt":"2021-08-29T17:47:00","slug":"apple-ceo-cooks-successor-could-already-be-decided","status":"publish","type":"post","link":"https:\/\/www.apfelpatient.de\/en\/rumors\/apple-ceo-cooks-nachfolger-koennte-bereits-feststehen","title":{"rendered":"Apple CEO: Cook&#039;s successor could already be decided"},"content":{"rendered":"<p class=\"has-drop-cap\"><strong>Apple&#039;s management team is increasingly focusing on succession planning - according to a report. There is already a candidate who could take over from Tim Cook and become the new Apple CEO.<\/strong><\/p>\n\n\n\n<p>Who will succeed Tim Cook? Observers have been asking this question for some time. According to a new Bloomberg report, this question has already been asked internally at Apple. As the new report shows, Tim Cook and his team are increasingly focusing on succession planning. The reason for this is Cook&#039;s 10th year as Apple CEO. Apple is striving to prepare the next generation of top managers. Mark Gurman explains in the article:<\/p>\n\n\n\n<h3 class=\"wp-block-heading\" id=\"h-tim-cook-williams-der-offensichtliche-erbe\">Tim Cook: Williams \u2013 the \u2018obvious heir\u2019?<\/h3>\n\n\n\n\n\n\n\n<blockquote class=\"wp-block-quote is-layout-flow wp-block-quote-is-layout-flow\"><p>Entering his 10th year at the company&#039;s helm, Cook&#039;s leadership group is largely filled with senior vice presidents who have worked at Apple for more than two decades, have generated tens of millions of dollars and are between the ages of 55 and 60 or approaching 60. That, along with typical corporate planning, has spurred the Cupertino, Calif.-based company to cultivate its next class of top executives, said people familiar with the matter who asked not to be identified discussing internal company discussions. Apple declined to comment.<\/p><\/blockquote>\n\n\n\n<p>While Cook has shown no signs of being willing to step aside, today&#039;s report says that Apple&#039;s current Chief Operating Officer, Jeff Williams, is viewed internally as &quot;the obvious heir&quot; to the CEO position. Williams is viewed as &quot;as pragmatic as Cook&quot; and an &quot;operationally oriented&quot; leader, much like Cook. In terms of product marketing, Greg Joswiak has only<a class=\"ek-link\" href=\"https:\/\/www.apfelpatient.de\/en\/news\/phil-schiller-becomes-apple-fellow\"> <\/a>recently replaced Phil Schiller as Apple&#039;s Senior Vice President of Worldwide Marketing. Although the whole thing was only recently made official, Schiller has reportedly been gradually handing over responsibilities for several years. As for Joswiak&#039;s successor, Apple reportedly has a list of potential candidates, with the current frontrunner being iPhone Marketing Vice President Kaiann Drance. Gurman explains:<\/p>\n\n\n\n<h3 class=\"wp-block-heading\" id=\"h-craig-federighi-das-j-ngste-mitglied-in-apples-f-hrungsetage\">Craig Federighi \u2013 the youngest member of Apple&#039;s executive team<\/h3>\n\n\n\n\n\n\n\n<blockquote class=\"wp-block-quote is-layout-flow wp-block-quote-is-layout-flow\"><p>Other potential candidates include Stan Ng and Susan Prescott. Ng, vice president of Apple Watch marketing, has been a mainstay in Apple&#039;s marketing organization since the late 1990s. He started with the Mac, then moved to the iPod, then worked on the iPhone before the Apple Watch. Prescott, 55, oversees marketing for apps and enterprise.<\/p><\/blockquote>\n\n\n\n<p>However, no changes are planned for the time being in the software engineering department. This means that Craig Federighi will probably stay in his position for a few more years, as he is only 51 years old and thus the youngest in Apple&#039;s management team. However, S\u00e9bastien Marineau-Mes and Jon Andrews are currently considered potential successors. But the operations department could also be renewed soon. Bloomberg reports that Sabih Khan could probably be replaced by Priya Balasubramaniam.<\/p>\n\n\n\n<blockquote class=\"wp-block-quote is-layout-flow wp-block-quote-is-layout-flow\"><p>But the most likely long-term successor is Priya Balasubramaniam, iPhone operations manager. Balasubramaniam has been in her current role since 2014 and joined Apple nearly 20 years ago. She is responsible for the production, supply chain and repair network for Apple&#039;s most important product and the components that underlie it.<\/p><\/blockquote>\n\n\n\n<p>If you want to read the full report and learn more details about Apple\u2019s succession strategy, you can find the <a href=\"https:\/\/www.bloomberg.com\/news\/articles\/2020-09-11\/apple-s-successors-for-ceo-tim-cook-other-top-executives\" target=\"_blank\" rel=\"noreferrer noopener\">Article<\/a> in English on Bloomberg. <a href=\"https:\/\/www.amazon.de\/shop\/apfelpatientofficial?listId=2SH1KEP4J41TE&amp;ref=cm_sw_em_r_inf_list_own_apfelpatientofficial_dp_ZrWfgRbpxgBlW\" target=\"_blank\" rel=\"noreferrer noopener\">AirPods Pro on special offer at Amazon \u2013 available now<\/a>. (Image: Apple)<\/p>\n\n\n\n<h6 class=\"wp-block-heading translation-block\" id=\"h-kennt-ihr-schon-unsere-amazon-storefront-dort-findet-ihr-eine-handverlesene-auswahl-von-diversen-produkten-f-r-euer-iphone-und-co-viel-spa-beim-st-bern\"><em>Have you already visited our Amazon Storefront? There you&#039;ll find a hand-picked selection of various products for your iPhone and other devices \u2013 <span class=\"has-inline-color has-vivid-red-color\"><a href=\"https:\/\/www.amazon.de\/shop\/apfelpatientofficial\" class=\"ek-link\" data-wpel-link=\"exclude\" rel=\"follow noopener\" target=\"_self\"><span style=\"text-decoration: underline\" class=\"ek-underline\">enjoy browsing<\/span><\/a> !<\/span><\/em><\/h6>\n\n\n\n<h6 class=\"wp-block-heading translation-block\" id=\"h-der-beitrag-enthalt-partnerlinks\">This post contains <a data-type=\"URL\" data-id=\"https:\/\/www.apfelpatient.de\/partnerprogramm\" href=\"https:\/\/www.apfelpatient.de\/en\/partner-program\" data-wpel-link=\"internal\" target=\"_self\">affiliate links<\/a>.<\/h6>","protected":false},"excerpt":{"rendered":"<p>Apple&#039;s leadership team: There is already a candidate who could take over from Tim Cook and become the new Apple CEO.<\/p>","protected":false},"author":2,"featured_media":23697,"comment_status":"closed","ping_status":"open","sticky":false,"template":"","format":"standard","meta":{"jnews-multi-image_gallery":[],"jnews_single_post":{"subtitle":"","format":"standard","video":"","gallery":"","source_name":"","source_url":"","via_name":"","via_url":"","override":[{"single_blog_custom":"","sidebar":"","second_sidebar":"","share_position":"","share_float_style":"","post_date_format":"","post_date_format_custom":"","post_reading_time_wpm":"","zoom_button_out_step":"1","zoom_button_in_step":"1","number_popup_post":"1"}],"image_override":[{"single_post_thumbnail_size":"","single_post_gallery_size":""}],"trending_post_position":"","trending_post_label":"","sponsored_post_label":"","sponsored_post_name":"","sponsored_post_url":"","sponsored_post_logo":"","sponsored_post_desc":""},"jnews_primary_category":{"id":""},"footnotes":""},"categories":[25],"tags":[13],"class_list":["post-14878","post","type-post","status-publish","format-standard","has-post-thumbnail","hentry","category-rumors","tag-techpatient"],"yoast_head":"<!-- This site is optimized with the Yoast SEO Premium plugin v27.5 (Yoast SEO v27.5) - https:\/\/yoast.com\/product\/yoast-seo-premium-wordpress\/ -->\n<title>Apple CEO: Cook&#039;s Nachfolger k\u00f6nnte bereits feststehen Apfelpatient<\/title>\n<meta name=\"description\" content=\"Apples F\u00fchrungsriege: Dabei gibt es auch schon einen Kandidaten, der Tim Cooks Erbe antreten und damit neuer Apple CEO werden k\u00f6nnte.\" \/>\n<meta name=\"robots\" content=\"index, follow, max-snippet:-1, max-image-preview:large, max-video-preview:-1\" \/>\n<link rel=\"canonical\" href=\"https:\/\/www.apfelpatient.de\/en\/rumors\/apple-ceo-cooks-successor-could-already-be-decided\" \/>\n<meta property=\"og:locale\" content=\"en_US\" \/>\n<meta property=\"og:type\" content=\"article\" \/>\n<meta property=\"og:title\" content=\"Apple CEO: Cook&#039;s Nachfolger k\u00f6nnte bereits feststehen\" \/>\n<meta property=\"og:description\" content=\"Apples F\u00fchrungsriege: Dabei gibt es auch schon einen Kandidaten, der Tim Cooks Erbe antreten und damit neuer Apple CEO werden k\u00f6nnte.\" \/>\n<meta property=\"og:url\" content=\"https:\/\/www.apfelpatient.de\/en\/rumors\/apple-ceo-cooks-successor-could-already-be-decided\" \/>\n<meta property=\"og:site_name\" content=\"Apfelpatient\" \/>\n<meta property=\"article:publisher\" content=\"https:\/\/www.facebook.com\/apfelpatientOfficial\" \/>\n<meta property=\"article:author\" content=\"https:\/\/www.facebook.com\/apfelpatientOfficial\" \/>\n<meta property=\"article:published_time\" content=\"2020-09-11T14:37:47+00:00\" \/>\n<meta property=\"article:modified_time\" content=\"2021-08-29T17:47:00+00:00\" \/>\n<meta property=\"og:image\" content=\"https:\/\/www.apfelpatient.de\/wp-content\/uploads\/2019\/07\/Apples-keynote-event_Tim_Cook-03252019_big.jpg.large_.jpg\" \/>\n\t<meta property=\"og:image:width\" content=\"816\" \/>\n\t<meta property=\"og:image:height\" content=\"594\" \/>\n\t<meta property=\"og:image:type\" content=\"image\/jpeg\" \/>\n<meta name=\"author\" content=\"Milan\" \/>\n<meta name=\"twitter:card\" content=\"summary_large_image\" \/>\n<meta name=\"twitter:description\" content=\"Apples F\u00fchrungsriege: Dabei gibt es auch schon einen Kandidaten, der Tim Cooks Erbe antreten und damit neuer Apple CEO werden k\u00f6nnte.\" \/>\n<meta name=\"twitter:label1\" content=\"Written by\" \/>\n\t<meta name=\"twitter:data1\" content=\"Milan\" \/>\n\t<meta name=\"twitter:label2\" content=\"Est. reading time\" \/>\n\t<meta name=\"twitter:data2\" content=\"3 minutes\" \/>\n<script type=\"application\/ld+json\" class=\"yoast-schema-graph\">{\"@context\":\"https:\\\/\\\/schema.org\",\"@graph\":[{\"@type\":\"NewsArticle\",\"@id\":\"https:\\\/\\\/www.apfelpatient.de\\\/en\\\/rumors\\\/apple-ceo-cooks-nachfolger-koennte-bereits-feststehen#article\",\"isPartOf\":{\"@id\":\"https:\\\/\\\/www.apfelpatient.de\\\/en\\\/rumors\\\/apple-ceo-cooks-nachfolger-koennte-bereits-feststehen\"},\"author\":{\"@type\":\"Organization\",\"@id\":\"https:\\\/\\\/www.apfelpatient.de\\\/en\\\/#organization\",\"name\":\"Apfelpatient\",\"url\":\"https:\\\/\\\/www.apfelpatient.de\\\/en\\\/\"},\"headline\":\"Apple CEO: Cook&#8217;s Nachfolger k\u00f6nnte bereits feststehen\",\"datePublished\":\"2020-09-11T14:37:47+00:00\",\"dateModified\":\"2021-08-29T17:47:00+00:00\",\"mainEntityOfPage\":{\"@id\":\"https:\\\/\\\/www.apfelpatient.de\\\/en\\\/rumors\\\/apple-ceo-cooks-nachfolger-koennte-bereits-feststehen\"},\"wordCount\":603,\"publisher\":{\"@type\":\"Organization\",\"@id\":\"https:\\\/\\\/www.apfelpatient.de\\\/en\\\/#organization\",\"name\":\"Apfelpatient\",\"url\":\"https:\\\/\\\/www.apfelpatient.de\\\/en\\\/\"},\"image\":{\"@id\":\"https:\\\/\\\/www.apfelpatient.de\\\/en\\\/rumors\\\/apple-ceo-cooks-nachfolger-koennte-bereits-feststehen#primaryimage\"},\"thumbnailUrl\":\"https:\\\/\\\/www.apfelpatient.de\\\/wp-content\\\/uploads\\\/2021\\\/06\\\/Apple_Chicago_wrapup_Tim_Cook_welcomes_Keynote_audience_to_Lane_Tech_College_Preparatory_High_School_03272018.jpg\",\"keywords\":[\"TechPatient\"],\"articleSection\":\"Rumors\",\"inLanguage\":\"en-US\",\"copyrightYear\":\"2020\",\"copyrightHolder\":{\"@id\":\"https:\\\/\\\/www.apfelpatient.de\\\/en\\\/#organization\"}},{\"@type\":\"WebPage\",\"@id\":\"https:\\\/\\\/www.apfelpatient.de\\\/en\\\/rumors\\\/apple-ceo-cooks-nachfolger-koennte-bereits-feststehen\",\"url\":\"https:\\\/\\\/www.apfelpatient.de\\\/en\\\/rumors\\\/apple-ceo-cooks-nachfolger-koennte-bereits-feststehen\",\"name\":\"Apple CEO: Cook's Nachfolger k\u00f6nnte bereits feststehen Apfelpatient\",\"isPartOf\":{\"@id\":\"https:\\\/\\\/www.apfelpatient.de\\\/#website\"},\"primaryImageOfPage\":{\"@id\":\"https:\\\/\\\/www.apfelpatient.de\\\/en\\\/rumors\\\/apple-ceo-cooks-nachfolger-koennte-bereits-feststehen#primaryimage\"},\"image\":{\"@id\":\"https:\\\/\\\/www.apfelpatient.de\\\/en\\\/rumors\\\/apple-ceo-cooks-nachfolger-koennte-bereits-feststehen#primaryimage\"},\"thumbnailUrl\":\"https:\\\/\\\/www.apfelpatient.de\\\/wp-content\\\/uploads\\\/2021\\\/06\\\/Apple_Chicago_wrapup_Tim_Cook_welcomes_Keynote_audience_to_Lane_Tech_College_Preparatory_High_School_03272018.jpg\",\"datePublished\":\"2020-09-11T14:37:47+00:00\",\"dateModified\":\"2021-08-29T17:47:00+00:00\",\"description\":\"Apples F\u00fchrungsriege: Dabei gibt es auch schon einen Kandidaten, der Tim Cooks Erbe antreten und damit neuer Apple CEO werden k\u00f6nnte.\",\"breadcrumb\":{\"@id\":\"https:\\\/\\\/www.apfelpatient.de\\\/en\\\/rumors\\\/apple-ceo-cooks-nachfolger-koennte-bereits-feststehen#breadcrumb\"},\"inLanguage\":\"en-US\",\"potentialAction\":[{\"@type\":\"ReadAction\",\"target\":[\"https:\\\/\\\/www.apfelpatient.de\\\/en\\\/rumors\\\/apple-ceo-cooks-nachfolger-koennte-bereits-feststehen\"]}]},{\"@type\":\"ImageObject\",\"inLanguage\":\"en-US\",\"@id\":\"https:\\\/\\\/www.apfelpatient.de\\\/en\\\/rumors\\\/apple-ceo-cooks-nachfolger-koennte-bereits-feststehen#primaryimage\",\"url\":\"https:\\\/\\\/www.apfelpatient.de\\\/wp-content\\\/uploads\\\/2021\\\/06\\\/Apple_Chicago_wrapup_Tim_Cook_welcomes_Keynote_audience_to_Lane_Tech_College_Preparatory_High_School_03272018.jpg\",\"contentUrl\":\"https:\\\/\\\/www.apfelpatient.de\\\/wp-content\\\/uploads\\\/2021\\\/06\\\/Apple_Chicago_wrapup_Tim_Cook_welcomes_Keynote_audience_to_Lane_Tech_College_Preparatory_High_School_03272018.jpg\",\"width\":1600,\"height\":1067,\"caption\":\"Bild: Apple - Tim Cook\"},{\"@type\":\"BreadcrumbList\",\"@id\":\"https:\\\/\\\/www.apfelpatient.de\\\/en\\\/rumors\\\/apple-ceo-cooks-nachfolger-koennte-bereits-feststehen#breadcrumb\",\"itemListElement\":[{\"@type\":\"ListItem\",\"position\":1,\"name\":\"Startseite\",\"item\":\"https:\\\/\\\/www.apfelpatient.de\\\/\"},{\"@type\":\"ListItem\",\"position\":2,\"name\":\"Apple CEO: Cook&#8217;s Nachfolger k\u00f6nnte bereits feststehen\"}]},{\"@type\":\"WebSite\",\"@id\":\"https:\\\/\\\/www.apfelpatient.de\\\/#website\",\"url\":\"https:\\\/\\\/www.apfelpatient.de\\\/\",\"name\":\"Apfelpatient\",\"description\":\"Alles rund um Apple!\",\"publisher\":{\"@type\":\"Organization\",\"@id\":\"https:\\\/\\\/www.apfelpatient.de\\\/en\\\/#organization\",\"name\":\"Apfelpatient\",\"url\":\"https:\\\/\\\/www.apfelpatient.de\\\/en\\\/\"},\"alternateName\":\"Apfelpatient\",\"potentialAction\":[{\"@type\":\"SearchAction\",\"target\":{\"@type\":\"EntryPoint\",\"urlTemplate\":\"https:\\\/\\\/www.apfelpatient.de\\\/?s={search_term_string}\"},\"query-input\":{\"@type\":\"PropertyValueSpecification\",\"valueRequired\":true,\"valueName\":\"search_term_string\"}}],\"inLanguage\":\"en-US\"},{\"@type\":[\"Person\",\"Organization\"],\"@id\":\"https:\\\/\\\/www.apfelpatient.de\\\/#\\\/schema\\\/person\\\/35b3ddba5832f2bfc7fff5206d4f6b7b\",\"name\":\"Milan\",\"logo\":{\"@id\":\"https:\\\/\\\/www.apfelpatient.de\\\/#\\\/schema\\\/person\\\/image\\\/\"},\"description\":\"Hallo und herzlich willkommen auf meinem Technik-Blog! Als gro\u00dfer Apple-Fan berichte ich hier \u00fcber alles, was mit Apple zu tun hat: von den neuesten News und spannenden Ger\u00fcchten \u00fcber hilfreiche Tipps und Tricks bis hin zu ausf\u00fchrlichen Produkttests. Wenn du genauso technikbegeistert bist wie ich, bist du hier genau richtig!\",\"sameAs\":[\"https:\\\/\\\/www.facebook.com\\\/apfelpatientOfficial\",\"https:\\\/\\\/www.linkedin.com\\\/in\\\/milan-jovicic-42aa0231b\"],\"url\":\"https:\\\/\\\/www.apfelpatient.de\\\/en\\\/author\\\/apfeladmin\"}]}<\/script>\n<!-- \/ Yoast SEO Premium plugin. -->","yoast_head_json":{"title":"Apple CEO: Cook&#039;s successor could already be decided Apfelpatient","description":"Apple&#039;s leadership team: There is already a candidate who could take over from Tim Cook and become the new Apple CEO.","robots":{"index":"index","follow":"follow","max-snippet":"max-snippet:-1","max-image-preview":"max-image-preview:large","max-video-preview":"max-video-preview:-1"},"canonical":"https:\/\/www.apfelpatient.de\/en\/rumors\/apple-ceo-cooks-successor-could-already-be-decided","og_locale":"en_US","og_type":"article","og_title":"Apple CEO: Cook's Nachfolger k\u00f6nnte bereits feststehen","og_description":"Apples F\u00fchrungsriege: Dabei gibt es auch schon einen Kandidaten, der Tim Cooks Erbe antreten und damit neuer Apple CEO werden k\u00f6nnte.","og_url":"https:\/\/www.apfelpatient.de\/en\/rumors\/apple-ceo-cooks-successor-could-already-be-decided","og_site_name":"Apfelpatient","article_publisher":"https:\/\/www.facebook.com\/apfelpatientOfficial","article_author":"https:\/\/www.facebook.com\/apfelpatientOfficial","article_published_time":"2020-09-11T14:37:47+00:00","article_modified_time":"2021-08-29T17:47:00+00:00","og_image":[{"width":816,"height":594,"url":"https:\/\/www.apfelpatient.de\/wp-content\/uploads\/2019\/07\/Apples-keynote-event_Tim_Cook-03252019_big.jpg.large_.jpg","type":"image\/jpeg"}],"author":"Milan","twitter_card":"summary_large_image","twitter_description":"Apples F\u00fchrungsriege: Dabei gibt es auch schon einen Kandidaten, der Tim Cooks Erbe antreten und damit neuer Apple CEO werden k\u00f6nnte.","twitter_misc":{"Written by":"Milan","Est. reading time":"3 minutes"},"schema":{"@context":"https:\/\/schema.org","@graph":[{"@type":"NewsArticle","@id":"https:\/\/www.apfelpatient.de\/en\/rumors\/apple-ceo-cooks-nachfolger-koennte-bereits-feststehen#article","isPartOf":{"@id":"https:\/\/www.apfelpatient.de\/en\/rumors\/apple-ceo-cooks-nachfolger-koennte-bereits-feststehen"},"author":{"@type":"Organization","@id":"https:\/\/www.apfelpatient.de\/en\/#organization","name":"Apfelpatient","url":"https:\/\/www.apfelpatient.de\/en\/"},"headline":"Apple CEO: Cook&#8217;s Nachfolger k\u00f6nnte bereits feststehen","datePublished":"2020-09-11T14:37:47+00:00","dateModified":"2021-08-29T17:47:00+00:00","mainEntityOfPage":{"@id":"https:\/\/www.apfelpatient.de\/en\/rumors\/apple-ceo-cooks-nachfolger-koennte-bereits-feststehen"},"wordCount":603,"publisher":{"@type":"Organization","@id":"https:\/\/www.apfelpatient.de\/en\/#organization","name":"Apfelpatient","url":"https:\/\/www.apfelpatient.de\/en\/"},"image":{"@id":"https:\/\/www.apfelpatient.de\/en\/rumors\/apple-ceo-cooks-nachfolger-koennte-bereits-feststehen#primaryimage"},"thumbnailUrl":"https:\/\/www.apfelpatient.de\/wp-content\/uploads\/2021\/06\/Apple_Chicago_wrapup_Tim_Cook_welcomes_Keynote_audience_to_Lane_Tech_College_Preparatory_High_School_03272018.jpg","keywords":["TechPatient"],"articleSection":"Rumors","inLanguage":"en-US","copyrightYear":"2020","copyrightHolder":{"@id":"https:\/\/www.apfelpatient.de\/en\/#organization"}},{"@type":"WebPage","@id":"https:\/\/www.apfelpatient.de\/en\/rumors\/apple-ceo-cooks-nachfolger-koennte-bereits-feststehen","url":"https:\/\/www.apfelpatient.de\/en\/rumors\/apple-ceo-cooks-nachfolger-koennte-bereits-feststehen","name":"Apple CEO: Cook&#039;s successor could already be decided Apfelpatient","isPartOf":{"@id":"https:\/\/www.apfelpatient.de\/#website"},"primaryImageOfPage":{"@id":"https:\/\/www.apfelpatient.de\/en\/rumors\/apple-ceo-cooks-nachfolger-koennte-bereits-feststehen#primaryimage"},"image":{"@id":"https:\/\/www.apfelpatient.de\/en\/rumors\/apple-ceo-cooks-nachfolger-koennte-bereits-feststehen#primaryimage"},"thumbnailUrl":"https:\/\/www.apfelpatient.de\/wp-content\/uploads\/2021\/06\/Apple_Chicago_wrapup_Tim_Cook_welcomes_Keynote_audience_to_Lane_Tech_College_Preparatory_High_School_03272018.jpg","datePublished":"2020-09-11T14:37:47+00:00","dateModified":"2021-08-29T17:47:00+00:00","description":"Apple&#039;s leadership team: There is already a candidate who could take over from Tim Cook and become the new Apple CEO.","breadcrumb":{"@id":"https:\/\/www.apfelpatient.de\/en\/rumors\/apple-ceo-cooks-nachfolger-koennte-bereits-feststehen#breadcrumb"},"inLanguage":"en-US","potentialAction":[{"@type":"ReadAction","target":["https:\/\/www.apfelpatient.de\/en\/rumors\/apple-ceo-cooks-nachfolger-koennte-bereits-feststehen"]}]},{"@type":"ImageObject","inLanguage":"en-US","@id":"https:\/\/www.apfelpatient.de\/en\/rumors\/apple-ceo-cooks-nachfolger-koennte-bereits-feststehen#primaryimage","url":"https:\/\/www.apfelpatient.de\/wp-content\/uploads\/2021\/06\/Apple_Chicago_wrapup_Tim_Cook_welcomes_Keynote_audience_to_Lane_Tech_College_Preparatory_High_School_03272018.jpg","contentUrl":"https:\/\/www.apfelpatient.de\/wp-content\/uploads\/2021\/06\/Apple_Chicago_wrapup_Tim_Cook_welcomes_Keynote_audience_to_Lane_Tech_College_Preparatory_High_School_03272018.jpg","width":1600,"height":1067,"caption":"Bild: Apple - Tim Cook"},{"@type":"BreadcrumbList","@id":"https:\/\/www.apfelpatient.de\/en\/rumors\/apple-ceo-cooks-nachfolger-koennte-bereits-feststehen#breadcrumb","itemListElement":[{"@type":"ListItem","position":1,"name":"Startseite","item":"https:\/\/www.apfelpatient.de\/"},{"@type":"ListItem","position":2,"name":"Apple CEO: Cook&#8217;s Nachfolger k\u00f6nnte bereits feststehen"}]},{"@type":"WebSite","@id":"https:\/\/www.apfelpatient.de\/#website","url":"https:\/\/www.apfelpatient.de\/","name":"apple patient","description":"Everything about Apple!","publisher":{"@type":"Organization","@id":"https:\/\/www.apfelpatient.de\/en\/#organization","name":"Apfelpatient","url":"https:\/\/www.apfelpatient.de\/en\/"},"alternateName":"Apfelpatient","potentialAction":[{"@type":"SearchAction","target":{"@type":"EntryPoint","urlTemplate":"https:\/\/www.apfelpatient.de\/?s={search_term_string}"},"query-input":{"@type":"PropertyValueSpecification","valueRequired":true,"valueName":"search_term_string"}}],"inLanguage":"en-US"},{"@type":["Person","Organization"],"@id":"https:\/\/www.apfelpatient.de\/#\/schema\/person\/35b3ddba5832f2bfc7fff5206d4f6b7b","name":"Milan","logo":{"@id":"https:\/\/www.apfelpatient.de\/#\/schema\/person\/image\/"},"description":"Hello and welcome to my technology blog! As a big Apple fan, I report on everything to do with Apple: from the latest news and exciting rumors to helpful tips and tricks and detailed product tests. If you are as enthusiastic about technology as I am, you have come to the right place!","sameAs":["https:\/\/www.facebook.com\/apfelpatientOfficial","https:\/\/www.linkedin.com\/in\/milan-jovicic-42aa0231b"],"url":"https:\/\/www.apfelpatient.de\/en\/author\/apfeladmin"}]}},"_links":{"self":[{"href":"https:\/\/www.apfelpatient.de\/en\/wp-json\/wp\/v2\/posts\/14878","targetHints":{"allow":["GET"]}}],"collection":[{"href":"https:\/\/www.apfelpatient.de\/en\/wp-json\/wp\/v2\/posts"}],"about":[{"href":"https:\/\/www.apfelpatient.de\/en\/wp-json\/wp\/v2\/types\/post"}],"author":[{"embeddable":true,"href":"https:\/\/www.apfelpatient.de\/en\/wp-json\/wp\/v2\/users\/2"}],"replies":[{"embeddable":true,"href":"https:\/\/www.apfelpatient.de\/en\/wp-json\/wp\/v2\/comments?post=14878"}],"version-history":[{"count":0,"href":"https:\/\/www.apfelpatient.de\/en\/wp-json\/wp\/v2\/posts\/14878\/revisions"}],"wp:featuredmedia":[{"embeddable":true,"href":"https:\/\/www.apfelpatient.de\/en\/wp-json\/wp\/v2\/media\/23697"}],"wp:attachment":[{"href":"https:\/\/www.apfelpatient.de\/en\/wp-json\/wp\/v2\/media?parent=14878"}],"wp:term":[{"taxonomy":"category","embeddable":true,"href":"https:\/\/www.apfelpatient.de\/en\/wp-json\/wp\/v2\/categories?post=14878"},{"taxonomy":"post_tag","embeddable":true,"href":"https:\/\/www.apfelpatient.de\/en\/wp-json\/wp\/v2\/tags?post=14878"}],"curies":[{"name":"wp","href":"https:\/\/api.w.org\/{rel}","templated":true}]}}