{"id":14850,"date":"2020-09-09T16:36:55","date_gmt":"2020-09-09T14:36:55","guid":{"rendered":"https:\/\/www.apfelpatient.de\/?p=14850"},"modified":"2020-09-09T16:36:55","modified_gmt":"2020-09-09T14:36:55","slug":"a14x-chip-mass-production-starts-soon","status":"publish","type":"post","link":"https:\/\/www.apfelpatient.de\/en\/rumors\/a14x-chip-massenproduktion-laeuft-bald-an","title":{"rendered":"A14X chip: mass production will start soon"},"content":{"rendered":"<p class=\"has-drop-cap\"><strong>Apple&#039;s 5-nanometer-based A14X processor, intended for the first Apple Silicon Mac and the next generation iPad Pro, will soon enter mass production.<\/strong><\/p>\n\n\n\n<p>Apple will present the brand new A14 chip with the iPhone 12. Based on the 5nm manufacturing process, the new iPhone processor will receive a significant increase in performance and be more energy efficient. The further developed <a href=\"https:\/\/www.apfelpatient.de\/en\/rumors\/apple-silicon-new-details-about-macbook-and-imac\" class=\"ek-link\"><span style=\"text-decoration: underline;\" class=\"ek-underline\">version<\/span><\/a> will enter the race under the name A14X. This will find its place in the first ARM Mac as well as in the next generation of the iPad Pro. Now the Taiwanese <a href=\"https:\/\/www.digitimes.com\/news\/a20200909PD201.html\" class=\"ek-link\"><span style=\"text-decoration: underline;\" class=\"ek-underline\">news site<\/span><\/a> DigiTimes reports that the A14X will go into mass production in the fourth quarter of this year.<\/p>\n\n\n\n<blockquote class=\"wp-block-quote is-layout-flow wp-block-quote-is-layout-flow\"><p>Apple is preparing for the upcoming launch of its new generation MacBook and iPad Pro series, powered by its self-designed ARM-based processors manufactured using TSMC&#039;s 5nm EUV process technology, sources said.<\/p><\/blockquote>\n\n\n\n<p>However, it is not known when mass production will start. Last year, TSMC announced a $25 billion investment in the new 5nm node technology to remain the exclusive supplier of Apple&#039;s processors, and it already seems to have paid off.<\/p>\n\n\n\n<h3 class=\"wp-block-heading\">A14X chip sets new standards<\/h3>\n\n\n\n\n\n\n\n<p>One of the first devices with an Apple Silicon chip is said to be a 12-inch MacBook, which will be introduced by the end of the year. The report at the time claimed that the device would weigh less than a kilo and offer a battery life of around 15 to a whopping 20 hours. The new processor is said to be so efficient that the battery is smaller overall while the battery life increases. In addition to the MacBook, the next generation of the iPad Pro series will also have the same A14X chip. Some sources have already suggested this. However, there is disagreement about the release date. While some observers believe that Apple will introduce the device this year, others assume that the new iPad Pro will not be released until next year. <a href=\"https:\/\/www.amazon.de\/shop\/apfelpatientofficial?listId=2SH1KEP4J41TE&amp;ref=cm_sw_em_r_inf_list_own_apfelpatientofficial_dp_ZrWfgRbpxgBlW\" class=\"ek-link\"><span style=\"text-decoration: underline;\" class=\"ek-underline\">AirPods Pro on special offer at Amazon \u2013 available now<\/span><\/a>. <em>(Photo by ktsdesign \/ Bigstockphoto)<\/em><\/p>\n\n\n\n<ul class=\"wp-block-list\"><li><a href=\"https:\/\/www.apfelpatient.de\/en\/rumors\/no-iphone-12-apple-event-focuses-on-other-devices\" class=\"ek-link\"><span style=\"text-decoration: underline;\" class=\"ek-underline\">No iPhone 12? Apple event focuses on other devices<\/span><\/a><\/li><\/ul>\n\n\n\n<h6 class=\"wp-block-heading translation-block\" id=\"h-kennt-ihr-schon-unsere-amazon-storefront-dort-findet-ihr-eine-handverlesene-auswahl-von-diversen-produkten-f-r-euer-iphone-und-co-viel-spa-beim-st-bern\"><em>Have you already visited our Amazon Storefront? There you&#039;ll find a hand-picked selection of various products for your iPhone and other devices \u2013 <span class=\"has-inline-color has-vivid-red-color\"><a href=\"https:\/\/www.amazon.de\/shop\/apfelpatientofficial\" class=\"ek-link\" data-wpel-link=\"exclude\" rel=\"follow noopener\" target=\"_self\"><span style=\"text-decoration: underline\" class=\"ek-underline\">enjoy browsing<\/span><\/a> !<\/span><\/em><\/h6>\n\n\n\n\n\n<h6 class=\"wp-block-heading translation-block\" id=\"h-der-beitrag-enthalt-partnerlinks\">This post contains <a data-type=\"URL\" data-id=\"https:\/\/www.apfelpatient.de\/partnerprogramm\" href=\"https:\/\/www.apfelpatient.de\/en\/partner-program\" data-wpel-link=\"internal\" target=\"_self\">affiliate links<\/a>.<\/h6>","protected":false},"excerpt":{"rendered":"<p>Apple A14X chip: The new processor is expected to find its place in the first ARM Mac as well as in the next generation of the iPad Pro.<\/p>","protected":false},"author":2,"featured_media":9152,"comment_status":"closed","ping_status":"open","sticky":false,"template":"","format":"standard","meta":{"jnews-multi-image_gallery":[],"jnews_single_post":{"subtitle":"","format":"standard","video":"","gallery":"","source_name":"","source_url":"","via_name":"","via_url":"","override":[{"single_blog_custom":"","sidebar":"","second_sidebar":"","share_position":"","share_float_style":"","post_date_format":"","post_date_format_custom":"","post_reading_time_wpm":"","zoom_button_out_step":"1","zoom_button_in_step":"1","number_popup_post":"1"}],"image_override":[{"single_post_thumbnail_size":"","single_post_gallery_size":""}],"trending_post_position":"","trending_post_label":"","sponsored_post_label":"","sponsored_post_name":"","sponsored_post_url":"","sponsored_post_logo":"","sponsored_post_desc":""},"jnews_primary_category":{"id":"274"},"footnotes":""},"categories":[25],"tags":[420,18,66,40,49],"class_list":["post-14850","post","type-post","status-publish","format-standard","has-post-thumbnail","hentry","category-rumors","tag-apple-silicon","tag-ipad","tag-ipad-pro","tag-mac","tag-macbook"],"yoast_head":"<!-- This site is optimized with the Yoast SEO Premium plugin v27.5 (Yoast SEO v27.5) - https:\/\/yoast.com\/product\/yoast-seo-premium-wordpress\/ -->\n<title>A14X-Chip: Massenproduktion l\u00e4uft bald an Apfelpatient<\/title>\n<meta name=\"description\" content=\"Apple A14X-Chip: Der neue Prozessor soll seinen Platz im ersten ARM-Mac sowie in der n\u00e4chsten Generation des iPad Pro finden.\" \/>\n<meta name=\"robots\" content=\"index, follow, max-snippet:-1, max-image-preview:large, max-video-preview:-1\" \/>\n<link rel=\"canonical\" href=\"https:\/\/www.apfelpatient.de\/en\/rumors\/a14x-chip-mass-production-starts-soon\" \/>\n<meta property=\"og:locale\" content=\"en_US\" \/>\n<meta property=\"og:type\" content=\"article\" \/>\n<meta property=\"og:title\" content=\"A14X-Chip: Massenproduktion l\u00e4uft bald an\" \/>\n<meta property=\"og:description\" content=\"Apple A14X-Chip: Der neue Prozessor soll seinen Platz im ersten ARM-Mac sowie in der n\u00e4chsten Generation des iPad Pro finden.\" \/>\n<meta property=\"og:url\" content=\"https:\/\/www.apfelpatient.de\/en\/rumors\/a14x-chip-mass-production-starts-soon\" \/>\n<meta property=\"og:site_name\" content=\"Apfelpatient\" \/>\n<meta property=\"article:publisher\" content=\"https:\/\/www.facebook.com\/apfelpatientOfficial\" \/>\n<meta property=\"article:author\" content=\"https:\/\/www.facebook.com\/apfelpatientOfficial\" \/>\n<meta property=\"article:published_time\" content=\"2020-09-09T14:36:55+00:00\" \/>\n<meta property=\"og:image\" content=\"https:\/\/www.apfelpatient.de\/wp-content\/uploads\/2020\/01\/bigstock-Micro-Chip-23270753.jpg\" \/>\n\t<meta property=\"og:image:width\" content=\"1600\" \/>\n\t<meta property=\"og:image:height\" content=\"981\" \/>\n\t<meta property=\"og:image:type\" content=\"image\/jpeg\" \/>\n<meta name=\"author\" content=\"Milan\" \/>\n<meta name=\"twitter:card\" content=\"summary_large_image\" \/>\n<meta name=\"twitter:description\" content=\"Apple A14X-Chip: Der neue Prozessor soll seinen Platz im ersten ARM-Mac sowie in der n\u00e4chsten Generation des iPad Pro finden.\" \/>\n<meta name=\"twitter:label1\" content=\"Written by\" \/>\n\t<meta name=\"twitter:data1\" content=\"Milan\" \/>\n\t<meta name=\"twitter:label2\" content=\"Est. reading time\" \/>\n\t<meta name=\"twitter:data2\" content=\"2 minutes\" \/>\n<script type=\"application\/ld+json\" class=\"yoast-schema-graph\">{\"@context\":\"https:\\\/\\\/schema.org\",\"@graph\":[{\"@type\":\"NewsArticle\",\"@id\":\"https:\\\/\\\/www.apfelpatient.de\\\/rumors\\\/a14x-chip-massenproduktion-laeuft-bald-an#article\",\"isPartOf\":{\"@id\":\"https:\\\/\\\/www.apfelpatient.de\\\/rumors\\\/a14x-chip-massenproduktion-laeuft-bald-an\"},\"author\":{\"@type\":\"Organization\",\"@id\":\"https:\\\/\\\/www.apfelpatient.de\\\/en\\\/#organization\",\"name\":\"Apfelpatient\",\"url\":\"https:\\\/\\\/www.apfelpatient.de\\\/en\\\/\"},\"headline\":\"A14X-Chip: Massenproduktion l\u00e4uft bald an\",\"datePublished\":\"2020-09-09T14:36:55+00:00\",\"mainEntityOfPage\":{\"@id\":\"https:\\\/\\\/www.apfelpatient.de\\\/rumors\\\/a14x-chip-massenproduktion-laeuft-bald-an\"},\"wordCount\":354,\"publisher\":{\"@type\":\"Organization\",\"@id\":\"https:\\\/\\\/www.apfelpatient.de\\\/en\\\/#organization\",\"name\":\"Apfelpatient\",\"url\":\"https:\\\/\\\/www.apfelpatient.de\\\/en\\\/\"},\"image\":{\"@id\":\"https:\\\/\\\/www.apfelpatient.de\\\/rumors\\\/a14x-chip-massenproduktion-laeuft-bald-an#primaryimage\"},\"thumbnailUrl\":\"https:\\\/\\\/www.apfelpatient.de\\\/wp-content\\\/uploads\\\/2020\\\/01\\\/bigstock-Micro-Chip-23270753.jpg\",\"keywords\":[\"Apple Silicon\",\"iPad\",\"iPad Pro\",\"Mac\",\"MacBook\"],\"articleSection\":\"Rumors\",\"inLanguage\":\"en-US\",\"copyrightYear\":\"2020\",\"copyrightHolder\":{\"@id\":\"https:\\\/\\\/www.apfelpatient.de\\\/en\\\/#organization\"}},{\"@type\":\"WebPage\",\"@id\":\"https:\\\/\\\/www.apfelpatient.de\\\/rumors\\\/a14x-chip-massenproduktion-laeuft-bald-an\",\"url\":\"https:\\\/\\\/www.apfelpatient.de\\\/rumors\\\/a14x-chip-massenproduktion-laeuft-bald-an\",\"name\":\"A14X-Chip: Massenproduktion l\u00e4uft bald an Apfelpatient\",\"isPartOf\":{\"@id\":\"https:\\\/\\\/www.apfelpatient.de\\\/#website\"},\"primaryImageOfPage\":{\"@id\":\"https:\\\/\\\/www.apfelpatient.de\\\/rumors\\\/a14x-chip-massenproduktion-laeuft-bald-an#primaryimage\"},\"image\":{\"@id\":\"https:\\\/\\\/www.apfelpatient.de\\\/rumors\\\/a14x-chip-massenproduktion-laeuft-bald-an#primaryimage\"},\"thumbnailUrl\":\"https:\\\/\\\/www.apfelpatient.de\\\/wp-content\\\/uploads\\\/2020\\\/01\\\/bigstock-Micro-Chip-23270753.jpg\",\"datePublished\":\"2020-09-09T14:36:55+00:00\",\"description\":\"Apple A14X-Chip: Der neue Prozessor soll seinen Platz im ersten ARM-Mac sowie in der n\u00e4chsten Generation des iPad Pro finden.\",\"breadcrumb\":{\"@id\":\"https:\\\/\\\/www.apfelpatient.de\\\/rumors\\\/a14x-chip-massenproduktion-laeuft-bald-an#breadcrumb\"},\"inLanguage\":\"en-US\",\"potentialAction\":[{\"@type\":\"ReadAction\",\"target\":[\"https:\\\/\\\/www.apfelpatient.de\\\/rumors\\\/a14x-chip-massenproduktion-laeuft-bald-an\"]}]},{\"@type\":\"ImageObject\",\"inLanguage\":\"en-US\",\"@id\":\"https:\\\/\\\/www.apfelpatient.de\\\/rumors\\\/a14x-chip-massenproduktion-laeuft-bald-an#primaryimage\",\"url\":\"https:\\\/\\\/www.apfelpatient.de\\\/wp-content\\\/uploads\\\/2020\\\/01\\\/bigstock-Micro-Chip-23270753.jpg\",\"contentUrl\":\"https:\\\/\\\/www.apfelpatient.de\\\/wp-content\\\/uploads\\\/2020\\\/01\\\/bigstock-Micro-Chip-23270753.jpg\",\"width\":1600,\"height\":981,\"caption\":\"Central Processing Unit. A processor (microchip) interconnected receiving and sending information. Concept of technology and future.\"},{\"@type\":\"BreadcrumbList\",\"@id\":\"https:\\\/\\\/www.apfelpatient.de\\\/rumors\\\/a14x-chip-massenproduktion-laeuft-bald-an#breadcrumb\",\"itemListElement\":[{\"@type\":\"ListItem\",\"position\":1,\"name\":\"Startseite\",\"item\":\"https:\\\/\\\/www.apfelpatient.de\\\/\"},{\"@type\":\"ListItem\",\"position\":2,\"name\":\"A14X-Chip: Massenproduktion l\u00e4uft bald an\"}]},{\"@type\":\"WebSite\",\"@id\":\"https:\\\/\\\/www.apfelpatient.de\\\/#website\",\"url\":\"https:\\\/\\\/www.apfelpatient.de\\\/\",\"name\":\"Apfelpatient\",\"description\":\"Alles rund um Apple!\",\"publisher\":{\"@type\":\"Organization\",\"@id\":\"https:\\\/\\\/www.apfelpatient.de\\\/en\\\/#organization\",\"name\":\"Apfelpatient\",\"url\":\"https:\\\/\\\/www.apfelpatient.de\\\/en\\\/\"},\"alternateName\":\"Apfelpatient\",\"potentialAction\":[{\"@type\":\"SearchAction\",\"target\":{\"@type\":\"EntryPoint\",\"urlTemplate\":\"https:\\\/\\\/www.apfelpatient.de\\\/?s={search_term_string}\"},\"query-input\":{\"@type\":\"PropertyValueSpecification\",\"valueRequired\":true,\"valueName\":\"search_term_string\"}}],\"inLanguage\":\"en-US\"},{\"@type\":[\"Person\",\"Organization\"],\"@id\":\"https:\\\/\\\/www.apfelpatient.de\\\/#\\\/schema\\\/person\\\/7dc56ad6c8e9824b76d2c08d4c140e13\",\"name\":\"Milan\",\"logo\":{\"@id\":\"https:\\\/\\\/www.apfelpatient.de\\\/#\\\/schema\\\/person\\\/image\\\/\"},\"description\":\"Hallo und herzlich willkommen auf meinem Technik-Blog! Als gro\u00dfer Apple-Fan berichte ich hier \u00fcber alles, was mit Apple zu tun hat: von den neuesten News und spannenden Ger\u00fcchten \u00fcber hilfreiche Tipps und Tricks bis hin zu ausf\u00fchrlichen Produkttests. Wenn du genauso technikbegeistert bist wie ich, bist du hier genau richtig!\",\"sameAs\":[\"https:\\\/\\\/www.facebook.com\\\/apfelpatientOfficial\",\"https:\\\/\\\/www.linkedin.com\\\/in\\\/milan-jovicic-42aa0231b\"],\"url\":\"https:\\\/\\\/www.apfelpatient.de\\\/en\\\/author\\\/apfeladmin\"}]}<\/script>\n<!-- \/ Yoast SEO Premium plugin. -->","yoast_head_json":{"title":"A14X chip: mass production starts soon Apfelpatient","description":"Apple A14X chip: The new processor is expected to find its place in the first ARM Mac as well as in the next generation of the iPad Pro.","robots":{"index":"index","follow":"follow","max-snippet":"max-snippet:-1","max-image-preview":"max-image-preview:large","max-video-preview":"max-video-preview:-1"},"canonical":"https:\/\/www.apfelpatient.de\/en\/rumors\/a14x-chip-mass-production-starts-soon","og_locale":"en_US","og_type":"article","og_title":"A14X-Chip: Massenproduktion l\u00e4uft bald an","og_description":"Apple A14X-Chip: Der neue Prozessor soll seinen Platz im ersten ARM-Mac sowie in der n\u00e4chsten Generation des iPad Pro finden.","og_url":"https:\/\/www.apfelpatient.de\/en\/rumors\/a14x-chip-mass-production-starts-soon","og_site_name":"Apfelpatient","article_publisher":"https:\/\/www.facebook.com\/apfelpatientOfficial","article_author":"https:\/\/www.facebook.com\/apfelpatientOfficial","article_published_time":"2020-09-09T14:36:55+00:00","og_image":[{"width":1600,"height":981,"url":"https:\/\/www.apfelpatient.de\/wp-content\/uploads\/2020\/01\/bigstock-Micro-Chip-23270753.jpg","type":"image\/jpeg"}],"author":"Milan","twitter_card":"summary_large_image","twitter_description":"Apple A14X-Chip: Der neue Prozessor soll seinen Platz im ersten ARM-Mac sowie in der n\u00e4chsten Generation des iPad Pro finden.","twitter_misc":{"Written by":"Milan","Est. reading time":"2 minutes"},"schema":{"@context":"https:\/\/schema.org","@graph":[{"@type":"NewsArticle","@id":"https:\/\/www.apfelpatient.de\/rumors\/a14x-chip-massenproduktion-laeuft-bald-an#article","isPartOf":{"@id":"https:\/\/www.apfelpatient.de\/rumors\/a14x-chip-massenproduktion-laeuft-bald-an"},"author":{"@type":"Organization","@id":"https:\/\/www.apfelpatient.de\/en\/#organization","name":"Apfelpatient","url":"https:\/\/www.apfelpatient.de\/en\/"},"headline":"A14X-Chip: Massenproduktion l\u00e4uft bald an","datePublished":"2020-09-09T14:36:55+00:00","mainEntityOfPage":{"@id":"https:\/\/www.apfelpatient.de\/rumors\/a14x-chip-massenproduktion-laeuft-bald-an"},"wordCount":354,"publisher":{"@type":"Organization","@id":"https:\/\/www.apfelpatient.de\/en\/#organization","name":"Apfelpatient","url":"https:\/\/www.apfelpatient.de\/en\/"},"image":{"@id":"https:\/\/www.apfelpatient.de\/rumors\/a14x-chip-massenproduktion-laeuft-bald-an#primaryimage"},"thumbnailUrl":"https:\/\/www.apfelpatient.de\/wp-content\/uploads\/2020\/01\/bigstock-Micro-Chip-23270753.jpg","keywords":["Apple Silicon","iPad","iPad Pro","Mac","MacBook"],"articleSection":"Rumors","inLanguage":"en-US","copyrightYear":"2020","copyrightHolder":{"@id":"https:\/\/www.apfelpatient.de\/en\/#organization"}},{"@type":"WebPage","@id":"https:\/\/www.apfelpatient.de\/rumors\/a14x-chip-massenproduktion-laeuft-bald-an","url":"https:\/\/www.apfelpatient.de\/rumors\/a14x-chip-massenproduktion-laeuft-bald-an","name":"A14X chip: mass production starts soon Apfelpatient","isPartOf":{"@id":"https:\/\/www.apfelpatient.de\/#website"},"primaryImageOfPage":{"@id":"https:\/\/www.apfelpatient.de\/rumors\/a14x-chip-massenproduktion-laeuft-bald-an#primaryimage"},"image":{"@id":"https:\/\/www.apfelpatient.de\/rumors\/a14x-chip-massenproduktion-laeuft-bald-an#primaryimage"},"thumbnailUrl":"https:\/\/www.apfelpatient.de\/wp-content\/uploads\/2020\/01\/bigstock-Micro-Chip-23270753.jpg","datePublished":"2020-09-09T14:36:55+00:00","description":"Apple A14X chip: The new processor is expected to find its place in the first ARM Mac as well as in the next generation of the iPad Pro.","breadcrumb":{"@id":"https:\/\/www.apfelpatient.de\/rumors\/a14x-chip-massenproduktion-laeuft-bald-an#breadcrumb"},"inLanguage":"en-US","potentialAction":[{"@type":"ReadAction","target":["https:\/\/www.apfelpatient.de\/rumors\/a14x-chip-massenproduktion-laeuft-bald-an"]}]},{"@type":"ImageObject","inLanguage":"en-US","@id":"https:\/\/www.apfelpatient.de\/rumors\/a14x-chip-massenproduktion-laeuft-bald-an#primaryimage","url":"https:\/\/www.apfelpatient.de\/wp-content\/uploads\/2020\/01\/bigstock-Micro-Chip-23270753.jpg","contentUrl":"https:\/\/www.apfelpatient.de\/wp-content\/uploads\/2020\/01\/bigstock-Micro-Chip-23270753.jpg","width":1600,"height":981,"caption":"Central Processing Unit. A processor (microchip) interconnected receiving and sending information. Concept of technology and future."},{"@type":"BreadcrumbList","@id":"https:\/\/www.apfelpatient.de\/rumors\/a14x-chip-massenproduktion-laeuft-bald-an#breadcrumb","itemListElement":[{"@type":"ListItem","position":1,"name":"Startseite","item":"https:\/\/www.apfelpatient.de\/"},{"@type":"ListItem","position":2,"name":"A14X-Chip: Massenproduktion l\u00e4uft bald an"}]},{"@type":"WebSite","@id":"https:\/\/www.apfelpatient.de\/#website","url":"https:\/\/www.apfelpatient.de\/","name":"apple patient","description":"Everything about Apple!","publisher":{"@type":"Organization","@id":"https:\/\/www.apfelpatient.de\/en\/#organization","name":"Apfelpatient","url":"https:\/\/www.apfelpatient.de\/en\/"},"alternateName":"Apfelpatient","potentialAction":[{"@type":"SearchAction","target":{"@type":"EntryPoint","urlTemplate":"https:\/\/www.apfelpatient.de\/?s={search_term_string}"},"query-input":{"@type":"PropertyValueSpecification","valueRequired":true,"valueName":"search_term_string"}}],"inLanguage":"en-US"},{"@type":["Person","Organization"],"@id":"https:\/\/www.apfelpatient.de\/#\/schema\/person\/7dc56ad6c8e9824b76d2c08d4c140e13","name":"Milan","logo":{"@id":"https:\/\/www.apfelpatient.de\/#\/schema\/person\/image\/"},"description":"Hello and welcome to my technology blog! As a big Apple fan, I report on everything to do with Apple: from the latest news and exciting rumors to helpful tips and tricks and detailed product tests. If you are as enthusiastic about technology as I am, you have come to the right place!","sameAs":["https:\/\/www.facebook.com\/apfelpatientOfficial","https:\/\/www.linkedin.com\/in\/milan-jovicic-42aa0231b"],"url":"https:\/\/www.apfelpatient.de\/en\/author\/apfeladmin"}]}},"_links":{"self":[{"href":"https:\/\/www.apfelpatient.de\/en\/wp-json\/wp\/v2\/posts\/14850","targetHints":{"allow":["GET"]}}],"collection":[{"href":"https:\/\/www.apfelpatient.de\/en\/wp-json\/wp\/v2\/posts"}],"about":[{"href":"https:\/\/www.apfelpatient.de\/en\/wp-json\/wp\/v2\/types\/post"}],"author":[{"embeddable":true,"href":"https:\/\/www.apfelpatient.de\/en\/wp-json\/wp\/v2\/users\/2"}],"replies":[{"embeddable":true,"href":"https:\/\/www.apfelpatient.de\/en\/wp-json\/wp\/v2\/comments?post=14850"}],"version-history":[{"count":0,"href":"https:\/\/www.apfelpatient.de\/en\/wp-json\/wp\/v2\/posts\/14850\/revisions"}],"wp:featuredmedia":[{"embeddable":true,"href":"https:\/\/www.apfelpatient.de\/en\/wp-json\/wp\/v2\/media\/9152"}],"wp:attachment":[{"href":"https:\/\/www.apfelpatient.de\/en\/wp-json\/wp\/v2\/media?parent=14850"}],"wp:term":[{"taxonomy":"category","embeddable":true,"href":"https:\/\/www.apfelpatient.de\/en\/wp-json\/wp\/v2\/categories?post=14850"},{"taxonomy":"post_tag","embeddable":true,"href":"https:\/\/www.apfelpatient.de\/en\/wp-json\/wp\/v2\/tags?post=14850"}],"curies":[{"name":"wp","href":"https:\/\/api.w.org\/{rel}","templated":true}]}}