{"id":14726,"date":"2020-08-31T20:41:37","date_gmt":"2020-08-31T18:41:37","guid":{"rendered":"https:\/\/www.apfelpatient.de\/?p=14726"},"modified":"2020-08-31T20:41:37","modified_gmt":"2020-08-31T18:41:37","slug":"airtags-new-details-about-the-launch-and-more","status":"publish","type":"post","link":"https:\/\/www.apfelpatient.de\/en\/rumors\/airtags-neue-details-zum-start-und-mehr","title":{"rendered":"AirTags: New details on the launch and more"},"content":{"rendered":"<p class=\"has-drop-cap\"><strong>Where are the AirTags? Rumors and leaks about Apple&#039;s upcoming tracker have already been documented several times. But so far there is no trace of the new accessories from Cupertino. Now there is a new report that sheds light on the whole thing.<\/strong><\/p>\n\n\n\n<p>The AirTags were first discovered in the iOS 13 code last summer. Since the first discovery, there have been countless reports from suppliers, clues in the iOS code and leaks from Apple itself. The little things were originally supposed to be presented at the beginning of the year, but the COVID-19 pandemic unfortunately got in the way - according to observers. Now the Japanese Apple wants <a href=\"http:\/\/www.macotakara.jp\/blog\/rumor\/entry-40223.html?utm_source=dlvr.it&amp;utm_medium=twitter\" class=\"ek-link\"><span style=\"text-decoration: underline;\" class=\"ek-underline\">blog<\/span><\/a> Macotakara has learned new details. According to this, Apple could present the AirTags together with the iPhone 12 in the second half of October. The article states:<\/p>\n\n\n\n\n\n\n\n<blockquote class=\"wp-block-quote is-layout-flow wp-block-quote-is-layout-flow\"><p>According to Chinese suppliers, Apple seems to be preparing to announce the AirTag at the iPhone 12 series, Apple Watch Series 6 online event, which is scheduled to take place in the second half of October 2020.<\/p><\/blockquote>\n\n\n\n<p>The report also examines the range of functions of the small trackers. According to it, they should be compatible with the App Clips introduced in iOS 14. App Clips are a mini version of an app that allows a specific function to be performed. <\/p>\n\n\n\n<h3 class=\"wp-block-heading\">So when will the AirTags actually be introduced?<\/h3>\n\n\n\n<p>In addition, third-party tracking applications should also be able to interact with the AirTags. The NFC interface serves as the basis for this. Although Macotakara believes that the iPhone 12 online keynote will take place in the second half of October, it is not impossible that the show will be held in September. At least that is what rumors have suggested. If you believe these, Apple will debut the cheaper iPhone 12 models in October, while the Pro versions will be available from November. Since the AirTags have been expected for over a year, they should now actually be ready in the fall - whether in September, October or November. If you want to find out more about how they work, you can find an older article below. We have summarized the leaks at the time there. <a href=\"https:\/\/www.amazon.de\/shop\/apfelpatientofficial?listId=2SH1KEP4J41TE&amp;ref=cm_sw_em_r_inf_list_own_apfelpatientofficial_dp_ZrWfgRbpxgBlW\" class=\"ek-link\"><span style=\"text-decoration: underline;\" class=\"ek-underline\">AirPods Pro on special offer at Amazon \u2013 now available for 205 euros<\/span><\/a>. <em>(Photo by Sergeybitos \/ Bigstockphoto)<\/em><\/p>\n\n\n\n<ul class=\"wp-block-list\"><li><a href=\"https:\/\/www.apfelpatient.de\/en\/generally\/airtags-what-we-know-about-apples-new-product\" class=\"ek-link\"><span style=\"text-decoration: underline;\" class=\"ek-underline\">AirTags \u2013 What we know about Apple\u2019s new product<\/span><\/a><\/li><li><a href=\"https:\/\/www.apfelpatient.de\/en\/rumors\/iphone-12-in-navy-blue-new-clues-surfaced\" class=\"ek-link\"><span style=\"text-decoration: underline;\" class=\"ek-underline\">iPhone 12 in Navy Blue? New clues surface<\/span><\/a><\/li><\/ul>\n\n\n\n<h6 class=\"wp-block-heading translation-block\" id=\"h-kennt-ihr-schon-unsere-amazon-storefront-dort-findet-ihr-eine-handverlesene-auswahl-von-diversen-produkten-f-r-euer-iphone-und-co-viel-spa-beim-st-bern\"><em>Have you already visited our Amazon Storefront? There you&#039;ll find a hand-picked selection of various products for your iPhone and other devices \u2013 <span class=\"has-inline-color has-vivid-red-color\"><a href=\"https:\/\/www.amazon.de\/shop\/apfelpatientofficial\" class=\"ek-link\" data-wpel-link=\"exclude\" rel=\"follow noopener\" target=\"_self\"><span style=\"text-decoration: underline\" class=\"ek-underline\">enjoy browsing<\/span><\/a> !<\/span><\/em><\/h6>\n\n\n\n\n\n<h6 class=\"wp-block-heading translation-block\" id=\"h-der-beitrag-enthalt-partnerlinks\">This post contains <a data-type=\"URL\" data-id=\"https:\/\/www.apfelpatient.de\/partnerprogramm\" href=\"https:\/\/www.apfelpatient.de\/en\/partner-program\" data-wpel-link=\"internal\" target=\"_self\">affiliate links<\/a>.<\/h6>","protected":false},"excerpt":{"rendered":"<p>The AirTags were first discovered in the code of iOS 13 last summer. Now there is a new report.<\/p>","protected":false},"author":2,"featured_media":6145,"comment_status":"closed","ping_status":"open","sticky":false,"template":"","format":"standard","meta":{"jnews-multi-image_gallery":[],"jnews_single_post":{"subtitle":"","format":"standard","video":"","gallery":"","source_name":"","source_url":"","via_name":"","via_url":"","override":[{"single_blog_custom":"","sidebar":"","second_sidebar":"","share_position":"","share_float_style":"","post_date_format":"","post_date_format_custom":"","post_reading_time_wpm":"","zoom_button_out_step":"1","zoom_button_in_step":"1","number_popup_post":"1"}],"image_override":[{"single_post_thumbnail_size":"","single_post_gallery_size":""}],"trending_post_position":"","trending_post_label":"","sponsored_post_label":"","sponsored_post_name":"","sponsored_post_url":"","sponsored_post_logo":"","sponsored_post_desc":""},"jnews_primary_category":{"id":"274"},"footnotes":""},"categories":[25],"tags":[328,3,8,321],"class_list":["post-14726","post","type-post","status-publish","format-standard","has-post-thumbnail","hentry","category-rumors","tag-airtag","tag-ios","tag-iphone","tag-iphone-12"],"yoast_head":"<!-- This site is optimized with the Yoast SEO Premium plugin v27.5 (Yoast SEO v27.5) - https:\/\/yoast.com\/product\/yoast-seo-premium-wordpress\/ -->\n<title>AirTags: Neue Details zum Start und mehr Apfelpatient<\/title>\n<meta name=\"description\" content=\"Tracker: Die AirTags wurden erstmals im Sommer letzten Jahres im Code von iOS 13 entdeckt. Nun gibt es einen neuen Bericht.\" \/>\n<meta name=\"robots\" content=\"index, follow, max-snippet:-1, max-image-preview:large, max-video-preview:-1\" \/>\n<link rel=\"canonical\" href=\"https:\/\/www.apfelpatient.de\/en\/rumors\/airtags-new-details-about-the-launch-and-more\" \/>\n<meta property=\"og:locale\" content=\"en_US\" \/>\n<meta property=\"og:type\" content=\"article\" \/>\n<meta property=\"og:title\" content=\"AirTags: Neue Details zum Start und mehr\" \/>\n<meta property=\"og:description\" content=\"Die AirTags wurden erstmals im Sommer letzten Jahres im Code von iOS 13 entdeckt. Nun gibt es einen neuen Bericht.\" \/>\n<meta property=\"og:url\" content=\"https:\/\/www.apfelpatient.de\/en\/rumors\/airtags-new-details-about-the-launch-and-more\" \/>\n<meta property=\"og:site_name\" content=\"Apfelpatient\" \/>\n<meta property=\"article:publisher\" content=\"https:\/\/www.facebook.com\/apfelpatientOfficial\" \/>\n<meta property=\"article:author\" content=\"https:\/\/www.facebook.com\/apfelpatientOfficial\" \/>\n<meta property=\"article:published_time\" content=\"2020-08-31T18:41:37+00:00\" \/>\n<meta property=\"og:image\" content=\"https:\/\/www.apfelpatient.de\/wp-content\/uploads\/2019\/09\/bigstock-Gps-Tracking-Map-Track-Naviga-290231740.jpg\" \/>\n\t<meta property=\"og:image:width\" content=\"1600\" \/>\n\t<meta property=\"og:image:height\" content=\"929\" \/>\n\t<meta property=\"og:image:type\" content=\"image\/jpeg\" \/>\n<meta name=\"author\" content=\"Milan\" \/>\n<meta name=\"twitter:card\" content=\"summary_large_image\" \/>\n<meta name=\"twitter:description\" content=\"Die AirTags wurden erstmals im Sommer letzten Jahres im Code von iOS 13 entdeckt. Nun gibt es einen neuen Bericht.\" \/>\n<meta name=\"twitter:label1\" content=\"Written by\" \/>\n\t<meta name=\"twitter:data1\" content=\"Milan\" \/>\n\t<meta name=\"twitter:label2\" content=\"Est. reading time\" \/>\n\t<meta name=\"twitter:data2\" content=\"2 minutes\" \/>\n<script type=\"application\/ld+json\" class=\"yoast-schema-graph\">{\"@context\":\"https:\\\/\\\/schema.org\",\"@graph\":[{\"@type\":\"NewsArticle\",\"@id\":\"https:\\\/\\\/www.apfelpatient.de\\\/rumors\\\/airtags-neue-details-zum-start-und-mehr#article\",\"isPartOf\":{\"@id\":\"https:\\\/\\\/www.apfelpatient.de\\\/rumors\\\/airtags-neue-details-zum-start-und-mehr\"},\"author\":{\"@type\":\"Organization\",\"@id\":\"https:\\\/\\\/www.apfelpatient.de\\\/en\\\/#organization\",\"name\":\"Apfelpatient\",\"url\":\"https:\\\/\\\/www.apfelpatient.de\\\/en\\\/\"},\"headline\":\"AirTags: Neue Details zum Start und mehr\",\"datePublished\":\"2020-08-31T18:41:37+00:00\",\"mainEntityOfPage\":{\"@id\":\"https:\\\/\\\/www.apfelpatient.de\\\/rumors\\\/airtags-neue-details-zum-start-und-mehr\"},\"wordCount\":375,\"publisher\":{\"@type\":\"Organization\",\"@id\":\"https:\\\/\\\/www.apfelpatient.de\\\/en\\\/#organization\",\"name\":\"Apfelpatient\",\"url\":\"https:\\\/\\\/www.apfelpatient.de\\\/en\\\/\"},\"image\":{\"@id\":\"https:\\\/\\\/www.apfelpatient.de\\\/rumors\\\/airtags-neue-details-zum-start-und-mehr#primaryimage\"},\"thumbnailUrl\":\"https:\\\/\\\/www.apfelpatient.de\\\/wp-content\\\/uploads\\\/2019\\\/09\\\/bigstock-Gps-Tracking-Map-Track-Naviga-290231740.jpg\",\"keywords\":[\"AirTags\",\"iOS\",\"iPhone\",\"iPhone 12\"],\"articleSection\":\"Rumors\",\"inLanguage\":\"en-US\",\"copyrightYear\":\"2020\",\"copyrightHolder\":{\"@id\":\"https:\\\/\\\/www.apfelpatient.de\\\/en\\\/#organization\"}},{\"@type\":\"WebPage\",\"@id\":\"https:\\\/\\\/www.apfelpatient.de\\\/rumors\\\/airtags-neue-details-zum-start-und-mehr\",\"url\":\"https:\\\/\\\/www.apfelpatient.de\\\/rumors\\\/airtags-neue-details-zum-start-und-mehr\",\"name\":\"AirTags: Neue Details zum Start und mehr Apfelpatient\",\"isPartOf\":{\"@id\":\"https:\\\/\\\/www.apfelpatient.de\\\/#website\"},\"primaryImageOfPage\":{\"@id\":\"https:\\\/\\\/www.apfelpatient.de\\\/rumors\\\/airtags-neue-details-zum-start-und-mehr#primaryimage\"},\"image\":{\"@id\":\"https:\\\/\\\/www.apfelpatient.de\\\/rumors\\\/airtags-neue-details-zum-start-und-mehr#primaryimage\"},\"thumbnailUrl\":\"https:\\\/\\\/www.apfelpatient.de\\\/wp-content\\\/uploads\\\/2019\\\/09\\\/bigstock-Gps-Tracking-Map-Track-Naviga-290231740.jpg\",\"datePublished\":\"2020-08-31T18:41:37+00:00\",\"description\":\"Tracker: Die AirTags wurden erstmals im Sommer letzten Jahres im Code von iOS 13 entdeckt. Nun gibt es einen neuen Bericht.\",\"breadcrumb\":{\"@id\":\"https:\\\/\\\/www.apfelpatient.de\\\/rumors\\\/airtags-neue-details-zum-start-und-mehr#breadcrumb\"},\"inLanguage\":\"en-US\",\"potentialAction\":[{\"@type\":\"ReadAction\",\"target\":[\"https:\\\/\\\/www.apfelpatient.de\\\/rumors\\\/airtags-neue-details-zum-start-und-mehr\"]}]},{\"@type\":\"ImageObject\",\"inLanguage\":\"en-US\",\"@id\":\"https:\\\/\\\/www.apfelpatient.de\\\/rumors\\\/airtags-neue-details-zum-start-und-mehr#primaryimage\",\"url\":\"https:\\\/\\\/www.apfelpatient.de\\\/wp-content\\\/uploads\\\/2019\\\/09\\\/bigstock-Gps-Tracking-Map-Track-Naviga-290231740.jpg\",\"contentUrl\":\"https:\\\/\\\/www.apfelpatient.de\\\/wp-content\\\/uploads\\\/2019\\\/09\\\/bigstock-Gps-Tracking-Map-Track-Naviga-290231740.jpg\",\"width\":1600,\"height\":929,\"caption\":\"Gps tracking map. Track navigation pins on street maps. Futuristic design navigate mapping technology and locate position pin. Gps map or location navigator, vector illustration\"},{\"@type\":\"BreadcrumbList\",\"@id\":\"https:\\\/\\\/www.apfelpatient.de\\\/rumors\\\/airtags-neue-details-zum-start-und-mehr#breadcrumb\",\"itemListElement\":[{\"@type\":\"ListItem\",\"position\":1,\"name\":\"Startseite\",\"item\":\"https:\\\/\\\/www.apfelpatient.de\\\/\"},{\"@type\":\"ListItem\",\"position\":2,\"name\":\"AirTags: Neue Details zum Start und mehr\"}]},{\"@type\":\"WebSite\",\"@id\":\"https:\\\/\\\/www.apfelpatient.de\\\/#website\",\"url\":\"https:\\\/\\\/www.apfelpatient.de\\\/\",\"name\":\"Apfelpatient\",\"description\":\"Alles rund um Apple!\",\"publisher\":{\"@type\":\"Organization\",\"@id\":\"https:\\\/\\\/www.apfelpatient.de\\\/en\\\/#organization\",\"name\":\"Apfelpatient\",\"url\":\"https:\\\/\\\/www.apfelpatient.de\\\/en\\\/\"},\"alternateName\":\"Apfelpatient\",\"potentialAction\":[{\"@type\":\"SearchAction\",\"target\":{\"@type\":\"EntryPoint\",\"urlTemplate\":\"https:\\\/\\\/www.apfelpatient.de\\\/?s={search_term_string}\"},\"query-input\":{\"@type\":\"PropertyValueSpecification\",\"valueRequired\":true,\"valueName\":\"search_term_string\"}}],\"inLanguage\":\"en-US\"},{\"@type\":[\"Person\",\"Organization\"],\"@id\":\"https:\\\/\\\/www.apfelpatient.de\\\/#\\\/schema\\\/person\\\/35b3ddba5832f2bfc7fff5206d4f6b7b\",\"name\":\"Milan\",\"logo\":{\"@id\":\"https:\\\/\\\/www.apfelpatient.de\\\/#\\\/schema\\\/person\\\/image\\\/\"},\"description\":\"Hallo und herzlich willkommen auf meinem Technik-Blog! Als gro\u00dfer Apple-Fan berichte ich hier \u00fcber alles, was mit Apple zu tun hat: von den neuesten News und spannenden Ger\u00fcchten \u00fcber hilfreiche Tipps und Tricks bis hin zu ausf\u00fchrlichen Produkttests. Wenn du genauso technikbegeistert bist wie ich, bist du hier genau richtig!\",\"sameAs\":[\"https:\\\/\\\/www.facebook.com\\\/apfelpatientOfficial\",\"https:\\\/\\\/www.linkedin.com\\\/in\\\/milan-jovicic-42aa0231b\"],\"url\":\"https:\\\/\\\/www.apfelpatient.de\\\/en\\\/author\\\/apfeladmin\"}]}<\/script>\n<!-- \/ Yoast SEO Premium plugin. -->","yoast_head_json":{"title":"AirTags: New details on the launch and more Apfelpatient","description":"Tracker: The AirTags were first discovered in the code of iOS 13 last summer. Now there is a new report.","robots":{"index":"index","follow":"follow","max-snippet":"max-snippet:-1","max-image-preview":"max-image-preview:large","max-video-preview":"max-video-preview:-1"},"canonical":"https:\/\/www.apfelpatient.de\/en\/rumors\/airtags-new-details-about-the-launch-and-more","og_locale":"en_US","og_type":"article","og_title":"AirTags: Neue Details zum Start und mehr","og_description":"Die AirTags wurden erstmals im Sommer letzten Jahres im Code von iOS 13 entdeckt. Nun gibt es einen neuen Bericht.","og_url":"https:\/\/www.apfelpatient.de\/en\/rumors\/airtags-new-details-about-the-launch-and-more","og_site_name":"Apfelpatient","article_publisher":"https:\/\/www.facebook.com\/apfelpatientOfficial","article_author":"https:\/\/www.facebook.com\/apfelpatientOfficial","article_published_time":"2020-08-31T18:41:37+00:00","og_image":[{"width":1600,"height":929,"url":"https:\/\/www.apfelpatient.de\/wp-content\/uploads\/2019\/09\/bigstock-Gps-Tracking-Map-Track-Naviga-290231740.jpg","type":"image\/jpeg"}],"author":"Milan","twitter_card":"summary_large_image","twitter_description":"Die AirTags wurden erstmals im Sommer letzten Jahres im Code von iOS 13 entdeckt. Nun gibt es einen neuen Bericht.","twitter_misc":{"Written by":"Milan","Est. reading time":"2 minutes"},"schema":{"@context":"https:\/\/schema.org","@graph":[{"@type":"NewsArticle","@id":"https:\/\/www.apfelpatient.de\/rumors\/airtags-neue-details-zum-start-und-mehr#article","isPartOf":{"@id":"https:\/\/www.apfelpatient.de\/rumors\/airtags-neue-details-zum-start-und-mehr"},"author":{"@type":"Organization","@id":"https:\/\/www.apfelpatient.de\/en\/#organization","name":"Apfelpatient","url":"https:\/\/www.apfelpatient.de\/en\/"},"headline":"AirTags: Neue Details zum Start und mehr","datePublished":"2020-08-31T18:41:37+00:00","mainEntityOfPage":{"@id":"https:\/\/www.apfelpatient.de\/rumors\/airtags-neue-details-zum-start-und-mehr"},"wordCount":375,"publisher":{"@type":"Organization","@id":"https:\/\/www.apfelpatient.de\/en\/#organization","name":"Apfelpatient","url":"https:\/\/www.apfelpatient.de\/en\/"},"image":{"@id":"https:\/\/www.apfelpatient.de\/rumors\/airtags-neue-details-zum-start-und-mehr#primaryimage"},"thumbnailUrl":"https:\/\/www.apfelpatient.de\/wp-content\/uploads\/2019\/09\/bigstock-Gps-Tracking-Map-Track-Naviga-290231740.jpg","keywords":["AirTags","iOS","iPhone","iPhone 12"],"articleSection":"Rumors","inLanguage":"en-US","copyrightYear":"2020","copyrightHolder":{"@id":"https:\/\/www.apfelpatient.de\/en\/#organization"}},{"@type":"WebPage","@id":"https:\/\/www.apfelpatient.de\/rumors\/airtags-neue-details-zum-start-und-mehr","url":"https:\/\/www.apfelpatient.de\/rumors\/airtags-neue-details-zum-start-und-mehr","name":"AirTags: New details on the launch and more Apfelpatient","isPartOf":{"@id":"https:\/\/www.apfelpatient.de\/#website"},"primaryImageOfPage":{"@id":"https:\/\/www.apfelpatient.de\/rumors\/airtags-neue-details-zum-start-und-mehr#primaryimage"},"image":{"@id":"https:\/\/www.apfelpatient.de\/rumors\/airtags-neue-details-zum-start-und-mehr#primaryimage"},"thumbnailUrl":"https:\/\/www.apfelpatient.de\/wp-content\/uploads\/2019\/09\/bigstock-Gps-Tracking-Map-Track-Naviga-290231740.jpg","datePublished":"2020-08-31T18:41:37+00:00","description":"Tracker: The AirTags were first discovered in the code of iOS 13 last summer. Now there is a new report.","breadcrumb":{"@id":"https:\/\/www.apfelpatient.de\/rumors\/airtags-neue-details-zum-start-und-mehr#breadcrumb"},"inLanguage":"en-US","potentialAction":[{"@type":"ReadAction","target":["https:\/\/www.apfelpatient.de\/rumors\/airtags-neue-details-zum-start-und-mehr"]}]},{"@type":"ImageObject","inLanguage":"en-US","@id":"https:\/\/www.apfelpatient.de\/rumors\/airtags-neue-details-zum-start-und-mehr#primaryimage","url":"https:\/\/www.apfelpatient.de\/wp-content\/uploads\/2019\/09\/bigstock-Gps-Tracking-Map-Track-Naviga-290231740.jpg","contentUrl":"https:\/\/www.apfelpatient.de\/wp-content\/uploads\/2019\/09\/bigstock-Gps-Tracking-Map-Track-Naviga-290231740.jpg","width":1600,"height":929,"caption":"Gps tracking map. Track navigation pins on street maps. Futuristic design navigate mapping technology and locate position pin. Gps map or location navigator, vector illustration"},{"@type":"BreadcrumbList","@id":"https:\/\/www.apfelpatient.de\/rumors\/airtags-neue-details-zum-start-und-mehr#breadcrumb","itemListElement":[{"@type":"ListItem","position":1,"name":"Startseite","item":"https:\/\/www.apfelpatient.de\/"},{"@type":"ListItem","position":2,"name":"AirTags: Neue Details zum Start und mehr"}]},{"@type":"WebSite","@id":"https:\/\/www.apfelpatient.de\/#website","url":"https:\/\/www.apfelpatient.de\/","name":"apple patient","description":"Everything about Apple!","publisher":{"@type":"Organization","@id":"https:\/\/www.apfelpatient.de\/en\/#organization","name":"Apfelpatient","url":"https:\/\/www.apfelpatient.de\/en\/"},"alternateName":"Apfelpatient","potentialAction":[{"@type":"SearchAction","target":{"@type":"EntryPoint","urlTemplate":"https:\/\/www.apfelpatient.de\/?s={search_term_string}"},"query-input":{"@type":"PropertyValueSpecification","valueRequired":true,"valueName":"search_term_string"}}],"inLanguage":"en-US"},{"@type":["Person","Organization"],"@id":"https:\/\/www.apfelpatient.de\/#\/schema\/person\/35b3ddba5832f2bfc7fff5206d4f6b7b","name":"Milan","logo":{"@id":"https:\/\/www.apfelpatient.de\/#\/schema\/person\/image\/"},"description":"Hello and welcome to my technology blog! As a big Apple fan, I report on everything to do with Apple: from the latest news and exciting rumors to helpful tips and tricks and detailed product tests. If you are as enthusiastic about technology as I am, you have come to the right place!","sameAs":["https:\/\/www.facebook.com\/apfelpatientOfficial","https:\/\/www.linkedin.com\/in\/milan-jovicic-42aa0231b"],"url":"https:\/\/www.apfelpatient.de\/en\/author\/apfeladmin"}]}},"_links":{"self":[{"href":"https:\/\/www.apfelpatient.de\/en\/wp-json\/wp\/v2\/posts\/14726","targetHints":{"allow":["GET"]}}],"collection":[{"href":"https:\/\/www.apfelpatient.de\/en\/wp-json\/wp\/v2\/posts"}],"about":[{"href":"https:\/\/www.apfelpatient.de\/en\/wp-json\/wp\/v2\/types\/post"}],"author":[{"embeddable":true,"href":"https:\/\/www.apfelpatient.de\/en\/wp-json\/wp\/v2\/users\/2"}],"replies":[{"embeddable":true,"href":"https:\/\/www.apfelpatient.de\/en\/wp-json\/wp\/v2\/comments?post=14726"}],"version-history":[{"count":0,"href":"https:\/\/www.apfelpatient.de\/en\/wp-json\/wp\/v2\/posts\/14726\/revisions"}],"wp:featuredmedia":[{"embeddable":true,"href":"https:\/\/www.apfelpatient.de\/en\/wp-json\/wp\/v2\/media\/6145"}],"wp:attachment":[{"href":"https:\/\/www.apfelpatient.de\/en\/wp-json\/wp\/v2\/media?parent=14726"}],"wp:term":[{"taxonomy":"category","embeddable":true,"href":"https:\/\/www.apfelpatient.de\/en\/wp-json\/wp\/v2\/categories?post=14726"},{"taxonomy":"post_tag","embeddable":true,"href":"https:\/\/www.apfelpatient.de\/en\/wp-json\/wp\/v2\/tags?post=14726"}],"curies":[{"name":"wp","href":"https:\/\/api.w.org\/{rel}","templated":true}]}}