{"id":14721,"date":"2020-08-31T19:08:16","date_gmt":"2020-08-31T17:08:16","guid":{"rendered":"https:\/\/www.apfelpatient.de\/?p=14721"},"modified":"2020-08-31T19:08:16","modified_gmt":"2020-08-31T17:08:16","slug":"airpods-3-reportedly-launch-in-early-2021","status":"publish","type":"post","link":"https:\/\/www.apfelpatient.de\/en\/rumors\/airpods-3-starten-angeblich-anfang-2021","title":{"rendered":"AirPods 3 reportedly launch in early 2021"},"content":{"rendered":"<p class=\"has-drop-cap\"><strong>The rumors surrounding new third-generation AirPods have been documented for quite some time, and now there is a new report that covers the launch date.<\/strong><\/p>\n\n\n\n<p>The rumors that Apple is working on the AirPods 3 are not new. While many analysts are predicting a launch in early 2021, the well-known leaker Jon Prosser predicted May 2020. He was wrong, as we know. Now the Taiwanese company has <a href=\"https:\/\/www.digitimes.com\/index.asp\" class=\"ek-link\"><span style=\"text-decoration: underline;\" class=\"ek-underline\">news site<\/span><\/a> DigiTimes has commented on the subject. According to this, DigiTimes also claims to have heard that Apple plans to present the third generation of its popular earbuds in the first half of 2021. However, nothing was mentioned regarding the features. But what exactly can we expect? The well-known Apple analyst Ming-Chi Kuo believes he knows the answer. Apple is planning a fundamental <a href=\"https:\/\/www.apfelpatient.de\/en\/rumors\/airpods-pro-2-airpods-3-will-be-released-in-2021\" class=\"ek-link\"><span style=\"text-decoration: underline;\" class=\"ek-underline\">change<\/span><\/a>According to this, the AirPods 3 will use SiP technology. <\/p>\n\n\n\n<h3 class=\"wp-block-heading\">AirPods 3: What innovations can we expect?<\/h3>\n\n\n\n\n\n\n\n<p>This means that they will have a more complex system-in-package chip solution inside, which is already used in the AirPods Pro. Unlike SMT technology, SiP systems generally allow manufacturers to fit more components in a smaller space. In the case of the AirPods Pro, the SiP design houses the H1 chip designed by Apple, which processes audio, Siri commands, noise cancellation functions and more. Now this same technology is also to be used in the normal AirPods. What exactly this means for users, however, remains unclear. It is suspected that Apple wants to align the third generation of the plugs with the Pro version. Accordingly, they could adopt a similar design but appear without the in-ear component. It cannot be ruled out that more advanced functions will be integrated - according to Kuo. So the whole thing remains exciting. <span style=\"text-decoration: underline;\" class=\"ek-underline\"><a href=\"https:\/\/www.amazon.de\/shop\/apfelpatientofficial?listId=2SH1KEP4J41TE&amp;ref=cm_sw_em_r_inf_list_own_apfelpatientofficial_dp_ZrWfgRbpxgBlW\" class=\"ek-link\">AirPods Pro on special offer at Amazon \u2013 now available for 205 euros<\/a><\/span>. <em>(Photo by Masarik \/ Bigstockphoto)<\/em><\/p>\n\n\n\n<h6 class=\"wp-block-heading translation-block\" id=\"h-kennt-ihr-schon-unsere-amazon-storefront-dort-findet-ihr-eine-handverlesene-auswahl-von-diversen-produkten-f-r-euer-iphone-und-co-viel-spa-beim-st-bern\"><em>Have you already visited our Amazon Storefront? There you&#039;ll find a hand-picked selection of various products for your iPhone and other devices \u2013 <span class=\"has-inline-color has-vivid-red-color\"><a href=\"https:\/\/www.amazon.de\/shop\/apfelpatientofficial\" class=\"ek-link\" data-wpel-link=\"exclude\" rel=\"follow noopener\" target=\"_self\"><span style=\"text-decoration: underline\" class=\"ek-underline\">enjoy browsing<\/span><\/a> !<\/span><\/em><\/h6>\n\n\n\n\n\n<h6 class=\"wp-block-heading translation-block\" id=\"h-der-beitrag-enthalt-partnerlinks\">This post contains <a data-type=\"URL\" data-id=\"https:\/\/www.apfelpatient.de\/partnerprogramm\" href=\"https:\/\/www.apfelpatient.de\/en\/partner-program\" data-wpel-link=\"internal\" target=\"_self\">affiliate links<\/a>.<\/h6>","protected":false},"excerpt":{"rendered":"<p>AirPods 3: The rumors surrounding new third-generation AirPods have been documented for some time. Now there is a new report.<\/p>","protected":false},"author":2,"featured_media":14722,"comment_status":"closed","ping_status":"open","sticky":false,"template":"","format":"standard","meta":{"jnews-multi-image_gallery":[],"jnews_single_post":{"subtitle":"","format":"standard","video":"","gallery":"","source_name":"","source_url":"","via_name":"","via_url":"","override":[{"single_blog_custom":"","sidebar":"","second_sidebar":"","share_position":"","share_float_style":"","post_date_format":"","post_date_format_custom":"","post_reading_time_wpm":"","zoom_button_out_step":"1","zoom_button_in_step":"1","number_popup_post":"1"}],"image_override":[{"single_post_thumbnail_size":"","single_post_gallery_size":""}],"trending_post_position":"","trending_post_label":"","sponsored_post_label":"","sponsored_post_name":"","sponsored_post_url":"","sponsored_post_logo":"","sponsored_post_desc":""},"jnews_primary_category":{"id":"274"},"footnotes":""},"categories":[25],"tags":[28,255],"class_list":["post-14721","post","type-post","status-publish","format-standard","has-post-thumbnail","hentry","category-rumors","tag-airpods","tag-airpods-3"],"yoast_head":"<!-- This site is optimized with the Yoast SEO Premium plugin v27.5 (Yoast SEO v27.5) - https:\/\/yoast.com\/product\/yoast-seo-premium-wordpress\/ -->\n<title>AirPods 3 starten angeblich Anfang 2021 Apfelpatient<\/title>\n<meta name=\"description\" content=\"AirPods 3: Die Ger\u00fcchte rund um neue AirPods der dritten Generation werden seit geraumer Zeit dokumentiert. Nun gibt es einen neuen Bericht.\" \/>\n<meta name=\"robots\" content=\"index, follow, max-snippet:-1, max-image-preview:large, max-video-preview:-1\" \/>\n<link rel=\"canonical\" href=\"https:\/\/www.apfelpatient.de\/en\/rumors\/airpods-3-reportedly-launch-in-early-2021\" \/>\n<meta property=\"og:locale\" content=\"en_US\" \/>\n<meta property=\"og:type\" content=\"article\" \/>\n<meta property=\"og:title\" content=\"AirPods 3 starten angeblich Anfang 2021\" \/>\n<meta property=\"og:description\" content=\"AirPods 3: Die Ger\u00fcchte rund um neue AirPods der dritten Generation werden seit geraumer Zeit dokumentiert. Nun gibt es einen neuen Bericht.\" \/>\n<meta property=\"og:url\" content=\"https:\/\/www.apfelpatient.de\/en\/rumors\/airpods-3-reportedly-launch-in-early-2021\" \/>\n<meta property=\"og:site_name\" content=\"Apfelpatient\" \/>\n<meta property=\"article:publisher\" content=\"https:\/\/www.facebook.com\/apfelpatientOfficial\" \/>\n<meta property=\"article:author\" content=\"https:\/\/www.facebook.com\/apfelpatientOfficial\" \/>\n<meta property=\"article:published_time\" content=\"2020-08-31T17:08:16+00:00\" \/>\n<meta property=\"og:image\" content=\"https:\/\/www.apfelpatient.de\/wp-content\/uploads\/2020\/08\/bigstock-Rostov-Russia-July-375795748.jpg\" \/>\n\t<meta property=\"og:image:width\" content=\"1600\" \/>\n\t<meta property=\"og:image:height\" content=\"1067\" \/>\n\t<meta property=\"og:image:type\" content=\"image\/jpeg\" \/>\n<meta name=\"author\" content=\"Milan\" \/>\n<meta name=\"twitter:card\" content=\"summary_large_image\" \/>\n<meta name=\"twitter:description\" content=\"AirPods 3: Die Ger\u00fcchte rund um neue AirPods der dritten Generation werden seit geraumer Zeit dokumentiert. Nun gibt es einen neuen Bericht.\" \/>\n<meta name=\"twitter:label1\" content=\"Written by\" \/>\n\t<meta name=\"twitter:data1\" content=\"Milan\" \/>\n\t<meta name=\"twitter:label2\" content=\"Est. reading time\" \/>\n\t<meta name=\"twitter:data2\" content=\"2 minutes\" \/>\n<script type=\"application\/ld+json\" class=\"yoast-schema-graph\">{\"@context\":\"https:\\\/\\\/schema.org\",\"@graph\":[{\"@type\":\"NewsArticle\",\"@id\":\"https:\\\/\\\/www.apfelpatient.de\\\/rumors\\\/airpods-3-starten-angeblich-anfang-2021#article\",\"isPartOf\":{\"@id\":\"https:\\\/\\\/www.apfelpatient.de\\\/rumors\\\/airpods-3-starten-angeblich-anfang-2021\"},\"author\":{\"@type\":\"Organization\",\"@id\":\"https:\\\/\\\/www.apfelpatient.de\\\/en\\\/#organization\",\"name\":\"Apfelpatient\",\"url\":\"https:\\\/\\\/www.apfelpatient.de\\\/en\\\/\"},\"headline\":\"AirPods 3 starten angeblich Anfang 2021\",\"datePublished\":\"2020-08-31T17:08:16+00:00\",\"mainEntityOfPage\":{\"@id\":\"https:\\\/\\\/www.apfelpatient.de\\\/rumors\\\/airpods-3-starten-angeblich-anfang-2021\"},\"wordCount\":304,\"publisher\":{\"@type\":\"Organization\",\"@id\":\"https:\\\/\\\/www.apfelpatient.de\\\/en\\\/#organization\",\"name\":\"Apfelpatient\",\"url\":\"https:\\\/\\\/www.apfelpatient.de\\\/en\\\/\"},\"image\":{\"@id\":\"https:\\\/\\\/www.apfelpatient.de\\\/rumors\\\/airpods-3-starten-angeblich-anfang-2021#primaryimage\"},\"thumbnailUrl\":\"https:\\\/\\\/www.apfelpatient.de\\\/wp-content\\\/uploads\\\/2020\\\/08\\\/bigstock-Rostov-Russia-July-375795748.jpg\",\"keywords\":[\"AirPods\",\"AirPods 3\"],\"articleSection\":\"Rumors\",\"inLanguage\":\"en-US\",\"copyrightYear\":\"2020\",\"copyrightHolder\":{\"@id\":\"https:\\\/\\\/www.apfelpatient.de\\\/en\\\/#organization\"}},{\"@type\":\"WebPage\",\"@id\":\"https:\\\/\\\/www.apfelpatient.de\\\/rumors\\\/airpods-3-starten-angeblich-anfang-2021\",\"url\":\"https:\\\/\\\/www.apfelpatient.de\\\/rumors\\\/airpods-3-starten-angeblich-anfang-2021\",\"name\":\"AirPods 3 starten angeblich Anfang 2021 Apfelpatient\",\"isPartOf\":{\"@id\":\"https:\\\/\\\/www.apfelpatient.de\\\/#website\"},\"primaryImageOfPage\":{\"@id\":\"https:\\\/\\\/www.apfelpatient.de\\\/rumors\\\/airpods-3-starten-angeblich-anfang-2021#primaryimage\"},\"image\":{\"@id\":\"https:\\\/\\\/www.apfelpatient.de\\\/rumors\\\/airpods-3-starten-angeblich-anfang-2021#primaryimage\"},\"thumbnailUrl\":\"https:\\\/\\\/www.apfelpatient.de\\\/wp-content\\\/uploads\\\/2020\\\/08\\\/bigstock-Rostov-Russia-July-375795748.jpg\",\"datePublished\":\"2020-08-31T17:08:16+00:00\",\"description\":\"AirPods 3: Die Ger\u00fcchte rund um neue AirPods der dritten Generation werden seit geraumer Zeit dokumentiert. Nun gibt es einen neuen Bericht.\",\"breadcrumb\":{\"@id\":\"https:\\\/\\\/www.apfelpatient.de\\\/rumors\\\/airpods-3-starten-angeblich-anfang-2021#breadcrumb\"},\"inLanguage\":\"en-US\",\"potentialAction\":[{\"@type\":\"ReadAction\",\"target\":[\"https:\\\/\\\/www.apfelpatient.de\\\/rumors\\\/airpods-3-starten-angeblich-anfang-2021\"]}]},{\"@type\":\"ImageObject\",\"inLanguage\":\"en-US\",\"@id\":\"https:\\\/\\\/www.apfelpatient.de\\\/rumors\\\/airpods-3-starten-angeblich-anfang-2021#primaryimage\",\"url\":\"https:\\\/\\\/www.apfelpatient.de\\\/wp-content\\\/uploads\\\/2020\\\/08\\\/bigstock-Rostov-Russia-July-375795748.jpg\",\"contentUrl\":\"https:\\\/\\\/www.apfelpatient.de\\\/wp-content\\\/uploads\\\/2020\\\/08\\\/bigstock-Rostov-Russia-July-375795748.jpg\",\"width\":1600,\"height\":1067,\"caption\":\"Rostov, Russia - July 06, 2020: Funny man with arms, legs and eyes made of Apple wireless headphones and charging opened case like mouth of AirPods with artificial flowers in hand on blue background\"},{\"@type\":\"BreadcrumbList\",\"@id\":\"https:\\\/\\\/www.apfelpatient.de\\\/rumors\\\/airpods-3-starten-angeblich-anfang-2021#breadcrumb\",\"itemListElement\":[{\"@type\":\"ListItem\",\"position\":1,\"name\":\"Startseite\",\"item\":\"https:\\\/\\\/www.apfelpatient.de\\\/\"},{\"@type\":\"ListItem\",\"position\":2,\"name\":\"AirPods 3 starten angeblich Anfang 2021\"}]},{\"@type\":\"WebSite\",\"@id\":\"https:\\\/\\\/www.apfelpatient.de\\\/#website\",\"url\":\"https:\\\/\\\/www.apfelpatient.de\\\/\",\"name\":\"Apfelpatient\",\"description\":\"Alles rund um Apple!\",\"publisher\":{\"@type\":\"Organization\",\"@id\":\"https:\\\/\\\/www.apfelpatient.de\\\/en\\\/#organization\",\"name\":\"Apfelpatient\",\"url\":\"https:\\\/\\\/www.apfelpatient.de\\\/en\\\/\"},\"alternateName\":\"Apfelpatient\",\"potentialAction\":[{\"@type\":\"SearchAction\",\"target\":{\"@type\":\"EntryPoint\",\"urlTemplate\":\"https:\\\/\\\/www.apfelpatient.de\\\/?s={search_term_string}\"},\"query-input\":{\"@type\":\"PropertyValueSpecification\",\"valueRequired\":true,\"valueName\":\"search_term_string\"}}],\"inLanguage\":\"en-US\"},{\"@type\":[\"Person\",\"Organization\"],\"@id\":\"https:\\\/\\\/www.apfelpatient.de\\\/#\\\/schema\\\/person\\\/7dc56ad6c8e9824b76d2c08d4c140e13\",\"name\":\"Milan\",\"logo\":{\"@id\":\"https:\\\/\\\/www.apfelpatient.de\\\/#\\\/schema\\\/person\\\/image\\\/\"},\"description\":\"Hallo und herzlich willkommen auf meinem Technik-Blog! Als gro\u00dfer Apple-Fan berichte ich hier \u00fcber alles, was mit Apple zu tun hat: von den neuesten News und spannenden Ger\u00fcchten \u00fcber hilfreiche Tipps und Tricks bis hin zu ausf\u00fchrlichen Produkttests. Wenn du genauso technikbegeistert bist wie ich, bist du hier genau richtig!\",\"sameAs\":[\"https:\\\/\\\/www.facebook.com\\\/apfelpatientOfficial\",\"https:\\\/\\\/www.linkedin.com\\\/in\\\/milan-jovicic-42aa0231b\"],\"url\":\"https:\\\/\\\/www.apfelpatient.de\\\/en\\\/author\\\/apfeladmin\"}]}<\/script>\n<!-- \/ Yoast SEO Premium plugin. -->","yoast_head_json":{"title":"AirPods 3 reportedly launch in early 2021 Apfelpatient","description":"AirPods 3: The rumors surrounding new third-generation AirPods have been documented for some time. Now there is a new report.","robots":{"index":"index","follow":"follow","max-snippet":"max-snippet:-1","max-image-preview":"max-image-preview:large","max-video-preview":"max-video-preview:-1"},"canonical":"https:\/\/www.apfelpatient.de\/en\/rumors\/airpods-3-reportedly-launch-in-early-2021","og_locale":"en_US","og_type":"article","og_title":"AirPods 3 starten angeblich Anfang 2021","og_description":"AirPods 3: Die Ger\u00fcchte rund um neue AirPods der dritten Generation werden seit geraumer Zeit dokumentiert. Nun gibt es einen neuen Bericht.","og_url":"https:\/\/www.apfelpatient.de\/en\/rumors\/airpods-3-reportedly-launch-in-early-2021","og_site_name":"Apfelpatient","article_publisher":"https:\/\/www.facebook.com\/apfelpatientOfficial","article_author":"https:\/\/www.facebook.com\/apfelpatientOfficial","article_published_time":"2020-08-31T17:08:16+00:00","og_image":[{"width":1600,"height":1067,"url":"https:\/\/www.apfelpatient.de\/wp-content\/uploads\/2020\/08\/bigstock-Rostov-Russia-July-375795748.jpg","type":"image\/jpeg"}],"author":"Milan","twitter_card":"summary_large_image","twitter_description":"AirPods 3: Die Ger\u00fcchte rund um neue AirPods der dritten Generation werden seit geraumer Zeit dokumentiert. Nun gibt es einen neuen Bericht.","twitter_misc":{"Written by":"Milan","Est. reading time":"2 minutes"},"schema":{"@context":"https:\/\/schema.org","@graph":[{"@type":"NewsArticle","@id":"https:\/\/www.apfelpatient.de\/rumors\/airpods-3-starten-angeblich-anfang-2021#article","isPartOf":{"@id":"https:\/\/www.apfelpatient.de\/rumors\/airpods-3-starten-angeblich-anfang-2021"},"author":{"@type":"Organization","@id":"https:\/\/www.apfelpatient.de\/en\/#organization","name":"Apfelpatient","url":"https:\/\/www.apfelpatient.de\/en\/"},"headline":"AirPods 3 starten angeblich Anfang 2021","datePublished":"2020-08-31T17:08:16+00:00","mainEntityOfPage":{"@id":"https:\/\/www.apfelpatient.de\/rumors\/airpods-3-starten-angeblich-anfang-2021"},"wordCount":304,"publisher":{"@type":"Organization","@id":"https:\/\/www.apfelpatient.de\/en\/#organization","name":"Apfelpatient","url":"https:\/\/www.apfelpatient.de\/en\/"},"image":{"@id":"https:\/\/www.apfelpatient.de\/rumors\/airpods-3-starten-angeblich-anfang-2021#primaryimage"},"thumbnailUrl":"https:\/\/www.apfelpatient.de\/wp-content\/uploads\/2020\/08\/bigstock-Rostov-Russia-July-375795748.jpg","keywords":["AirPods","AirPods 3"],"articleSection":"Rumors","inLanguage":"en-US","copyrightYear":"2020","copyrightHolder":{"@id":"https:\/\/www.apfelpatient.de\/en\/#organization"}},{"@type":"WebPage","@id":"https:\/\/www.apfelpatient.de\/rumors\/airpods-3-starten-angeblich-anfang-2021","url":"https:\/\/www.apfelpatient.de\/rumors\/airpods-3-starten-angeblich-anfang-2021","name":"AirPods 3 reportedly launch in early 2021 Apfelpatient","isPartOf":{"@id":"https:\/\/www.apfelpatient.de\/#website"},"primaryImageOfPage":{"@id":"https:\/\/www.apfelpatient.de\/rumors\/airpods-3-starten-angeblich-anfang-2021#primaryimage"},"image":{"@id":"https:\/\/www.apfelpatient.de\/rumors\/airpods-3-starten-angeblich-anfang-2021#primaryimage"},"thumbnailUrl":"https:\/\/www.apfelpatient.de\/wp-content\/uploads\/2020\/08\/bigstock-Rostov-Russia-July-375795748.jpg","datePublished":"2020-08-31T17:08:16+00:00","description":"AirPods 3: The rumors surrounding new third-generation AirPods have been documented for some time. Now there is a new report.","breadcrumb":{"@id":"https:\/\/www.apfelpatient.de\/rumors\/airpods-3-starten-angeblich-anfang-2021#breadcrumb"},"inLanguage":"en-US","potentialAction":[{"@type":"ReadAction","target":["https:\/\/www.apfelpatient.de\/rumors\/airpods-3-starten-angeblich-anfang-2021"]}]},{"@type":"ImageObject","inLanguage":"en-US","@id":"https:\/\/www.apfelpatient.de\/rumors\/airpods-3-starten-angeblich-anfang-2021#primaryimage","url":"https:\/\/www.apfelpatient.de\/wp-content\/uploads\/2020\/08\/bigstock-Rostov-Russia-July-375795748.jpg","contentUrl":"https:\/\/www.apfelpatient.de\/wp-content\/uploads\/2020\/08\/bigstock-Rostov-Russia-July-375795748.jpg","width":1600,"height":1067,"caption":"Rostov, Russia - July 06, 2020: Funny man with arms, legs and eyes made of Apple wireless headphones and charging opened case like mouth of AirPods with artificial flowers in hand on blue background"},{"@type":"BreadcrumbList","@id":"https:\/\/www.apfelpatient.de\/rumors\/airpods-3-starten-angeblich-anfang-2021#breadcrumb","itemListElement":[{"@type":"ListItem","position":1,"name":"Startseite","item":"https:\/\/www.apfelpatient.de\/"},{"@type":"ListItem","position":2,"name":"AirPods 3 starten angeblich Anfang 2021"}]},{"@type":"WebSite","@id":"https:\/\/www.apfelpatient.de\/#website","url":"https:\/\/www.apfelpatient.de\/","name":"apple patient","description":"Everything about Apple!","publisher":{"@type":"Organization","@id":"https:\/\/www.apfelpatient.de\/en\/#organization","name":"Apfelpatient","url":"https:\/\/www.apfelpatient.de\/en\/"},"alternateName":"Apfelpatient","potentialAction":[{"@type":"SearchAction","target":{"@type":"EntryPoint","urlTemplate":"https:\/\/www.apfelpatient.de\/?s={search_term_string}"},"query-input":{"@type":"PropertyValueSpecification","valueRequired":true,"valueName":"search_term_string"}}],"inLanguage":"en-US"},{"@type":["Person","Organization"],"@id":"https:\/\/www.apfelpatient.de\/#\/schema\/person\/7dc56ad6c8e9824b76d2c08d4c140e13","name":"Milan","logo":{"@id":"https:\/\/www.apfelpatient.de\/#\/schema\/person\/image\/"},"description":"Hello and welcome to my technology blog! As a big Apple fan, I report on everything to do with Apple: from the latest news and exciting rumors to helpful tips and tricks and detailed product tests. If you are as enthusiastic about technology as I am, you have come to the right place!","sameAs":["https:\/\/www.facebook.com\/apfelpatientOfficial","https:\/\/www.linkedin.com\/in\/milan-jovicic-42aa0231b"],"url":"https:\/\/www.apfelpatient.de\/en\/author\/apfeladmin"}]}},"_links":{"self":[{"href":"https:\/\/www.apfelpatient.de\/en\/wp-json\/wp\/v2\/posts\/14721","targetHints":{"allow":["GET"]}}],"collection":[{"href":"https:\/\/www.apfelpatient.de\/en\/wp-json\/wp\/v2\/posts"}],"about":[{"href":"https:\/\/www.apfelpatient.de\/en\/wp-json\/wp\/v2\/types\/post"}],"author":[{"embeddable":true,"href":"https:\/\/www.apfelpatient.de\/en\/wp-json\/wp\/v2\/users\/2"}],"replies":[{"embeddable":true,"href":"https:\/\/www.apfelpatient.de\/en\/wp-json\/wp\/v2\/comments?post=14721"}],"version-history":[{"count":0,"href":"https:\/\/www.apfelpatient.de\/en\/wp-json\/wp\/v2\/posts\/14721\/revisions"}],"wp:featuredmedia":[{"embeddable":true,"href":"https:\/\/www.apfelpatient.de\/en\/wp-json\/wp\/v2\/media\/14722"}],"wp:attachment":[{"href":"https:\/\/www.apfelpatient.de\/en\/wp-json\/wp\/v2\/media?parent=14721"}],"wp:term":[{"taxonomy":"category","embeddable":true,"href":"https:\/\/www.apfelpatient.de\/en\/wp-json\/wp\/v2\/categories?post=14721"},{"taxonomy":"post_tag","embeddable":true,"href":"https:\/\/www.apfelpatient.de\/en\/wp-json\/wp\/v2\/tags?post=14721"}],"curies":[{"name":"wp","href":"https:\/\/api.w.org\/{rel}","templated":true}]}}