{"id":1471,"date":"2018-08-06T17:42:26","date_gmt":"2018-08-06T15:42:26","guid":{"rendered":"https:\/\/www.apfelpatient.de\/?p=1471"},"modified":"2018-08-06T17:42:26","modified_gmt":"2018-08-06T15:42:26","slug":"macbook-pro-2018-problems-with-audio-playback","status":"publish","type":"post","link":"https:\/\/www.apfelpatient.de\/en\/news\/macbook-pro-2018-probleme-bei-der-audiowiedergabe","title":{"rendered":"MacBook Pro 2018: Audio playback issues"},"content":{"rendered":"<p><strong>Apple recently had to resolve a problem with throttling processors. Now new trouble is on the horizon.<\/strong><\/p>\n<p>Users of the current MacBook Pro models report noise during audio playback. The crackling and popping occurs primarily through the integrated speakers, but can also occur through the headphone jack. The problem does not seem to exist when AirPods are connected.<\/p>\n<p><strong>iTunes, Youtube, Spotify<\/strong><\/p>\n<p>The error occurs in various application scenarios. It doesn&#039;t matter whether the user is playing a song via iTunes, watching a video on YouTube or has Spotify running. A delayed sound playback was also detected. Restarting the device only solves the problem temporarily; the playback problems reoccur after a certain amount of time. Apple has not yet commented on this.<\/p>\n\n<p>&nbsp;<\/p>\n<p><em>Since the company has already had such \u201cfeatures\u201d on iPhone and MacBook devices in the past and was able to solve them with a software update, it can be assumed that this will be the case again.<\/em><\/p>","protected":false},"excerpt":{"rendered":"<p>Erst vor Kurzem musste Apple ein Problem mit gedrosselten Prozessoren aus der Welt schaffen. Nun steht neuer \u00c4rger vor der T\u00fcr. Nutzer der aktuellen MacBook Pro Modelle berichten \u00fcber St\u00f6rger\u00e4usche bei der Audiowiedergabe. Das Knistern und Knacken tritt bevorzugt \u00fcber die integrierten Lautsprecher auf, k\u00f6nnen jedoch auch \u00fcber den Kopfh\u00f6reranschluss auftreten. Bei verbundenen AirPods scheint [&hellip;]<\/p>\n","protected":false},"author":2,"featured_media":1472,"comment_status":"open","ping_status":"open","sticky":false,"template":"","format":"standard","meta":{"jnews-multi-image_gallery":[],"jnews_single_post":[],"jnews_primary_category":[],"footnotes":""},"categories":[9],"tags":[40,50,4],"class_list":["post-1471","post","type-post","status-publish","format-standard","has-post-thumbnail","hentry","category-news","tag-mac","tag-macbook-pro","tag-macos"],"yoast_head":"<!-- This site is optimized with the Yoast SEO Premium plugin v27.5 (Yoast SEO v27.5) - https:\/\/yoast.com\/product\/yoast-seo-premium-wordpress\/ -->\n<title>MacBook Pro 2018: Probleme bei der Audiowiedergabe Apfelpatient<\/title>\n<meta name=\"description\" content=\"Erst vor Kurzem musste Apple ein Problem mit gedrosselten Prozessoren aus der Welt schaffen. Nun steht neuer \u00c4rger vor der T\u00fcr. Nutzer der aktuellen\" \/>\n<meta name=\"robots\" content=\"index, follow, max-snippet:-1, max-image-preview:large, max-video-preview:-1\" \/>\n<link rel=\"canonical\" href=\"https:\/\/www.apfelpatient.de\/en\/news\/macbook-pro-2018-problems-with-audio-playback\" \/>\n<meta property=\"og:locale\" content=\"en_US\" \/>\n<meta property=\"og:type\" content=\"article\" \/>\n<meta property=\"og:title\" content=\"MacBook Pro 2018: Probleme bei der Audiowiedergabe\" \/>\n<meta property=\"og:description\" content=\"Erst vor Kurzem musste Apple ein Problem mit gedrosselten Prozessoren aus der Welt schaffen. Nun steht neuer \u00c4rger vor der T\u00fcr. Nutzer der aktuellen\" \/>\n<meta property=\"og:url\" content=\"https:\/\/www.apfelpatient.de\/en\/news\/macbook-pro-2018-problems-with-audio-playback\" \/>\n<meta property=\"og:site_name\" content=\"Apfelpatient\" \/>\n<meta property=\"article:publisher\" content=\"https:\/\/www.facebook.com\/apfelpatientOfficial\" \/>\n<meta property=\"article:author\" content=\"https:\/\/www.facebook.com\/apfelpatientOfficial\" \/>\n<meta property=\"article:published_time\" content=\"2018-08-06T15:42:26+00:00\" \/>\n<meta property=\"og:image\" content=\"https:\/\/www.apfelpatient.de\/wp-content\/uploads\/2018\/08\/ash-edmonds-510566-unsplash.jpg\" \/>\n\t<meta property=\"og:image:width\" content=\"5760\" \/>\n\t<meta property=\"og:image:height\" content=\"3840\" \/>\n\t<meta property=\"og:image:type\" content=\"image\/jpeg\" \/>\n<meta name=\"author\" content=\"Milan\" \/>\n<meta name=\"twitter:card\" content=\"summary_large_image\" \/>\n<meta name=\"twitter:label1\" content=\"Written by\" \/>\n\t<meta name=\"twitter:data1\" content=\"Milan\" \/>\n\t<meta name=\"twitter:label2\" content=\"Est. reading time\" \/>\n\t<meta name=\"twitter:data2\" content=\"1 minute\" \/>\n<script type=\"application\/ld+json\" class=\"yoast-schema-graph\">{\"@context\":\"https:\\\/\\\/schema.org\",\"@graph\":[{\"@type\":\"NewsArticle\",\"@id\":\"https:\\\/\\\/www.apfelpatient.de\\\/news\\\/macbook-pro-2018-probleme-bei-der-audiowiedergabe#article\",\"isPartOf\":{\"@id\":\"https:\\\/\\\/www.apfelpatient.de\\\/news\\\/macbook-pro-2018-probleme-bei-der-audiowiedergabe\"},\"author\":{\"@type\":\"Organization\",\"@id\":\"https:\\\/\\\/www.apfelpatient.de\\\/en\\\/#organization\",\"name\":\"Apfelpatient\",\"url\":\"https:\\\/\\\/www.apfelpatient.de\\\/en\\\/\"},\"headline\":\"MacBook Pro 2018: Probleme bei der Audiowiedergabe\",\"datePublished\":\"2018-08-06T15:42:26+00:00\",\"mainEntityOfPage\":{\"@id\":\"https:\\\/\\\/www.apfelpatient.de\\\/news\\\/macbook-pro-2018-probleme-bei-der-audiowiedergabe\"},\"wordCount\":176,\"commentCount\":0,\"publisher\":{\"@type\":\"Organization\",\"@id\":\"https:\\\/\\\/www.apfelpatient.de\\\/en\\\/#organization\",\"name\":\"Apfelpatient\",\"url\":\"https:\\\/\\\/www.apfelpatient.de\\\/en\\\/\"},\"image\":{\"@id\":\"https:\\\/\\\/www.apfelpatient.de\\\/news\\\/macbook-pro-2018-probleme-bei-der-audiowiedergabe#primaryimage\"},\"thumbnailUrl\":\"https:\\\/\\\/www.apfelpatient.de\\\/wp-content\\\/uploads\\\/2018\\\/08\\\/ash-edmonds-510566-unsplash.jpg\",\"keywords\":[\"Mac\",\"MacBook Pro\",\"macOS\"],\"articleSection\":\"News\",\"inLanguage\":\"en-US\",\"potentialAction\":[{\"@type\":\"CommentAction\",\"name\":\"Comment\",\"target\":[\"https:\\\/\\\/www.apfelpatient.de\\\/news\\\/macbook-pro-2018-probleme-bei-der-audiowiedergabe#respond\"]}],\"copyrightYear\":\"2018\",\"copyrightHolder\":{\"@id\":\"https:\\\/\\\/www.apfelpatient.de\\\/en\\\/#organization\"}},{\"@type\":\"WebPage\",\"@id\":\"https:\\\/\\\/www.apfelpatient.de\\\/news\\\/macbook-pro-2018-probleme-bei-der-audiowiedergabe\",\"url\":\"https:\\\/\\\/www.apfelpatient.de\\\/news\\\/macbook-pro-2018-probleme-bei-der-audiowiedergabe\",\"name\":\"MacBook Pro 2018: Probleme bei der Audiowiedergabe Apfelpatient\",\"isPartOf\":{\"@id\":\"https:\\\/\\\/www.apfelpatient.de\\\/#website\"},\"primaryImageOfPage\":{\"@id\":\"https:\\\/\\\/www.apfelpatient.de\\\/news\\\/macbook-pro-2018-probleme-bei-der-audiowiedergabe#primaryimage\"},\"image\":{\"@id\":\"https:\\\/\\\/www.apfelpatient.de\\\/news\\\/macbook-pro-2018-probleme-bei-der-audiowiedergabe#primaryimage\"},\"thumbnailUrl\":\"https:\\\/\\\/www.apfelpatient.de\\\/wp-content\\\/uploads\\\/2018\\\/08\\\/ash-edmonds-510566-unsplash.jpg\",\"datePublished\":\"2018-08-06T15:42:26+00:00\",\"description\":\"Erst vor Kurzem musste Apple ein Problem mit gedrosselten Prozessoren aus der Welt schaffen. Nun steht neuer \u00c4rger vor der T\u00fcr. Nutzer der aktuellen\",\"breadcrumb\":{\"@id\":\"https:\\\/\\\/www.apfelpatient.de\\\/news\\\/macbook-pro-2018-probleme-bei-der-audiowiedergabe#breadcrumb\"},\"inLanguage\":\"en-US\",\"potentialAction\":[{\"@type\":\"ReadAction\",\"target\":[\"https:\\\/\\\/www.apfelpatient.de\\\/news\\\/macbook-pro-2018-probleme-bei-der-audiowiedergabe\"]}]},{\"@type\":\"ImageObject\",\"inLanguage\":\"en-US\",\"@id\":\"https:\\\/\\\/www.apfelpatient.de\\\/news\\\/macbook-pro-2018-probleme-bei-der-audiowiedergabe#primaryimage\",\"url\":\"https:\\\/\\\/www.apfelpatient.de\\\/wp-content\\\/uploads\\\/2018\\\/08\\\/ash-edmonds-510566-unsplash.jpg\",\"contentUrl\":\"https:\\\/\\\/www.apfelpatient.de\\\/wp-content\\\/uploads\\\/2018\\\/08\\\/ash-edmonds-510566-unsplash.jpg\",\"width\":5760,\"height\":3840,\"caption\":\"Photo by Unsplash\"},{\"@type\":\"BreadcrumbList\",\"@id\":\"https:\\\/\\\/www.apfelpatient.de\\\/news\\\/macbook-pro-2018-probleme-bei-der-audiowiedergabe#breadcrumb\",\"itemListElement\":[{\"@type\":\"ListItem\",\"position\":1,\"name\":\"Startseite\",\"item\":\"https:\\\/\\\/www.apfelpatient.de\\\/\"},{\"@type\":\"ListItem\",\"position\":2,\"name\":\"MacBook Pro 2018: Probleme bei der Audiowiedergabe\"}]},{\"@type\":\"WebSite\",\"@id\":\"https:\\\/\\\/www.apfelpatient.de\\\/#website\",\"url\":\"https:\\\/\\\/www.apfelpatient.de\\\/\",\"name\":\"Apfelpatient\",\"description\":\"Alles rund um Apple!\",\"publisher\":{\"@type\":\"Organization\",\"@id\":\"https:\\\/\\\/www.apfelpatient.de\\\/en\\\/#organization\",\"name\":\"Apfelpatient\",\"url\":\"https:\\\/\\\/www.apfelpatient.de\\\/en\\\/\"},\"alternateName\":\"Apfelpatient\",\"potentialAction\":[{\"@type\":\"SearchAction\",\"target\":{\"@type\":\"EntryPoint\",\"urlTemplate\":\"https:\\\/\\\/www.apfelpatient.de\\\/?s={search_term_string}\"},\"query-input\":{\"@type\":\"PropertyValueSpecification\",\"valueRequired\":true,\"valueName\":\"search_term_string\"}}],\"inLanguage\":\"en-US\"},{\"@type\":[\"Person\",\"Organization\"],\"@id\":\"https:\\\/\\\/www.apfelpatient.de\\\/#\\\/schema\\\/person\\\/7dc56ad6c8e9824b76d2c08d4c140e13\",\"name\":\"Milan\",\"logo\":{\"@id\":\"https:\\\/\\\/www.apfelpatient.de\\\/#\\\/schema\\\/person\\\/image\\\/\"},\"description\":\"Hallo und herzlich willkommen auf meinem Technik-Blog! Als gro\u00dfer Apple-Fan berichte ich hier \u00fcber alles, was mit Apple zu tun hat: von den neuesten News und spannenden Ger\u00fcchten \u00fcber hilfreiche Tipps und Tricks bis hin zu ausf\u00fchrlichen Produkttests. Wenn du genauso technikbegeistert bist wie ich, bist du hier genau richtig!\",\"sameAs\":[\"https:\\\/\\\/www.facebook.com\\\/apfelpatientOfficial\",\"https:\\\/\\\/www.linkedin.com\\\/in\\\/milan-jovicic-42aa0231b\"],\"url\":\"https:\\\/\\\/www.apfelpatient.de\\\/en\\\/author\\\/apfeladmin\"}]}<\/script>\n<!-- \/ Yoast SEO Premium plugin. -->","yoast_head_json":{"title":"MacBook Pro 2018: Audio playback issues Apfelpatient","description":"Apple recently had to resolve a problem with throttled processors. Now new trouble is on the horizon. Users of the current","robots":{"index":"index","follow":"follow","max-snippet":"max-snippet:-1","max-image-preview":"max-image-preview:large","max-video-preview":"max-video-preview:-1"},"canonical":"https:\/\/www.apfelpatient.de\/en\/news\/macbook-pro-2018-problems-with-audio-playback","og_locale":"en_US","og_type":"article","og_title":"MacBook Pro 2018: Probleme bei der Audiowiedergabe","og_description":"Erst vor Kurzem musste Apple ein Problem mit gedrosselten Prozessoren aus der Welt schaffen. Nun steht neuer \u00c4rger vor der T\u00fcr. Nutzer der aktuellen","og_url":"https:\/\/www.apfelpatient.de\/en\/news\/macbook-pro-2018-problems-with-audio-playback","og_site_name":"Apfelpatient","article_publisher":"https:\/\/www.facebook.com\/apfelpatientOfficial","article_author":"https:\/\/www.facebook.com\/apfelpatientOfficial","article_published_time":"2018-08-06T15:42:26+00:00","og_image":[{"width":5760,"height":3840,"url":"https:\/\/www.apfelpatient.de\/wp-content\/uploads\/2018\/08\/ash-edmonds-510566-unsplash.jpg","type":"image\/jpeg"}],"author":"Milan","twitter_card":"summary_large_image","twitter_misc":{"Written by":"Milan","Est. reading time":"1 minute"},"schema":{"@context":"https:\/\/schema.org","@graph":[{"@type":"NewsArticle","@id":"https:\/\/www.apfelpatient.de\/news\/macbook-pro-2018-probleme-bei-der-audiowiedergabe#article","isPartOf":{"@id":"https:\/\/www.apfelpatient.de\/news\/macbook-pro-2018-probleme-bei-der-audiowiedergabe"},"author":{"@type":"Organization","@id":"https:\/\/www.apfelpatient.de\/en\/#organization","name":"Apfelpatient","url":"https:\/\/www.apfelpatient.de\/en\/"},"headline":"MacBook Pro 2018: Probleme bei der Audiowiedergabe","datePublished":"2018-08-06T15:42:26+00:00","mainEntityOfPage":{"@id":"https:\/\/www.apfelpatient.de\/news\/macbook-pro-2018-probleme-bei-der-audiowiedergabe"},"wordCount":176,"commentCount":0,"publisher":{"@type":"Organization","@id":"https:\/\/www.apfelpatient.de\/en\/#organization","name":"Apfelpatient","url":"https:\/\/www.apfelpatient.de\/en\/"},"image":{"@id":"https:\/\/www.apfelpatient.de\/news\/macbook-pro-2018-probleme-bei-der-audiowiedergabe#primaryimage"},"thumbnailUrl":"https:\/\/www.apfelpatient.de\/wp-content\/uploads\/2018\/08\/ash-edmonds-510566-unsplash.jpg","keywords":["Mac","MacBook Pro","macOS"],"articleSection":"News","inLanguage":"en-US","potentialAction":[{"@type":"CommentAction","name":"Comment","target":["https:\/\/www.apfelpatient.de\/news\/macbook-pro-2018-probleme-bei-der-audiowiedergabe#respond"]}],"copyrightYear":"2018","copyrightHolder":{"@id":"https:\/\/www.apfelpatient.de\/en\/#organization"}},{"@type":"WebPage","@id":"https:\/\/www.apfelpatient.de\/news\/macbook-pro-2018-probleme-bei-der-audiowiedergabe","url":"https:\/\/www.apfelpatient.de\/news\/macbook-pro-2018-probleme-bei-der-audiowiedergabe","name":"MacBook Pro 2018: Audio playback issues Apfelpatient","isPartOf":{"@id":"https:\/\/www.apfelpatient.de\/#website"},"primaryImageOfPage":{"@id":"https:\/\/www.apfelpatient.de\/news\/macbook-pro-2018-probleme-bei-der-audiowiedergabe#primaryimage"},"image":{"@id":"https:\/\/www.apfelpatient.de\/news\/macbook-pro-2018-probleme-bei-der-audiowiedergabe#primaryimage"},"thumbnailUrl":"https:\/\/www.apfelpatient.de\/wp-content\/uploads\/2018\/08\/ash-edmonds-510566-unsplash.jpg","datePublished":"2018-08-06T15:42:26+00:00","description":"Apple recently had to resolve a problem with throttled processors. Now new trouble is on the horizon. Users of the current","breadcrumb":{"@id":"https:\/\/www.apfelpatient.de\/news\/macbook-pro-2018-probleme-bei-der-audiowiedergabe#breadcrumb"},"inLanguage":"en-US","potentialAction":[{"@type":"ReadAction","target":["https:\/\/www.apfelpatient.de\/news\/macbook-pro-2018-probleme-bei-der-audiowiedergabe"]}]},{"@type":"ImageObject","inLanguage":"en-US","@id":"https:\/\/www.apfelpatient.de\/news\/macbook-pro-2018-probleme-bei-der-audiowiedergabe#primaryimage","url":"https:\/\/www.apfelpatient.de\/wp-content\/uploads\/2018\/08\/ash-edmonds-510566-unsplash.jpg","contentUrl":"https:\/\/www.apfelpatient.de\/wp-content\/uploads\/2018\/08\/ash-edmonds-510566-unsplash.jpg","width":5760,"height":3840,"caption":"Photo by Unsplash"},{"@type":"BreadcrumbList","@id":"https:\/\/www.apfelpatient.de\/news\/macbook-pro-2018-probleme-bei-der-audiowiedergabe#breadcrumb","itemListElement":[{"@type":"ListItem","position":1,"name":"Startseite","item":"https:\/\/www.apfelpatient.de\/"},{"@type":"ListItem","position":2,"name":"MacBook Pro 2018: Probleme bei der Audiowiedergabe"}]},{"@type":"WebSite","@id":"https:\/\/www.apfelpatient.de\/#website","url":"https:\/\/www.apfelpatient.de\/","name":"apple patient","description":"Everything about Apple!","publisher":{"@type":"Organization","@id":"https:\/\/www.apfelpatient.de\/en\/#organization","name":"Apfelpatient","url":"https:\/\/www.apfelpatient.de\/en\/"},"alternateName":"Apfelpatient","potentialAction":[{"@type":"SearchAction","target":{"@type":"EntryPoint","urlTemplate":"https:\/\/www.apfelpatient.de\/?s={search_term_string}"},"query-input":{"@type":"PropertyValueSpecification","valueRequired":true,"valueName":"search_term_string"}}],"inLanguage":"en-US"},{"@type":["Person","Organization"],"@id":"https:\/\/www.apfelpatient.de\/#\/schema\/person\/7dc56ad6c8e9824b76d2c08d4c140e13","name":"Milan","logo":{"@id":"https:\/\/www.apfelpatient.de\/#\/schema\/person\/image\/"},"description":"Hello and welcome to my technology blog! As a big Apple fan, I report on everything to do with Apple: from the latest news and exciting rumors to helpful tips and tricks and detailed product tests. If you are as enthusiastic about technology as I am, you have come to the right place!","sameAs":["https:\/\/www.facebook.com\/apfelpatientOfficial","https:\/\/www.linkedin.com\/in\/milan-jovicic-42aa0231b"],"url":"https:\/\/www.apfelpatient.de\/en\/author\/apfeladmin"}]}},"_links":{"self":[{"href":"https:\/\/www.apfelpatient.de\/en\/wp-json\/wp\/v2\/posts\/1471","targetHints":{"allow":["GET"]}}],"collection":[{"href":"https:\/\/www.apfelpatient.de\/en\/wp-json\/wp\/v2\/posts"}],"about":[{"href":"https:\/\/www.apfelpatient.de\/en\/wp-json\/wp\/v2\/types\/post"}],"author":[{"embeddable":true,"href":"https:\/\/www.apfelpatient.de\/en\/wp-json\/wp\/v2\/users\/2"}],"replies":[{"embeddable":true,"href":"https:\/\/www.apfelpatient.de\/en\/wp-json\/wp\/v2\/comments?post=1471"}],"version-history":[{"count":0,"href":"https:\/\/www.apfelpatient.de\/en\/wp-json\/wp\/v2\/posts\/1471\/revisions"}],"wp:featuredmedia":[{"embeddable":true,"href":"https:\/\/www.apfelpatient.de\/en\/wp-json\/wp\/v2\/media\/1472"}],"wp:attachment":[{"href":"https:\/\/www.apfelpatient.de\/en\/wp-json\/wp\/v2\/media?parent=1471"}],"wp:term":[{"taxonomy":"category","embeddable":true,"href":"https:\/\/www.apfelpatient.de\/en\/wp-json\/wp\/v2\/categories?post=1471"},{"taxonomy":"post_tag","embeddable":true,"href":"https:\/\/www.apfelpatient.de\/en\/wp-json\/wp\/v2\/tags?post=1471"}],"curies":[{"name":"wp","href":"https:\/\/api.w.org\/{rel}","templated":true}]}}