{"id":14678,"date":"2020-08-27T13:01:11","date_gmt":"2020-08-27T11:01:11","guid":{"rendered":"https:\/\/www.apfelpatient.de\/?p=14678"},"modified":"2020-08-27T13:01:11","modified_gmt":"2020-08-27T11:01:11","slug":"ipad-air-4-leak-new-images-reveal-design","status":"publish","type":"post","link":"https:\/\/www.apfelpatient.de\/en\/rumors\/ipad-air-4-leak-neue-bilder-enthuellen-design","title":{"rendered":"iPad Air 4 Leak: New Images Reveal Design"},"content":{"rendered":"<p class=\"has-drop-cap\"><strong>At the beginning of the year, anonymous leaker @l0vetodream announced a new iPad Air 4 that would appear in the design of the iPad Pro. Now a brochure has been published showing the new iPad.&nbsp;<\/strong><\/p>\n\n\n\n<p>The leaker explained at the beginning of the year that the new iPad Air will also have narrow edges but will not be equipped with Face ID. Instead, it will use Touch ID despite the iPad Pro design. The fingerprint sensor will be housed in the standby switch. Now pictures have been released by @DuanRui <a href=\"https:\/\/twitter.com\/duanrui1205\/status\/1298842866962186240?ref_src=twsrc%5Etfw%7Ctwcamp%5Etweetembed%7Ctwterm%5E1298842866962186240%7Ctwgr%5E&amp;ref_url=https%3A%2F%2Fappleinformed.com%2F2020%2F08%2F27%2Fleaked-ipad-air-4-documentation-shows-new-ipad-pro-design-usb-c-touch-id-and-more%2F\" class=\"ek-link\"><span style=\"text-decoration: underline;\" class=\"ek-underline\">provided<\/span><\/a>, which show an instruction manual written in Spanish. The device can be clearly seen. In addition to @l0vetodream, Apple analyst Ming-Chi Kuo and other sources have predicted a new iPad in the fall of this year. However, they were unable to provide any details other than the possible display size. Accordingly, the device could appear with a 10.8- or 11-inch display. Also new are a USB-C port and a Smart Connector. The device was only reported on a few days ago.&nbsp;<\/p>\n\n\n\n<figure class=\"wp-block-image size-large\"><img decoding=\"async\" width=\"661\" height=\"680\" src=\"https:\/\/www.apfelpatient.de\/wp-content\/uploads\/2020\/08\/EgZqrbFVoAEaEUH.jpeg\" alt=\"iPad Air 4\" class=\"wp-image-14675\"\/><figcaption>via @duanrui1205<\/figcaption><\/figure>\n\n\n\n<h3 class=\"wp-block-heading\">Clues point to new iPad Air<\/h3>\n\n\n\n\n\n\n\n<p>For this reason, there is currently no evidence to doubt the images, as many details are consistent. The Touch ID sensor on the side has also been documented in reports several times. Kuo already explained last year that the inexpensive iPhone SE Plus 2021 could also have such a solution. A discovery made yesterday also speaks in favor of an iPad update. Apple has announced new Apple Watch and iPad models in the <a href=\"https:\/\/www.apfelpatient.de\/en\/news\/new-apple-watch-and-ipad-models-appear-in-database\" class=\"ek-link\"><span style=\"text-decoration: underline;\" class=\"ek-underline\">database<\/span><\/a> of the Eurasian Economic Commission (EEC). Everything points to an imminent <a href=\"https:\/\/www.apple.com\/de\/ipad-air\/\" class=\"ek-link\"><span style=\"text-decoration: underline;\" class=\"ek-underline\">hardware update<\/span><\/a> If the previous information is correct, the device will be available in 128 GB, 256 GB and 512 GB storage variants. The starting price is said to be around 649 US dollars. So the whole thing remains exciting as always.<em> (Photo by xMarshall \/ Bigstockphoto)<\/em><\/p>\n\n\n\n<ul class=\"wp-block-list\"><li><a href=\"https:\/\/www.apfelpatient.de\/en\/rumors\/ipad-air-4-new-details-on-features-and-more\" class=\"ek-link\"><span style=\"text-decoration: underline;\" class=\"ek-underline\">iPad Air 4: New details on features and more<\/span><\/a><\/li><\/ul>\n\n\n\n<figure class=\"wp-block-gallery columns-2 is-cropped wp-block-gallery-1 is-layout-flex wp-block-gallery-is-layout-flex\"><ul class=\"blocks-gallery-grid\"><li class=\"blocks-gallery-item\"><figure><img decoding=\"async\" width=\"675\" height=\"900\" src=\"https:\/\/www.apfelpatient.de\/wp-content\/uploads\/2020\/08\/EgZqrbGU8AA9kFb.jpeg\" alt=\"iPad Air 4\" data-id=\"14674\" data-full-url=\"https:\/\/www.apfelpatient.de\/wp-content\/uploads\/2020\/08\/EgZqrbGU8AA9kFb.jpeg\" data-link=\"https:\/\/www.apfelpatient.de\/egzqrbgu8aa9kfb\" class=\"wp-image-14674\"\/><\/figure><\/li><li class=\"blocks-gallery-item\"><figure><img decoding=\"async\" width=\"596\" height=\"680\" src=\"https:\/\/www.apfelpatient.de\/wp-content\/uploads\/2020\/08\/EgZqrbGU0AcGxMH.jpeg\" alt=\"iPad Air 4\" data-id=\"14676\" data-full-url=\"https:\/\/www.apfelpatient.de\/wp-content\/uploads\/2020\/08\/EgZqrbGU0AcGxMH.jpeg\" data-link=\"https:\/\/www.apfelpatient.de\/egzqrbgu0acgxmh\" class=\"wp-image-14676\"\/><\/figure><\/li><\/ul><figcaption class=\"blocks-gallery-caption\">via @duanrui1205<\/figcaption><\/figure>\n\n\n\n<h6 class=\"wp-block-heading translation-block\" id=\"h-kennt-ihr-schon-unsere-amazon-storefront-dort-findet-ihr-eine-handverlesene-auswahl-von-diversen-produkten-f-r-euer-iphone-und-co-viel-spa-beim-st-bern\"><em>Have you already visited our Amazon Storefront? There you&#039;ll find a hand-picked selection of various products for your iPhone and other devices \u2013 <span class=\"has-inline-color has-vivid-red-color\"><a href=\"https:\/\/www.amazon.de\/shop\/apfelpatientofficial\" class=\"ek-link\" data-wpel-link=\"exclude\" rel=\"follow noopener\" target=\"_self\"><span style=\"text-decoration: underline\" class=\"ek-underline\">enjoy browsing<\/span><\/a> !<\/span><\/em><\/h6>\n\n\n\n\n\n<h6 class=\"wp-block-heading translation-block\" id=\"h-der-beitrag-enthalt-partnerlinks\">This post contains <a data-type=\"URL\" data-id=\"https:\/\/www.apfelpatient.de\/partnerprogramm\" href=\"https:\/\/www.apfelpatient.de\/en\/partner-program\" data-wpel-link=\"internal\" target=\"_self\">affiliate links<\/a>.<\/h6>","protected":false},"excerpt":{"rendered":"<p>The leaker explained earlier this year that the new iPad Air will also have narrow bezels but will not be equipped with Face ID<\/p>","protected":false},"author":2,"featured_media":12631,"comment_status":"closed","ping_status":"open","sticky":false,"template":"","format":"standard","meta":{"jnews-multi-image_gallery":[],"jnews_single_post":{"subtitle":"","format":"standard","video":"","gallery":"","source_name":"","source_url":"","via_name":"","via_url":"","override":[{"single_blog_custom":"","sidebar":"","second_sidebar":"","share_position":"","share_float_style":"","post_date_format":"","post_date_format_custom":"","post_reading_time_wpm":"","zoom_button_out_step":"1","zoom_button_in_step":"1","number_popup_post":"1"}],"image_override":[{"single_post_thumbnail_size":"","single_post_gallery_size":""}],"trending_post_position":"","trending_post_label":"","sponsored_post_label":"","sponsored_post_name":"","sponsored_post_url":"","sponsored_post_logo":"","sponsored_post_desc":""},"jnews_primary_category":{"id":"274"},"footnotes":""},"categories":[25],"tags":[18,240],"class_list":["post-14678","post","type-post","status-publish","format-standard","has-post-thumbnail","hentry","category-rumors","tag-ipad","tag-ipad-air"],"yoast_head":"<!-- This site is optimized with the Yoast SEO Premium plugin v27.5 (Yoast SEO v27.5) - https:\/\/yoast.com\/product\/yoast-seo-premium-wordpress\/ -->\n<title>iPad Air 4 Leak: Neue Bilder enth\u00fcllen Design Apfelpatient<\/title>\n<meta name=\"description\" content=\"Der Leaker erkl\u00e4rte Anfang des Jahres, dass das neue iPad Air ebenfalls \u00fcber schmale R\u00e4nder verf\u00fcgen aber nicht mit Face ID ausgestattet wird\" \/>\n<meta name=\"robots\" content=\"index, follow, max-snippet:-1, max-image-preview:large, max-video-preview:-1\" \/>\n<link rel=\"canonical\" href=\"https:\/\/www.apfelpatient.de\/en\/rumors\/ipad-air-4-leak-new-images-reveal-design\" \/>\n<meta property=\"og:locale\" content=\"en_US\" \/>\n<meta property=\"og:type\" content=\"article\" \/>\n<meta property=\"og:title\" content=\"iPad Air 4 Leak: Neue Bilder enth\u00fcllen Design\" \/>\n<meta property=\"og:description\" content=\"Der Leaker erkl\u00e4rte Anfang des Jahres, dass das neue iPad Air ebenfalls \u00fcber schmale R\u00e4nder verf\u00fcgen aber nicht mit Face ID ausgestattet wird\" \/>\n<meta property=\"og:url\" content=\"https:\/\/www.apfelpatient.de\/en\/rumors\/ipad-air-4-leak-new-images-reveal-design\" \/>\n<meta property=\"og:site_name\" content=\"Apfelpatient\" \/>\n<meta property=\"article:publisher\" content=\"https:\/\/www.facebook.com\/apfelpatientOfficial\" \/>\n<meta property=\"article:author\" content=\"https:\/\/www.facebook.com\/apfelpatientOfficial\" \/>\n<meta property=\"article:published_time\" content=\"2020-08-27T11:01:11+00:00\" \/>\n<meta property=\"og:image\" content=\"https:\/\/www.apfelpatient.de\/wp-content\/uploads\/2020\/05\/bigstock-Zagreb-Croatia-February-284983786.jpg\" \/>\n\t<meta property=\"og:image:width\" content=\"1600\" \/>\n\t<meta property=\"og:image:height\" content=\"1068\" \/>\n\t<meta property=\"og:image:type\" content=\"image\/jpeg\" \/>\n<meta name=\"author\" content=\"Milan\" \/>\n<meta name=\"twitter:card\" content=\"summary_large_image\" \/>\n<meta name=\"twitter:description\" content=\"Der Leaker erkl\u00e4rte Anfang des Jahres, dass das neue iPad Air ebenfalls \u00fcber schmale R\u00e4nder verf\u00fcgen aber nicht mit Face ID ausgestattet wird\" \/>\n<meta name=\"twitter:label1\" content=\"Written by\" \/>\n\t<meta name=\"twitter:data1\" content=\"Milan\" \/>\n\t<meta name=\"twitter:label2\" content=\"Est. reading time\" \/>\n\t<meta name=\"twitter:data2\" content=\"2 minutes\" \/>\n<script type=\"application\/ld+json\" class=\"yoast-schema-graph\">{\"@context\":\"https:\\\/\\\/schema.org\",\"@graph\":[{\"@type\":\"NewsArticle\",\"@id\":\"https:\\\/\\\/www.apfelpatient.de\\\/en\\\/rumors\\\/ipad-air-4-leak-neue-bilder-enthuellen-design#article\",\"isPartOf\":{\"@id\":\"https:\\\/\\\/www.apfelpatient.de\\\/en\\\/rumors\\\/ipad-air-4-leak-neue-bilder-enthuellen-design\"},\"author\":{\"@type\":\"Organization\",\"@id\":\"https:\\\/\\\/www.apfelpatient.de\\\/en\\\/#organization\",\"name\":\"Apfelpatient\",\"url\":\"https:\\\/\\\/www.apfelpatient.de\\\/en\\\/\"},\"headline\":\"iPad Air 4 Leak: Neue Bilder enth\u00fcllen Design\",\"datePublished\":\"2020-08-27T11:01:11+00:00\",\"mainEntityOfPage\":{\"@id\":\"https:\\\/\\\/www.apfelpatient.de\\\/en\\\/rumors\\\/ipad-air-4-leak-neue-bilder-enthuellen-design\"},\"wordCount\":329,\"publisher\":{\"@type\":\"Organization\",\"@id\":\"https:\\\/\\\/www.apfelpatient.de\\\/en\\\/#organization\",\"name\":\"Apfelpatient\",\"url\":\"https:\\\/\\\/www.apfelpatient.de\\\/en\\\/\"},\"image\":{\"@id\":\"https:\\\/\\\/www.apfelpatient.de\\\/en\\\/rumors\\\/ipad-air-4-leak-neue-bilder-enthuellen-design#primaryimage\"},\"thumbnailUrl\":\"https:\\\/\\\/www.apfelpatient.de\\\/wp-content\\\/uploads\\\/2020\\\/05\\\/bigstock-Zagreb-Croatia-February-284983786.jpg\",\"keywords\":[\"iPad\",\"iPad Air\"],\"articleSection\":\"Rumors\",\"inLanguage\":\"en-US\",\"copyrightYear\":\"2020\",\"copyrightHolder\":{\"@id\":\"https:\\\/\\\/www.apfelpatient.de\\\/en\\\/#organization\"}},{\"@type\":\"WebPage\",\"@id\":\"https:\\\/\\\/www.apfelpatient.de\\\/en\\\/rumors\\\/ipad-air-4-leak-neue-bilder-enthuellen-design\",\"url\":\"https:\\\/\\\/www.apfelpatient.de\\\/en\\\/rumors\\\/ipad-air-4-leak-neue-bilder-enthuellen-design\",\"name\":\"iPad Air 4 Leak: Neue Bilder enth\u00fcllen Design Apfelpatient\",\"isPartOf\":{\"@id\":\"https:\\\/\\\/www.apfelpatient.de\\\/#website\"},\"primaryImageOfPage\":{\"@id\":\"https:\\\/\\\/www.apfelpatient.de\\\/en\\\/rumors\\\/ipad-air-4-leak-neue-bilder-enthuellen-design#primaryimage\"},\"image\":{\"@id\":\"https:\\\/\\\/www.apfelpatient.de\\\/en\\\/rumors\\\/ipad-air-4-leak-neue-bilder-enthuellen-design#primaryimage\"},\"thumbnailUrl\":\"https:\\\/\\\/www.apfelpatient.de\\\/wp-content\\\/uploads\\\/2020\\\/05\\\/bigstock-Zagreb-Croatia-February-284983786.jpg\",\"datePublished\":\"2020-08-27T11:01:11+00:00\",\"description\":\"Der Leaker erkl\u00e4rte Anfang des Jahres, dass das neue iPad Air ebenfalls \u00fcber schmale R\u00e4nder verf\u00fcgen aber nicht mit Face ID ausgestattet wird\",\"breadcrumb\":{\"@id\":\"https:\\\/\\\/www.apfelpatient.de\\\/en\\\/rumors\\\/ipad-air-4-leak-neue-bilder-enthuellen-design#breadcrumb\"},\"inLanguage\":\"en-US\",\"potentialAction\":[{\"@type\":\"ReadAction\",\"target\":[\"https:\\\/\\\/www.apfelpatient.de\\\/en\\\/rumors\\\/ipad-air-4-leak-neue-bilder-enthuellen-design\"]}]},{\"@type\":\"ImageObject\",\"inLanguage\":\"en-US\",\"@id\":\"https:\\\/\\\/www.apfelpatient.de\\\/en\\\/rumors\\\/ipad-air-4-leak-neue-bilder-enthuellen-design#primaryimage\",\"url\":\"https:\\\/\\\/www.apfelpatient.de\\\/wp-content\\\/uploads\\\/2020\\\/05\\\/bigstock-Zagreb-Croatia-February-284983786.jpg\",\"contentUrl\":\"https:\\\/\\\/www.apfelpatient.de\\\/wp-content\\\/uploads\\\/2020\\\/05\\\/bigstock-Zagreb-Croatia-February-284983786.jpg\",\"width\":1600,\"height\":1068,\"caption\":\"ZAGREB, CROATIA - FEBRUARY 18, 2019: The back of the Apple iPad Pro 11 inch with Apple Pencil 2 on white marble background. Newly opened silver iPad Pro 11 inch and Apple Pencil 2 surrounded by boxes.\"},{\"@type\":\"BreadcrumbList\",\"@id\":\"https:\\\/\\\/www.apfelpatient.de\\\/en\\\/rumors\\\/ipad-air-4-leak-neue-bilder-enthuellen-design#breadcrumb\",\"itemListElement\":[{\"@type\":\"ListItem\",\"position\":1,\"name\":\"Startseite\",\"item\":\"https:\\\/\\\/www.apfelpatient.de\\\/\"},{\"@type\":\"ListItem\",\"position\":2,\"name\":\"iPad Air 4 Leak: Neue Bilder enth\u00fcllen Design\"}]},{\"@type\":\"WebSite\",\"@id\":\"https:\\\/\\\/www.apfelpatient.de\\\/#website\",\"url\":\"https:\\\/\\\/www.apfelpatient.de\\\/\",\"name\":\"Apfelpatient\",\"description\":\"Alles rund um Apple!\",\"publisher\":{\"@type\":\"Organization\",\"@id\":\"https:\\\/\\\/www.apfelpatient.de\\\/en\\\/#organization\",\"name\":\"Apfelpatient\",\"url\":\"https:\\\/\\\/www.apfelpatient.de\\\/en\\\/\"},\"alternateName\":\"Apfelpatient\",\"potentialAction\":[{\"@type\":\"SearchAction\",\"target\":{\"@type\":\"EntryPoint\",\"urlTemplate\":\"https:\\\/\\\/www.apfelpatient.de\\\/?s={search_term_string}\"},\"query-input\":{\"@type\":\"PropertyValueSpecification\",\"valueRequired\":true,\"valueName\":\"search_term_string\"}}],\"inLanguage\":\"en-US\"},{\"@type\":[\"Person\",\"Organization\"],\"@id\":\"https:\\\/\\\/www.apfelpatient.de\\\/#\\\/schema\\\/person\\\/7dc56ad6c8e9824b76d2c08d4c140e13\",\"name\":\"Milan\",\"logo\":{\"@id\":\"https:\\\/\\\/www.apfelpatient.de\\\/#\\\/schema\\\/person\\\/image\\\/\"},\"description\":\"Hallo und herzlich willkommen auf meinem Technik-Blog! Als gro\u00dfer Apple-Fan berichte ich hier \u00fcber alles, was mit Apple zu tun hat: von den neuesten News und spannenden Ger\u00fcchten \u00fcber hilfreiche Tipps und Tricks bis hin zu ausf\u00fchrlichen Produkttests. Wenn du genauso technikbegeistert bist wie ich, bist du hier genau richtig!\",\"sameAs\":[\"https:\\\/\\\/www.facebook.com\\\/apfelpatientOfficial\",\"https:\\\/\\\/www.linkedin.com\\\/in\\\/milan-jovicic-42aa0231b\"],\"url\":\"https:\\\/\\\/www.apfelpatient.de\\\/en\\\/author\\\/apfeladmin\"}]}<\/script>\n<!-- \/ Yoast SEO Premium plugin. -->","yoast_head_json":{"title":"iPad Air 4 Leak: New Images Reveal Design Apfelpatient","description":"The leaker explained earlier this year that the new iPad Air will also have narrow bezels but will not be equipped with Face ID","robots":{"index":"index","follow":"follow","max-snippet":"max-snippet:-1","max-image-preview":"max-image-preview:large","max-video-preview":"max-video-preview:-1"},"canonical":"https:\/\/www.apfelpatient.de\/en\/rumors\/ipad-air-4-leak-new-images-reveal-design","og_locale":"en_US","og_type":"article","og_title":"iPad Air 4 Leak: Neue Bilder enth\u00fcllen Design","og_description":"Der Leaker erkl\u00e4rte Anfang des Jahres, dass das neue iPad Air ebenfalls \u00fcber schmale R\u00e4nder verf\u00fcgen aber nicht mit Face ID ausgestattet wird","og_url":"https:\/\/www.apfelpatient.de\/en\/rumors\/ipad-air-4-leak-new-images-reveal-design","og_site_name":"Apfelpatient","article_publisher":"https:\/\/www.facebook.com\/apfelpatientOfficial","article_author":"https:\/\/www.facebook.com\/apfelpatientOfficial","article_published_time":"2020-08-27T11:01:11+00:00","og_image":[{"width":1600,"height":1068,"url":"https:\/\/www.apfelpatient.de\/wp-content\/uploads\/2020\/05\/bigstock-Zagreb-Croatia-February-284983786.jpg","type":"image\/jpeg"}],"author":"Milan","twitter_card":"summary_large_image","twitter_description":"Der Leaker erkl\u00e4rte Anfang des Jahres, dass das neue iPad Air ebenfalls \u00fcber schmale R\u00e4nder verf\u00fcgen aber nicht mit Face ID ausgestattet wird","twitter_misc":{"Written by":"Milan","Est. reading time":"2 minutes"},"schema":{"@context":"https:\/\/schema.org","@graph":[{"@type":"NewsArticle","@id":"https:\/\/www.apfelpatient.de\/en\/rumors\/ipad-air-4-leak-neue-bilder-enthuellen-design#article","isPartOf":{"@id":"https:\/\/www.apfelpatient.de\/en\/rumors\/ipad-air-4-leak-neue-bilder-enthuellen-design"},"author":{"@type":"Organization","@id":"https:\/\/www.apfelpatient.de\/en\/#organization","name":"Apfelpatient","url":"https:\/\/www.apfelpatient.de\/en\/"},"headline":"iPad Air 4 Leak: Neue Bilder enth\u00fcllen Design","datePublished":"2020-08-27T11:01:11+00:00","mainEntityOfPage":{"@id":"https:\/\/www.apfelpatient.de\/en\/rumors\/ipad-air-4-leak-neue-bilder-enthuellen-design"},"wordCount":329,"publisher":{"@type":"Organization","@id":"https:\/\/www.apfelpatient.de\/en\/#organization","name":"Apfelpatient","url":"https:\/\/www.apfelpatient.de\/en\/"},"image":{"@id":"https:\/\/www.apfelpatient.de\/en\/rumors\/ipad-air-4-leak-neue-bilder-enthuellen-design#primaryimage"},"thumbnailUrl":"https:\/\/www.apfelpatient.de\/wp-content\/uploads\/2020\/05\/bigstock-Zagreb-Croatia-February-284983786.jpg","keywords":["iPad","iPad Air"],"articleSection":"Rumors","inLanguage":"en-US","copyrightYear":"2020","copyrightHolder":{"@id":"https:\/\/www.apfelpatient.de\/en\/#organization"}},{"@type":"WebPage","@id":"https:\/\/www.apfelpatient.de\/en\/rumors\/ipad-air-4-leak-neue-bilder-enthuellen-design","url":"https:\/\/www.apfelpatient.de\/en\/rumors\/ipad-air-4-leak-neue-bilder-enthuellen-design","name":"iPad Air 4 Leak: New Images Reveal Design Apfelpatient","isPartOf":{"@id":"https:\/\/www.apfelpatient.de\/#website"},"primaryImageOfPage":{"@id":"https:\/\/www.apfelpatient.de\/en\/rumors\/ipad-air-4-leak-neue-bilder-enthuellen-design#primaryimage"},"image":{"@id":"https:\/\/www.apfelpatient.de\/en\/rumors\/ipad-air-4-leak-neue-bilder-enthuellen-design#primaryimage"},"thumbnailUrl":"https:\/\/www.apfelpatient.de\/wp-content\/uploads\/2020\/05\/bigstock-Zagreb-Croatia-February-284983786.jpg","datePublished":"2020-08-27T11:01:11+00:00","description":"The leaker explained earlier this year that the new iPad Air will also have narrow bezels but will not be equipped with Face ID","breadcrumb":{"@id":"https:\/\/www.apfelpatient.de\/en\/rumors\/ipad-air-4-leak-neue-bilder-enthuellen-design#breadcrumb"},"inLanguage":"en-US","potentialAction":[{"@type":"ReadAction","target":["https:\/\/www.apfelpatient.de\/en\/rumors\/ipad-air-4-leak-neue-bilder-enthuellen-design"]}]},{"@type":"ImageObject","inLanguage":"en-US","@id":"https:\/\/www.apfelpatient.de\/en\/rumors\/ipad-air-4-leak-neue-bilder-enthuellen-design#primaryimage","url":"https:\/\/www.apfelpatient.de\/wp-content\/uploads\/2020\/05\/bigstock-Zagreb-Croatia-February-284983786.jpg","contentUrl":"https:\/\/www.apfelpatient.de\/wp-content\/uploads\/2020\/05\/bigstock-Zagreb-Croatia-February-284983786.jpg","width":1600,"height":1068,"caption":"ZAGREB, CROATIA - FEBRUARY 18, 2019: The back of the Apple iPad Pro 11 inch with Apple Pencil 2 on white marble background. Newly opened silver iPad Pro 11 inch and Apple Pencil 2 surrounded by boxes."},{"@type":"BreadcrumbList","@id":"https:\/\/www.apfelpatient.de\/en\/rumors\/ipad-air-4-leak-neue-bilder-enthuellen-design#breadcrumb","itemListElement":[{"@type":"ListItem","position":1,"name":"Startseite","item":"https:\/\/www.apfelpatient.de\/"},{"@type":"ListItem","position":2,"name":"iPad Air 4 Leak: Neue Bilder enth\u00fcllen Design"}]},{"@type":"WebSite","@id":"https:\/\/www.apfelpatient.de\/#website","url":"https:\/\/www.apfelpatient.de\/","name":"apple patient","description":"Everything about Apple!","publisher":{"@type":"Organization","@id":"https:\/\/www.apfelpatient.de\/en\/#organization","name":"Apfelpatient","url":"https:\/\/www.apfelpatient.de\/en\/"},"alternateName":"Apfelpatient","potentialAction":[{"@type":"SearchAction","target":{"@type":"EntryPoint","urlTemplate":"https:\/\/www.apfelpatient.de\/?s={search_term_string}"},"query-input":{"@type":"PropertyValueSpecification","valueRequired":true,"valueName":"search_term_string"}}],"inLanguage":"en-US"},{"@type":["Person","Organization"],"@id":"https:\/\/www.apfelpatient.de\/#\/schema\/person\/7dc56ad6c8e9824b76d2c08d4c140e13","name":"Milan","logo":{"@id":"https:\/\/www.apfelpatient.de\/#\/schema\/person\/image\/"},"description":"Hello and welcome to my technology blog! As a big Apple fan, I report on everything to do with Apple: from the latest news and exciting rumors to helpful tips and tricks and detailed product tests. If you are as enthusiastic about technology as I am, you have come to the right place!","sameAs":["https:\/\/www.facebook.com\/apfelpatientOfficial","https:\/\/www.linkedin.com\/in\/milan-jovicic-42aa0231b"],"url":"https:\/\/www.apfelpatient.de\/en\/author\/apfeladmin"}]}},"_links":{"self":[{"href":"https:\/\/www.apfelpatient.de\/en\/wp-json\/wp\/v2\/posts\/14678","targetHints":{"allow":["GET"]}}],"collection":[{"href":"https:\/\/www.apfelpatient.de\/en\/wp-json\/wp\/v2\/posts"}],"about":[{"href":"https:\/\/www.apfelpatient.de\/en\/wp-json\/wp\/v2\/types\/post"}],"author":[{"embeddable":true,"href":"https:\/\/www.apfelpatient.de\/en\/wp-json\/wp\/v2\/users\/2"}],"replies":[{"embeddable":true,"href":"https:\/\/www.apfelpatient.de\/en\/wp-json\/wp\/v2\/comments?post=14678"}],"version-history":[{"count":0,"href":"https:\/\/www.apfelpatient.de\/en\/wp-json\/wp\/v2\/posts\/14678\/revisions"}],"wp:featuredmedia":[{"embeddable":true,"href":"https:\/\/www.apfelpatient.de\/en\/wp-json\/wp\/v2\/media\/12631"}],"wp:attachment":[{"href":"https:\/\/www.apfelpatient.de\/en\/wp-json\/wp\/v2\/media?parent=14678"}],"wp:term":[{"taxonomy":"category","embeddable":true,"href":"https:\/\/www.apfelpatient.de\/en\/wp-json\/wp\/v2\/categories?post=14678"},{"taxonomy":"post_tag","embeddable":true,"href":"https:\/\/www.apfelpatient.de\/en\/wp-json\/wp\/v2\/tags?post=14678"}],"curies":[{"name":"wp","href":"https:\/\/api.w.org\/{rel}","templated":true}]}}