{"id":14566,"date":"2020-08-20T19:54:05","date_gmt":"2020-08-20T17:54:05","guid":{"rendered":"https:\/\/www.apfelpatient.de\/?p=14566"},"modified":"2020-08-20T19:54:05","modified_gmt":"2020-08-20T17:54:05","slug":"iphone-12-has-apple-revealed-the-keynote-date","status":"publish","type":"post","link":"https:\/\/www.apfelpatient.de\/en\/news\/iphone-12-hat-apple-das-keynote-datum-verraten","title":{"rendered":"iPhone 12: Did Apple reveal the keynote date?"},"content":{"rendered":"<p class=\"has-drop-cap\"><strong>Apple is currently expected to unveil the iPhone 12 series, Apple Watch Series 6, and more in September. Now Cupertino may have revealed the date itself.<\/strong><\/p>\n\n\n\n<p>This year, Apple will most likely unveil the iPhone 12 and Co. in the form of a digital keynote. A press release would of course be the alternative. But when exactly could it happen? Two leakers have already given a date <a href=\"https:\/\/www.apfelpatient.de\/en\/rumors\/leaker-hints-at-iphone-12-presentation-and-more\" class=\"ek-link\"><span style=\"text-decoration: underline;\" class=\"ek-underline\">called<\/span><\/a>Both are known for their high hit rate. September 7th and 8th are being considered. But this time both could be wrong. Apple started a livestream test on YouTube a few hours ago and quickly deleted it. But thousands of users were able to take pictures of it.&nbsp;<\/p>\n\n\n\n<h3 class=\"wp-block-heading\">iPhone 12: An atypical day for a keynote<\/h3>\n\n\n\n\n\n\n\n<p>The interesting thing is the date. As you can see in the picture, September 10th was mentioned. This would be a Thursday and therefore very untypical for Apple. The company usually holds such events on Tuesdays and Wednesdays. <a href=\"https:\/\/www.reddit.com\/r\/apple\/comments\/idegrc\/apple_are_testing_their_livestream_on_youtube_for\/\" class=\"ek-link\"><span style=\"text-decoration: underline;\" class=\"ek-underline\">events<\/span><\/a>. <\/p>\n\n\n\n<figure class=\"wp-block-image size-large\"><img decoding=\"async\" src=\"https:\/\/www.apfelpatient.de\/wp-content\/uploads\/2020\/08\/jOgUcnM-1024x872.jpg\" alt=\"via Reddit\" class=\"wp-image-14567\"\/><figcaption><a href=\"https:\/\/www.reddit.com\/r\/apple\/comments\/idegrc\/apple_are_testing_their_livestream_on_youtube_for\/\" class=\"ek-link\"><span style=\"text-decoration: underline;\" class=\"ek-underline\">via Reddit<\/span><\/a><\/figcaption><\/figure>\n\n\n\n<p>But nothing is normal this year anyway. So it would not be a surprise if the next digital keynote takes place on a completely unexpected calendar day. If the date is actually correct, an announcement can be expected very soon. The company usually sends out invitations about a week before the keynote. We may continue this tradition this year as well. <em>(Image: Apple)<\/em><\/p>\n\n\n\n<ul class=\"wp-block-list\"><li><a href=\"https:\/\/www.apfelpatient.de\/en\/rumors\/concept-images-show-iphone-12-with-5-4-in-seven-colors\" class=\"ek-link\"><span style=\"text-decoration: underline;\" class=\"ek-underline\">Concept: Images show iPhone 12 with 5.4\u2033 in seven colors<\/span><\/a><\/li><\/ul>\n\n\n\n<h6 class=\"wp-block-heading translation-block\" id=\"h-kennt-ihr-schon-unsere-amazon-storefront-dort-findet-ihr-eine-handverlesene-auswahl-von-diversen-produkten-f-r-euer-iphone-und-co-viel-spa-beim-st-bern\"><em>Have you already visited our Amazon Storefront? There you&#039;ll find a hand-picked selection of various products for your iPhone and other devices \u2013 <span class=\"has-inline-color has-vivid-red-color\"><a href=\"https:\/\/www.amazon.de\/shop\/apfelpatientofficial\" class=\"ek-link\" data-wpel-link=\"exclude\" rel=\"follow noopener\" target=\"_self\"><span style=\"text-decoration: underline\" class=\"ek-underline\">enjoy browsing<\/span><\/a> !<\/span><\/em><\/h6>\n\n\n\n\n\n<h6 class=\"wp-block-heading translation-block\" id=\"h-der-beitrag-enthalt-partnerlinks\">This post contains <a data-type=\"URL\" data-id=\"https:\/\/www.apfelpatient.de\/partnerprogramm\" href=\"https:\/\/www.apfelpatient.de\/en\/partner-program\" data-wpel-link=\"internal\" target=\"_self\">affiliate links<\/a>.<\/h6>","protected":false},"excerpt":{"rendered":"<p>Apple Keynote: Apple is currently expected to unveil the iPhone 12 series, Apple Watch Series 6, and more in September.<\/p>","protected":false},"author":2,"featured_media":13786,"comment_status":"closed","ping_status":"open","sticky":false,"template":"","format":"standard","meta":{"jnews-multi-image_gallery":[],"jnews_single_post":{"subtitle":"","format":"standard","video":"","gallery":"","source_name":"","source_url":"","via_name":"","via_url":"","override":[{"single_blog_custom":"","sidebar":"","second_sidebar":"","share_position":"","share_float_style":"","post_date_format":"","post_date_format_custom":"","post_reading_time_wpm":"","zoom_button_out_step":"1","zoom_button_in_step":"1","number_popup_post":"1"}],"image_override":[{"single_post_thumbnail_size":"","single_post_gallery_size":""}],"trending_post_position":"","trending_post_label":"","sponsored_post_label":"","sponsored_post_name":"","sponsored_post_url":"","sponsored_post_logo":"","sponsored_post_desc":""},"jnews_primary_category":{"id":"265"},"footnotes":""},"categories":[9],"tags":[14,20,8,321,254,113],"class_list":["post-14566","post","type-post","status-publish","format-standard","has-post-thumbnail","hentry","category-news","tag-apple-watch","tag-apple-watch-series-6","tag-iphone","tag-iphone-12","tag-iphone-2020","tag-keynote"],"yoast_head":"<!-- This site is optimized with the Yoast SEO Premium plugin v27.5 (Yoast SEO v27.5) - https:\/\/yoast.com\/product\/yoast-seo-premium-wordpress\/ -->\n<title>iPhone 12: Hat Apple das Keynote Datum verraten? Apfelpatient<\/title>\n<meta name=\"description\" content=\"Apple Keynote: Aktuell wird erwartet, dass Apple im September die iPhone 12 Reihe, Apple Watch Series 6 und mehr vorstellt.\" \/>\n<meta name=\"robots\" content=\"index, follow, max-snippet:-1, max-image-preview:large, max-video-preview:-1\" \/>\n<link rel=\"canonical\" href=\"https:\/\/www.apfelpatient.de\/en\/news\/iphone-12-has-apple-revealed-the-keynote-date\" \/>\n<meta property=\"og:locale\" content=\"en_US\" \/>\n<meta property=\"og:type\" content=\"article\" \/>\n<meta property=\"og:title\" content=\"iPhone 12: Hat Apple das Keynote Datum verraten?\" \/>\n<meta property=\"og:description\" content=\"Apple Keynote: Aktuell wird erwartet, dass Apple im September die iPhone 12 Reihe, Apple Watch Series 6 und mehr vorstellt.\" \/>\n<meta property=\"og:url\" content=\"https:\/\/www.apfelpatient.de\/en\/news\/iphone-12-has-apple-revealed-the-keynote-date\" \/>\n<meta property=\"og:site_name\" content=\"Apfelpatient\" \/>\n<meta property=\"article:publisher\" content=\"https:\/\/www.facebook.com\/apfelpatientOfficial\" \/>\n<meta property=\"article:author\" content=\"https:\/\/www.facebook.com\/apfelpatientOfficial\" \/>\n<meta property=\"article:published_time\" content=\"2020-08-20T17:54:05+00:00\" \/>\n<meta property=\"og:image\" content=\"https:\/\/www.apfelpatient.de\/wp-content\/uploads\/2020\/07\/Apple_Keynote-Event_Phil-Schiller-iPhone-11-Pro_091019.jpg\" \/>\n\t<meta property=\"og:image:width\" content=\"3008\" \/>\n\t<meta property=\"og:image:height\" content=\"2000\" \/>\n\t<meta property=\"og:image:type\" content=\"image\/jpeg\" \/>\n<meta name=\"author\" content=\"Milan\" \/>\n<meta name=\"twitter:card\" content=\"summary_large_image\" \/>\n<meta name=\"twitter:description\" content=\"Apple Keynote: Aktuell wird erwartet, dass Apple im September die iPhone 12 Reihe, Apple Watch Series 6 und mehr vorstellt.\" \/>\n<meta name=\"twitter:label1\" content=\"Written by\" \/>\n\t<meta name=\"twitter:data1\" content=\"Milan\" \/>\n\t<meta name=\"twitter:label2\" content=\"Est. reading time\" \/>\n\t<meta name=\"twitter:data2\" content=\"1 minute\" \/>\n<script type=\"application\/ld+json\" class=\"yoast-schema-graph\">{\"@context\":\"https:\\\/\\\/schema.org\",\"@graph\":[{\"@type\":\"NewsArticle\",\"@id\":\"https:\\\/\\\/www.apfelpatient.de\\\/news\\\/iphone-12-hat-apple-das-keynote-datum-verraten#article\",\"isPartOf\":{\"@id\":\"https:\\\/\\\/www.apfelpatient.de\\\/news\\\/iphone-12-hat-apple-das-keynote-datum-verraten\"},\"author\":{\"@type\":\"Organization\",\"@id\":\"https:\\\/\\\/www.apfelpatient.de\\\/en\\\/#organization\",\"name\":\"Apfelpatient\",\"url\":\"https:\\\/\\\/www.apfelpatient.de\\\/en\\\/\"},\"headline\":\"iPhone 12: Hat Apple das Keynote Datum verraten?\",\"datePublished\":\"2020-08-20T17:54:05+00:00\",\"mainEntityOfPage\":{\"@id\":\"https:\\\/\\\/www.apfelpatient.de\\\/news\\\/iphone-12-hat-apple-das-keynote-datum-verraten\"},\"wordCount\":254,\"publisher\":{\"@type\":\"Organization\",\"@id\":\"https:\\\/\\\/www.apfelpatient.de\\\/en\\\/#organization\",\"name\":\"Apfelpatient\",\"url\":\"https:\\\/\\\/www.apfelpatient.de\\\/en\\\/\"},\"image\":{\"@id\":\"https:\\\/\\\/www.apfelpatient.de\\\/news\\\/iphone-12-hat-apple-das-keynote-datum-verraten#primaryimage\"},\"thumbnailUrl\":\"https:\\\/\\\/www.apfelpatient.de\\\/wp-content\\\/uploads\\\/2020\\\/07\\\/Apple_Keynote-Event_Phil-Schiller-iPhone-11-Pro_091019.jpg\",\"keywords\":[\"Apple Watch\",\"Apple Watch Series 6\",\"iPhone\",\"iPhone 12\",\"iPhone 2020\",\"Keynote\"],\"articleSection\":\"News\",\"inLanguage\":\"en-US\",\"copyrightYear\":\"2020\",\"copyrightHolder\":{\"@id\":\"https:\\\/\\\/www.apfelpatient.de\\\/en\\\/#organization\"}},{\"@type\":\"WebPage\",\"@id\":\"https:\\\/\\\/www.apfelpatient.de\\\/news\\\/iphone-12-hat-apple-das-keynote-datum-verraten\",\"url\":\"https:\\\/\\\/www.apfelpatient.de\\\/news\\\/iphone-12-hat-apple-das-keynote-datum-verraten\",\"name\":\"iPhone 12: Hat Apple das Keynote Datum verraten? Apfelpatient\",\"isPartOf\":{\"@id\":\"https:\\\/\\\/www.apfelpatient.de\\\/#website\"},\"primaryImageOfPage\":{\"@id\":\"https:\\\/\\\/www.apfelpatient.de\\\/news\\\/iphone-12-hat-apple-das-keynote-datum-verraten#primaryimage\"},\"image\":{\"@id\":\"https:\\\/\\\/www.apfelpatient.de\\\/news\\\/iphone-12-hat-apple-das-keynote-datum-verraten#primaryimage\"},\"thumbnailUrl\":\"https:\\\/\\\/www.apfelpatient.de\\\/wp-content\\\/uploads\\\/2020\\\/07\\\/Apple_Keynote-Event_Phil-Schiller-iPhone-11-Pro_091019.jpg\",\"datePublished\":\"2020-08-20T17:54:05+00:00\",\"description\":\"Apple Keynote: Aktuell wird erwartet, dass Apple im September die iPhone 12 Reihe, Apple Watch Series 6 und mehr vorstellt.\",\"breadcrumb\":{\"@id\":\"https:\\\/\\\/www.apfelpatient.de\\\/news\\\/iphone-12-hat-apple-das-keynote-datum-verraten#breadcrumb\"},\"inLanguage\":\"en-US\",\"potentialAction\":[{\"@type\":\"ReadAction\",\"target\":[\"https:\\\/\\\/www.apfelpatient.de\\\/news\\\/iphone-12-hat-apple-das-keynote-datum-verraten\"]}]},{\"@type\":\"ImageObject\",\"inLanguage\":\"en-US\",\"@id\":\"https:\\\/\\\/www.apfelpatient.de\\\/news\\\/iphone-12-hat-apple-das-keynote-datum-verraten#primaryimage\",\"url\":\"https:\\\/\\\/www.apfelpatient.de\\\/wp-content\\\/uploads\\\/2020\\\/07\\\/Apple_Keynote-Event_Phil-Schiller-iPhone-11-Pro_091019.jpg\",\"contentUrl\":\"https:\\\/\\\/www.apfelpatient.de\\\/wp-content\\\/uploads\\\/2020\\\/07\\\/Apple_Keynote-Event_Phil-Schiller-iPhone-11-Pro_091019.jpg\",\"width\":3008,\"height\":2000,\"caption\":\"Bild: Apple\"},{\"@type\":\"BreadcrumbList\",\"@id\":\"https:\\\/\\\/www.apfelpatient.de\\\/news\\\/iphone-12-hat-apple-das-keynote-datum-verraten#breadcrumb\",\"itemListElement\":[{\"@type\":\"ListItem\",\"position\":1,\"name\":\"Startseite\",\"item\":\"https:\\\/\\\/www.apfelpatient.de\\\/\"},{\"@type\":\"ListItem\",\"position\":2,\"name\":\"iPhone 12: Hat Apple das Keynote Datum verraten?\"}]},{\"@type\":\"WebSite\",\"@id\":\"https:\\\/\\\/www.apfelpatient.de\\\/#website\",\"url\":\"https:\\\/\\\/www.apfelpatient.de\\\/\",\"name\":\"Apfelpatient\",\"description\":\"Alles rund um Apple!\",\"publisher\":{\"@type\":\"Organization\",\"@id\":\"https:\\\/\\\/www.apfelpatient.de\\\/en\\\/#organization\",\"name\":\"Apfelpatient\",\"url\":\"https:\\\/\\\/www.apfelpatient.de\\\/en\\\/\"},\"alternateName\":\"Apfelpatient\",\"potentialAction\":[{\"@type\":\"SearchAction\",\"target\":{\"@type\":\"EntryPoint\",\"urlTemplate\":\"https:\\\/\\\/www.apfelpatient.de\\\/?s={search_term_string}\"},\"query-input\":{\"@type\":\"PropertyValueSpecification\",\"valueRequired\":true,\"valueName\":\"search_term_string\"}}],\"inLanguage\":\"en-US\"},{\"@type\":[\"Person\",\"Organization\"],\"@id\":\"https:\\\/\\\/www.apfelpatient.de\\\/#\\\/schema\\\/person\\\/35b3ddba5832f2bfc7fff5206d4f6b7b\",\"name\":\"Milan\",\"logo\":{\"@id\":\"https:\\\/\\\/www.apfelpatient.de\\\/#\\\/schema\\\/person\\\/image\\\/\"},\"description\":\"Hallo und herzlich willkommen auf meinem Technik-Blog! Als gro\u00dfer Apple-Fan berichte ich hier \u00fcber alles, was mit Apple zu tun hat: von den neuesten News und spannenden Ger\u00fcchten \u00fcber hilfreiche Tipps und Tricks bis hin zu ausf\u00fchrlichen Produkttests. Wenn du genauso technikbegeistert bist wie ich, bist du hier genau richtig!\",\"sameAs\":[\"https:\\\/\\\/www.facebook.com\\\/apfelpatientOfficial\",\"https:\\\/\\\/www.linkedin.com\\\/in\\\/milan-jovicic-42aa0231b\"],\"url\":\"https:\\\/\\\/www.apfelpatient.de\\\/en\\\/author\\\/apfeladmin\"}]}<\/script>\n<!-- \/ Yoast SEO Premium plugin. -->","yoast_head_json":{"title":"iPhone 12: Did Apple reveal the keynote date? Apfelpatient","description":"Apple Keynote: Apple is currently expected to unveil the iPhone 12 series, Apple Watch Series 6, and more in September.","robots":{"index":"index","follow":"follow","max-snippet":"max-snippet:-1","max-image-preview":"max-image-preview:large","max-video-preview":"max-video-preview:-1"},"canonical":"https:\/\/www.apfelpatient.de\/en\/news\/iphone-12-has-apple-revealed-the-keynote-date","og_locale":"en_US","og_type":"article","og_title":"iPhone 12: Hat Apple das Keynote Datum verraten?","og_description":"Apple Keynote: Aktuell wird erwartet, dass Apple im September die iPhone 12 Reihe, Apple Watch Series 6 und mehr vorstellt.","og_url":"https:\/\/www.apfelpatient.de\/en\/news\/iphone-12-has-apple-revealed-the-keynote-date","og_site_name":"Apfelpatient","article_publisher":"https:\/\/www.facebook.com\/apfelpatientOfficial","article_author":"https:\/\/www.facebook.com\/apfelpatientOfficial","article_published_time":"2020-08-20T17:54:05+00:00","og_image":[{"width":3008,"height":2000,"url":"https:\/\/www.apfelpatient.de\/wp-content\/uploads\/2020\/07\/Apple_Keynote-Event_Phil-Schiller-iPhone-11-Pro_091019.jpg","type":"image\/jpeg"}],"author":"Milan","twitter_card":"summary_large_image","twitter_description":"Apple Keynote: Aktuell wird erwartet, dass Apple im September die iPhone 12 Reihe, Apple Watch Series 6 und mehr vorstellt.","twitter_misc":{"Written by":"Milan","Est. reading time":"1 minute"},"schema":{"@context":"https:\/\/schema.org","@graph":[{"@type":"NewsArticle","@id":"https:\/\/www.apfelpatient.de\/news\/iphone-12-hat-apple-das-keynote-datum-verraten#article","isPartOf":{"@id":"https:\/\/www.apfelpatient.de\/news\/iphone-12-hat-apple-das-keynote-datum-verraten"},"author":{"@type":"Organization","@id":"https:\/\/www.apfelpatient.de\/en\/#organization","name":"Apfelpatient","url":"https:\/\/www.apfelpatient.de\/en\/"},"headline":"iPhone 12: Hat Apple das Keynote Datum verraten?","datePublished":"2020-08-20T17:54:05+00:00","mainEntityOfPage":{"@id":"https:\/\/www.apfelpatient.de\/news\/iphone-12-hat-apple-das-keynote-datum-verraten"},"wordCount":254,"publisher":{"@type":"Organization","@id":"https:\/\/www.apfelpatient.de\/en\/#organization","name":"Apfelpatient","url":"https:\/\/www.apfelpatient.de\/en\/"},"image":{"@id":"https:\/\/www.apfelpatient.de\/news\/iphone-12-hat-apple-das-keynote-datum-verraten#primaryimage"},"thumbnailUrl":"https:\/\/www.apfelpatient.de\/wp-content\/uploads\/2020\/07\/Apple_Keynote-Event_Phil-Schiller-iPhone-11-Pro_091019.jpg","keywords":["Apple Watch","Apple Watch Series 6","iPhone","iPhone 12","iPhone 2020","Keynote"],"articleSection":"News","inLanguage":"en-US","copyrightYear":"2020","copyrightHolder":{"@id":"https:\/\/www.apfelpatient.de\/en\/#organization"}},{"@type":"WebPage","@id":"https:\/\/www.apfelpatient.de\/news\/iphone-12-hat-apple-das-keynote-datum-verraten","url":"https:\/\/www.apfelpatient.de\/news\/iphone-12-hat-apple-das-keynote-datum-verraten","name":"iPhone 12: Did Apple reveal the keynote date? Apfelpatient","isPartOf":{"@id":"https:\/\/www.apfelpatient.de\/#website"},"primaryImageOfPage":{"@id":"https:\/\/www.apfelpatient.de\/news\/iphone-12-hat-apple-das-keynote-datum-verraten#primaryimage"},"image":{"@id":"https:\/\/www.apfelpatient.de\/news\/iphone-12-hat-apple-das-keynote-datum-verraten#primaryimage"},"thumbnailUrl":"https:\/\/www.apfelpatient.de\/wp-content\/uploads\/2020\/07\/Apple_Keynote-Event_Phil-Schiller-iPhone-11-Pro_091019.jpg","datePublished":"2020-08-20T17:54:05+00:00","description":"Apple Keynote: Apple is currently expected to unveil the iPhone 12 series, Apple Watch Series 6, and more in September.","breadcrumb":{"@id":"https:\/\/www.apfelpatient.de\/news\/iphone-12-hat-apple-das-keynote-datum-verraten#breadcrumb"},"inLanguage":"en-US","potentialAction":[{"@type":"ReadAction","target":["https:\/\/www.apfelpatient.de\/news\/iphone-12-hat-apple-das-keynote-datum-verraten"]}]},{"@type":"ImageObject","inLanguage":"en-US","@id":"https:\/\/www.apfelpatient.de\/news\/iphone-12-hat-apple-das-keynote-datum-verraten#primaryimage","url":"https:\/\/www.apfelpatient.de\/wp-content\/uploads\/2020\/07\/Apple_Keynote-Event_Phil-Schiller-iPhone-11-Pro_091019.jpg","contentUrl":"https:\/\/www.apfelpatient.de\/wp-content\/uploads\/2020\/07\/Apple_Keynote-Event_Phil-Schiller-iPhone-11-Pro_091019.jpg","width":3008,"height":2000,"caption":"Bild: Apple"},{"@type":"BreadcrumbList","@id":"https:\/\/www.apfelpatient.de\/news\/iphone-12-hat-apple-das-keynote-datum-verraten#breadcrumb","itemListElement":[{"@type":"ListItem","position":1,"name":"Startseite","item":"https:\/\/www.apfelpatient.de\/"},{"@type":"ListItem","position":2,"name":"iPhone 12: Hat Apple das Keynote Datum verraten?"}]},{"@type":"WebSite","@id":"https:\/\/www.apfelpatient.de\/#website","url":"https:\/\/www.apfelpatient.de\/","name":"apple patient","description":"Everything about Apple!","publisher":{"@type":"Organization","@id":"https:\/\/www.apfelpatient.de\/en\/#organization","name":"Apfelpatient","url":"https:\/\/www.apfelpatient.de\/en\/"},"alternateName":"Apfelpatient","potentialAction":[{"@type":"SearchAction","target":{"@type":"EntryPoint","urlTemplate":"https:\/\/www.apfelpatient.de\/?s={search_term_string}"},"query-input":{"@type":"PropertyValueSpecification","valueRequired":true,"valueName":"search_term_string"}}],"inLanguage":"en-US"},{"@type":["Person","Organization"],"@id":"https:\/\/www.apfelpatient.de\/#\/schema\/person\/35b3ddba5832f2bfc7fff5206d4f6b7b","name":"Milan","logo":{"@id":"https:\/\/www.apfelpatient.de\/#\/schema\/person\/image\/"},"description":"Hello and welcome to my technology blog! As a big Apple fan, I report on everything to do with Apple: from the latest news and exciting rumors to helpful tips and tricks and detailed product tests. If you are as enthusiastic about technology as I am, you have come to the right place!","sameAs":["https:\/\/www.facebook.com\/apfelpatientOfficial","https:\/\/www.linkedin.com\/in\/milan-jovicic-42aa0231b"],"url":"https:\/\/www.apfelpatient.de\/en\/author\/apfeladmin"}]}},"_links":{"self":[{"href":"https:\/\/www.apfelpatient.de\/en\/wp-json\/wp\/v2\/posts\/14566","targetHints":{"allow":["GET"]}}],"collection":[{"href":"https:\/\/www.apfelpatient.de\/en\/wp-json\/wp\/v2\/posts"}],"about":[{"href":"https:\/\/www.apfelpatient.de\/en\/wp-json\/wp\/v2\/types\/post"}],"author":[{"embeddable":true,"href":"https:\/\/www.apfelpatient.de\/en\/wp-json\/wp\/v2\/users\/2"}],"replies":[{"embeddable":true,"href":"https:\/\/www.apfelpatient.de\/en\/wp-json\/wp\/v2\/comments?post=14566"}],"version-history":[{"count":0,"href":"https:\/\/www.apfelpatient.de\/en\/wp-json\/wp\/v2\/posts\/14566\/revisions"}],"wp:featuredmedia":[{"embeddable":true,"href":"https:\/\/www.apfelpatient.de\/en\/wp-json\/wp\/v2\/media\/13786"}],"wp:attachment":[{"href":"https:\/\/www.apfelpatient.de\/en\/wp-json\/wp\/v2\/media?parent=14566"}],"wp:term":[{"taxonomy":"category","embeddable":true,"href":"https:\/\/www.apfelpatient.de\/en\/wp-json\/wp\/v2\/categories?post=14566"},{"taxonomy":"post_tag","embeddable":true,"href":"https:\/\/www.apfelpatient.de\/en\/wp-json\/wp\/v2\/tags?post=14566"}],"curies":[{"name":"wp","href":"https:\/\/api.w.org\/{rel}","templated":true}]}}