{"id":14399,"date":"2020-08-09T14:34:08","date_gmt":"2020-08-09T12:34:08","guid":{"rendered":"https:\/\/www.apfelpatient.de\/?p=14399"},"modified":"2020-08-09T14:34:08","modified_gmt":"2020-08-09T12:34:08","slug":"imac-2020-that-has-changed-inside","status":"publish","type":"post","link":"https:\/\/www.apfelpatient.de\/en\/news\/imac-2020-das-hat-sich-im-inneren-veraendert","title":{"rendered":"iMac 2020: What has changed inside"},"content":{"rendered":"<p class=\"has-drop-cap\"><strong>Apple recently released an updated version of the iMac 27\u2033 model <a href=\"https:\/\/www.apfelpatient.de\/en\/news\/imac-2020-apple-announces-new-imac\" class=\"ek-link\"><span style=\"text-decoration: underline;\" class=\"ek-underline\">announced<\/span><\/a>Now OWC has released a video showing the internal changes.<\/strong><\/p>\n\n\n\n<p>The 27-inch iMac was announced by Apple earlier this week. It features 10th-generation Intel Core processors, AMD Radeon Pro 5000 graphics processors, up to 128GB of RAM, up to 8TB of storage, a 1080p FaceTime camera, a True Tone display with a nano-textured glass option, better speakers and studio-quality microphones. The design, however, has remained the same. But what does it look like inside? Perhaps the biggest change on the inside is the complete elimination of a mechanical hard drive. Yes, all variants of the new 27-inch iMac come with SSDs as standard.<\/p>\n\n\n\n<h3 class=\"wp-block-heading\">iMac 27\u2033: Lots of space in the case<\/h3>\n\n\n\n\n\n\n\n<p>OWC notes during the teardown that disassembly now seems to be quicker for this reason. There are no longer any SATA connectors in the device and the small SSD is soldered directly onto the motherboard. Unlike before, there are new soldering points for an expansion board to accommodate additional SSDs in the <a href=\"https:\/\/www.apple.com\/de\/shop\/buy-mac\/imac\/27-zoll\" class=\"ek-link\"><span style=\"text-decoration: underline;\" class=\"ek-underline\">configurations<\/span><\/a> 4 TB and 8 TB. However, the 256 GB, 512 GB, 1 TB and 2 TB configurations do not have the expansion board. However, the absence of the mechanical hard drive has left a lot of empty space in the device. Apple could have filled this with additional cooling, for example, which is present in the iMac Pro. This may have been omitted for cost reasons. Another change is the additional microphone attached to the bottom of the case, with the other microphone in the same position as in previous years.&nbsp;<\/p>\n\n\n\n<h3 class=\"wp-block-heading\">iMac 27\u2033: RAM can still be upgraded<\/h3>\n\n\n\n<p>As part of this, the new 1080p webcam has been attached to the LCD display, so when opening the device, special care must be taken to remove a third cable. As can be seen from the video, much of the interior remains true to previous models. For example, neither the power supply, cooling nor the CPU have been repositioned. Although the speakers have been upgraded, they appear to visually resemble their predecessors. Since the brand new 27-inch iMac 2020 shares almost all of its internal components with the previous versions, it is unlikely to be more expensive or more difficult to repair than previous models. Likewise, most parts from previous years should be compatible with this new model. The only component in the iMac 2020 that is easy to upgrade remains the RAM.&nbsp;<em>(Image: Apple)<\/em><\/p>\n\n\n\n<figure class=\"wp-block-embed-youtube wp-block-embed is-type-video is-provider-youtube wp-embed-aspect-16-9 wp-has-aspect-ratio\"><div class=\"wp-block-embed__wrapper\">\n <div class=\"brlbs-cmpnt-container brlbs-cmpnt-content-blocker brlbs-cmpnt-with-individual-styles\" data-borlabs-cookie-content-blocker-id=\"youtube-content-blocker\" data-borlabs-cookie-content=\"PGRpdiBjbGFzcz0iamVnX3ZpZGVvX2NvbnRhaW5lciBqZWdfdmlkZW9fY29udGVudCI+PGlmcmFtZSB0aXRsZT0iMjAyMCAyNy1pbmNoIGlNYWMgNUsgVGVhcmRvd24gKGlNYWMyMCwxKSIgd2lkdGg9IjUwMCIgaGVpZ2h0PSIyODEiIHNyYz0iaHR0cHM6Ly93d3cueW91dHViZS1ub2Nvb2tpZS5jb20vZW1iZWQvR0lIU3lhbVduaDQ\/ZmVhdHVyZT1vZW1iZWQiIGZyYW1lYm9yZGVyPSIwIiBhbGxvdz0iYWNjZWxlcm9tZXRlcjsgYXV0b3BsYXk7IGNsaXBib2FyZC13cml0ZTsgZW5jcnlwdGVkLW1lZGlhOyBneXJvc2NvcGU7IHBpY3R1cmUtaW4tcGljdHVyZTsgd2ViLXNoYXJlIiByZWZlcnJlcnBvbGljeT0ic3RyaWN0LW9yaWdpbi13aGVuLWNyb3NzLW9yaWdpbiIgYWxsb3dmdWxsc2NyZWVuPjwvaWZyYW1lPjwvZGl2Pg==\"><div class=\"brlbs-cmpnt-cb-preset-c brlbs-cmpnt-cb-youtube\"> <div class=\"brlbs-cmpnt-cb-thumbnail\" style=\"background-image: url('https:\/\/www.apfelpatient.de\/wp-content\/uploads\/borlabs-cookie\/1\/yt_GIHSyamWnh4_hqdefault.jpg')\"><\/div> <div class=\"brlbs-cmpnt-cb-main\"> <div class=\"brlbs-cmpnt-cb-play-button\"><\/div> <div class=\"brlbs-cmpnt-cb-content\"> <p class=\"brlbs-cmpnt-cb-description\">You are currently viewing a placeholder content from <strong>YouTube<\/strong>. To access the actual content, click the button below. Please note that doing so will share data with third-party providers.<\/p> <a class=\"brlbs-cmpnt-cb-provider-toggle\" href=\"#\" data-borlabs-cookie-show-provider-information role=\"button\">More Information<\/a> <\/div> <div class=\"brlbs-cmpnt-cb-buttons\"> <a class=\"brlbs-cmpnt-cb-btn\" href=\"#\" data-borlabs-cookie-unblock role=\"button\">Unblock content<\/a> <a class=\"brlbs-cmpnt-cb-btn\" href=\"#\" data-borlabs-cookie-accept-service role=\"button\" style=\"display: inherit\">Accept required service and unblock content<\/a> <\/div> <\/div> <\/div><\/div>\n<\/div><\/figure>\n\n\n\n<h6 class=\"wp-block-heading translation-block\" id=\"h-kennt-ihr-schon-unsere-amazon-storefront-dort-findet-ihr-eine-handverlesene-auswahl-von-diversen-produkten-f-r-euer-iphone-und-co-viel-spa-beim-st-bern\"><em>Have you already visited our Amazon Storefront? There you&#039;ll find a hand-picked selection of various products for your iPhone and other devices \u2013 <span class=\"has-inline-color has-vivid-red-color\"><a href=\"https:\/\/www.amazon.de\/shop\/apfelpatientofficial\" class=\"ek-link\" data-wpel-link=\"exclude\" rel=\"follow noopener\" target=\"_self\"><span style=\"text-decoration: underline\" class=\"ek-underline\">enjoy browsing<\/span><\/a> !<\/span><\/em><\/h6>\n\n\n\n\n\n<h6 class=\"wp-block-heading translation-block\" id=\"h-der-beitrag-enthalt-partnerlinks\">This post contains <a data-type=\"URL\" data-id=\"https:\/\/www.apfelpatient.de\/partnerprogramm\" href=\"https:\/\/www.apfelpatient.de\/en\/partner-program\" data-wpel-link=\"internal\" target=\"_self\">affiliate links<\/a>.<\/h6>","protected":false},"excerpt":{"rendered":"<p>The 27-inch iMac was announced by Apple earlier this week. Now OWC has released a video showcasing the internal changes.<\/p>","protected":false},"author":2,"featured_media":14349,"comment_status":"closed","ping_status":"open","sticky":false,"template":"","format":"standard","meta":{"jnews-multi-image_gallery":[],"jnews_single_post":{"subtitle":"","format":"standard","video":"","gallery":"","source_name":"","source_url":"","via_name":"","via_url":"","override":[{"single_blog_custom":"","sidebar":"","second_sidebar":"","share_position":"","share_float_style":"","post_date_format":"","post_date_format_custom":"","post_reading_time_wpm":"","zoom_button_out_step":"1","zoom_button_in_step":"1","number_popup_post":"1"}],"image_override":[{"single_post_thumbnail_size":"","single_post_gallery_size":""}],"trending_post_position":"","trending_post_label":"","sponsored_post_label":"","sponsored_post_name":"","sponsored_post_url":"","sponsored_post_logo":"","sponsored_post_desc":""},"jnews_primary_category":{"id":"265"},"footnotes":""},"categories":[9],"tags":[40,79],"class_list":["post-14399","post","type-post","status-publish","format-standard","has-post-thumbnail","hentry","category-news","tag-mac","tag-teardown"],"yoast_head":"<!-- This site is optimized with the Yoast SEO Premium plugin v27.5 (Yoast SEO v27.5) - https:\/\/yoast.com\/product\/yoast-seo-premium-wordpress\/ -->\n<title>iMac 2020: Das hat sich im Inneren ver\u00e4ndert Apfelpatient<\/title>\n<meta name=\"description\" content=\"Der 27&quot; iMac wurde Anfang dieser Woche von Apple angek\u00fcndigt. Nun hat OWC ein Video ver\u00f6ffentlicht, das die internen Ver\u00e4nderungen zeigt.\" \/>\n<meta name=\"robots\" content=\"index, follow, max-snippet:-1, max-image-preview:large, max-video-preview:-1\" \/>\n<link rel=\"canonical\" href=\"https:\/\/www.apfelpatient.de\/en\/news\/imac-2020-that-has-changed-inside\" \/>\n<meta property=\"og:locale\" content=\"en_US\" \/>\n<meta property=\"og:type\" content=\"article\" \/>\n<meta property=\"og:title\" content=\"iMac 2020: Das hat sich im Inneren ver\u00e4ndert\" \/>\n<meta property=\"og:description\" content=\"Der 27&quot; iMac wurde Anfang dieser Woche von Apple angek\u00fcndigt. Nun hat OWC ein Video ver\u00f6ffentlicht, das die internen Ver\u00e4nderungen zeigt.\" \/>\n<meta property=\"og:url\" content=\"https:\/\/www.apfelpatient.de\/en\/news\/imac-2020-that-has-changed-inside\" \/>\n<meta property=\"og:site_name\" content=\"Apfelpatient\" \/>\n<meta property=\"article:publisher\" content=\"https:\/\/www.facebook.com\/apfelpatientOfficial\" \/>\n<meta property=\"article:author\" content=\"https:\/\/www.facebook.com\/apfelpatientOfficial\" \/>\n<meta property=\"article:published_time\" content=\"2020-08-09T12:34:08+00:00\" \/>\n<meta property=\"og:image\" content=\"https:\/\/www.apfelpatient.de\/wp-content\/uploads\/2020\/08\/Apple_imac-update-family-on-imac_08042020.jpg\" \/>\n\t<meta property=\"og:image:width\" content=\"1960\" \/>\n\t<meta property=\"og:image:height\" content=\"1282\" \/>\n\t<meta property=\"og:image:type\" content=\"image\/jpeg\" \/>\n<meta name=\"author\" content=\"Milan\" \/>\n<meta name=\"twitter:card\" content=\"summary_large_image\" \/>\n<meta name=\"twitter:description\" content=\"Der 27&quot; iMac wurde Anfang dieser Woche von Apple angek\u00fcndigt. Nun hat OWC ein Video ver\u00f6ffentlicht, das die internen Ver\u00e4nderungen zeigt.\" \/>\n<meta name=\"twitter:label1\" content=\"Written by\" \/>\n\t<meta name=\"twitter:data1\" content=\"Milan\" \/>\n\t<meta name=\"twitter:label2\" content=\"Est. reading time\" \/>\n\t<meta name=\"twitter:data2\" content=\"2 minutes\" \/>\n<script type=\"application\/ld+json\" class=\"yoast-schema-graph\">{\"@context\":\"https:\\\/\\\/schema.org\",\"@graph\":[{\"@type\":\"NewsArticle\",\"@id\":\"https:\\\/\\\/www.apfelpatient.de\\\/news\\\/imac-2020-das-hat-sich-im-inneren-veraendert#article\",\"isPartOf\":{\"@id\":\"https:\\\/\\\/www.apfelpatient.de\\\/news\\\/imac-2020-das-hat-sich-im-inneren-veraendert\"},\"author\":{\"@type\":\"Organization\",\"@id\":\"https:\\\/\\\/www.apfelpatient.de\\\/en\\\/#organization\",\"name\":\"Apfelpatient\",\"url\":\"https:\\\/\\\/www.apfelpatient.de\\\/en\\\/\"},\"headline\":\"iMac 2020: Das hat sich im Inneren ver\u00e4ndert\",\"datePublished\":\"2020-08-09T12:34:08+00:00\",\"mainEntityOfPage\":{\"@id\":\"https:\\\/\\\/www.apfelpatient.de\\\/news\\\/imac-2020-das-hat-sich-im-inneren-veraendert\"},\"wordCount\":426,\"publisher\":{\"@type\":\"Organization\",\"@id\":\"https:\\\/\\\/www.apfelpatient.de\\\/en\\\/#organization\",\"name\":\"Apfelpatient\",\"url\":\"https:\\\/\\\/www.apfelpatient.de\\\/en\\\/\"},\"image\":{\"@id\":\"https:\\\/\\\/www.apfelpatient.de\\\/news\\\/imac-2020-das-hat-sich-im-inneren-veraendert#primaryimage\"},\"thumbnailUrl\":\"https:\\\/\\\/www.apfelpatient.de\\\/wp-content\\\/uploads\\\/2020\\\/08\\\/Apple_imac-update-family-on-imac_08042020.jpg\",\"keywords\":[\"Mac\",\"Teardown\"],\"articleSection\":\"News\",\"inLanguage\":\"en-US\",\"copyrightYear\":\"2020\",\"copyrightHolder\":{\"@id\":\"https:\\\/\\\/www.apfelpatient.de\\\/en\\\/#organization\"}},{\"@type\":\"WebPage\",\"@id\":\"https:\\\/\\\/www.apfelpatient.de\\\/news\\\/imac-2020-das-hat-sich-im-inneren-veraendert\",\"url\":\"https:\\\/\\\/www.apfelpatient.de\\\/news\\\/imac-2020-das-hat-sich-im-inneren-veraendert\",\"name\":\"iMac 2020: Das hat sich im Inneren ver\u00e4ndert Apfelpatient\",\"isPartOf\":{\"@id\":\"https:\\\/\\\/www.apfelpatient.de\\\/#website\"},\"primaryImageOfPage\":{\"@id\":\"https:\\\/\\\/www.apfelpatient.de\\\/news\\\/imac-2020-das-hat-sich-im-inneren-veraendert#primaryimage\"},\"image\":{\"@id\":\"https:\\\/\\\/www.apfelpatient.de\\\/news\\\/imac-2020-das-hat-sich-im-inneren-veraendert#primaryimage\"},\"thumbnailUrl\":\"https:\\\/\\\/www.apfelpatient.de\\\/wp-content\\\/uploads\\\/2020\\\/08\\\/Apple_imac-update-family-on-imac_08042020.jpg\",\"datePublished\":\"2020-08-09T12:34:08+00:00\",\"description\":\"Der 27\\\" iMac wurde Anfang dieser Woche von Apple angek\u00fcndigt. Nun hat OWC ein Video ver\u00f6ffentlicht, das die internen Ver\u00e4nderungen zeigt.\",\"breadcrumb\":{\"@id\":\"https:\\\/\\\/www.apfelpatient.de\\\/news\\\/imac-2020-das-hat-sich-im-inneren-veraendert#breadcrumb\"},\"inLanguage\":\"en-US\",\"potentialAction\":[{\"@type\":\"ReadAction\",\"target\":[\"https:\\\/\\\/www.apfelpatient.de\\\/news\\\/imac-2020-das-hat-sich-im-inneren-veraendert\"]}]},{\"@type\":\"ImageObject\",\"inLanguage\":\"en-US\",\"@id\":\"https:\\\/\\\/www.apfelpatient.de\\\/news\\\/imac-2020-das-hat-sich-im-inneren-veraendert#primaryimage\",\"url\":\"https:\\\/\\\/www.apfelpatient.de\\\/wp-content\\\/uploads\\\/2020\\\/08\\\/Apple_imac-update-family-on-imac_08042020.jpg\",\"contentUrl\":\"https:\\\/\\\/www.apfelpatient.de\\\/wp-content\\\/uploads\\\/2020\\\/08\\\/Apple_imac-update-family-on-imac_08042020.jpg\",\"width\":1960,\"height\":1282,\"caption\":\"Bild: Apple\"},{\"@type\":\"BreadcrumbList\",\"@id\":\"https:\\\/\\\/www.apfelpatient.de\\\/news\\\/imac-2020-das-hat-sich-im-inneren-veraendert#breadcrumb\",\"itemListElement\":[{\"@type\":\"ListItem\",\"position\":1,\"name\":\"Startseite\",\"item\":\"https:\\\/\\\/www.apfelpatient.de\\\/\"},{\"@type\":\"ListItem\",\"position\":2,\"name\":\"iMac 2020: Das hat sich im Inneren ver\u00e4ndert\"}]},{\"@type\":\"WebSite\",\"@id\":\"https:\\\/\\\/www.apfelpatient.de\\\/#website\",\"url\":\"https:\\\/\\\/www.apfelpatient.de\\\/\",\"name\":\"Apfelpatient\",\"description\":\"Alles rund um Apple!\",\"publisher\":{\"@type\":\"Organization\",\"@id\":\"https:\\\/\\\/www.apfelpatient.de\\\/en\\\/#organization\",\"name\":\"Apfelpatient\",\"url\":\"https:\\\/\\\/www.apfelpatient.de\\\/en\\\/\"},\"alternateName\":\"Apfelpatient\",\"potentialAction\":[{\"@type\":\"SearchAction\",\"target\":{\"@type\":\"EntryPoint\",\"urlTemplate\":\"https:\\\/\\\/www.apfelpatient.de\\\/?s={search_term_string}\"},\"query-input\":{\"@type\":\"PropertyValueSpecification\",\"valueRequired\":true,\"valueName\":\"search_term_string\"}}],\"inLanguage\":\"en-US\"},{\"@type\":[\"Person\",\"Organization\"],\"@id\":\"https:\\\/\\\/www.apfelpatient.de\\\/#\\\/schema\\\/person\\\/7dc56ad6c8e9824b76d2c08d4c140e13\",\"name\":\"Milan\",\"logo\":{\"@id\":\"https:\\\/\\\/www.apfelpatient.de\\\/#\\\/schema\\\/person\\\/image\\\/\"},\"description\":\"Hallo und herzlich willkommen auf meinem Technik-Blog! Als gro\u00dfer Apple-Fan berichte ich hier \u00fcber alles, was mit Apple zu tun hat: von den neuesten News und spannenden Ger\u00fcchten \u00fcber hilfreiche Tipps und Tricks bis hin zu ausf\u00fchrlichen Produkttests. Wenn du genauso technikbegeistert bist wie ich, bist du hier genau richtig!\",\"sameAs\":[\"https:\\\/\\\/www.facebook.com\\\/apfelpatientOfficial\",\"https:\\\/\\\/www.linkedin.com\\\/in\\\/milan-jovicic-42aa0231b\"],\"url\":\"https:\\\/\\\/www.apfelpatient.de\\\/en\\\/author\\\/apfeladmin\"}]}<\/script>\n<!-- \/ Yoast SEO Premium plugin. -->","yoast_head_json":{"title":"iMac 2020: What has changed inside Apfelpatient","description":"The 27&quot; iMac was announced by Apple earlier this week. Now OWC has released a video showing the internal changes.","robots":{"index":"index","follow":"follow","max-snippet":"max-snippet:-1","max-image-preview":"max-image-preview:large","max-video-preview":"max-video-preview:-1"},"canonical":"https:\/\/www.apfelpatient.de\/en\/news\/imac-2020-that-has-changed-inside","og_locale":"en_US","og_type":"article","og_title":"iMac 2020: Das hat sich im Inneren ver\u00e4ndert","og_description":"Der 27\" iMac wurde Anfang dieser Woche von Apple angek\u00fcndigt. Nun hat OWC ein Video ver\u00f6ffentlicht, das die internen Ver\u00e4nderungen zeigt.","og_url":"https:\/\/www.apfelpatient.de\/en\/news\/imac-2020-that-has-changed-inside","og_site_name":"Apfelpatient","article_publisher":"https:\/\/www.facebook.com\/apfelpatientOfficial","article_author":"https:\/\/www.facebook.com\/apfelpatientOfficial","article_published_time":"2020-08-09T12:34:08+00:00","og_image":[{"width":1960,"height":1282,"url":"https:\/\/www.apfelpatient.de\/wp-content\/uploads\/2020\/08\/Apple_imac-update-family-on-imac_08042020.jpg","type":"image\/jpeg"}],"author":"Milan","twitter_card":"summary_large_image","twitter_description":"Der 27\" iMac wurde Anfang dieser Woche von Apple angek\u00fcndigt. Nun hat OWC ein Video ver\u00f6ffentlicht, das die internen Ver\u00e4nderungen zeigt.","twitter_misc":{"Written by":"Milan","Est. reading time":"2 minutes"},"schema":{"@context":"https:\/\/schema.org","@graph":[{"@type":"NewsArticle","@id":"https:\/\/www.apfelpatient.de\/news\/imac-2020-das-hat-sich-im-inneren-veraendert#article","isPartOf":{"@id":"https:\/\/www.apfelpatient.de\/news\/imac-2020-das-hat-sich-im-inneren-veraendert"},"author":{"@type":"Organization","@id":"https:\/\/www.apfelpatient.de\/en\/#organization","name":"Apfelpatient","url":"https:\/\/www.apfelpatient.de\/en\/"},"headline":"iMac 2020: Das hat sich im Inneren ver\u00e4ndert","datePublished":"2020-08-09T12:34:08+00:00","mainEntityOfPage":{"@id":"https:\/\/www.apfelpatient.de\/news\/imac-2020-das-hat-sich-im-inneren-veraendert"},"wordCount":426,"publisher":{"@type":"Organization","@id":"https:\/\/www.apfelpatient.de\/en\/#organization","name":"Apfelpatient","url":"https:\/\/www.apfelpatient.de\/en\/"},"image":{"@id":"https:\/\/www.apfelpatient.de\/news\/imac-2020-das-hat-sich-im-inneren-veraendert#primaryimage"},"thumbnailUrl":"https:\/\/www.apfelpatient.de\/wp-content\/uploads\/2020\/08\/Apple_imac-update-family-on-imac_08042020.jpg","keywords":["Mac","Teardown"],"articleSection":"News","inLanguage":"en-US","copyrightYear":"2020","copyrightHolder":{"@id":"https:\/\/www.apfelpatient.de\/en\/#organization"}},{"@type":"WebPage","@id":"https:\/\/www.apfelpatient.de\/news\/imac-2020-das-hat-sich-im-inneren-veraendert","url":"https:\/\/www.apfelpatient.de\/news\/imac-2020-das-hat-sich-im-inneren-veraendert","name":"iMac 2020: What has changed inside Apfelpatient","isPartOf":{"@id":"https:\/\/www.apfelpatient.de\/#website"},"primaryImageOfPage":{"@id":"https:\/\/www.apfelpatient.de\/news\/imac-2020-das-hat-sich-im-inneren-veraendert#primaryimage"},"image":{"@id":"https:\/\/www.apfelpatient.de\/news\/imac-2020-das-hat-sich-im-inneren-veraendert#primaryimage"},"thumbnailUrl":"https:\/\/www.apfelpatient.de\/wp-content\/uploads\/2020\/08\/Apple_imac-update-family-on-imac_08042020.jpg","datePublished":"2020-08-09T12:34:08+00:00","description":"The 27&quot; iMac was announced by Apple earlier this week. Now OWC has released a video showing the internal changes.","breadcrumb":{"@id":"https:\/\/www.apfelpatient.de\/news\/imac-2020-das-hat-sich-im-inneren-veraendert#breadcrumb"},"inLanguage":"en-US","potentialAction":[{"@type":"ReadAction","target":["https:\/\/www.apfelpatient.de\/news\/imac-2020-das-hat-sich-im-inneren-veraendert"]}]},{"@type":"ImageObject","inLanguage":"en-US","@id":"https:\/\/www.apfelpatient.de\/news\/imac-2020-das-hat-sich-im-inneren-veraendert#primaryimage","url":"https:\/\/www.apfelpatient.de\/wp-content\/uploads\/2020\/08\/Apple_imac-update-family-on-imac_08042020.jpg","contentUrl":"https:\/\/www.apfelpatient.de\/wp-content\/uploads\/2020\/08\/Apple_imac-update-family-on-imac_08042020.jpg","width":1960,"height":1282,"caption":"Bild: Apple"},{"@type":"BreadcrumbList","@id":"https:\/\/www.apfelpatient.de\/news\/imac-2020-das-hat-sich-im-inneren-veraendert#breadcrumb","itemListElement":[{"@type":"ListItem","position":1,"name":"Startseite","item":"https:\/\/www.apfelpatient.de\/"},{"@type":"ListItem","position":2,"name":"iMac 2020: Das hat sich im Inneren ver\u00e4ndert"}]},{"@type":"WebSite","@id":"https:\/\/www.apfelpatient.de\/#website","url":"https:\/\/www.apfelpatient.de\/","name":"apple patient","description":"Everything about Apple!","publisher":{"@type":"Organization","@id":"https:\/\/www.apfelpatient.de\/en\/#organization","name":"Apfelpatient","url":"https:\/\/www.apfelpatient.de\/en\/"},"alternateName":"Apfelpatient","potentialAction":[{"@type":"SearchAction","target":{"@type":"EntryPoint","urlTemplate":"https:\/\/www.apfelpatient.de\/?s={search_term_string}"},"query-input":{"@type":"PropertyValueSpecification","valueRequired":true,"valueName":"search_term_string"}}],"inLanguage":"en-US"},{"@type":["Person","Organization"],"@id":"https:\/\/www.apfelpatient.de\/#\/schema\/person\/7dc56ad6c8e9824b76d2c08d4c140e13","name":"Milan","logo":{"@id":"https:\/\/www.apfelpatient.de\/#\/schema\/person\/image\/"},"description":"Hello and welcome to my technology blog! As a big Apple fan, I report on everything to do with Apple: from the latest news and exciting rumors to helpful tips and tricks and detailed product tests. If you are as enthusiastic about technology as I am, you have come to the right place!","sameAs":["https:\/\/www.facebook.com\/apfelpatientOfficial","https:\/\/www.linkedin.com\/in\/milan-jovicic-42aa0231b"],"url":"https:\/\/www.apfelpatient.de\/en\/author\/apfeladmin"}]}},"_links":{"self":[{"href":"https:\/\/www.apfelpatient.de\/en\/wp-json\/wp\/v2\/posts\/14399","targetHints":{"allow":["GET"]}}],"collection":[{"href":"https:\/\/www.apfelpatient.de\/en\/wp-json\/wp\/v2\/posts"}],"about":[{"href":"https:\/\/www.apfelpatient.de\/en\/wp-json\/wp\/v2\/types\/post"}],"author":[{"embeddable":true,"href":"https:\/\/www.apfelpatient.de\/en\/wp-json\/wp\/v2\/users\/2"}],"replies":[{"embeddable":true,"href":"https:\/\/www.apfelpatient.de\/en\/wp-json\/wp\/v2\/comments?post=14399"}],"version-history":[{"count":0,"href":"https:\/\/www.apfelpatient.de\/en\/wp-json\/wp\/v2\/posts\/14399\/revisions"}],"wp:featuredmedia":[{"embeddable":true,"href":"https:\/\/www.apfelpatient.de\/en\/wp-json\/wp\/v2\/media\/14349"}],"wp:attachment":[{"href":"https:\/\/www.apfelpatient.de\/en\/wp-json\/wp\/v2\/media?parent=14399"}],"wp:term":[{"taxonomy":"category","embeddable":true,"href":"https:\/\/www.apfelpatient.de\/en\/wp-json\/wp\/v2\/categories?post=14399"},{"taxonomy":"post_tag","embeddable":true,"href":"https:\/\/www.apfelpatient.de\/en\/wp-json\/wp\/v2\/tags?post=14399"}],"curies":[{"name":"wp","href":"https:\/\/api.w.org\/{rel}","templated":true}]}}