{"id":14384,"date":"2020-08-05T15:02:04","date_gmt":"2020-08-05T13:02:04","guid":{"rendered":"https:\/\/www.apfelpatient.de\/?p=14384"},"modified":"2020-08-05T15:02:04","modified_gmt":"2020-08-05T13:02:04","slug":"can-charge-the-iphone-12-accessories","status":"publish","type":"post","link":"https:\/\/www.apfelpatient.de\/en\/rumors\/kann-das-iphone-12-zubehoer-aufladen","title":{"rendered":"Can the iPhone 12 charge accessories?"},"content":{"rendered":"<p><strong>The closer the presentation gets, the more rumors are emerging about the iPhone 12 series. Now images have been discovered on the Internet that show a circular arrangement of magnets in the chassis. What exactly does that mean?<\/strong><\/p>\n\n\n\n<p>On Chinese social media <a href=\"https:\/\/weibo.com\/1649111590\/JetMhBvFN?type=comment#_rnd1596631633013\" class=\"ek-link\"><span style=\"text-decoration: underline;\" class=\"ek-underline\">platform<\/span><\/a> New images have been published on Weibo that can be attributed to the iPhone 12 \u2013 according to the statement. <a href=\"https:\/\/twitter.com\/EveryApplePro\/status\/1290680150401544198?ref_src=twsrc%5Etfw%7Ctwcamp%5Etweetembed%7Ctwterm%5E1290680311387287553%7Ctwgr%5E&amp;ref_url=https%3A%2F%2Fwww.imore.com%2Fleaked-iphone-12-images-reveal-magnets-housed-chassis\" class=\"ek-link\"><span style=\"text-decoration: underline;\" class=\"ek-underline\">Discovered<\/span><\/a> The whole thing was created by Youtuber EverythingApplePro. The images show a circular arrangement of magnets housed in an &quot;iPhone 12&quot; case. A total of 36 individual magnets can be seen. It is not known whether they are related to the assembly or a charging process. The Youtuber believes that the iPhone 12 series is &quot;probably perfectly matched to Apple&#039;s wireless chargers&quot;. He is referring to the as yet unreleased AirPower. <\/p>\n\n\n\n<figure class=\"wp-block-image size-full\"><img decoding=\"async\" width=\"706\" height=\"449\" src=\"https:\/\/www.apfelpatient.de\/wp-content\/uploads\/2020\/08\/EelqBaoUEAArtcv.png\" alt=\"via Weibo\" class=\"wp-image-14383\"\/><figcaption>via Weibo<\/figcaption><\/figure>\n\n\n\n<h3 class=\"wp-block-heading\">Wireless PowerShare in iPhone 12?<\/h3>\n\n\n\n\n\n\n\n<p>Apple introduced its own charging mat in 2017, which never went into production due to technical problems and was canceled in March 2019. But rumors that Apple is working on a new version have been with us for months. This means that some now believe that the back of the devices could be specially designed for the new accessories. But there are also voices that express a different assumption - Wireless PowerShare. The iPhone 11 series was already rumored to be able to get the Wireless PowerShare function (bilateral charging), which was already built into the Samsung Galaxy S10. This means that users could charge accessories such as AirPods and the like on the back of the smartphone. But Apple has never officially confirmed the feature. To this day, it is claimed that all iPhone 11 devices have the necessary hardware, but that the function was deactivated by Apple on the software side because the charging efficiency did not meet the requirements. <\/p>\n\n\n\n<h3 class=\"wp-block-heading\">iPhone 12 could get revised hardware<\/h3>\n\n\n\n<p>In fact, there is a clue that iFixit found in the teardown at the time. At that time, the <a href=\"https:\/\/www.apfelpatient.de\/en\/news\/iphone-11-pro-max-teardown-hints-of-new-charging-function-found\" class=\"ek-link\"><span style=\"text-decoration: underline;\" class=\"ek-underline\">repair specialists<\/span><\/a>:<\/p>\n\n\n\n<blockquote class=\"wp-block-quote is-layout-flow wp-block-quote-is-layout-flow\"><p>When the phone is on, we disconnected the bottom battery connector and the phone stayed on and charged via the Lightning port, but not wireless charging. Seems like this extra connector is a direct connection to the wireless charging coil, which could be an important feature for bilateral charging. When we reconnected the cable, our phone displayed a brief temperature warning before returning to normal. We suspect it lost contact with a key battery temperature sensor and that&#039;s why it&#039;s shutting itself off; this sounds a lot like a backwards wireless charging thermal management feature to us.<\/p><\/blockquote>\n\n\n\n<figure class=\"wp-block-image size-large\"><img decoding=\"async\" src=\"https:\/\/www.apfelpatient.de\/wp-content\/uploads\/2020\/08\/EelqFyPU8AEiO5o-616x1024.png\" alt=\"via Weibo\" class=\"wp-image-14382\"\/><figcaption>via Weibo<\/figcaption><\/figure>\n\n\n\n\n\n\n\n<p>There are also leakers who also claim that the feature has simply been deactivated. Now the new iPhone generation could receive revised hardware for the function. Alternatively, the whole thing could also have a special connection to AirPower. But that remains open for now - apart from that, the images could also just be a fake, as the authenticity cannot currently be confirmed. Therefore, it remains pure speculation for now.&nbsp;<em>(Photo by manae \/ Bigstockphoto)<\/em><\/p>\n\n\n\n<ul class=\"wp-block-list\"><li><a href=\"https:\/\/www.apfelpatient.de\/en\/rumors\/iphone-12-how-apple-plans-the-market-launch\" class=\"ek-link\"><span style=\"text-decoration: underline;\" class=\"ek-underline\">iPhone 12: How Apple plans the market launch<\/span><\/a><\/li><\/ul>\n\n\n\n<h6 class=\"wp-block-heading translation-block\" id=\"h-kennt-ihr-schon-unsere-amazon-storefront-dort-findet-ihr-eine-handverlesene-auswahl-von-diversen-produkten-f-r-euer-iphone-und-co-viel-spa-beim-st-bern\"><em>Have you already visited our Amazon Storefront? There you&#039;ll find a hand-picked selection of various products for your iPhone and other devices \u2013 <span class=\"has-inline-color has-vivid-red-color\"><a href=\"https:\/\/www.amazon.de\/shop\/apfelpatientofficial\" class=\"ek-link\" data-wpel-link=\"exclude\" rel=\"follow noopener\" target=\"_self\"><span style=\"text-decoration: underline\" class=\"ek-underline\">enjoy browsing<\/span><\/a> !<\/span><\/em><\/h6>\n\n\n\n\n\n<h6 class=\"wp-block-heading translation-block\" id=\"h-der-beitrag-enthalt-partnerlinks\">This post contains <a data-type=\"URL\" data-id=\"https:\/\/www.apfelpatient.de\/partnerprogramm\" href=\"https:\/\/www.apfelpatient.de\/en\/partner-program\" data-wpel-link=\"internal\" target=\"_self\">affiliate links<\/a>.<\/h6>","protected":false},"excerpt":{"rendered":"<p>The closer the presentation gets, the more rumors emerge about the iPhone 12 series. Now new images have been discovered.<\/p>","protected":false},"author":2,"featured_media":14380,"comment_status":"closed","ping_status":"open","sticky":false,"template":"","format":"standard","meta":{"jnews-multi-image_gallery":[],"jnews_single_post":{"subtitle":"","format":"standard","video":"","gallery":"","source_name":"","source_url":"","via_name":"","via_url":"","override":[{"single_blog_custom":"","sidebar":"","second_sidebar":"","share_position":"","share_float_style":"","post_date_format":"","post_date_format_custom":"","post_reading_time_wpm":"","zoom_button_out_step":"1","zoom_button_in_step":"1","number_popup_post":"1"}],"image_override":[{"single_post_thumbnail_size":"","single_post_gallery_size":""}],"trending_post_position":"","trending_post_label":"","sponsored_post_label":"","sponsored_post_name":"","sponsored_post_url":"","sponsored_post_logo":"","sponsored_post_desc":""},"jnews_primary_category":{"id":"274"},"footnotes":""},"categories":[25],"tags":[8,321,254],"class_list":["post-14384","post","type-post","status-publish","format-standard","has-post-thumbnail","hentry","category-rumors","tag-iphone","tag-iphone-12","tag-iphone-2020"],"yoast_head":"<!-- This site is optimized with the Yoast SEO Premium plugin v27.5 (Yoast SEO v27.5) - https:\/\/yoast.com\/product\/yoast-seo-premium-wordpress\/ -->\n<title>Kann das iPhone 12 Zubeh\u00f6r aufladen? Apfelpatient<\/title>\n<meta name=\"description\" content=\"Je n\u00e4her die Pr\u00e4sentation r\u00fcckt, desto mehr Ger\u00fcchte tauchen rund um die iPhone 12 Reihe auf. Nun sind neue Bilder entdeckt worden.\" \/>\n<meta name=\"robots\" content=\"index, follow, max-snippet:-1, max-image-preview:large, max-video-preview:-1\" \/>\n<link rel=\"canonical\" href=\"https:\/\/www.apfelpatient.de\/en\/rumors\/can-charge-the-iphone-12-accessories\" \/>\n<meta property=\"og:locale\" content=\"en_US\" \/>\n<meta property=\"og:type\" content=\"article\" \/>\n<meta property=\"og:title\" content=\"Kann das iPhone 12 Zubeh\u00f6r aufladen?\" \/>\n<meta property=\"og:description\" content=\"Je n\u00e4her die Pr\u00e4sentation r\u00fcckt, desto mehr Ger\u00fcchte tauchen rund um die iPhone 12 Reihe auf. Nun sind neue Bilder entdeckt worden.\" \/>\n<meta property=\"og:url\" content=\"https:\/\/www.apfelpatient.de\/en\/rumors\/can-charge-the-iphone-12-accessories\" \/>\n<meta property=\"og:site_name\" content=\"Apfelpatient\" \/>\n<meta property=\"article:publisher\" content=\"https:\/\/www.facebook.com\/apfelpatientOfficial\" \/>\n<meta property=\"article:author\" content=\"https:\/\/www.facebook.com\/apfelpatientOfficial\" \/>\n<meta property=\"article:published_time\" content=\"2020-08-05T13:02:04+00:00\" \/>\n<meta property=\"og:image\" content=\"https:\/\/www.apfelpatient.de\/wp-content\/uploads\/2020\/08\/bigstock-Galati-Romania-March-361463785.jpg\" \/>\n\t<meta property=\"og:image:width\" content=\"1600\" \/>\n\t<meta property=\"og:image:height\" content=\"1067\" \/>\n\t<meta property=\"og:image:type\" content=\"image\/jpeg\" \/>\n<meta name=\"author\" content=\"Milan\" \/>\n<meta name=\"twitter:card\" content=\"summary_large_image\" \/>\n<meta name=\"twitter:description\" content=\"Je n\u00e4her die Pr\u00e4sentation r\u00fcckt, desto mehr Ger\u00fcchte tauchen rund um die iPhone 12 Reihe auf. Nun sind neue Bilder entdeckt worden.\" \/>\n<meta name=\"twitter:label1\" content=\"Written by\" \/>\n\t<meta name=\"twitter:data1\" content=\"Milan\" \/>\n\t<meta name=\"twitter:label2\" content=\"Est. reading time\" \/>\n\t<meta name=\"twitter:data2\" content=\"3 minutes\" \/>\n<script type=\"application\/ld+json\" class=\"yoast-schema-graph\">{\"@context\":\"https:\\\/\\\/schema.org\",\"@graph\":[{\"@type\":\"NewsArticle\",\"@id\":\"https:\\\/\\\/www.apfelpatient.de\\\/rumors\\\/kann-das-iphone-12-zubehoer-aufladen#article\",\"isPartOf\":{\"@id\":\"https:\\\/\\\/www.apfelpatient.de\\\/rumors\\\/kann-das-iphone-12-zubehoer-aufladen\"},\"author\":{\"@type\":\"Organization\",\"@id\":\"https:\\\/\\\/www.apfelpatient.de\\\/en\\\/#organization\",\"name\":\"Apfelpatient\",\"url\":\"https:\\\/\\\/www.apfelpatient.de\\\/en\\\/\"},\"headline\":\"Kann das iPhone 12 Zubeh\u00f6r aufladen?\",\"datePublished\":\"2020-08-05T13:02:04+00:00\",\"mainEntityOfPage\":{\"@id\":\"https:\\\/\\\/www.apfelpatient.de\\\/rumors\\\/kann-das-iphone-12-zubehoer-aufladen\"},\"wordCount\":525,\"publisher\":{\"@type\":\"Organization\",\"@id\":\"https:\\\/\\\/www.apfelpatient.de\\\/en\\\/#organization\",\"name\":\"Apfelpatient\",\"url\":\"https:\\\/\\\/www.apfelpatient.de\\\/en\\\/\"},\"image\":{\"@id\":\"https:\\\/\\\/www.apfelpatient.de\\\/rumors\\\/kann-das-iphone-12-zubehoer-aufladen#primaryimage\"},\"thumbnailUrl\":\"https:\\\/\\\/www.apfelpatient.de\\\/wp-content\\\/uploads\\\/2020\\\/08\\\/bigstock-Galati-Romania-March-361463785.jpg\",\"keywords\":[\"iPhone\",\"iPhone 12\",\"iPhone 2020\"],\"articleSection\":\"Rumors\",\"inLanguage\":\"en-US\",\"copyrightYear\":\"2020\",\"copyrightHolder\":{\"@id\":\"https:\\\/\\\/www.apfelpatient.de\\\/en\\\/#organization\"}},{\"@type\":\"WebPage\",\"@id\":\"https:\\\/\\\/www.apfelpatient.de\\\/rumors\\\/kann-das-iphone-12-zubehoer-aufladen\",\"url\":\"https:\\\/\\\/www.apfelpatient.de\\\/rumors\\\/kann-das-iphone-12-zubehoer-aufladen\",\"name\":\"Kann das iPhone 12 Zubeh\u00f6r aufladen? Apfelpatient\",\"isPartOf\":{\"@id\":\"https:\\\/\\\/www.apfelpatient.de\\\/#website\"},\"primaryImageOfPage\":{\"@id\":\"https:\\\/\\\/www.apfelpatient.de\\\/rumors\\\/kann-das-iphone-12-zubehoer-aufladen#primaryimage\"},\"image\":{\"@id\":\"https:\\\/\\\/www.apfelpatient.de\\\/rumors\\\/kann-das-iphone-12-zubehoer-aufladen#primaryimage\"},\"thumbnailUrl\":\"https:\\\/\\\/www.apfelpatient.de\\\/wp-content\\\/uploads\\\/2020\\\/08\\\/bigstock-Galati-Romania-March-361463785.jpg\",\"datePublished\":\"2020-08-05T13:02:04+00:00\",\"description\":\"Je n\u00e4her die Pr\u00e4sentation r\u00fcckt, desto mehr Ger\u00fcchte tauchen rund um die iPhone 12 Reihe auf. Nun sind neue Bilder entdeckt worden.\",\"breadcrumb\":{\"@id\":\"https:\\\/\\\/www.apfelpatient.de\\\/rumors\\\/kann-das-iphone-12-zubehoer-aufladen#breadcrumb\"},\"inLanguage\":\"en-US\",\"potentialAction\":[{\"@type\":\"ReadAction\",\"target\":[\"https:\\\/\\\/www.apfelpatient.de\\\/rumors\\\/kann-das-iphone-12-zubehoer-aufladen\"]}]},{\"@type\":\"ImageObject\",\"inLanguage\":\"en-US\",\"@id\":\"https:\\\/\\\/www.apfelpatient.de\\\/rumors\\\/kann-das-iphone-12-zubehoer-aufladen#primaryimage\",\"url\":\"https:\\\/\\\/www.apfelpatient.de\\\/wp-content\\\/uploads\\\/2020\\\/08\\\/bigstock-Galati-Romania-March-361463785.jpg\",\"contentUrl\":\"https:\\\/\\\/www.apfelpatient.de\\\/wp-content\\\/uploads\\\/2020\\\/08\\\/bigstock-Galati-Romania-March-361463785.jpg\",\"width\":1600,\"height\":1067,\"caption\":\"Galati, Romania, March 23, 2020: New iphone 11 Pro Max. iPhone 11 Pro is a smartphone developed by Apple Inc. Space gray smartphone back view on black background.\"},{\"@type\":\"BreadcrumbList\",\"@id\":\"https:\\\/\\\/www.apfelpatient.de\\\/rumors\\\/kann-das-iphone-12-zubehoer-aufladen#breadcrumb\",\"itemListElement\":[{\"@type\":\"ListItem\",\"position\":1,\"name\":\"Startseite\",\"item\":\"https:\\\/\\\/www.apfelpatient.de\\\/\"},{\"@type\":\"ListItem\",\"position\":2,\"name\":\"Kann das iPhone 12 Zubeh\u00f6r aufladen?\"}]},{\"@type\":\"WebSite\",\"@id\":\"https:\\\/\\\/www.apfelpatient.de\\\/#website\",\"url\":\"https:\\\/\\\/www.apfelpatient.de\\\/\",\"name\":\"Apfelpatient\",\"description\":\"Alles rund um Apple!\",\"publisher\":{\"@type\":\"Organization\",\"@id\":\"https:\\\/\\\/www.apfelpatient.de\\\/en\\\/#organization\",\"name\":\"Apfelpatient\",\"url\":\"https:\\\/\\\/www.apfelpatient.de\\\/en\\\/\"},\"alternateName\":\"Apfelpatient\",\"potentialAction\":[{\"@type\":\"SearchAction\",\"target\":{\"@type\":\"EntryPoint\",\"urlTemplate\":\"https:\\\/\\\/www.apfelpatient.de\\\/?s={search_term_string}\"},\"query-input\":{\"@type\":\"PropertyValueSpecification\",\"valueRequired\":true,\"valueName\":\"search_term_string\"}}],\"inLanguage\":\"en-US\"},{\"@type\":[\"Person\",\"Organization\"],\"@id\":\"https:\\\/\\\/www.apfelpatient.de\\\/#\\\/schema\\\/person\\\/35b3ddba5832f2bfc7fff5206d4f6b7b\",\"name\":\"Milan\",\"logo\":{\"@id\":\"https:\\\/\\\/www.apfelpatient.de\\\/#\\\/schema\\\/person\\\/image\\\/\"},\"description\":\"Hallo und herzlich willkommen auf meinem Technik-Blog! Als gro\u00dfer Apple-Fan berichte ich hier \u00fcber alles, was mit Apple zu tun hat: von den neuesten News und spannenden Ger\u00fcchten \u00fcber hilfreiche Tipps und Tricks bis hin zu ausf\u00fchrlichen Produkttests. Wenn du genauso technikbegeistert bist wie ich, bist du hier genau richtig!\",\"sameAs\":[\"https:\\\/\\\/www.facebook.com\\\/apfelpatientOfficial\",\"https:\\\/\\\/www.linkedin.com\\\/in\\\/milan-jovicic-42aa0231b\"],\"url\":\"https:\\\/\\\/www.apfelpatient.de\\\/en\\\/author\\\/apfeladmin\"}]}<\/script>\n<!-- \/ Yoast SEO Premium plugin. -->","yoast_head_json":{"title":"Can the iPhone 12 charge accessories? Apfelpatient","description":"The closer the presentation gets, the more rumors emerge about the iPhone 12 series. Now new images have been discovered.","robots":{"index":"index","follow":"follow","max-snippet":"max-snippet:-1","max-image-preview":"max-image-preview:large","max-video-preview":"max-video-preview:-1"},"canonical":"https:\/\/www.apfelpatient.de\/en\/rumors\/can-charge-the-iphone-12-accessories","og_locale":"en_US","og_type":"article","og_title":"Kann das iPhone 12 Zubeh\u00f6r aufladen?","og_description":"Je n\u00e4her die Pr\u00e4sentation r\u00fcckt, desto mehr Ger\u00fcchte tauchen rund um die iPhone 12 Reihe auf. Nun sind neue Bilder entdeckt worden.","og_url":"https:\/\/www.apfelpatient.de\/en\/rumors\/can-charge-the-iphone-12-accessories","og_site_name":"Apfelpatient","article_publisher":"https:\/\/www.facebook.com\/apfelpatientOfficial","article_author":"https:\/\/www.facebook.com\/apfelpatientOfficial","article_published_time":"2020-08-05T13:02:04+00:00","og_image":[{"width":1600,"height":1067,"url":"https:\/\/www.apfelpatient.de\/wp-content\/uploads\/2020\/08\/bigstock-Galati-Romania-March-361463785.jpg","type":"image\/jpeg"}],"author":"Milan","twitter_card":"summary_large_image","twitter_description":"Je n\u00e4her die Pr\u00e4sentation r\u00fcckt, desto mehr Ger\u00fcchte tauchen rund um die iPhone 12 Reihe auf. Nun sind neue Bilder entdeckt worden.","twitter_misc":{"Written by":"Milan","Est. reading time":"3 minutes"},"schema":{"@context":"https:\/\/schema.org","@graph":[{"@type":"NewsArticle","@id":"https:\/\/www.apfelpatient.de\/rumors\/kann-das-iphone-12-zubehoer-aufladen#article","isPartOf":{"@id":"https:\/\/www.apfelpatient.de\/rumors\/kann-das-iphone-12-zubehoer-aufladen"},"author":{"@type":"Organization","@id":"https:\/\/www.apfelpatient.de\/en\/#organization","name":"Apfelpatient","url":"https:\/\/www.apfelpatient.de\/en\/"},"headline":"Kann das iPhone 12 Zubeh\u00f6r aufladen?","datePublished":"2020-08-05T13:02:04+00:00","mainEntityOfPage":{"@id":"https:\/\/www.apfelpatient.de\/rumors\/kann-das-iphone-12-zubehoer-aufladen"},"wordCount":525,"publisher":{"@type":"Organization","@id":"https:\/\/www.apfelpatient.de\/en\/#organization","name":"Apfelpatient","url":"https:\/\/www.apfelpatient.de\/en\/"},"image":{"@id":"https:\/\/www.apfelpatient.de\/rumors\/kann-das-iphone-12-zubehoer-aufladen#primaryimage"},"thumbnailUrl":"https:\/\/www.apfelpatient.de\/wp-content\/uploads\/2020\/08\/bigstock-Galati-Romania-March-361463785.jpg","keywords":["iPhone","iPhone 12","iPhone 2020"],"articleSection":"Rumors","inLanguage":"en-US","copyrightYear":"2020","copyrightHolder":{"@id":"https:\/\/www.apfelpatient.de\/en\/#organization"}},{"@type":"WebPage","@id":"https:\/\/www.apfelpatient.de\/rumors\/kann-das-iphone-12-zubehoer-aufladen","url":"https:\/\/www.apfelpatient.de\/rumors\/kann-das-iphone-12-zubehoer-aufladen","name":"Can the iPhone 12 charge accessories? Apfelpatient","isPartOf":{"@id":"https:\/\/www.apfelpatient.de\/#website"},"primaryImageOfPage":{"@id":"https:\/\/www.apfelpatient.de\/rumors\/kann-das-iphone-12-zubehoer-aufladen#primaryimage"},"image":{"@id":"https:\/\/www.apfelpatient.de\/rumors\/kann-das-iphone-12-zubehoer-aufladen#primaryimage"},"thumbnailUrl":"https:\/\/www.apfelpatient.de\/wp-content\/uploads\/2020\/08\/bigstock-Galati-Romania-March-361463785.jpg","datePublished":"2020-08-05T13:02:04+00:00","description":"The closer the presentation gets, the more rumors emerge about the iPhone 12 series. Now new images have been discovered.","breadcrumb":{"@id":"https:\/\/www.apfelpatient.de\/rumors\/kann-das-iphone-12-zubehoer-aufladen#breadcrumb"},"inLanguage":"en-US","potentialAction":[{"@type":"ReadAction","target":["https:\/\/www.apfelpatient.de\/rumors\/kann-das-iphone-12-zubehoer-aufladen"]}]},{"@type":"ImageObject","inLanguage":"en-US","@id":"https:\/\/www.apfelpatient.de\/rumors\/kann-das-iphone-12-zubehoer-aufladen#primaryimage","url":"https:\/\/www.apfelpatient.de\/wp-content\/uploads\/2020\/08\/bigstock-Galati-Romania-March-361463785.jpg","contentUrl":"https:\/\/www.apfelpatient.de\/wp-content\/uploads\/2020\/08\/bigstock-Galati-Romania-March-361463785.jpg","width":1600,"height":1067,"caption":"Galati, Romania, March 23, 2020: New iphone 11 Pro Max. iPhone 11 Pro is a smartphone developed by Apple Inc. Space gray smartphone back view on black background."},{"@type":"BreadcrumbList","@id":"https:\/\/www.apfelpatient.de\/rumors\/kann-das-iphone-12-zubehoer-aufladen#breadcrumb","itemListElement":[{"@type":"ListItem","position":1,"name":"Startseite","item":"https:\/\/www.apfelpatient.de\/"},{"@type":"ListItem","position":2,"name":"Kann das iPhone 12 Zubeh\u00f6r aufladen?"}]},{"@type":"WebSite","@id":"https:\/\/www.apfelpatient.de\/#website","url":"https:\/\/www.apfelpatient.de\/","name":"apple patient","description":"Everything about Apple!","publisher":{"@type":"Organization","@id":"https:\/\/www.apfelpatient.de\/en\/#organization","name":"Apfelpatient","url":"https:\/\/www.apfelpatient.de\/en\/"},"alternateName":"Apfelpatient","potentialAction":[{"@type":"SearchAction","target":{"@type":"EntryPoint","urlTemplate":"https:\/\/www.apfelpatient.de\/?s={search_term_string}"},"query-input":{"@type":"PropertyValueSpecification","valueRequired":true,"valueName":"search_term_string"}}],"inLanguage":"en-US"},{"@type":["Person","Organization"],"@id":"https:\/\/www.apfelpatient.de\/#\/schema\/person\/35b3ddba5832f2bfc7fff5206d4f6b7b","name":"Milan","logo":{"@id":"https:\/\/www.apfelpatient.de\/#\/schema\/person\/image\/"},"description":"Hello and welcome to my technology blog! As a big Apple fan, I report on everything to do with Apple: from the latest news and exciting rumors to helpful tips and tricks and detailed product tests. If you are as enthusiastic about technology as I am, you have come to the right place!","sameAs":["https:\/\/www.facebook.com\/apfelpatientOfficial","https:\/\/www.linkedin.com\/in\/milan-jovicic-42aa0231b"],"url":"https:\/\/www.apfelpatient.de\/en\/author\/apfeladmin"}]}},"_links":{"self":[{"href":"https:\/\/www.apfelpatient.de\/en\/wp-json\/wp\/v2\/posts\/14384","targetHints":{"allow":["GET"]}}],"collection":[{"href":"https:\/\/www.apfelpatient.de\/en\/wp-json\/wp\/v2\/posts"}],"about":[{"href":"https:\/\/www.apfelpatient.de\/en\/wp-json\/wp\/v2\/types\/post"}],"author":[{"embeddable":true,"href":"https:\/\/www.apfelpatient.de\/en\/wp-json\/wp\/v2\/users\/2"}],"replies":[{"embeddable":true,"href":"https:\/\/www.apfelpatient.de\/en\/wp-json\/wp\/v2\/comments?post=14384"}],"version-history":[{"count":0,"href":"https:\/\/www.apfelpatient.de\/en\/wp-json\/wp\/v2\/posts\/14384\/revisions"}],"wp:featuredmedia":[{"embeddable":true,"href":"https:\/\/www.apfelpatient.de\/en\/wp-json\/wp\/v2\/media\/14380"}],"wp:attachment":[{"href":"https:\/\/www.apfelpatient.de\/en\/wp-json\/wp\/v2\/media?parent=14384"}],"wp:term":[{"taxonomy":"category","embeddable":true,"href":"https:\/\/www.apfelpatient.de\/en\/wp-json\/wp\/v2\/categories?post=14384"},{"taxonomy":"post_tag","embeddable":true,"href":"https:\/\/www.apfelpatient.de\/en\/wp-json\/wp\/v2\/tags?post=14384"}],"curies":[{"name":"wp","href":"https:\/\/api.w.org\/{rel}","templated":true}]}}