{"id":14361,"date":"2020-08-04T19:40:58","date_gmt":"2020-08-04T17:40:58","guid":{"rendered":"https:\/\/www.apfelpatient.de\/?p=14361"},"modified":"2020-08-04T19:40:58","modified_gmt":"2020-08-04T17:40:58","slug":"phil-schiller-becomes-apple-fellow","status":"publish","type":"post","link":"https:\/\/www.apfelpatient.de\/en\/news\/phil-schiller-avanciert-zum-apple-fellow","title":{"rendered":"Phil Schiller becomes Apple Fellow"},"content":{"rendered":"<p class=\"has-drop-cap\"><strong>Apple today announced in a press release that Phil Schiller will take on a new role as Apple Fellow. Schiller has long served as Apple&#039;s senior vice president of Worldwide Marketing. That role will now be taken over by Greg Joswiak.<\/strong><\/p>\n\n\n\n<p>Apple veteran Phil Schiller has now taken on a new role in Cupertino. CEO Cook commented on this as <a href=\"https:\/\/www.apple.com\/newsroom\/2020\/08\/phil-schiller-advances-to-apple-fellow\/\" class=\"ek-link\"><span style=\"text-decoration: underline;\" class=\"ek-underline\">follows<\/span><\/a>:<\/p>\n\n\n\n<blockquote class=\"wp-block-quote is-layout-flow wp-block-quote-is-layout-flow\"><p>Phil has helped shape Apple into the company it is today, and his contributions are broad, extensive, and deep. In this new role, he will continue to provide the incredible thought partnership and leadership that characterized his decades at Apple.<\/p><\/blockquote>\n\n\n\n<p>Regarding Schiller\u2019s successor \u2013 Greg Joswiak \u2013 Tim Cook stated:&nbsp;<\/p>\n\n\n\n<blockquote class=\"wp-block-quote is-layout-flow wp-block-quote-is-layout-flow\"><p>Joz&#039;s many years of leadership experience in the product marketing organization make him a perfect fit for this new role and will ensure a seamless transition at a time when the team is engaged in such important and exciting work. I am thrilled that the entire leadership team will benefit from his collaboration, ideas and energy.<\/p><\/blockquote>\n\n\n\n<figure class=\"wp-block-image size-large\"><img decoding=\"async\" src=\"https:\/\/www.apfelpatient.de\/wp-content\/uploads\/2020\/08\/Greg-Joswiak-joins-apple-executive-team-svp-of-worldwide-marketing_08042020-1024x681.jpg\" alt=\"Image: Apple\" class=\"wp-image-14363\"\/><figcaption>Image: Apple<\/figcaption><\/figure>\n\n\n\n<h3 class=\"wp-block-heading\">What is an Apple Fellow?<\/h3>\n\n\n\n\n\n\n\n<p>Of course, Schiller also commented on the new title and explained that this was the first step in making changes in his life. The statement reads:<\/p>\n\n\n\n<blockquote class=\"wp-block-quote is-layout-flow wp-block-quote-is-layout-flow\"><p>It&#039;s been a dream come true for me to work at Apple, on so many products I love, with all these great friends - Steve, Tim and so many others. I started at Apple when I was 27, I turned 60 this year and it&#039;s time for some planned changes in my life. I&#039;ll work here as long as they want me to, I bleed six colors but I also want to make some time in the coming years for my family, friends and some personal projects that are very close to my heart.<\/p><\/blockquote>\n\n\n\n<p>An Apple Fellow is an individual recognized by Apple Inc. for outstanding technical contributions or leadership in the field of personal computing while with the company. Each Apple Fellow has acted as a leader and visionary, leading the company in their respective fields of expertise. Fellows are also granted stock options in the company. <em>(Image: Apple)<\/em><\/p>\n\n\n\n<ul class=\"wp-block-list\"><li><a href=\"https:\/\/www.apfelpatient.de\/en\/news\/imac-2020-apple-announces-new-imac\" class=\"ek-link\"><span style=\"text-decoration: underline;\" class=\"ek-underline\">iMac 2020: Apple announces new iMac<\/span><\/a><\/li><\/ul>\n\n\n\n<h6 class=\"wp-block-heading translation-block\" id=\"h-kennt-ihr-schon-unsere-amazon-storefront-dort-findet-ihr-eine-handverlesene-auswahl-von-diversen-produkten-f-r-euer-iphone-und-co-viel-spa-beim-st-bern\"><em>Have you already visited our Amazon Storefront? There you&#039;ll find a hand-picked selection of various products for your iPhone and other devices \u2013 <span class=\"has-inline-color has-vivid-red-color\"><a href=\"https:\/\/www.amazon.de\/shop\/apfelpatientofficial\" class=\"ek-link\" data-wpel-link=\"exclude\" rel=\"follow noopener\" target=\"_self\"><span style=\"text-decoration: underline\" class=\"ek-underline\">enjoy browsing<\/span><\/a> !<\/span><\/em><\/h6>\n\n\n\n\n\n<h6 class=\"wp-block-heading translation-block\" id=\"h-der-beitrag-enthalt-partnerlinks\">This post contains <a data-type=\"URL\" data-id=\"https:\/\/www.apfelpatient.de\/partnerprogramm\" href=\"https:\/\/www.apfelpatient.de\/en\/partner-program\" data-wpel-link=\"internal\" target=\"_self\">affiliate links<\/a>.<\/h6>","protected":false},"excerpt":{"rendered":"<p>Apple today announced via press release that Phil Schiller will take on a new role as Apple Fellow.<\/p>","protected":false},"author":2,"featured_media":14362,"comment_status":"closed","ping_status":"open","sticky":false,"template":"","format":"standard","meta":{"jnews-multi-image_gallery":[],"jnews_single_post":{"subtitle":"","format":"standard","video":"","gallery":"","source_name":"","source_url":"","via_name":"","via_url":"","override":[{"single_blog_custom":"","sidebar":"","second_sidebar":"","share_position":"","share_float_style":"","post_date_format":"","post_date_format_custom":"","post_reading_time_wpm":"","zoom_button_out_step":"1","zoom_button_in_step":"1","number_popup_post":"1"}],"image_override":[{"single_post_thumbnail_size":"","single_post_gallery_size":""}],"trending_post_position":"","trending_post_label":"","sponsored_post_label":"","sponsored_post_name":"","sponsored_post_url":"","sponsored_post_logo":"","sponsored_post_desc":""},"jnews_primary_category":{"id":"265"},"footnotes":""},"categories":[9],"tags":[34,8,13],"class_list":["post-14361","post","type-post","status-publish","format-standard","has-post-thumbnail","hentry","category-news","tag-apple-dienste","tag-iphone","tag-techpatient"],"yoast_head":"<!-- This site is optimized with the Yoast SEO Premium plugin v27.5 (Yoast SEO v27.5) - https:\/\/yoast.com\/product\/yoast-seo-premium-wordpress\/ -->\n<title>Phil Schiller avanciert zum Apple Fellow Apfelpatient<\/title>\n<meta name=\"description\" content=\"Apple gab heute mittels einer Pressemitteilung bekannt, dass Phil Schiller eine neue Rolle als Apple Fellow einnehmen wird.\" \/>\n<meta name=\"robots\" content=\"index, follow, max-snippet:-1, max-image-preview:large, max-video-preview:-1\" \/>\n<link rel=\"canonical\" href=\"https:\/\/www.apfelpatient.de\/en\/news\/phil-schiller-becomes-apple-fellow\" \/>\n<meta property=\"og:locale\" content=\"en_US\" \/>\n<meta property=\"og:type\" content=\"article\" \/>\n<meta property=\"og:title\" content=\"Phil Schiller avanciert zum Apple Fellow\" \/>\n<meta property=\"og:description\" content=\"Apple gab heute mittels einer Pressemitteilung bekannt, dass Phil Schiller eine neue Rolle als Apple Fellow einnehmen wird.\" \/>\n<meta property=\"og:url\" content=\"https:\/\/www.apfelpatient.de\/en\/news\/phil-schiller-becomes-apple-fellow\" \/>\n<meta property=\"og:site_name\" content=\"Apfelpatient\" \/>\n<meta property=\"article:publisher\" content=\"https:\/\/www.facebook.com\/apfelpatientOfficial\" \/>\n<meta property=\"article:author\" content=\"https:\/\/www.facebook.com\/apfelpatientOfficial\" \/>\n<meta property=\"article:published_time\" content=\"2020-08-04T17:40:58+00:00\" \/>\n<meta property=\"og:image\" content=\"https:\/\/www.apfelpatient.de\/wp-content\/uploads\/2020\/08\/Phil-Schiller-advances-to-apple-fellow_08042020.jpg\" \/>\n\t<meta property=\"og:image:width\" content=\"1960\" \/>\n\t<meta property=\"og:image:height\" content=\"1300\" \/>\n\t<meta property=\"og:image:type\" content=\"image\/jpeg\" \/>\n<meta name=\"author\" content=\"Milan\" \/>\n<meta name=\"twitter:card\" content=\"summary_large_image\" \/>\n<meta name=\"twitter:description\" content=\"Apple gab heute mittels einer Pressemitteilung bekannt, dass Phil Schiller eine neue Rolle als Apple Fellow einnehmen wird.\" \/>\n<meta name=\"twitter:label1\" content=\"Written by\" \/>\n\t<meta name=\"twitter:data1\" content=\"Milan\" \/>\n\t<meta name=\"twitter:label2\" content=\"Est. reading time\" \/>\n\t<meta name=\"twitter:data2\" content=\"2 minutes\" \/>\n<script type=\"application\/ld+json\" class=\"yoast-schema-graph\">{\"@context\":\"https:\\\/\\\/schema.org\",\"@graph\":[{\"@type\":\"NewsArticle\",\"@id\":\"https:\\\/\\\/www.apfelpatient.de\\\/news\\\/phil-schiller-avanciert-zum-apple-fellow#article\",\"isPartOf\":{\"@id\":\"https:\\\/\\\/www.apfelpatient.de\\\/news\\\/phil-schiller-avanciert-zum-apple-fellow\"},\"author\":{\"@type\":\"Organization\",\"@id\":\"https:\\\/\\\/www.apfelpatient.de\\\/en\\\/#organization\",\"name\":\"Apfelpatient\",\"url\":\"https:\\\/\\\/www.apfelpatient.de\\\/en\\\/\"},\"headline\":\"Phil Schiller avanciert zum Apple Fellow\",\"datePublished\":\"2020-08-04T17:40:58+00:00\",\"mainEntityOfPage\":{\"@id\":\"https:\\\/\\\/www.apfelpatient.de\\\/news\\\/phil-schiller-avanciert-zum-apple-fellow\"},\"wordCount\":411,\"publisher\":{\"@type\":\"Organization\",\"@id\":\"https:\\\/\\\/www.apfelpatient.de\\\/en\\\/#organization\",\"name\":\"Apfelpatient\",\"url\":\"https:\\\/\\\/www.apfelpatient.de\\\/en\\\/\"},\"image\":{\"@id\":\"https:\\\/\\\/www.apfelpatient.de\\\/news\\\/phil-schiller-avanciert-zum-apple-fellow#primaryimage\"},\"thumbnailUrl\":\"https:\\\/\\\/www.apfelpatient.de\\\/wp-content\\\/uploads\\\/2020\\\/08\\\/Phil-Schiller-advances-to-apple-fellow_08042020.jpg\",\"keywords\":[\"Apple Dienste\",\"iPhone\",\"TechPatient\"],\"articleSection\":\"News\",\"inLanguage\":\"en-US\",\"copyrightYear\":\"2020\",\"copyrightHolder\":{\"@id\":\"https:\\\/\\\/www.apfelpatient.de\\\/en\\\/#organization\"}},{\"@type\":\"WebPage\",\"@id\":\"https:\\\/\\\/www.apfelpatient.de\\\/news\\\/phil-schiller-avanciert-zum-apple-fellow\",\"url\":\"https:\\\/\\\/www.apfelpatient.de\\\/news\\\/phil-schiller-avanciert-zum-apple-fellow\",\"name\":\"Phil Schiller avanciert zum Apple Fellow Apfelpatient\",\"isPartOf\":{\"@id\":\"https:\\\/\\\/www.apfelpatient.de\\\/#website\"},\"primaryImageOfPage\":{\"@id\":\"https:\\\/\\\/www.apfelpatient.de\\\/news\\\/phil-schiller-avanciert-zum-apple-fellow#primaryimage\"},\"image\":{\"@id\":\"https:\\\/\\\/www.apfelpatient.de\\\/news\\\/phil-schiller-avanciert-zum-apple-fellow#primaryimage\"},\"thumbnailUrl\":\"https:\\\/\\\/www.apfelpatient.de\\\/wp-content\\\/uploads\\\/2020\\\/08\\\/Phil-Schiller-advances-to-apple-fellow_08042020.jpg\",\"datePublished\":\"2020-08-04T17:40:58+00:00\",\"description\":\"Apple gab heute mittels einer Pressemitteilung bekannt, dass Phil Schiller eine neue Rolle als Apple Fellow einnehmen wird.\",\"breadcrumb\":{\"@id\":\"https:\\\/\\\/www.apfelpatient.de\\\/news\\\/phil-schiller-avanciert-zum-apple-fellow#breadcrumb\"},\"inLanguage\":\"en-US\",\"potentialAction\":[{\"@type\":\"ReadAction\",\"target\":[\"https:\\\/\\\/www.apfelpatient.de\\\/news\\\/phil-schiller-avanciert-zum-apple-fellow\"]}]},{\"@type\":\"ImageObject\",\"inLanguage\":\"en-US\",\"@id\":\"https:\\\/\\\/www.apfelpatient.de\\\/news\\\/phil-schiller-avanciert-zum-apple-fellow#primaryimage\",\"url\":\"https:\\\/\\\/www.apfelpatient.de\\\/wp-content\\\/uploads\\\/2020\\\/08\\\/Phil-Schiller-advances-to-apple-fellow_08042020.jpg\",\"contentUrl\":\"https:\\\/\\\/www.apfelpatient.de\\\/wp-content\\\/uploads\\\/2020\\\/08\\\/Phil-Schiller-advances-to-apple-fellow_08042020.jpg\",\"width\":1960,\"height\":1300,\"caption\":\"Bild: Apple\"},{\"@type\":\"BreadcrumbList\",\"@id\":\"https:\\\/\\\/www.apfelpatient.de\\\/news\\\/phil-schiller-avanciert-zum-apple-fellow#breadcrumb\",\"itemListElement\":[{\"@type\":\"ListItem\",\"position\":1,\"name\":\"Startseite\",\"item\":\"https:\\\/\\\/www.apfelpatient.de\\\/\"},{\"@type\":\"ListItem\",\"position\":2,\"name\":\"Phil Schiller avanciert zum Apple Fellow\"}]},{\"@type\":\"WebSite\",\"@id\":\"https:\\\/\\\/www.apfelpatient.de\\\/#website\",\"url\":\"https:\\\/\\\/www.apfelpatient.de\\\/\",\"name\":\"Apfelpatient\",\"description\":\"Alles rund um Apple!\",\"publisher\":{\"@type\":\"Organization\",\"@id\":\"https:\\\/\\\/www.apfelpatient.de\\\/en\\\/#organization\",\"name\":\"Apfelpatient\",\"url\":\"https:\\\/\\\/www.apfelpatient.de\\\/en\\\/\"},\"alternateName\":\"Apfelpatient\",\"potentialAction\":[{\"@type\":\"SearchAction\",\"target\":{\"@type\":\"EntryPoint\",\"urlTemplate\":\"https:\\\/\\\/www.apfelpatient.de\\\/?s={search_term_string}\"},\"query-input\":{\"@type\":\"PropertyValueSpecification\",\"valueRequired\":true,\"valueName\":\"search_term_string\"}}],\"inLanguage\":\"en-US\"},{\"@type\":[\"Person\",\"Organization\"],\"@id\":\"https:\\\/\\\/www.apfelpatient.de\\\/#\\\/schema\\\/person\\\/35b3ddba5832f2bfc7fff5206d4f6b7b\",\"name\":\"Milan\",\"logo\":{\"@id\":\"https:\\\/\\\/www.apfelpatient.de\\\/#\\\/schema\\\/person\\\/image\\\/\"},\"description\":\"Hallo und herzlich willkommen auf meinem Technik-Blog! Als gro\u00dfer Apple-Fan berichte ich hier \u00fcber alles, was mit Apple zu tun hat: von den neuesten News und spannenden Ger\u00fcchten \u00fcber hilfreiche Tipps und Tricks bis hin zu ausf\u00fchrlichen Produkttests. Wenn du genauso technikbegeistert bist wie ich, bist du hier genau richtig!\",\"sameAs\":[\"https:\\\/\\\/www.facebook.com\\\/apfelpatientOfficial\",\"https:\\\/\\\/www.linkedin.com\\\/in\\\/milan-jovicic-42aa0231b\"],\"url\":\"https:\\\/\\\/www.apfelpatient.de\\\/en\\\/author\\\/apfeladmin\"}]}<\/script>\n<!-- \/ Yoast SEO Premium plugin. -->","yoast_head_json":{"title":"Phil Schiller becomes Apple Fellow Apfelpatient","description":"Apple today announced via press release that Phil Schiller will take on a new role as Apple Fellow.","robots":{"index":"index","follow":"follow","max-snippet":"max-snippet:-1","max-image-preview":"max-image-preview:large","max-video-preview":"max-video-preview:-1"},"canonical":"https:\/\/www.apfelpatient.de\/en\/news\/phil-schiller-becomes-apple-fellow","og_locale":"en_US","og_type":"article","og_title":"Phil Schiller avanciert zum Apple Fellow","og_description":"Apple gab heute mittels einer Pressemitteilung bekannt, dass Phil Schiller eine neue Rolle als Apple Fellow einnehmen wird.","og_url":"https:\/\/www.apfelpatient.de\/en\/news\/phil-schiller-becomes-apple-fellow","og_site_name":"Apfelpatient","article_publisher":"https:\/\/www.facebook.com\/apfelpatientOfficial","article_author":"https:\/\/www.facebook.com\/apfelpatientOfficial","article_published_time":"2020-08-04T17:40:58+00:00","og_image":[{"width":1960,"height":1300,"url":"https:\/\/www.apfelpatient.de\/wp-content\/uploads\/2020\/08\/Phil-Schiller-advances-to-apple-fellow_08042020.jpg","type":"image\/jpeg"}],"author":"Milan","twitter_card":"summary_large_image","twitter_description":"Apple gab heute mittels einer Pressemitteilung bekannt, dass Phil Schiller eine neue Rolle als Apple Fellow einnehmen wird.","twitter_misc":{"Written by":"Milan","Est. reading time":"2 minutes"},"schema":{"@context":"https:\/\/schema.org","@graph":[{"@type":"NewsArticle","@id":"https:\/\/www.apfelpatient.de\/news\/phil-schiller-avanciert-zum-apple-fellow#article","isPartOf":{"@id":"https:\/\/www.apfelpatient.de\/news\/phil-schiller-avanciert-zum-apple-fellow"},"author":{"@type":"Organization","@id":"https:\/\/www.apfelpatient.de\/en\/#organization","name":"Apfelpatient","url":"https:\/\/www.apfelpatient.de\/en\/"},"headline":"Phil Schiller avanciert zum Apple Fellow","datePublished":"2020-08-04T17:40:58+00:00","mainEntityOfPage":{"@id":"https:\/\/www.apfelpatient.de\/news\/phil-schiller-avanciert-zum-apple-fellow"},"wordCount":411,"publisher":{"@type":"Organization","@id":"https:\/\/www.apfelpatient.de\/en\/#organization","name":"Apfelpatient","url":"https:\/\/www.apfelpatient.de\/en\/"},"image":{"@id":"https:\/\/www.apfelpatient.de\/news\/phil-schiller-avanciert-zum-apple-fellow#primaryimage"},"thumbnailUrl":"https:\/\/www.apfelpatient.de\/wp-content\/uploads\/2020\/08\/Phil-Schiller-advances-to-apple-fellow_08042020.jpg","keywords":["Apple Dienste","iPhone","TechPatient"],"articleSection":"News","inLanguage":"en-US","copyrightYear":"2020","copyrightHolder":{"@id":"https:\/\/www.apfelpatient.de\/en\/#organization"}},{"@type":"WebPage","@id":"https:\/\/www.apfelpatient.de\/news\/phil-schiller-avanciert-zum-apple-fellow","url":"https:\/\/www.apfelpatient.de\/news\/phil-schiller-avanciert-zum-apple-fellow","name":"Phil Schiller becomes Apple Fellow Apfelpatient","isPartOf":{"@id":"https:\/\/www.apfelpatient.de\/#website"},"primaryImageOfPage":{"@id":"https:\/\/www.apfelpatient.de\/news\/phil-schiller-avanciert-zum-apple-fellow#primaryimage"},"image":{"@id":"https:\/\/www.apfelpatient.de\/news\/phil-schiller-avanciert-zum-apple-fellow#primaryimage"},"thumbnailUrl":"https:\/\/www.apfelpatient.de\/wp-content\/uploads\/2020\/08\/Phil-Schiller-advances-to-apple-fellow_08042020.jpg","datePublished":"2020-08-04T17:40:58+00:00","description":"Apple today announced via press release that Phil Schiller will take on a new role as Apple Fellow.","breadcrumb":{"@id":"https:\/\/www.apfelpatient.de\/news\/phil-schiller-avanciert-zum-apple-fellow#breadcrumb"},"inLanguage":"en-US","potentialAction":[{"@type":"ReadAction","target":["https:\/\/www.apfelpatient.de\/news\/phil-schiller-avanciert-zum-apple-fellow"]}]},{"@type":"ImageObject","inLanguage":"en-US","@id":"https:\/\/www.apfelpatient.de\/news\/phil-schiller-avanciert-zum-apple-fellow#primaryimage","url":"https:\/\/www.apfelpatient.de\/wp-content\/uploads\/2020\/08\/Phil-Schiller-advances-to-apple-fellow_08042020.jpg","contentUrl":"https:\/\/www.apfelpatient.de\/wp-content\/uploads\/2020\/08\/Phil-Schiller-advances-to-apple-fellow_08042020.jpg","width":1960,"height":1300,"caption":"Bild: Apple"},{"@type":"BreadcrumbList","@id":"https:\/\/www.apfelpatient.de\/news\/phil-schiller-avanciert-zum-apple-fellow#breadcrumb","itemListElement":[{"@type":"ListItem","position":1,"name":"Startseite","item":"https:\/\/www.apfelpatient.de\/"},{"@type":"ListItem","position":2,"name":"Phil Schiller avanciert zum Apple Fellow"}]},{"@type":"WebSite","@id":"https:\/\/www.apfelpatient.de\/#website","url":"https:\/\/www.apfelpatient.de\/","name":"apple patient","description":"Everything about Apple!","publisher":{"@type":"Organization","@id":"https:\/\/www.apfelpatient.de\/en\/#organization","name":"Apfelpatient","url":"https:\/\/www.apfelpatient.de\/en\/"},"alternateName":"Apfelpatient","potentialAction":[{"@type":"SearchAction","target":{"@type":"EntryPoint","urlTemplate":"https:\/\/www.apfelpatient.de\/?s={search_term_string}"},"query-input":{"@type":"PropertyValueSpecification","valueRequired":true,"valueName":"search_term_string"}}],"inLanguage":"en-US"},{"@type":["Person","Organization"],"@id":"https:\/\/www.apfelpatient.de\/#\/schema\/person\/35b3ddba5832f2bfc7fff5206d4f6b7b","name":"Milan","logo":{"@id":"https:\/\/www.apfelpatient.de\/#\/schema\/person\/image\/"},"description":"Hello and welcome to my technology blog! As a big Apple fan, I report on everything to do with Apple: from the latest news and exciting rumors to helpful tips and tricks and detailed product tests. If you are as enthusiastic about technology as I am, you have come to the right place!","sameAs":["https:\/\/www.facebook.com\/apfelpatientOfficial","https:\/\/www.linkedin.com\/in\/milan-jovicic-42aa0231b"],"url":"https:\/\/www.apfelpatient.de\/en\/author\/apfeladmin"}]}},"_links":{"self":[{"href":"https:\/\/www.apfelpatient.de\/en\/wp-json\/wp\/v2\/posts\/14361","targetHints":{"allow":["GET"]}}],"collection":[{"href":"https:\/\/www.apfelpatient.de\/en\/wp-json\/wp\/v2\/posts"}],"about":[{"href":"https:\/\/www.apfelpatient.de\/en\/wp-json\/wp\/v2\/types\/post"}],"author":[{"embeddable":true,"href":"https:\/\/www.apfelpatient.de\/en\/wp-json\/wp\/v2\/users\/2"}],"replies":[{"embeddable":true,"href":"https:\/\/www.apfelpatient.de\/en\/wp-json\/wp\/v2\/comments?post=14361"}],"version-history":[{"count":0,"href":"https:\/\/www.apfelpatient.de\/en\/wp-json\/wp\/v2\/posts\/14361\/revisions"}],"wp:featuredmedia":[{"embeddable":true,"href":"https:\/\/www.apfelpatient.de\/en\/wp-json\/wp\/v2\/media\/14362"}],"wp:attachment":[{"href":"https:\/\/www.apfelpatient.de\/en\/wp-json\/wp\/v2\/media?parent=14361"}],"wp:term":[{"taxonomy":"category","embeddable":true,"href":"https:\/\/www.apfelpatient.de\/en\/wp-json\/wp\/v2\/categories?post=14361"},{"taxonomy":"post_tag","embeddable":true,"href":"https:\/\/www.apfelpatient.de\/en\/wp-json\/wp\/v2\/tags?post=14361"}],"curies":[{"name":"wp","href":"https:\/\/api.w.org\/{rel}","templated":true}]}}