{"id":14351,"date":"2020-08-04T17:30:03","date_gmt":"2020-08-04T15:30:03","guid":{"rendered":"https:\/\/www.apfelpatient.de\/?p=14351"},"modified":"2020-08-04T17:30:03","modified_gmt":"2020-08-04T15:30:03","slug":"imac-2020-apple-announces-new-imac","status":"publish","type":"post","link":"https:\/\/www.apfelpatient.de\/en\/news\/imac-2020-apple-kuendigt-neuen-imac-an","title":{"rendered":"iMac 2020: Apple announces new iMac"},"content":{"rendered":"<p class=\"has-drop-cap\"><strong>Rumors about an iMac update have been circulating for several months <a href=\"https:\/\/www.apfelpatient.de\/en\/day\/mac\" class=\"ek-link\"><span style=\"text-decoration: underline;\" class=\"ek-underline\">documented<\/span><\/a>Now the time has come. Apple has announced new iMac devices and will be using Intel processors for the last time. However, the long-awaited redesign has not yet been released.<\/strong><\/p>\n\n\n\n<p>In recent weeks, there have been repeated reports that Apple wants to update the iMac. But the update has not arrived \u2013 until today. In the press release <a href=\"https:\/\/www.apple.com\/newsroom\/2020\/08\/27-inch-imac-gets-a-major-update\/\" class=\"ek-link\"><span style=\"text-decoration: underline;\" class=\"ek-underline\">explained<\/span><\/a> Apple:<\/p>\n\n\n\n<h3 class=\"wp-block-heading\">iMac 2020: SSD is now standard<\/h3>\n\n\n\n\n\n\n\n<blockquote class=\"wp-block-quote is-layout-flow wp-block-quote-is-layout-flow\"><p>Apple today announced a major update to its 27-inch iMac. By far the most powerful and capable iMac ever, it features faster Intel processors with up to 10 cores, double the memory, next-generation AMD graphics, superfast SSDs with four times the storage capacity, a new nano-structured glass option for an even more stunning Retina 5K display, a 1080p FaceTime HD camera, higher fidelity speakers, and studio-quality microphones.<\/p><\/blockquote>\n\n\n\n<p>As mentioned, the new iMacs will come with brand new 10th generation Intel processors and next generation AMD graphics cards. An SSD is now standard in all iMac models, with upgrades up to 8TB of storage. The new iMac also gets the T2 security chip. In addition, the 5K display on the new iMac 27\u2033 features True Tone technology and a new nano glass texture option like the Pro Display XDR. But the camera might be the highlight. Finally, the outdated 720p camera has been removed and replaced with a 1080p lens.&nbsp;<\/p>\n\n\n\n<h3 class=\"wp-block-heading\">Orders will be accepted starting today<\/h3>\n\n\n\n<p>In addition to the 27-inch model, the 21.5-inch version has also been updated. This variant will also be delivered with SSDs in the future. But that&#039;s not all. Apple has also updated the iMac Pro. The announcement states:<\/p>\n\n\n\n<blockquote class=\"wp-block-quote is-layout-flow wp-block-quote-is-layout-flow\"><p>The iMac Pro now comes standard with a 10-core Intel Xeon processor. Designed for professionals who demand workstation-class performance, the iMac Pro features up to 18-core Xeon processors, up to 22 teraflops of graphics performance, up to 256GB of four-channel, four-channel ECC memory, and a brilliant 27-inch Retina 5K display.<\/p><\/blockquote>\n\n\n\n<p>The price of the new iMac 27&quot; starts at 2,046.05 euros. Depending on the features, the final price can be around 10,450.45 euros. Orders are being accepted starting today. Delivery is expected to take place next week. <em>(Image: Apple)<\/em><\/p>\n\n\n\n<h6 class=\"wp-block-heading translation-block\" id=\"h-kennt-ihr-schon-unsere-amazon-storefront-dort-findet-ihr-eine-handverlesene-auswahl-von-diversen-produkten-f-r-euer-iphone-und-co-viel-spa-beim-st-bern\"><em>Have you already visited our Amazon Storefront? There you&#039;ll find a hand-picked selection of various products for your iPhone and other devices \u2013 <span class=\"has-inline-color has-vivid-red-color\"><a href=\"https:\/\/www.amazon.de\/shop\/apfelpatientofficial\" class=\"ek-link\" data-wpel-link=\"exclude\" rel=\"follow noopener\" target=\"_self\"><span style=\"text-decoration: underline\" class=\"ek-underline\">enjoy browsing<\/span><\/a> !<\/span><\/em><\/h6>\n\n\n\n\n\n<h6 class=\"wp-block-heading translation-block\" id=\"h-der-beitrag-enthalt-partnerlinks\">This post contains <a data-type=\"URL\" data-id=\"https:\/\/www.apfelpatient.de\/partnerprogramm\" href=\"https:\/\/www.apfelpatient.de\/en\/partner-program\" data-wpel-link=\"internal\" target=\"_self\">affiliate links<\/a>.<\/h6>","protected":false},"excerpt":{"rendered":"<p>Apple has announced new iMac devices, which will be the last time they will use Intel processors. However, there will be no redesign.<\/p>","protected":false},"author":2,"featured_media":14348,"comment_status":"closed","ping_status":"open","sticky":false,"template":"","format":"standard","meta":{"jnews-multi-image_gallery":[],"jnews_single_post":{"subtitle":"","format":"standard","video":"","gallery":"","source_name":"","source_url":"","via_name":"","via_url":"","override":[{"single_blog_custom":"","sidebar":"","second_sidebar":"","share_position":"","share_float_style":"","post_date_format":"","post_date_format_custom":"","post_reading_time_wpm":"","zoom_button_out_step":"1","zoom_button_in_step":"1","number_popup_post":"1"}],"image_override":[{"single_post_thumbnail_size":"","single_post_gallery_size":""}],"trending_post_position":"","trending_post_label":"","sponsored_post_label":"","sponsored_post_name":"","sponsored_post_url":"","sponsored_post_logo":"","sponsored_post_desc":""},"jnews_primary_category":{"id":"265"},"footnotes":""},"categories":[9],"tags":[40],"class_list":["post-14351","post","type-post","status-publish","format-standard","has-post-thumbnail","hentry","category-news","tag-mac"],"yoast_head":"<!-- This site is optimized with the Yoast SEO Premium plugin v27.5 (Yoast SEO v27.5) - https:\/\/yoast.com\/product\/yoast-seo-premium-wordpress\/ -->\n<title>iMac 2020: Apple k\u00fcndigt neuen iMac an Apfelpatient<\/title>\n<meta name=\"description\" content=\"Apple hat neue iMac-Ger\u00e4te angek\u00fcndigt und damit auch das letzte Mal Intel-Prozessoren eingebaut. Ein Re-Design bleibt allerdings aus.\" \/>\n<meta name=\"robots\" content=\"index, follow, max-snippet:-1, max-image-preview:large, max-video-preview:-1\" \/>\n<link rel=\"canonical\" href=\"https:\/\/www.apfelpatient.de\/en\/news\/imac-2020-apple-announces-new-imac\" \/>\n<meta property=\"og:locale\" content=\"en_US\" \/>\n<meta property=\"og:type\" content=\"article\" \/>\n<meta property=\"og:title\" content=\"iMac 2020: Apple k\u00fcndigt neuen iMac an\" \/>\n<meta property=\"og:description\" content=\"Apple hat neue iMac-Ger\u00e4te angek\u00fcndigt und damit auch das letzte Mal Intel-Prozessoren eingebaut. Ein Re-Design bleibt allerdings aus.\" \/>\n<meta property=\"og:url\" content=\"https:\/\/www.apfelpatient.de\/en\/news\/imac-2020-apple-announces-new-imac\" \/>\n<meta property=\"og:site_name\" content=\"Apfelpatient\" \/>\n<meta property=\"article:publisher\" content=\"https:\/\/www.facebook.com\/apfelpatientOfficial\" \/>\n<meta property=\"article:author\" content=\"https:\/\/www.facebook.com\/apfelpatientOfficial\" \/>\n<meta property=\"article:published_time\" content=\"2020-08-04T15:30:03+00:00\" \/>\n<meta property=\"og:image\" content=\"https:\/\/www.apfelpatient.de\/wp-content\/uploads\/2020\/08\/Apple_imac-magickeyboardnum-magicmouse2-macos-wallpaper_08042020.jpg\" \/>\n\t<meta property=\"og:image:width\" content=\"1960\" \/>\n\t<meta property=\"og:image:height\" content=\"1540\" \/>\n\t<meta property=\"og:image:type\" content=\"image\/jpeg\" \/>\n<meta name=\"author\" content=\"Milan\" \/>\n<meta name=\"twitter:card\" content=\"summary_large_image\" \/>\n<meta name=\"twitter:description\" content=\"Apple hat neue iMac-Ger\u00e4te angek\u00fcndigt und damit auch das letzte Mal Intel-Prozessoren eingebaut. Ein Re-Design bleibt allerdings aus.\" \/>\n<meta name=\"twitter:label1\" content=\"Written by\" \/>\n\t<meta name=\"twitter:data1\" content=\"Milan\" \/>\n\t<meta name=\"twitter:label2\" content=\"Est. reading time\" \/>\n\t<meta name=\"twitter:data2\" content=\"2 minutes\" \/>\n<script type=\"application\/ld+json\" class=\"yoast-schema-graph\">{\"@context\":\"https:\\\/\\\/schema.org\",\"@graph\":[{\"@type\":\"NewsArticle\",\"@id\":\"https:\\\/\\\/www.apfelpatient.de\\\/news\\\/imac-2020-apple-kuendigt-neuen-imac-an#article\",\"isPartOf\":{\"@id\":\"https:\\\/\\\/www.apfelpatient.de\\\/news\\\/imac-2020-apple-kuendigt-neuen-imac-an\"},\"author\":{\"@type\":\"Organization\",\"@id\":\"https:\\\/\\\/www.apfelpatient.de\\\/en\\\/#organization\",\"name\":\"Apfelpatient\",\"url\":\"https:\\\/\\\/www.apfelpatient.de\\\/en\\\/\"},\"headline\":\"iMac 2020: Apple k\u00fcndigt neuen iMac an\",\"datePublished\":\"2020-08-04T15:30:03+00:00\",\"mainEntityOfPage\":{\"@id\":\"https:\\\/\\\/www.apfelpatient.de\\\/news\\\/imac-2020-apple-kuendigt-neuen-imac-an\"},\"wordCount\":386,\"publisher\":{\"@type\":\"Organization\",\"@id\":\"https:\\\/\\\/www.apfelpatient.de\\\/en\\\/#organization\",\"name\":\"Apfelpatient\",\"url\":\"https:\\\/\\\/www.apfelpatient.de\\\/en\\\/\"},\"image\":{\"@id\":\"https:\\\/\\\/www.apfelpatient.de\\\/news\\\/imac-2020-apple-kuendigt-neuen-imac-an#primaryimage\"},\"thumbnailUrl\":\"https:\\\/\\\/www.apfelpatient.de\\\/wp-content\\\/uploads\\\/2020\\\/08\\\/Apple_imac-magickeyboardnum-magicmouse2-macos-wallpaper_08042020.jpg\",\"keywords\":[\"Mac\"],\"articleSection\":\"News\",\"inLanguage\":\"en-US\",\"copyrightYear\":\"2020\",\"copyrightHolder\":{\"@id\":\"https:\\\/\\\/www.apfelpatient.de\\\/en\\\/#organization\"}},{\"@type\":\"WebPage\",\"@id\":\"https:\\\/\\\/www.apfelpatient.de\\\/news\\\/imac-2020-apple-kuendigt-neuen-imac-an\",\"url\":\"https:\\\/\\\/www.apfelpatient.de\\\/news\\\/imac-2020-apple-kuendigt-neuen-imac-an\",\"name\":\"iMac 2020: Apple k\u00fcndigt neuen iMac an Apfelpatient\",\"isPartOf\":{\"@id\":\"https:\\\/\\\/www.apfelpatient.de\\\/#website\"},\"primaryImageOfPage\":{\"@id\":\"https:\\\/\\\/www.apfelpatient.de\\\/news\\\/imac-2020-apple-kuendigt-neuen-imac-an#primaryimage\"},\"image\":{\"@id\":\"https:\\\/\\\/www.apfelpatient.de\\\/news\\\/imac-2020-apple-kuendigt-neuen-imac-an#primaryimage\"},\"thumbnailUrl\":\"https:\\\/\\\/www.apfelpatient.de\\\/wp-content\\\/uploads\\\/2020\\\/08\\\/Apple_imac-magickeyboardnum-magicmouse2-macos-wallpaper_08042020.jpg\",\"datePublished\":\"2020-08-04T15:30:03+00:00\",\"description\":\"Apple hat neue iMac-Ger\u00e4te angek\u00fcndigt und damit auch das letzte Mal Intel-Prozessoren eingebaut. Ein Re-Design bleibt allerdings aus.\",\"breadcrumb\":{\"@id\":\"https:\\\/\\\/www.apfelpatient.de\\\/news\\\/imac-2020-apple-kuendigt-neuen-imac-an#breadcrumb\"},\"inLanguage\":\"en-US\",\"potentialAction\":[{\"@type\":\"ReadAction\",\"target\":[\"https:\\\/\\\/www.apfelpatient.de\\\/news\\\/imac-2020-apple-kuendigt-neuen-imac-an\"]}]},{\"@type\":\"ImageObject\",\"inLanguage\":\"en-US\",\"@id\":\"https:\\\/\\\/www.apfelpatient.de\\\/news\\\/imac-2020-apple-kuendigt-neuen-imac-an#primaryimage\",\"url\":\"https:\\\/\\\/www.apfelpatient.de\\\/wp-content\\\/uploads\\\/2020\\\/08\\\/Apple_imac-magickeyboardnum-magicmouse2-macos-wallpaper_08042020.jpg\",\"contentUrl\":\"https:\\\/\\\/www.apfelpatient.de\\\/wp-content\\\/uploads\\\/2020\\\/08\\\/Apple_imac-magickeyboardnum-magicmouse2-macos-wallpaper_08042020.jpg\",\"width\":1960,\"height\":1540,\"caption\":\"Bild: Apple\"},{\"@type\":\"BreadcrumbList\",\"@id\":\"https:\\\/\\\/www.apfelpatient.de\\\/news\\\/imac-2020-apple-kuendigt-neuen-imac-an#breadcrumb\",\"itemListElement\":[{\"@type\":\"ListItem\",\"position\":1,\"name\":\"Startseite\",\"item\":\"https:\\\/\\\/www.apfelpatient.de\\\/\"},{\"@type\":\"ListItem\",\"position\":2,\"name\":\"iMac 2020: Apple k\u00fcndigt neuen iMac an\"}]},{\"@type\":\"WebSite\",\"@id\":\"https:\\\/\\\/www.apfelpatient.de\\\/#website\",\"url\":\"https:\\\/\\\/www.apfelpatient.de\\\/\",\"name\":\"Apfelpatient\",\"description\":\"Alles rund um Apple!\",\"publisher\":{\"@type\":\"Organization\",\"@id\":\"https:\\\/\\\/www.apfelpatient.de\\\/en\\\/#organization\",\"name\":\"Apfelpatient\",\"url\":\"https:\\\/\\\/www.apfelpatient.de\\\/en\\\/\"},\"alternateName\":\"Apfelpatient\",\"potentialAction\":[{\"@type\":\"SearchAction\",\"target\":{\"@type\":\"EntryPoint\",\"urlTemplate\":\"https:\\\/\\\/www.apfelpatient.de\\\/?s={search_term_string}\"},\"query-input\":{\"@type\":\"PropertyValueSpecification\",\"valueRequired\":true,\"valueName\":\"search_term_string\"}}],\"inLanguage\":\"en-US\"},{\"@type\":[\"Person\",\"Organization\"],\"@id\":\"https:\\\/\\\/www.apfelpatient.de\\\/#\\\/schema\\\/person\\\/7dc56ad6c8e9824b76d2c08d4c140e13\",\"name\":\"Milan\",\"logo\":{\"@id\":\"https:\\\/\\\/www.apfelpatient.de\\\/#\\\/schema\\\/person\\\/image\\\/\"},\"description\":\"Hallo und herzlich willkommen auf meinem Technik-Blog! Als gro\u00dfer Apple-Fan berichte ich hier \u00fcber alles, was mit Apple zu tun hat: von den neuesten News und spannenden Ger\u00fcchten \u00fcber hilfreiche Tipps und Tricks bis hin zu ausf\u00fchrlichen Produkttests. Wenn du genauso technikbegeistert bist wie ich, bist du hier genau richtig!\",\"sameAs\":[\"https:\\\/\\\/www.facebook.com\\\/apfelpatientOfficial\",\"https:\\\/\\\/www.linkedin.com\\\/in\\\/milan-jovicic-42aa0231b\"],\"url\":\"https:\\\/\\\/www.apfelpatient.de\\\/en\\\/author\\\/apfeladmin\"}]}<\/script>\n<!-- \/ Yoast SEO Premium plugin. -->","yoast_head_json":{"title":"iMac 2020: Apple announces new iMac Apfelpatient","description":"Apple has announced new iMac devices, which will be the last time they will use Intel processors. However, there will be no redesign.","robots":{"index":"index","follow":"follow","max-snippet":"max-snippet:-1","max-image-preview":"max-image-preview:large","max-video-preview":"max-video-preview:-1"},"canonical":"https:\/\/www.apfelpatient.de\/en\/news\/imac-2020-apple-announces-new-imac","og_locale":"en_US","og_type":"article","og_title":"iMac 2020: Apple k\u00fcndigt neuen iMac an","og_description":"Apple hat neue iMac-Ger\u00e4te angek\u00fcndigt und damit auch das letzte Mal Intel-Prozessoren eingebaut. Ein Re-Design bleibt allerdings aus.","og_url":"https:\/\/www.apfelpatient.de\/en\/news\/imac-2020-apple-announces-new-imac","og_site_name":"Apfelpatient","article_publisher":"https:\/\/www.facebook.com\/apfelpatientOfficial","article_author":"https:\/\/www.facebook.com\/apfelpatientOfficial","article_published_time":"2020-08-04T15:30:03+00:00","og_image":[{"width":1960,"height":1540,"url":"https:\/\/www.apfelpatient.de\/wp-content\/uploads\/2020\/08\/Apple_imac-magickeyboardnum-magicmouse2-macos-wallpaper_08042020.jpg","type":"image\/jpeg"}],"author":"Milan","twitter_card":"summary_large_image","twitter_description":"Apple hat neue iMac-Ger\u00e4te angek\u00fcndigt und damit auch das letzte Mal Intel-Prozessoren eingebaut. Ein Re-Design bleibt allerdings aus.","twitter_misc":{"Written by":"Milan","Est. reading time":"2 minutes"},"schema":{"@context":"https:\/\/schema.org","@graph":[{"@type":"NewsArticle","@id":"https:\/\/www.apfelpatient.de\/news\/imac-2020-apple-kuendigt-neuen-imac-an#article","isPartOf":{"@id":"https:\/\/www.apfelpatient.de\/news\/imac-2020-apple-kuendigt-neuen-imac-an"},"author":{"@type":"Organization","@id":"https:\/\/www.apfelpatient.de\/en\/#organization","name":"Apfelpatient","url":"https:\/\/www.apfelpatient.de\/en\/"},"headline":"iMac 2020: Apple k\u00fcndigt neuen iMac an","datePublished":"2020-08-04T15:30:03+00:00","mainEntityOfPage":{"@id":"https:\/\/www.apfelpatient.de\/news\/imac-2020-apple-kuendigt-neuen-imac-an"},"wordCount":386,"publisher":{"@type":"Organization","@id":"https:\/\/www.apfelpatient.de\/en\/#organization","name":"Apfelpatient","url":"https:\/\/www.apfelpatient.de\/en\/"},"image":{"@id":"https:\/\/www.apfelpatient.de\/news\/imac-2020-apple-kuendigt-neuen-imac-an#primaryimage"},"thumbnailUrl":"https:\/\/www.apfelpatient.de\/wp-content\/uploads\/2020\/08\/Apple_imac-magickeyboardnum-magicmouse2-macos-wallpaper_08042020.jpg","keywords":["Mac"],"articleSection":"News","inLanguage":"en-US","copyrightYear":"2020","copyrightHolder":{"@id":"https:\/\/www.apfelpatient.de\/en\/#organization"}},{"@type":"WebPage","@id":"https:\/\/www.apfelpatient.de\/news\/imac-2020-apple-kuendigt-neuen-imac-an","url":"https:\/\/www.apfelpatient.de\/news\/imac-2020-apple-kuendigt-neuen-imac-an","name":"iMac 2020: Apple announces new iMac Apfelpatient","isPartOf":{"@id":"https:\/\/www.apfelpatient.de\/#website"},"primaryImageOfPage":{"@id":"https:\/\/www.apfelpatient.de\/news\/imac-2020-apple-kuendigt-neuen-imac-an#primaryimage"},"image":{"@id":"https:\/\/www.apfelpatient.de\/news\/imac-2020-apple-kuendigt-neuen-imac-an#primaryimage"},"thumbnailUrl":"https:\/\/www.apfelpatient.de\/wp-content\/uploads\/2020\/08\/Apple_imac-magickeyboardnum-magicmouse2-macos-wallpaper_08042020.jpg","datePublished":"2020-08-04T15:30:03+00:00","description":"Apple has announced new iMac devices, which will be the last time they will use Intel processors. However, there will be no redesign.","breadcrumb":{"@id":"https:\/\/www.apfelpatient.de\/news\/imac-2020-apple-kuendigt-neuen-imac-an#breadcrumb"},"inLanguage":"en-US","potentialAction":[{"@type":"ReadAction","target":["https:\/\/www.apfelpatient.de\/news\/imac-2020-apple-kuendigt-neuen-imac-an"]}]},{"@type":"ImageObject","inLanguage":"en-US","@id":"https:\/\/www.apfelpatient.de\/news\/imac-2020-apple-kuendigt-neuen-imac-an#primaryimage","url":"https:\/\/www.apfelpatient.de\/wp-content\/uploads\/2020\/08\/Apple_imac-magickeyboardnum-magicmouse2-macos-wallpaper_08042020.jpg","contentUrl":"https:\/\/www.apfelpatient.de\/wp-content\/uploads\/2020\/08\/Apple_imac-magickeyboardnum-magicmouse2-macos-wallpaper_08042020.jpg","width":1960,"height":1540,"caption":"Bild: Apple"},{"@type":"BreadcrumbList","@id":"https:\/\/www.apfelpatient.de\/news\/imac-2020-apple-kuendigt-neuen-imac-an#breadcrumb","itemListElement":[{"@type":"ListItem","position":1,"name":"Startseite","item":"https:\/\/www.apfelpatient.de\/"},{"@type":"ListItem","position":2,"name":"iMac 2020: Apple k\u00fcndigt neuen iMac an"}]},{"@type":"WebSite","@id":"https:\/\/www.apfelpatient.de\/#website","url":"https:\/\/www.apfelpatient.de\/","name":"apple patient","description":"Everything about Apple!","publisher":{"@type":"Organization","@id":"https:\/\/www.apfelpatient.de\/en\/#organization","name":"Apfelpatient","url":"https:\/\/www.apfelpatient.de\/en\/"},"alternateName":"Apfelpatient","potentialAction":[{"@type":"SearchAction","target":{"@type":"EntryPoint","urlTemplate":"https:\/\/www.apfelpatient.de\/?s={search_term_string}"},"query-input":{"@type":"PropertyValueSpecification","valueRequired":true,"valueName":"search_term_string"}}],"inLanguage":"en-US"},{"@type":["Person","Organization"],"@id":"https:\/\/www.apfelpatient.de\/#\/schema\/person\/7dc56ad6c8e9824b76d2c08d4c140e13","name":"Milan","logo":{"@id":"https:\/\/www.apfelpatient.de\/#\/schema\/person\/image\/"},"description":"Hello and welcome to my technology blog! As a big Apple fan, I report on everything to do with Apple: from the latest news and exciting rumors to helpful tips and tricks and detailed product tests. If you are as enthusiastic about technology as I am, you have come to the right place!","sameAs":["https:\/\/www.facebook.com\/apfelpatientOfficial","https:\/\/www.linkedin.com\/in\/milan-jovicic-42aa0231b"],"url":"https:\/\/www.apfelpatient.de\/en\/author\/apfeladmin"}]}},"_links":{"self":[{"href":"https:\/\/www.apfelpatient.de\/en\/wp-json\/wp\/v2\/posts\/14351","targetHints":{"allow":["GET"]}}],"collection":[{"href":"https:\/\/www.apfelpatient.de\/en\/wp-json\/wp\/v2\/posts"}],"about":[{"href":"https:\/\/www.apfelpatient.de\/en\/wp-json\/wp\/v2\/types\/post"}],"author":[{"embeddable":true,"href":"https:\/\/www.apfelpatient.de\/en\/wp-json\/wp\/v2\/users\/2"}],"replies":[{"embeddable":true,"href":"https:\/\/www.apfelpatient.de\/en\/wp-json\/wp\/v2\/comments?post=14351"}],"version-history":[{"count":0,"href":"https:\/\/www.apfelpatient.de\/en\/wp-json\/wp\/v2\/posts\/14351\/revisions"}],"wp:featuredmedia":[{"embeddable":true,"href":"https:\/\/www.apfelpatient.de\/en\/wp-json\/wp\/v2\/media\/14348"}],"wp:attachment":[{"href":"https:\/\/www.apfelpatient.de\/en\/wp-json\/wp\/v2\/media?parent=14351"}],"wp:term":[{"taxonomy":"category","embeddable":true,"href":"https:\/\/www.apfelpatient.de\/en\/wp-json\/wp\/v2\/categories?post=14351"},{"taxonomy":"post_tag","embeddable":true,"href":"https:\/\/www.apfelpatient.de\/en\/wp-json\/wp\/v2\/tags?post=14351"}],"curies":[{"name":"wp","href":"https:\/\/api.w.org\/{rel}","templated":true}]}}