{"id":13924,"date":"2020-07-31T23:44:47","date_gmt":"2020-07-31T21:44:47","guid":{"rendered":"https:\/\/www.apfelpatient.de\/?p=13924"},"modified":"2020-07-31T23:44:47","modified_gmt":"2020-07-31T21:44:47","slug":"apple-adds-ipad-mini-to-vintage-list","status":"publish","type":"post","link":"https:\/\/www.apfelpatient.de\/en\/news\/apple-nimmt-ipad-mini-in-vintage-liste-auf","title":{"rendered":"Apple adds iPad mini to Vintage list"},"content":{"rendered":"<p class=\"has-drop-cap\"><strong>Apple has today somewhat surprisingly updated its own vintage list and included the first iPad Mini from 2012.<\/strong><\/p>\n\n\n\n<p>Apples <a href=\"https:\/\/support.apple.com\/de-de\/HT201624\" class=\"ek-link\"><span style=\"text-decoration: underline;\" class=\"ek-underline\">list<\/span><\/a> The Vintage list includes devices that have not been sold for more than five years but less than seven years, while the Discontinued Products list includes devices that have been discontinued for more than seven years. Devices on the Vintage list may still receive hardware service from Apple and certified service providers, subject to the availability of repair components and as required by law. However, hardware service is no longer available for discontinued products.<\/p>\n\n\n\n<h3 class=\"wp-block-heading\">An iMac also landed on the vintage list<\/h3>\n\n\n\n\n\n\n\n<p>The first iPad mini, introduced in 2012, sat on shelves until 2015. Since then, third, fourth, and fifth generation iPad mini models have been released, with a sixth generation version with a mini-LED display set to launch in the not-too-distant future. Apple&#039;s original iPad mini featured an A5 chip, 512MB of RAM, up to 64GB of storage, and a 1024 x 768 pixel display that wasn&#039;t considered Retina. The iPad mini hasn&#039;t undergone many design changes since its launch, but perhaps that will change with the sixth generation. Alongside the first generation iPad mini, the 2011 iMac 21.5-inch was also added to the vintage list.&nbsp;<em>(Photo by Denis_Zai \/ Bigstockphoto)<\/em><\/p>\n\n\n\n<ul class=\"wp-block-list\"><li><a href=\"https:\/\/www.apfelpatient.de\/en\/news\/bye-bye-first-macbook-pro-retina-display\" class=\"ek-link\"><span style=\"text-decoration: underline;\" class=\"ek-underline\">Bye Bye first MacBook Pro with Retina Display<\/span><\/a><\/li><\/ul>\n\n\n\n<h6 class=\"wp-block-heading translation-block\" id=\"h-kennt-ihr-schon-unsere-amazon-storefront-dort-findet-ihr-eine-handverlesene-auswahl-von-diversen-produkten-f-r-euer-iphone-und-co-viel-spa-beim-st-bern\"><em>Have you already visited our Amazon Storefront? There you&#039;ll find a hand-picked selection of various products for your iPhone and other devices \u2013 <span class=\"has-inline-color has-vivid-red-color\"><a href=\"https:\/\/www.amazon.de\/shop\/apfelpatientofficial\" class=\"ek-link\" data-wpel-link=\"exclude\" rel=\"follow noopener\" target=\"_self\"><span style=\"text-decoration: underline\" class=\"ek-underline\">enjoy browsing<\/span><\/a> !<\/span><\/em><\/h6>\n\n\n\n\n\n<h6 class=\"wp-block-heading translation-block\" id=\"h-der-beitrag-enthalt-partnerlinks\">This post contains <a data-type=\"URL\" data-id=\"https:\/\/www.apfelpatient.de\/partnerprogramm\" href=\"https:\/\/www.apfelpatient.de\/en\/partner-program\" data-wpel-link=\"internal\" target=\"_self\">affiliate links<\/a>.<\/h6>","protected":false},"excerpt":{"rendered":"<p>Apple has today somewhat surprisingly updated its own vintage list and included the first iPad Mini from 2012.<\/p>","protected":false},"author":2,"featured_media":13923,"comment_status":"closed","ping_status":"open","sticky":false,"template":"","format":"standard","meta":{"jnews-multi-image_gallery":[],"jnews_single_post":{"subtitle":"","format":"standard","video":"","gallery":"","source_name":"","source_url":"","via_name":"","via_url":"","override":[{"single_blog_custom":"","sidebar":"","second_sidebar":"","share_position":"","share_float_style":"","post_date_format":"","post_date_format_custom":"","post_reading_time_wpm":"","zoom_button_out_step":"1","zoom_button_in_step":"1","number_popup_post":"1"}],"image_override":[{"single_post_thumbnail_size":"","single_post_gallery_size":""}],"trending_post_position":"","trending_post_label":"","sponsored_post_label":"","sponsored_post_name":"","sponsored_post_url":"","sponsored_post_logo":"","sponsored_post_desc":""},"jnews_primary_category":{"id":"265"},"footnotes":""},"categories":[9],"tags":[72,18,114,40,59,180],"class_list":["post-13924","post","type-post","status-publish","format-standard","has-post-thumbnail","hentry","category-news","tag-imac","tag-ipad","tag-ipad-mini","tag-mac","tag-obsolet","tag-vintage"],"yoast_head":"<!-- This site is optimized with the Yoast SEO Premium plugin v27.5 (Yoast SEO v27.5) - https:\/\/yoast.com\/product\/yoast-seo-premium-wordpress\/ -->\n<title>Apple nimmt iPad mini in Vintage Liste auf Apfelpatient<\/title>\n<meta name=\"description\" content=\"Apple hat heute etwas \u00fcberraschend die eigene Vintage-Liste aktualisiert und dabei das erste iPad Mini aus dem Jahr 2012 aufgenommen.\" \/>\n<meta name=\"robots\" content=\"index, follow, max-snippet:-1, max-image-preview:large, max-video-preview:-1\" \/>\n<link rel=\"canonical\" href=\"https:\/\/www.apfelpatient.de\/en\/news\/apple-adds-ipad-mini-to-vintage-list\" \/>\n<meta property=\"og:locale\" content=\"en_US\" \/>\n<meta property=\"og:type\" content=\"article\" \/>\n<meta property=\"og:title\" content=\"Apple nimmt iPad mini in Vintage Liste auf\" \/>\n<meta property=\"og:description\" content=\"Apple hat heute etwas \u00fcberraschend die eigene Vintage-Liste aktualisiert und dabei das erste iPad Mini aus dem Jahr 2012 aufgenommen.\" \/>\n<meta property=\"og:url\" content=\"https:\/\/www.apfelpatient.de\/en\/news\/apple-adds-ipad-mini-to-vintage-list\" \/>\n<meta property=\"og:site_name\" content=\"Apfelpatient\" \/>\n<meta property=\"article:publisher\" content=\"https:\/\/www.facebook.com\/apfelpatientOfficial\" \/>\n<meta property=\"article:author\" content=\"https:\/\/www.facebook.com\/apfelpatientOfficial\" \/>\n<meta property=\"article:published_time\" content=\"2020-07-31T21:44:47+00:00\" \/>\n<meta property=\"og:image\" content=\"https:\/\/www.apfelpatient.de\/wp-content\/uploads\/2020\/07\/bigstock-Moscow-Russia-September-330696727.jpg\" \/>\n\t<meta property=\"og:image:width\" content=\"1600\" \/>\n\t<meta property=\"og:image:height\" content=\"1065\" \/>\n\t<meta property=\"og:image:type\" content=\"image\/jpeg\" \/>\n<meta name=\"author\" content=\"Milan\" \/>\n<meta name=\"twitter:card\" content=\"summary_large_image\" \/>\n<meta name=\"twitter:description\" content=\"Apple hat heute etwas \u00fcberraschend die eigene Vintage-Liste aktualisiert und dabei das erste iPad Mini aus dem Jahr 2012 aufgenommen.\" \/>\n<meta name=\"twitter:label1\" content=\"Written by\" \/>\n\t<meta name=\"twitter:data1\" content=\"Milan\" \/>\n\t<meta name=\"twitter:label2\" content=\"Est. reading time\" \/>\n\t<meta name=\"twitter:data2\" content=\"1 minute\" \/>\n<script type=\"application\/ld+json\" class=\"yoast-schema-graph\">{\"@context\":\"https:\\\/\\\/schema.org\",\"@graph\":[{\"@type\":\"NewsArticle\",\"@id\":\"https:\\\/\\\/www.apfelpatient.de\\\/news\\\/apple-nimmt-ipad-mini-in-vintage-liste-auf#article\",\"isPartOf\":{\"@id\":\"https:\\\/\\\/www.apfelpatient.de\\\/news\\\/apple-nimmt-ipad-mini-in-vintage-liste-auf\"},\"author\":{\"@type\":\"Organization\",\"@id\":\"https:\\\/\\\/www.apfelpatient.de\\\/en\\\/#organization\",\"name\":\"Apfelpatient\",\"url\":\"https:\\\/\\\/www.apfelpatient.de\\\/en\\\/\"},\"headline\":\"Apple nimmt iPad mini in Vintage Liste auf\",\"datePublished\":\"2020-07-31T21:44:47+00:00\",\"mainEntityOfPage\":{\"@id\":\"https:\\\/\\\/www.apfelpatient.de\\\/news\\\/apple-nimmt-ipad-mini-in-vintage-liste-auf\"},\"wordCount\":250,\"publisher\":{\"@type\":\"Organization\",\"@id\":\"https:\\\/\\\/www.apfelpatient.de\\\/en\\\/#organization\",\"name\":\"Apfelpatient\",\"url\":\"https:\\\/\\\/www.apfelpatient.de\\\/en\\\/\"},\"image\":{\"@id\":\"https:\\\/\\\/www.apfelpatient.de\\\/news\\\/apple-nimmt-ipad-mini-in-vintage-liste-auf#primaryimage\"},\"thumbnailUrl\":\"https:\\\/\\\/www.apfelpatient.de\\\/wp-content\\\/uploads\\\/2020\\\/07\\\/bigstock-Moscow-Russia-September-330696727.jpg\",\"keywords\":[\"iMac\",\"iPad\",\"iPad mini\",\"Mac\",\"Obsolet\",\"Vintage\"],\"articleSection\":\"News\",\"inLanguage\":\"en-US\",\"copyrightYear\":\"2020\",\"copyrightHolder\":{\"@id\":\"https:\\\/\\\/www.apfelpatient.de\\\/en\\\/#organization\"}},{\"@type\":\"WebPage\",\"@id\":\"https:\\\/\\\/www.apfelpatient.de\\\/news\\\/apple-nimmt-ipad-mini-in-vintage-liste-auf\",\"url\":\"https:\\\/\\\/www.apfelpatient.de\\\/news\\\/apple-nimmt-ipad-mini-in-vintage-liste-auf\",\"name\":\"Apple nimmt iPad mini in Vintage Liste auf Apfelpatient\",\"isPartOf\":{\"@id\":\"https:\\\/\\\/www.apfelpatient.de\\\/#website\"},\"primaryImageOfPage\":{\"@id\":\"https:\\\/\\\/www.apfelpatient.de\\\/news\\\/apple-nimmt-ipad-mini-in-vintage-liste-auf#primaryimage\"},\"image\":{\"@id\":\"https:\\\/\\\/www.apfelpatient.de\\\/news\\\/apple-nimmt-ipad-mini-in-vintage-liste-auf#primaryimage\"},\"thumbnailUrl\":\"https:\\\/\\\/www.apfelpatient.de\\\/wp-content\\\/uploads\\\/2020\\\/07\\\/bigstock-Moscow-Russia-September-330696727.jpg\",\"datePublished\":\"2020-07-31T21:44:47+00:00\",\"description\":\"Apple hat heute etwas \u00fcberraschend die eigene Vintage-Liste aktualisiert und dabei das erste iPad Mini aus dem Jahr 2012 aufgenommen.\",\"breadcrumb\":{\"@id\":\"https:\\\/\\\/www.apfelpatient.de\\\/news\\\/apple-nimmt-ipad-mini-in-vintage-liste-auf#breadcrumb\"},\"inLanguage\":\"en-US\",\"potentialAction\":[{\"@type\":\"ReadAction\",\"target\":[\"https:\\\/\\\/www.apfelpatient.de\\\/news\\\/apple-nimmt-ipad-mini-in-vintage-liste-auf\"]}]},{\"@type\":\"ImageObject\",\"inLanguage\":\"en-US\",\"@id\":\"https:\\\/\\\/www.apfelpatient.de\\\/news\\\/apple-nimmt-ipad-mini-in-vintage-liste-auf#primaryimage\",\"url\":\"https:\\\/\\\/www.apfelpatient.de\\\/wp-content\\\/uploads\\\/2020\\\/07\\\/bigstock-Moscow-Russia-September-330696727.jpg\",\"contentUrl\":\"https:\\\/\\\/www.apfelpatient.de\\\/wp-content\\\/uploads\\\/2020\\\/07\\\/bigstock-Moscow-Russia-September-330696727.jpg\",\"width\":1600,\"height\":1065,\"caption\":\"Moscow, Russia - September 1, 2019, Apple iPad mini 2 tablet, the reverse side.\"},{\"@type\":\"BreadcrumbList\",\"@id\":\"https:\\\/\\\/www.apfelpatient.de\\\/news\\\/apple-nimmt-ipad-mini-in-vintage-liste-auf#breadcrumb\",\"itemListElement\":[{\"@type\":\"ListItem\",\"position\":1,\"name\":\"Startseite\",\"item\":\"https:\\\/\\\/www.apfelpatient.de\\\/\"},{\"@type\":\"ListItem\",\"position\":2,\"name\":\"Apple nimmt iPad mini in Vintage Liste auf\"}]},{\"@type\":\"WebSite\",\"@id\":\"https:\\\/\\\/www.apfelpatient.de\\\/#website\",\"url\":\"https:\\\/\\\/www.apfelpatient.de\\\/\",\"name\":\"Apfelpatient\",\"description\":\"Alles rund um Apple!\",\"publisher\":{\"@type\":\"Organization\",\"@id\":\"https:\\\/\\\/www.apfelpatient.de\\\/en\\\/#organization\",\"name\":\"Apfelpatient\",\"url\":\"https:\\\/\\\/www.apfelpatient.de\\\/en\\\/\"},\"alternateName\":\"Apfelpatient\",\"potentialAction\":[{\"@type\":\"SearchAction\",\"target\":{\"@type\":\"EntryPoint\",\"urlTemplate\":\"https:\\\/\\\/www.apfelpatient.de\\\/?s={search_term_string}\"},\"query-input\":{\"@type\":\"PropertyValueSpecification\",\"valueRequired\":true,\"valueName\":\"search_term_string\"}}],\"inLanguage\":\"en-US\"},{\"@type\":[\"Person\",\"Organization\"],\"@id\":\"https:\\\/\\\/www.apfelpatient.de\\\/#\\\/schema\\\/person\\\/7dc56ad6c8e9824b76d2c08d4c140e13\",\"name\":\"Milan\",\"logo\":{\"@id\":\"https:\\\/\\\/www.apfelpatient.de\\\/#\\\/schema\\\/person\\\/image\\\/\"},\"description\":\"Hallo und herzlich willkommen auf meinem Technik-Blog! Als gro\u00dfer Apple-Fan berichte ich hier \u00fcber alles, was mit Apple zu tun hat: von den neuesten News und spannenden Ger\u00fcchten \u00fcber hilfreiche Tipps und Tricks bis hin zu ausf\u00fchrlichen Produkttests. Wenn du genauso technikbegeistert bist wie ich, bist du hier genau richtig!\",\"sameAs\":[\"https:\\\/\\\/www.facebook.com\\\/apfelpatientOfficial\",\"https:\\\/\\\/www.linkedin.com\\\/in\\\/milan-jovicic-42aa0231b\"],\"url\":\"https:\\\/\\\/www.apfelpatient.de\\\/en\\\/author\\\/apfeladmin\"}]}<\/script>\n<!-- \/ Yoast SEO Premium plugin. -->","yoast_head_json":{"title":"Apple adds iPad mini to Vintage list Apfelpatient","description":"Apple has today somewhat surprisingly updated its own vintage list and included the first iPad Mini from 2012.","robots":{"index":"index","follow":"follow","max-snippet":"max-snippet:-1","max-image-preview":"max-image-preview:large","max-video-preview":"max-video-preview:-1"},"canonical":"https:\/\/www.apfelpatient.de\/en\/news\/apple-adds-ipad-mini-to-vintage-list","og_locale":"en_US","og_type":"article","og_title":"Apple nimmt iPad mini in Vintage Liste auf","og_description":"Apple hat heute etwas \u00fcberraschend die eigene Vintage-Liste aktualisiert und dabei das erste iPad Mini aus dem Jahr 2012 aufgenommen.","og_url":"https:\/\/www.apfelpatient.de\/en\/news\/apple-adds-ipad-mini-to-vintage-list","og_site_name":"Apfelpatient","article_publisher":"https:\/\/www.facebook.com\/apfelpatientOfficial","article_author":"https:\/\/www.facebook.com\/apfelpatientOfficial","article_published_time":"2020-07-31T21:44:47+00:00","og_image":[{"width":1600,"height":1065,"url":"https:\/\/www.apfelpatient.de\/wp-content\/uploads\/2020\/07\/bigstock-Moscow-Russia-September-330696727.jpg","type":"image\/jpeg"}],"author":"Milan","twitter_card":"summary_large_image","twitter_description":"Apple hat heute etwas \u00fcberraschend die eigene Vintage-Liste aktualisiert und dabei das erste iPad Mini aus dem Jahr 2012 aufgenommen.","twitter_misc":{"Written by":"Milan","Est. reading time":"1 minute"},"schema":{"@context":"https:\/\/schema.org","@graph":[{"@type":"NewsArticle","@id":"https:\/\/www.apfelpatient.de\/news\/apple-nimmt-ipad-mini-in-vintage-liste-auf#article","isPartOf":{"@id":"https:\/\/www.apfelpatient.de\/news\/apple-nimmt-ipad-mini-in-vintage-liste-auf"},"author":{"@type":"Organization","@id":"https:\/\/www.apfelpatient.de\/en\/#organization","name":"Apfelpatient","url":"https:\/\/www.apfelpatient.de\/en\/"},"headline":"Apple nimmt iPad mini in Vintage Liste auf","datePublished":"2020-07-31T21:44:47+00:00","mainEntityOfPage":{"@id":"https:\/\/www.apfelpatient.de\/news\/apple-nimmt-ipad-mini-in-vintage-liste-auf"},"wordCount":250,"publisher":{"@type":"Organization","@id":"https:\/\/www.apfelpatient.de\/en\/#organization","name":"Apfelpatient","url":"https:\/\/www.apfelpatient.de\/en\/"},"image":{"@id":"https:\/\/www.apfelpatient.de\/news\/apple-nimmt-ipad-mini-in-vintage-liste-auf#primaryimage"},"thumbnailUrl":"https:\/\/www.apfelpatient.de\/wp-content\/uploads\/2020\/07\/bigstock-Moscow-Russia-September-330696727.jpg","keywords":["iMac","iPad","iPad mini","Mac","Obsolet","Vintage"],"articleSection":"News","inLanguage":"en-US","copyrightYear":"2020","copyrightHolder":{"@id":"https:\/\/www.apfelpatient.de\/en\/#organization"}},{"@type":"WebPage","@id":"https:\/\/www.apfelpatient.de\/news\/apple-nimmt-ipad-mini-in-vintage-liste-auf","url":"https:\/\/www.apfelpatient.de\/news\/apple-nimmt-ipad-mini-in-vintage-liste-auf","name":"Apple adds iPad mini to Vintage list Apfelpatient","isPartOf":{"@id":"https:\/\/www.apfelpatient.de\/#website"},"primaryImageOfPage":{"@id":"https:\/\/www.apfelpatient.de\/news\/apple-nimmt-ipad-mini-in-vintage-liste-auf#primaryimage"},"image":{"@id":"https:\/\/www.apfelpatient.de\/news\/apple-nimmt-ipad-mini-in-vintage-liste-auf#primaryimage"},"thumbnailUrl":"https:\/\/www.apfelpatient.de\/wp-content\/uploads\/2020\/07\/bigstock-Moscow-Russia-September-330696727.jpg","datePublished":"2020-07-31T21:44:47+00:00","description":"Apple has today somewhat surprisingly updated its own vintage list and included the first iPad Mini from 2012.","breadcrumb":{"@id":"https:\/\/www.apfelpatient.de\/news\/apple-nimmt-ipad-mini-in-vintage-liste-auf#breadcrumb"},"inLanguage":"en-US","potentialAction":[{"@type":"ReadAction","target":["https:\/\/www.apfelpatient.de\/news\/apple-nimmt-ipad-mini-in-vintage-liste-auf"]}]},{"@type":"ImageObject","inLanguage":"en-US","@id":"https:\/\/www.apfelpatient.de\/news\/apple-nimmt-ipad-mini-in-vintage-liste-auf#primaryimage","url":"https:\/\/www.apfelpatient.de\/wp-content\/uploads\/2020\/07\/bigstock-Moscow-Russia-September-330696727.jpg","contentUrl":"https:\/\/www.apfelpatient.de\/wp-content\/uploads\/2020\/07\/bigstock-Moscow-Russia-September-330696727.jpg","width":1600,"height":1065,"caption":"Moscow, Russia - September 1, 2019, Apple iPad mini 2 tablet, the reverse side."},{"@type":"BreadcrumbList","@id":"https:\/\/www.apfelpatient.de\/news\/apple-nimmt-ipad-mini-in-vintage-liste-auf#breadcrumb","itemListElement":[{"@type":"ListItem","position":1,"name":"Startseite","item":"https:\/\/www.apfelpatient.de\/"},{"@type":"ListItem","position":2,"name":"Apple nimmt iPad mini in Vintage Liste auf"}]},{"@type":"WebSite","@id":"https:\/\/www.apfelpatient.de\/#website","url":"https:\/\/www.apfelpatient.de\/","name":"apple patient","description":"Everything about Apple!","publisher":{"@type":"Organization","@id":"https:\/\/www.apfelpatient.de\/en\/#organization","name":"Apfelpatient","url":"https:\/\/www.apfelpatient.de\/en\/"},"alternateName":"Apfelpatient","potentialAction":[{"@type":"SearchAction","target":{"@type":"EntryPoint","urlTemplate":"https:\/\/www.apfelpatient.de\/?s={search_term_string}"},"query-input":{"@type":"PropertyValueSpecification","valueRequired":true,"valueName":"search_term_string"}}],"inLanguage":"en-US"},{"@type":["Person","Organization"],"@id":"https:\/\/www.apfelpatient.de\/#\/schema\/person\/7dc56ad6c8e9824b76d2c08d4c140e13","name":"Milan","logo":{"@id":"https:\/\/www.apfelpatient.de\/#\/schema\/person\/image\/"},"description":"Hello and welcome to my technology blog! As a big Apple fan, I report on everything to do with Apple: from the latest news and exciting rumors to helpful tips and tricks and detailed product tests. If you are as enthusiastic about technology as I am, you have come to the right place!","sameAs":["https:\/\/www.facebook.com\/apfelpatientOfficial","https:\/\/www.linkedin.com\/in\/milan-jovicic-42aa0231b"],"url":"https:\/\/www.apfelpatient.de\/en\/author\/apfeladmin"}]}},"_links":{"self":[{"href":"https:\/\/www.apfelpatient.de\/en\/wp-json\/wp\/v2\/posts\/13924","targetHints":{"allow":["GET"]}}],"collection":[{"href":"https:\/\/www.apfelpatient.de\/en\/wp-json\/wp\/v2\/posts"}],"about":[{"href":"https:\/\/www.apfelpatient.de\/en\/wp-json\/wp\/v2\/types\/post"}],"author":[{"embeddable":true,"href":"https:\/\/www.apfelpatient.de\/en\/wp-json\/wp\/v2\/users\/2"}],"replies":[{"embeddable":true,"href":"https:\/\/www.apfelpatient.de\/en\/wp-json\/wp\/v2\/comments?post=13924"}],"version-history":[{"count":0,"href":"https:\/\/www.apfelpatient.de\/en\/wp-json\/wp\/v2\/posts\/13924\/revisions"}],"wp:featuredmedia":[{"embeddable":true,"href":"https:\/\/www.apfelpatient.de\/en\/wp-json\/wp\/v2\/media\/13923"}],"wp:attachment":[{"href":"https:\/\/www.apfelpatient.de\/en\/wp-json\/wp\/v2\/media?parent=13924"}],"wp:term":[{"taxonomy":"category","embeddable":true,"href":"https:\/\/www.apfelpatient.de\/en\/wp-json\/wp\/v2\/categories?post=13924"},{"taxonomy":"post_tag","embeddable":true,"href":"https:\/\/www.apfelpatient.de\/en\/wp-json\/wp\/v2\/tags?post=13924"}],"curies":[{"name":"wp","href":"https:\/\/api.w.org\/{rel}","templated":true}]}}