{"id":13905,"date":"2020-07-31T00:32:52","date_gmt":"2020-07-30T22:32:52","guid":{"rendered":"https:\/\/www.apfelpatient.de\/?p=13905"},"modified":"2020-07-31T00:32:52","modified_gmt":"2020-07-30T22:32:52","slug":"iphone-12-apple-confirms-delays","status":"publish","type":"post","link":"https:\/\/www.apfelpatient.de\/en\/news\/iphone-12-apple-bestaetigt-verzoegerungen","title":{"rendered":"iPhone 12: Apple confirms delays"},"content":{"rendered":"<p class=\"has-drop-cap\"><strong>Apple opened its books yesterday evening and released its third quarter results <span style=\"text-decoration: underline;\" class=\"ek-underline\"><a href=\"https:\/\/www.apfelpatient.de\/en\/news\/q3-apple-opens-the-books-shareholders-cheer\" class=\"ek-link\">submitted<\/a><\/span>The company also discussed the next generation of iPhones \u2013 a previously unprecedented step.<\/strong><\/p>\n\n\n\n<p>With the publication of its quarterly figures yesterday, Apple once again caused a sensation. In the subsequent conference call, the company discussed the next iPhone generation. A circumstance that has never happened before. Rumors that the devices will be released later than usual have been documented well enough. Now Apple has actually commented on the topic. According to the report, unlike in previous years, the new iPhones will go on sale a few weeks later. Apple&#039;s CFO, Luca Maestri, explained:<\/p>\n\n\n\n<blockquote class=\"wp-block-quote is-layout-flow wp-block-quote-is-layout-flow\"><p>As you know, last year we started selling new iPhones at the end of September. This year we expect delivery to be available a few weeks later.<\/p><\/blockquote>\n\n\n\n<p>The iPhone 11 and iPhone 11 Pro were released on September 20th last year. A three-week delay this year would mean that the iPhone 12 lineup would not be available until mid-October at the earliest. <a href=\"https:\/\/www.apple.com\/\" class=\"ek-link\"><span style=\"text-decoration: underline;\" class=\"ek-underline\">shelves<\/span><\/a> lands.&nbsp;<\/p>\n\n\n\n<h3 class=\"wp-block-heading\">iPhone 12: An October launch would not be the first time<\/h3>\n\n\n\n\n\n\n\n<p>As a rule, Apple does not comment on unreleased products - especially not future iPhone models. This makes the statement all the more surprising. But no further details were announced. Accordingly, a presentation in September is still possible - only the market launch actually seems to take place in October. But it is also a fact that it would not be the first time. In 2017, Apple did not put the iPhone X on sale in September but in November, while in 2018 the iPhone XR did not hit the shelves until October. Both devices were officially unveiled in September, however. This year, the Cupertino-based company will probably present four devices in three different sizes. You can find out what specifications the iPhone 12 models could offer below. Please note: The details are based only on rumors. <em>(Image: Apple)<\/em><\/p>\n\n\n\n<ul class=\"wp-block-list\"><li><a href=\"https:\/\/www.apfelpatient.de\/en\/rumors\/iphone-12-apple-glass-leaker-reveals-two-keynotes\" class=\"ek-link\"><span style=\"text-decoration: underline;\" class=\"ek-underline\">iPhone 12 &amp; Apple Glass: Leaker reveals two keynotes<\/span><\/a><\/li><\/ul>\n\n\n\n<figure class=\"wp-block-image size-large\"><img decoding=\"async\" src=\"https:\/\/www.apfelpatient.de\/wp-content\/uploads\/2020\/07\/IMG_1124-1024x759.png\" alt=\"Screenshot: Apfelpatient\" class=\"wp-image-13636\"\/><figcaption>Screenshot: Apfelpatient<\/figcaption><\/figure>\n\n\n\n<h6 class=\"wp-block-heading translation-block\" id=\"h-kennt-ihr-schon-unsere-amazon-storefront-dort-findet-ihr-eine-handverlesene-auswahl-von-diversen-produkten-f-r-euer-iphone-und-co-viel-spa-beim-st-bern\"><em>Have you already visited our Amazon Storefront? There you&#039;ll find a hand-picked selection of various products for your iPhone and other devices \u2013 <span class=\"has-inline-color has-vivid-red-color\"><a href=\"https:\/\/www.amazon.de\/shop\/apfelpatientofficial\" class=\"ek-link\" data-wpel-link=\"exclude\" rel=\"follow noopener\" target=\"_self\"><span style=\"text-decoration: underline\" class=\"ek-underline\">enjoy browsing<\/span><\/a> !<\/span><\/em><\/h6>\n\n\n\n\n\n<h6 class=\"wp-block-heading translation-block\" id=\"h-der-beitrag-enthalt-partnerlinks\">This post contains <a data-type=\"URL\" data-id=\"https:\/\/www.apfelpatient.de\/partnerprogramm\" href=\"https:\/\/www.apfelpatient.de\/en\/partner-program\" data-wpel-link=\"internal\" target=\"_self\">affiliate links<\/a>.<\/h6>","protected":false},"excerpt":{"rendered":"<p>iPhone 12: The company also discussed the next iPhone generation \u2013 a previously unprecedented step.<\/p>","protected":false},"author":2,"featured_media":13284,"comment_status":"closed","ping_status":"open","sticky":false,"template":"","format":"standard","meta":{"jnews-multi-image_gallery":[],"jnews_single_post":{"subtitle":"","format":"standard","video":"","gallery":"","source_name":"","source_url":"","via_name":"","via_url":"","override":[{"single_blog_custom":"","sidebar":"","second_sidebar":"","share_position":"","share_float_style":"","post_date_format":"","post_date_format_custom":"","post_reading_time_wpm":"","zoom_button_out_step":"1","zoom_button_in_step":"1","number_popup_post":"1"}],"image_override":[{"single_post_thumbnail_size":"","single_post_gallery_size":""}],"trending_post_position":"","trending_post_label":"","sponsored_post_label":"","sponsored_post_name":"","sponsored_post_url":"","sponsored_post_logo":"","sponsored_post_desc":""},"jnews_primary_category":{"id":"265"},"footnotes":""},"categories":[9],"tags":[8,321,254],"class_list":["post-13905","post","type-post","status-publish","format-standard","has-post-thumbnail","hentry","category-news","tag-iphone","tag-iphone-12","tag-iphone-2020"],"yoast_head":"<!-- This site is optimized with the Yoast SEO Premium plugin v27.5 (Yoast SEO v27.5) - https:\/\/yoast.com\/product\/yoast-seo-premium-wordpress\/ -->\n<title>iPhone 12: Apple best\u00e4tigt Verz\u00f6gerungen Apfelpatient<\/title>\n<meta name=\"description\" content=\"iPhone 12: Dabei ging der Konzern auch auf die n\u00e4chste iPhone-Generation ein - ein bislang einmaliger Schritt.\" \/>\n<meta name=\"robots\" content=\"index, follow, max-snippet:-1, max-image-preview:large, max-video-preview:-1\" \/>\n<link rel=\"canonical\" href=\"https:\/\/www.apfelpatient.de\/en\/news\/iphone-12-apple-confirms-delays\" \/>\n<meta property=\"og:locale\" content=\"en_US\" \/>\n<meta property=\"og:type\" content=\"article\" \/>\n<meta property=\"og:title\" content=\"iPhone 12: Apple best\u00e4tigt Verz\u00f6gerungen\" \/>\n<meta property=\"og:description\" content=\"iPhone 12: Dabei ging der Konzern auch auf die n\u00e4chste iPhone-Generation ein - ein bislang einmaliger Schritt.\" \/>\n<meta property=\"og:url\" content=\"https:\/\/www.apfelpatient.de\/en\/news\/iphone-12-apple-confirms-delays\" \/>\n<meta property=\"og:site_name\" content=\"Apfelpatient\" \/>\n<meta property=\"article:publisher\" content=\"https:\/\/www.facebook.com\/apfelpatientOfficial\" \/>\n<meta property=\"article:author\" content=\"https:\/\/www.facebook.com\/apfelpatientOfficial\" \/>\n<meta property=\"article:published_time\" content=\"2020-07-30T22:32:52+00:00\" \/>\n<meta property=\"og:image\" content=\"https:\/\/www.apfelpatient.de\/wp-content\/uploads\/2020\/06\/Apple_Keynote-Event_Kaiann-Drance-iPhone-11_091019.jpg\" \/>\n\t<meta property=\"og:image:width\" content=\"2810\" \/>\n\t<meta property=\"og:image:height\" content=\"1868\" \/>\n\t<meta property=\"og:image:type\" content=\"image\/jpeg\" \/>\n<meta name=\"author\" content=\"Milan\" \/>\n<meta name=\"twitter:card\" content=\"summary_large_image\" \/>\n<meta name=\"twitter:description\" content=\"iPhone 12: Dabei ging der Konzern auch auf die n\u00e4chste iPhone-Generation ein - ein bislang einmaliger Schritt.\" \/>\n<meta name=\"twitter:label1\" content=\"Written by\" \/>\n\t<meta name=\"twitter:data1\" content=\"Milan\" \/>\n\t<meta name=\"twitter:label2\" content=\"Est. reading time\" \/>\n\t<meta name=\"twitter:data2\" content=\"2 minutes\" \/>\n<script type=\"application\/ld+json\" class=\"yoast-schema-graph\">{\"@context\":\"https:\\\/\\\/schema.org\",\"@graph\":[{\"@type\":\"NewsArticle\",\"@id\":\"https:\\\/\\\/www.apfelpatient.de\\\/news\\\/iphone-12-apple-bestaetigt-verzoegerungen#article\",\"isPartOf\":{\"@id\":\"https:\\\/\\\/www.apfelpatient.de\\\/news\\\/iphone-12-apple-bestaetigt-verzoegerungen\"},\"author\":{\"@type\":\"Organization\",\"@id\":\"https:\\\/\\\/www.apfelpatient.de\\\/en\\\/#organization\",\"name\":\"Apfelpatient\",\"url\":\"https:\\\/\\\/www.apfelpatient.de\\\/en\\\/\"},\"headline\":\"iPhone 12: Apple best\u00e4tigt Verz\u00f6gerungen\",\"datePublished\":\"2020-07-30T22:32:52+00:00\",\"mainEntityOfPage\":{\"@id\":\"https:\\\/\\\/www.apfelpatient.de\\\/news\\\/iphone-12-apple-bestaetigt-verzoegerungen\"},\"wordCount\":362,\"publisher\":{\"@type\":\"Organization\",\"@id\":\"https:\\\/\\\/www.apfelpatient.de\\\/en\\\/#organization\",\"name\":\"Apfelpatient\",\"url\":\"https:\\\/\\\/www.apfelpatient.de\\\/en\\\/\"},\"image\":{\"@id\":\"https:\\\/\\\/www.apfelpatient.de\\\/news\\\/iphone-12-apple-bestaetigt-verzoegerungen#primaryimage\"},\"thumbnailUrl\":\"https:\\\/\\\/www.apfelpatient.de\\\/wp-content\\\/uploads\\\/2020\\\/06\\\/Apple_Keynote-Event_Kaiann-Drance-iPhone-11_091019.jpg\",\"keywords\":[\"iPhone\",\"iPhone 12\",\"iPhone 2020\"],\"articleSection\":\"News\",\"inLanguage\":\"en-US\",\"copyrightYear\":\"2020\",\"copyrightHolder\":{\"@id\":\"https:\\\/\\\/www.apfelpatient.de\\\/en\\\/#organization\"}},{\"@type\":\"WebPage\",\"@id\":\"https:\\\/\\\/www.apfelpatient.de\\\/news\\\/iphone-12-apple-bestaetigt-verzoegerungen\",\"url\":\"https:\\\/\\\/www.apfelpatient.de\\\/news\\\/iphone-12-apple-bestaetigt-verzoegerungen\",\"name\":\"iPhone 12: Apple best\u00e4tigt Verz\u00f6gerungen Apfelpatient\",\"isPartOf\":{\"@id\":\"https:\\\/\\\/www.apfelpatient.de\\\/#website\"},\"primaryImageOfPage\":{\"@id\":\"https:\\\/\\\/www.apfelpatient.de\\\/news\\\/iphone-12-apple-bestaetigt-verzoegerungen#primaryimage\"},\"image\":{\"@id\":\"https:\\\/\\\/www.apfelpatient.de\\\/news\\\/iphone-12-apple-bestaetigt-verzoegerungen#primaryimage\"},\"thumbnailUrl\":\"https:\\\/\\\/www.apfelpatient.de\\\/wp-content\\\/uploads\\\/2020\\\/06\\\/Apple_Keynote-Event_Kaiann-Drance-iPhone-11_091019.jpg\",\"datePublished\":\"2020-07-30T22:32:52+00:00\",\"description\":\"iPhone 12: Dabei ging der Konzern auch auf die n\u00e4chste iPhone-Generation ein - ein bislang einmaliger Schritt.\",\"breadcrumb\":{\"@id\":\"https:\\\/\\\/www.apfelpatient.de\\\/news\\\/iphone-12-apple-bestaetigt-verzoegerungen#breadcrumb\"},\"inLanguage\":\"en-US\",\"potentialAction\":[{\"@type\":\"ReadAction\",\"target\":[\"https:\\\/\\\/www.apfelpatient.de\\\/news\\\/iphone-12-apple-bestaetigt-verzoegerungen\"]}]},{\"@type\":\"ImageObject\",\"inLanguage\":\"en-US\",\"@id\":\"https:\\\/\\\/www.apfelpatient.de\\\/news\\\/iphone-12-apple-bestaetigt-verzoegerungen#primaryimage\",\"url\":\"https:\\\/\\\/www.apfelpatient.de\\\/wp-content\\\/uploads\\\/2020\\\/06\\\/Apple_Keynote-Event_Kaiann-Drance-iPhone-11_091019.jpg\",\"contentUrl\":\"https:\\\/\\\/www.apfelpatient.de\\\/wp-content\\\/uploads\\\/2020\\\/06\\\/Apple_Keynote-Event_Kaiann-Drance-iPhone-11_091019.jpg\",\"width\":2810,\"height\":1868,\"caption\":\"Bild: Apple\"},{\"@type\":\"BreadcrumbList\",\"@id\":\"https:\\\/\\\/www.apfelpatient.de\\\/news\\\/iphone-12-apple-bestaetigt-verzoegerungen#breadcrumb\",\"itemListElement\":[{\"@type\":\"ListItem\",\"position\":1,\"name\":\"Startseite\",\"item\":\"https:\\\/\\\/www.apfelpatient.de\\\/\"},{\"@type\":\"ListItem\",\"position\":2,\"name\":\"iPhone 12: Apple best\u00e4tigt Verz\u00f6gerungen\"}]},{\"@type\":\"WebSite\",\"@id\":\"https:\\\/\\\/www.apfelpatient.de\\\/#website\",\"url\":\"https:\\\/\\\/www.apfelpatient.de\\\/\",\"name\":\"Apfelpatient\",\"description\":\"Alles rund um Apple!\",\"publisher\":{\"@type\":\"Organization\",\"@id\":\"https:\\\/\\\/www.apfelpatient.de\\\/en\\\/#organization\",\"name\":\"Apfelpatient\",\"url\":\"https:\\\/\\\/www.apfelpatient.de\\\/en\\\/\"},\"alternateName\":\"Apfelpatient\",\"potentialAction\":[{\"@type\":\"SearchAction\",\"target\":{\"@type\":\"EntryPoint\",\"urlTemplate\":\"https:\\\/\\\/www.apfelpatient.de\\\/?s={search_term_string}\"},\"query-input\":{\"@type\":\"PropertyValueSpecification\",\"valueRequired\":true,\"valueName\":\"search_term_string\"}}],\"inLanguage\":\"en-US\"},{\"@type\":[\"Person\",\"Organization\"],\"@id\":\"https:\\\/\\\/www.apfelpatient.de\\\/#\\\/schema\\\/person\\\/7dc56ad6c8e9824b76d2c08d4c140e13\",\"name\":\"Milan\",\"logo\":{\"@id\":\"https:\\\/\\\/www.apfelpatient.de\\\/#\\\/schema\\\/person\\\/image\\\/\"},\"description\":\"Hallo und herzlich willkommen auf meinem Technik-Blog! Als gro\u00dfer Apple-Fan berichte ich hier \u00fcber alles, was mit Apple zu tun hat: von den neuesten News und spannenden Ger\u00fcchten \u00fcber hilfreiche Tipps und Tricks bis hin zu ausf\u00fchrlichen Produkttests. Wenn du genauso technikbegeistert bist wie ich, bist du hier genau richtig!\",\"sameAs\":[\"https:\\\/\\\/www.facebook.com\\\/apfelpatientOfficial\",\"https:\\\/\\\/www.linkedin.com\\\/in\\\/milan-jovicic-42aa0231b\"],\"url\":\"https:\\\/\\\/www.apfelpatient.de\\\/en\\\/author\\\/apfeladmin\"}]}<\/script>\n<!-- \/ Yoast SEO Premium plugin. -->","yoast_head_json":{"title":"iPhone 12: Apple confirms delays Apfelpatient","description":"iPhone 12: The company also discussed the next iPhone generation - a previously unprecedented step.","robots":{"index":"index","follow":"follow","max-snippet":"max-snippet:-1","max-image-preview":"max-image-preview:large","max-video-preview":"max-video-preview:-1"},"canonical":"https:\/\/www.apfelpatient.de\/en\/news\/iphone-12-apple-confirms-delays","og_locale":"en_US","og_type":"article","og_title":"iPhone 12: Apple best\u00e4tigt Verz\u00f6gerungen","og_description":"iPhone 12: Dabei ging der Konzern auch auf die n\u00e4chste iPhone-Generation ein - ein bislang einmaliger Schritt.","og_url":"https:\/\/www.apfelpatient.de\/en\/news\/iphone-12-apple-confirms-delays","og_site_name":"Apfelpatient","article_publisher":"https:\/\/www.facebook.com\/apfelpatientOfficial","article_author":"https:\/\/www.facebook.com\/apfelpatientOfficial","article_published_time":"2020-07-30T22:32:52+00:00","og_image":[{"width":2810,"height":1868,"url":"https:\/\/www.apfelpatient.de\/wp-content\/uploads\/2020\/06\/Apple_Keynote-Event_Kaiann-Drance-iPhone-11_091019.jpg","type":"image\/jpeg"}],"author":"Milan","twitter_card":"summary_large_image","twitter_description":"iPhone 12: Dabei ging der Konzern auch auf die n\u00e4chste iPhone-Generation ein - ein bislang einmaliger Schritt.","twitter_misc":{"Written by":"Milan","Est. reading time":"2 minutes"},"schema":{"@context":"https:\/\/schema.org","@graph":[{"@type":"NewsArticle","@id":"https:\/\/www.apfelpatient.de\/news\/iphone-12-apple-bestaetigt-verzoegerungen#article","isPartOf":{"@id":"https:\/\/www.apfelpatient.de\/news\/iphone-12-apple-bestaetigt-verzoegerungen"},"author":{"@type":"Organization","@id":"https:\/\/www.apfelpatient.de\/en\/#organization","name":"Apfelpatient","url":"https:\/\/www.apfelpatient.de\/en\/"},"headline":"iPhone 12: Apple best\u00e4tigt Verz\u00f6gerungen","datePublished":"2020-07-30T22:32:52+00:00","mainEntityOfPage":{"@id":"https:\/\/www.apfelpatient.de\/news\/iphone-12-apple-bestaetigt-verzoegerungen"},"wordCount":362,"publisher":{"@type":"Organization","@id":"https:\/\/www.apfelpatient.de\/en\/#organization","name":"Apfelpatient","url":"https:\/\/www.apfelpatient.de\/en\/"},"image":{"@id":"https:\/\/www.apfelpatient.de\/news\/iphone-12-apple-bestaetigt-verzoegerungen#primaryimage"},"thumbnailUrl":"https:\/\/www.apfelpatient.de\/wp-content\/uploads\/2020\/06\/Apple_Keynote-Event_Kaiann-Drance-iPhone-11_091019.jpg","keywords":["iPhone","iPhone 12","iPhone 2020"],"articleSection":"News","inLanguage":"en-US","copyrightYear":"2020","copyrightHolder":{"@id":"https:\/\/www.apfelpatient.de\/en\/#organization"}},{"@type":"WebPage","@id":"https:\/\/www.apfelpatient.de\/news\/iphone-12-apple-bestaetigt-verzoegerungen","url":"https:\/\/www.apfelpatient.de\/news\/iphone-12-apple-bestaetigt-verzoegerungen","name":"iPhone 12: Apple confirms delays Apfelpatient","isPartOf":{"@id":"https:\/\/www.apfelpatient.de\/#website"},"primaryImageOfPage":{"@id":"https:\/\/www.apfelpatient.de\/news\/iphone-12-apple-bestaetigt-verzoegerungen#primaryimage"},"image":{"@id":"https:\/\/www.apfelpatient.de\/news\/iphone-12-apple-bestaetigt-verzoegerungen#primaryimage"},"thumbnailUrl":"https:\/\/www.apfelpatient.de\/wp-content\/uploads\/2020\/06\/Apple_Keynote-Event_Kaiann-Drance-iPhone-11_091019.jpg","datePublished":"2020-07-30T22:32:52+00:00","description":"iPhone 12: The company also discussed the next iPhone generation - a previously unprecedented step.","breadcrumb":{"@id":"https:\/\/www.apfelpatient.de\/news\/iphone-12-apple-bestaetigt-verzoegerungen#breadcrumb"},"inLanguage":"en-US","potentialAction":[{"@type":"ReadAction","target":["https:\/\/www.apfelpatient.de\/news\/iphone-12-apple-bestaetigt-verzoegerungen"]}]},{"@type":"ImageObject","inLanguage":"en-US","@id":"https:\/\/www.apfelpatient.de\/news\/iphone-12-apple-bestaetigt-verzoegerungen#primaryimage","url":"https:\/\/www.apfelpatient.de\/wp-content\/uploads\/2020\/06\/Apple_Keynote-Event_Kaiann-Drance-iPhone-11_091019.jpg","contentUrl":"https:\/\/www.apfelpatient.de\/wp-content\/uploads\/2020\/06\/Apple_Keynote-Event_Kaiann-Drance-iPhone-11_091019.jpg","width":2810,"height":1868,"caption":"Bild: Apple"},{"@type":"BreadcrumbList","@id":"https:\/\/www.apfelpatient.de\/news\/iphone-12-apple-bestaetigt-verzoegerungen#breadcrumb","itemListElement":[{"@type":"ListItem","position":1,"name":"Startseite","item":"https:\/\/www.apfelpatient.de\/"},{"@type":"ListItem","position":2,"name":"iPhone 12: Apple best\u00e4tigt Verz\u00f6gerungen"}]},{"@type":"WebSite","@id":"https:\/\/www.apfelpatient.de\/#website","url":"https:\/\/www.apfelpatient.de\/","name":"apple patient","description":"Everything about Apple!","publisher":{"@type":"Organization","@id":"https:\/\/www.apfelpatient.de\/en\/#organization","name":"Apfelpatient","url":"https:\/\/www.apfelpatient.de\/en\/"},"alternateName":"Apfelpatient","potentialAction":[{"@type":"SearchAction","target":{"@type":"EntryPoint","urlTemplate":"https:\/\/www.apfelpatient.de\/?s={search_term_string}"},"query-input":{"@type":"PropertyValueSpecification","valueRequired":true,"valueName":"search_term_string"}}],"inLanguage":"en-US"},{"@type":["Person","Organization"],"@id":"https:\/\/www.apfelpatient.de\/#\/schema\/person\/7dc56ad6c8e9824b76d2c08d4c140e13","name":"Milan","logo":{"@id":"https:\/\/www.apfelpatient.de\/#\/schema\/person\/image\/"},"description":"Hello and welcome to my technology blog! As a big Apple fan, I report on everything to do with Apple: from the latest news and exciting rumors to helpful tips and tricks and detailed product tests. If you are as enthusiastic about technology as I am, you have come to the right place!","sameAs":["https:\/\/www.facebook.com\/apfelpatientOfficial","https:\/\/www.linkedin.com\/in\/milan-jovicic-42aa0231b"],"url":"https:\/\/www.apfelpatient.de\/en\/author\/apfeladmin"}]}},"_links":{"self":[{"href":"https:\/\/www.apfelpatient.de\/en\/wp-json\/wp\/v2\/posts\/13905","targetHints":{"allow":["GET"]}}],"collection":[{"href":"https:\/\/www.apfelpatient.de\/en\/wp-json\/wp\/v2\/posts"}],"about":[{"href":"https:\/\/www.apfelpatient.de\/en\/wp-json\/wp\/v2\/types\/post"}],"author":[{"embeddable":true,"href":"https:\/\/www.apfelpatient.de\/en\/wp-json\/wp\/v2\/users\/2"}],"replies":[{"embeddable":true,"href":"https:\/\/www.apfelpatient.de\/en\/wp-json\/wp\/v2\/comments?post=13905"}],"version-history":[{"count":0,"href":"https:\/\/www.apfelpatient.de\/en\/wp-json\/wp\/v2\/posts\/13905\/revisions"}],"wp:featuredmedia":[{"embeddable":true,"href":"https:\/\/www.apfelpatient.de\/en\/wp-json\/wp\/v2\/media\/13284"}],"wp:attachment":[{"href":"https:\/\/www.apfelpatient.de\/en\/wp-json\/wp\/v2\/media?parent=13905"}],"wp:term":[{"taxonomy":"category","embeddable":true,"href":"https:\/\/www.apfelpatient.de\/en\/wp-json\/wp\/v2\/categories?post=13905"},{"taxonomy":"post_tag","embeddable":true,"href":"https:\/\/www.apfelpatient.de\/en\/wp-json\/wp\/v2\/tags?post=13905"}],"curies":[{"name":"wp","href":"https:\/\/api.w.org\/{rel}","templated":true}]}}