{"id":13844,"date":"2020-07-26T19:06:44","date_gmt":"2020-07-26T17:06:44","guid":{"rendered":"https:\/\/www.apfelpatient.de\/?p=13844"},"modified":"2020-07-26T19:06:44","modified_gmt":"2020-07-26T17:06:44","slug":"imac-2020-intel-update-to-be-released-this-week","status":"publish","type":"post","link":"https:\/\/www.apfelpatient.de\/en\/rumors\/imac-2020-intel-update-soll-diese-woche-erscheinen","title":{"rendered":"iMac 2020: Intel update to be released this week"},"content":{"rendered":"<p class=\"has-drop-cap\"><strong>Rumors about an update to the iMac series have been documented for several months. Now the time has come. Will the design of the 2020 iMac also be updated?<\/strong><\/p>\n\n\n\n<p>An update to the iMac was originally expected at WWDC 2020 \u2013 but in vain. Apple has not introduced any new models. However, indications of an update have increased. Just recently, the anonymous but accurate Twitter account @L0vetodream <a href=\"https:\/\/www.apfelpatient.de\/en\/rumors\/leaker-claims-new-apple-products-ready-to-ship\" class=\"ek-link\"><span style=\"text-decoration: underline;\" class=\"ek-underline\">announced<\/span><\/a>that new Apple products are ready to ship. Now another leaker has come forward and claimed that the <a href=\"https:\/\/www.apple.com\/de\/mac\/\" class=\"ek-link\"><span style=\"text-decoration: underline;\" class=\"ek-underline\">update<\/span><\/a> will be presented next week.&nbsp;<\/p>\n\n\n\n<h3 class=\"wp-block-heading\">iMac 2020: Intel version in old design?<\/h3>\n\n\n\n\n\n\n\n<p>Included <a href=\"https:\/\/twitter.com\/Jioriku\/status\/1287177075720433664\" class=\"ek-link\"><span style=\"text-decoration: underline;\" class=\"ek-underline\">emphasized<\/span><\/a> @Jioriko that Apple will present the iMac with an Intel processor for the last time and the design will remain unchanged. Rumors that the iMac will appear in the iPad Pro design are said to be true - but not true for the Intel device. Apple will only present the iMac in the brand new design with its own silicon processor. Whether the new ARM model will appear this year remains questionable. At the beginning of the month, a Geekbench <a href=\"https:\/\/www.apfelpatient.de\/en\/news\/geekbench-new-imac-2020-appeared\" class=\"ek-link\"><span style=\"text-decoration: underline;\" class=\"ek-underline\">Result<\/span><\/a> that revealed the new iMac. The find was an iMac that includes a 10-core Intel Core i9-10910 processor. This appears to be a custom chip designed specifically for Apple.&nbsp;<\/p>\n\n\n\n<h3 class=\"wp-block-heading\">Will Apple announce the device on Monday?<\/h3>\n\n\n\n<p>The results showed that the Core i9-10910 runs at a 3.6 GHz base clock and a 4.7 GHz boost clock. This suggests that it is a higher clocked version of the Core i9-10900 with a 28.6 percent higher base clock. It remains to be seen on which day the product announcement will take place - although in the <a href=\"https:\/\/twitter.com\/Soybeys\/status\/1287150223857393664?s=20\" class=\"ek-link\"><span style=\"text-decoration: underline;\" class=\"ek-underline\">interim period<\/span><\/a> Monday was mentioned. Since Apple has often announced products in the past via a press release in July, this is not particularly surprising. But anyone waiting for an iMac with a new design will probably have to be patient.&nbsp;<em>(Photo by hadrian \/ Bigstockphoto)<\/em><\/p>\n\n\n\n<ul class=\"wp-block-list\"><li><a href=\"https:\/\/www.apfelpatient.de\/en\/news\/leak-this-is-what-the-brand-new-imac-2020-could-look-like\" class=\"ek-link\"><span style=\"text-decoration: underline;\" class=\"ek-underline\">Leak: This is what the brand new iMac 2020 could look like<\/span><\/a><\/li><\/ul>\n\n\n\n<h6 class=\"wp-block-heading translation-block\" id=\"h-kennt-ihr-schon-unsere-amazon-storefront-dort-findet-ihr-eine-handverlesene-auswahl-von-diversen-produkten-f-r-euer-iphone-und-co-viel-spa-beim-st-bern\"><em>Have you already visited our Amazon Storefront? There you&#039;ll find a hand-picked selection of various products for your iPhone and other devices \u2013 <span class=\"has-inline-color has-vivid-red-color\"><a href=\"https:\/\/www.amazon.de\/shop\/apfelpatientofficial\" class=\"ek-link\" data-wpel-link=\"exclude\" rel=\"follow noopener\" target=\"_self\"><span style=\"text-decoration: underline\" class=\"ek-underline\">enjoy browsing<\/span><\/a> !<\/span><\/em><\/h6>\n\n\n\n\n\n<h6 class=\"wp-block-heading translation-block\" id=\"h-der-beitrag-enthalt-partnerlinks\">This post contains <a data-type=\"URL\" data-id=\"https:\/\/www.apfelpatient.de\/partnerprogramm\" href=\"https:\/\/www.apfelpatient.de\/en\/partner-program\" data-wpel-link=\"internal\" target=\"_self\">affiliate links<\/a>.<\/h6>","protected":false},"excerpt":{"rendered":"<p>Rumors about an update to the iMac series have been documented for several months. Will the design of the 2020 iMac also be updated?<\/p>","protected":false},"author":2,"featured_media":5775,"comment_status":"closed","ping_status":"open","sticky":false,"template":"","format":"standard","meta":{"jnews-multi-image_gallery":[],"jnews_single_post":{"subtitle":"","format":"standard","video":"","gallery":"","source_name":"","source_url":"","via_name":"","via_url":"","override":[{"single_blog_custom":"","sidebar":"","second_sidebar":"","share_position":"","share_float_style":"","post_date_format":"","post_date_format_custom":"","post_reading_time_wpm":"","zoom_button_out_step":"1","zoom_button_in_step":"1","number_popup_post":"1"}],"image_override":[{"single_post_thumbnail_size":"","single_post_gallery_size":""}],"trending_post_position":"","trending_post_label":"","sponsored_post_label":"","sponsored_post_name":"","sponsored_post_url":"","sponsored_post_logo":"","sponsored_post_desc":""},"jnews_primary_category":{"id":"274"},"footnotes":""},"categories":[25],"tags":[131,40],"class_list":["post-13844","post","type-post","status-publish","format-standard","has-post-thumbnail","hentry","category-rumors","tag-intel","tag-mac"],"yoast_head":"<!-- This site is optimized with the Yoast SEO Premium plugin v27.5 (Yoast SEO v27.5) - https:\/\/yoast.com\/product\/yoast-seo-premium-wordpress\/ -->\n<title>iMac 2020: Intel Update soll diese Woche erscheinen Apfelpatient<\/title>\n<meta name=\"description\" content=\"Ger\u00fcchte rund um eine Aktualisierung der iMac Reihe werden seit einigen Monaten dokumentiert. Wird das Design des iMac 2020 auch erneuert?\" \/>\n<meta name=\"robots\" content=\"index, follow, max-snippet:-1, max-image-preview:large, max-video-preview:-1\" \/>\n<link rel=\"canonical\" href=\"https:\/\/www.apfelpatient.de\/en\/rumors\/imac-2020-intel-update-to-be-released-this-week\" \/>\n<meta property=\"og:locale\" content=\"en_US\" \/>\n<meta property=\"og:type\" content=\"article\" \/>\n<meta property=\"og:title\" content=\"iMac 2020: Intel Update soll diese Woche erscheinen\" \/>\n<meta property=\"og:description\" content=\"Ger\u00fcchte rund um eine Aktualisierung der iMac Reihe werden seit einigen Monaten dokumentiert. Wird das Design des iMac 2020 auch erneuert?\" \/>\n<meta property=\"og:url\" content=\"https:\/\/www.apfelpatient.de\/en\/rumors\/imac-2020-intel-update-to-be-released-this-week\" \/>\n<meta property=\"og:site_name\" content=\"Apfelpatient\" \/>\n<meta property=\"article:publisher\" content=\"https:\/\/www.facebook.com\/apfelpatientOfficial\" \/>\n<meta property=\"article:author\" content=\"https:\/\/www.facebook.com\/apfelpatientOfficial\" \/>\n<meta property=\"article:published_time\" content=\"2020-07-26T17:06:44+00:00\" \/>\n<meta property=\"og:image\" content=\"https:\/\/www.apfelpatient.de\/wp-content\/uploads\/2019\/09\/bigstock-Paris-France-Nov-A-267637342.jpg\" \/>\n\t<meta property=\"og:image:width\" content=\"1600\" \/>\n\t<meta property=\"og:image:height\" content=\"1006\" \/>\n\t<meta property=\"og:image:type\" content=\"image\/jpeg\" \/>\n<meta name=\"author\" content=\"Milan\" \/>\n<meta name=\"twitter:card\" content=\"summary_large_image\" \/>\n<meta name=\"twitter:description\" content=\"Ger\u00fcchte rund um eine Aktualisierung der iMac Reihe werden seit einigen Monaten dokumentiert. Wird das Design des iMac 2020 auch erneuert?\" \/>\n<meta name=\"twitter:label1\" content=\"Written by\" \/>\n\t<meta name=\"twitter:data1\" content=\"Milan\" \/>\n\t<meta name=\"twitter:label2\" content=\"Est. reading time\" \/>\n\t<meta name=\"twitter:data2\" content=\"2 minutes\" \/>\n<script type=\"application\/ld+json\" class=\"yoast-schema-graph\">{\"@context\":\"https:\\\/\\\/schema.org\",\"@graph\":[{\"@type\":\"NewsArticle\",\"@id\":\"https:\\\/\\\/www.apfelpatient.de\\\/en\\\/rumors\\\/imac-2020-intel-update-soll-diese-woche-erscheinen#article\",\"isPartOf\":{\"@id\":\"https:\\\/\\\/www.apfelpatient.de\\\/en\\\/rumors\\\/imac-2020-intel-update-soll-diese-woche-erscheinen\"},\"author\":{\"@type\":\"Organization\",\"@id\":\"https:\\\/\\\/www.apfelpatient.de\\\/en\\\/#organization\",\"name\":\"Apfelpatient\",\"url\":\"https:\\\/\\\/www.apfelpatient.de\\\/en\\\/\"},\"headline\":\"iMac 2020: Intel Update soll diese Woche erscheinen\",\"datePublished\":\"2020-07-26T17:06:44+00:00\",\"mainEntityOfPage\":{\"@id\":\"https:\\\/\\\/www.apfelpatient.de\\\/en\\\/rumors\\\/imac-2020-intel-update-soll-diese-woche-erscheinen\"},\"wordCount\":353,\"publisher\":{\"@type\":\"Organization\",\"@id\":\"https:\\\/\\\/www.apfelpatient.de\\\/en\\\/#organization\",\"name\":\"Apfelpatient\",\"url\":\"https:\\\/\\\/www.apfelpatient.de\\\/en\\\/\"},\"image\":{\"@id\":\"https:\\\/\\\/www.apfelpatient.de\\\/en\\\/rumors\\\/imac-2020-intel-update-soll-diese-woche-erscheinen#primaryimage\"},\"thumbnailUrl\":\"https:\\\/\\\/www.apfelpatient.de\\\/wp-content\\\/uploads\\\/2019\\\/09\\\/bigstock-Paris-France-Nov-A-267637342.jpg\",\"keywords\":[\"Intel\",\"Mac\"],\"articleSection\":\"Rumors\",\"inLanguage\":\"en-US\",\"copyrightYear\":\"2020\",\"copyrightHolder\":{\"@id\":\"https:\\\/\\\/www.apfelpatient.de\\\/en\\\/#organization\"}},{\"@type\":\"WebPage\",\"@id\":\"https:\\\/\\\/www.apfelpatient.de\\\/en\\\/rumors\\\/imac-2020-intel-update-soll-diese-woche-erscheinen\",\"url\":\"https:\\\/\\\/www.apfelpatient.de\\\/en\\\/rumors\\\/imac-2020-intel-update-soll-diese-woche-erscheinen\",\"name\":\"iMac 2020: Intel Update soll diese Woche erscheinen Apfelpatient\",\"isPartOf\":{\"@id\":\"https:\\\/\\\/www.apfelpatient.de\\\/#website\"},\"primaryImageOfPage\":{\"@id\":\"https:\\\/\\\/www.apfelpatient.de\\\/en\\\/rumors\\\/imac-2020-intel-update-soll-diese-woche-erscheinen#primaryimage\"},\"image\":{\"@id\":\"https:\\\/\\\/www.apfelpatient.de\\\/en\\\/rumors\\\/imac-2020-intel-update-soll-diese-woche-erscheinen#primaryimage\"},\"thumbnailUrl\":\"https:\\\/\\\/www.apfelpatient.de\\\/wp-content\\\/uploads\\\/2019\\\/09\\\/bigstock-Paris-France-Nov-A-267637342.jpg\",\"datePublished\":\"2020-07-26T17:06:44+00:00\",\"description\":\"Ger\u00fcchte rund um eine Aktualisierung der iMac Reihe werden seit einigen Monaten dokumentiert. Wird das Design des iMac 2020 auch erneuert?\",\"breadcrumb\":{\"@id\":\"https:\\\/\\\/www.apfelpatient.de\\\/en\\\/rumors\\\/imac-2020-intel-update-soll-diese-woche-erscheinen#breadcrumb\"},\"inLanguage\":\"en-US\",\"potentialAction\":[{\"@type\":\"ReadAction\",\"target\":[\"https:\\\/\\\/www.apfelpatient.de\\\/en\\\/rumors\\\/imac-2020-intel-update-soll-diese-woche-erscheinen\"]}]},{\"@type\":\"ImageObject\",\"inLanguage\":\"en-US\",\"@id\":\"https:\\\/\\\/www.apfelpatient.de\\\/en\\\/rumors\\\/imac-2020-intel-update-soll-diese-woche-erscheinen#primaryimage\",\"url\":\"https:\\\/\\\/www.apfelpatient.de\\\/wp-content\\\/uploads\\\/2019\\\/09\\\/bigstock-Paris-France-Nov-A-267637342.jpg\",\"contentUrl\":\"https:\\\/\\\/www.apfelpatient.de\\\/wp-content\\\/uploads\\\/2019\\\/09\\\/bigstock-Paris-France-Nov-A-267637342.jpg\",\"width\":1600,\"height\":1006,\"caption\":\"PARIS, FRANCE - NOV 7, 2018: Apple Computers iMac range featuring 24, 27, and the Professional iMac Pro computers\"},{\"@type\":\"BreadcrumbList\",\"@id\":\"https:\\\/\\\/www.apfelpatient.de\\\/en\\\/rumors\\\/imac-2020-intel-update-soll-diese-woche-erscheinen#breadcrumb\",\"itemListElement\":[{\"@type\":\"ListItem\",\"position\":1,\"name\":\"Startseite\",\"item\":\"https:\\\/\\\/www.apfelpatient.de\\\/\"},{\"@type\":\"ListItem\",\"position\":2,\"name\":\"iMac 2020: Intel Update soll diese Woche erscheinen\"}]},{\"@type\":\"WebSite\",\"@id\":\"https:\\\/\\\/www.apfelpatient.de\\\/#website\",\"url\":\"https:\\\/\\\/www.apfelpatient.de\\\/\",\"name\":\"Apfelpatient\",\"description\":\"Alles rund um Apple!\",\"publisher\":{\"@type\":\"Organization\",\"@id\":\"https:\\\/\\\/www.apfelpatient.de\\\/en\\\/#organization\",\"name\":\"Apfelpatient\",\"url\":\"https:\\\/\\\/www.apfelpatient.de\\\/en\\\/\"},\"alternateName\":\"Apfelpatient\",\"potentialAction\":[{\"@type\":\"SearchAction\",\"target\":{\"@type\":\"EntryPoint\",\"urlTemplate\":\"https:\\\/\\\/www.apfelpatient.de\\\/?s={search_term_string}\"},\"query-input\":{\"@type\":\"PropertyValueSpecification\",\"valueRequired\":true,\"valueName\":\"search_term_string\"}}],\"inLanguage\":\"en-US\"},{\"@type\":[\"Person\",\"Organization\"],\"@id\":\"https:\\\/\\\/www.apfelpatient.de\\\/#\\\/schema\\\/person\\\/7dc56ad6c8e9824b76d2c08d4c140e13\",\"name\":\"Milan\",\"logo\":{\"@id\":\"https:\\\/\\\/www.apfelpatient.de\\\/#\\\/schema\\\/person\\\/image\\\/\"},\"description\":\"Hallo und herzlich willkommen auf meinem Technik-Blog! Als gro\u00dfer Apple-Fan berichte ich hier \u00fcber alles, was mit Apple zu tun hat: von den neuesten News und spannenden Ger\u00fcchten \u00fcber hilfreiche Tipps und Tricks bis hin zu ausf\u00fchrlichen Produkttests. Wenn du genauso technikbegeistert bist wie ich, bist du hier genau richtig!\",\"sameAs\":[\"https:\\\/\\\/www.facebook.com\\\/apfelpatientOfficial\",\"https:\\\/\\\/www.linkedin.com\\\/in\\\/milan-jovicic-42aa0231b\"],\"url\":\"https:\\\/\\\/www.apfelpatient.de\\\/en\\\/author\\\/apfeladmin\"}]}<\/script>\n<!-- \/ Yoast SEO Premium plugin. -->","yoast_head_json":{"title":"iMac 2020: Intel update to be released this week Apfelpatient","description":"Rumors about an update to the iMac series have been documented for several months. Will the design of the 2020 iMac also be updated?","robots":{"index":"index","follow":"follow","max-snippet":"max-snippet:-1","max-image-preview":"max-image-preview:large","max-video-preview":"max-video-preview:-1"},"canonical":"https:\/\/www.apfelpatient.de\/en\/rumors\/imac-2020-intel-update-to-be-released-this-week","og_locale":"en_US","og_type":"article","og_title":"iMac 2020: Intel Update soll diese Woche erscheinen","og_description":"Ger\u00fcchte rund um eine Aktualisierung der iMac Reihe werden seit einigen Monaten dokumentiert. Wird das Design des iMac 2020 auch erneuert?","og_url":"https:\/\/www.apfelpatient.de\/en\/rumors\/imac-2020-intel-update-to-be-released-this-week","og_site_name":"Apfelpatient","article_publisher":"https:\/\/www.facebook.com\/apfelpatientOfficial","article_author":"https:\/\/www.facebook.com\/apfelpatientOfficial","article_published_time":"2020-07-26T17:06:44+00:00","og_image":[{"width":1600,"height":1006,"url":"https:\/\/www.apfelpatient.de\/wp-content\/uploads\/2019\/09\/bigstock-Paris-France-Nov-A-267637342.jpg","type":"image\/jpeg"}],"author":"Milan","twitter_card":"summary_large_image","twitter_description":"Ger\u00fcchte rund um eine Aktualisierung der iMac Reihe werden seit einigen Monaten dokumentiert. Wird das Design des iMac 2020 auch erneuert?","twitter_misc":{"Written by":"Milan","Est. reading time":"2 minutes"},"schema":{"@context":"https:\/\/schema.org","@graph":[{"@type":"NewsArticle","@id":"https:\/\/www.apfelpatient.de\/en\/rumors\/imac-2020-intel-update-soll-diese-woche-erscheinen#article","isPartOf":{"@id":"https:\/\/www.apfelpatient.de\/en\/rumors\/imac-2020-intel-update-soll-diese-woche-erscheinen"},"author":{"@type":"Organization","@id":"https:\/\/www.apfelpatient.de\/en\/#organization","name":"Apfelpatient","url":"https:\/\/www.apfelpatient.de\/en\/"},"headline":"iMac 2020: Intel Update soll diese Woche erscheinen","datePublished":"2020-07-26T17:06:44+00:00","mainEntityOfPage":{"@id":"https:\/\/www.apfelpatient.de\/en\/rumors\/imac-2020-intel-update-soll-diese-woche-erscheinen"},"wordCount":353,"publisher":{"@type":"Organization","@id":"https:\/\/www.apfelpatient.de\/en\/#organization","name":"Apfelpatient","url":"https:\/\/www.apfelpatient.de\/en\/"},"image":{"@id":"https:\/\/www.apfelpatient.de\/en\/rumors\/imac-2020-intel-update-soll-diese-woche-erscheinen#primaryimage"},"thumbnailUrl":"https:\/\/www.apfelpatient.de\/wp-content\/uploads\/2019\/09\/bigstock-Paris-France-Nov-A-267637342.jpg","keywords":["Intel","Mac"],"articleSection":"Rumors","inLanguage":"en-US","copyrightYear":"2020","copyrightHolder":{"@id":"https:\/\/www.apfelpatient.de\/en\/#organization"}},{"@type":"WebPage","@id":"https:\/\/www.apfelpatient.de\/en\/rumors\/imac-2020-intel-update-soll-diese-woche-erscheinen","url":"https:\/\/www.apfelpatient.de\/en\/rumors\/imac-2020-intel-update-soll-diese-woche-erscheinen","name":"iMac 2020: Intel update to be released this week Apfelpatient","isPartOf":{"@id":"https:\/\/www.apfelpatient.de\/#website"},"primaryImageOfPage":{"@id":"https:\/\/www.apfelpatient.de\/en\/rumors\/imac-2020-intel-update-soll-diese-woche-erscheinen#primaryimage"},"image":{"@id":"https:\/\/www.apfelpatient.de\/en\/rumors\/imac-2020-intel-update-soll-diese-woche-erscheinen#primaryimage"},"thumbnailUrl":"https:\/\/www.apfelpatient.de\/wp-content\/uploads\/2019\/09\/bigstock-Paris-France-Nov-A-267637342.jpg","datePublished":"2020-07-26T17:06:44+00:00","description":"Rumors about an update to the iMac series have been documented for several months. Will the design of the 2020 iMac also be updated?","breadcrumb":{"@id":"https:\/\/www.apfelpatient.de\/en\/rumors\/imac-2020-intel-update-soll-diese-woche-erscheinen#breadcrumb"},"inLanguage":"en-US","potentialAction":[{"@type":"ReadAction","target":["https:\/\/www.apfelpatient.de\/en\/rumors\/imac-2020-intel-update-soll-diese-woche-erscheinen"]}]},{"@type":"ImageObject","inLanguage":"en-US","@id":"https:\/\/www.apfelpatient.de\/en\/rumors\/imac-2020-intel-update-soll-diese-woche-erscheinen#primaryimage","url":"https:\/\/www.apfelpatient.de\/wp-content\/uploads\/2019\/09\/bigstock-Paris-France-Nov-A-267637342.jpg","contentUrl":"https:\/\/www.apfelpatient.de\/wp-content\/uploads\/2019\/09\/bigstock-Paris-France-Nov-A-267637342.jpg","width":1600,"height":1006,"caption":"PARIS, FRANCE - NOV 7, 2018: Apple Computers iMac range featuring 24, 27, and the Professional iMac Pro computers"},{"@type":"BreadcrumbList","@id":"https:\/\/www.apfelpatient.de\/en\/rumors\/imac-2020-intel-update-soll-diese-woche-erscheinen#breadcrumb","itemListElement":[{"@type":"ListItem","position":1,"name":"Startseite","item":"https:\/\/www.apfelpatient.de\/"},{"@type":"ListItem","position":2,"name":"iMac 2020: Intel Update soll diese Woche erscheinen"}]},{"@type":"WebSite","@id":"https:\/\/www.apfelpatient.de\/#website","url":"https:\/\/www.apfelpatient.de\/","name":"apple patient","description":"Everything about Apple!","publisher":{"@type":"Organization","@id":"https:\/\/www.apfelpatient.de\/en\/#organization","name":"Apfelpatient","url":"https:\/\/www.apfelpatient.de\/en\/"},"alternateName":"Apfelpatient","potentialAction":[{"@type":"SearchAction","target":{"@type":"EntryPoint","urlTemplate":"https:\/\/www.apfelpatient.de\/?s={search_term_string}"},"query-input":{"@type":"PropertyValueSpecification","valueRequired":true,"valueName":"search_term_string"}}],"inLanguage":"en-US"},{"@type":["Person","Organization"],"@id":"https:\/\/www.apfelpatient.de\/#\/schema\/person\/7dc56ad6c8e9824b76d2c08d4c140e13","name":"Milan","logo":{"@id":"https:\/\/www.apfelpatient.de\/#\/schema\/person\/image\/"},"description":"Hello and welcome to my technology blog! As a big Apple fan, I report on everything to do with Apple: from the latest news and exciting rumors to helpful tips and tricks and detailed product tests. If you are as enthusiastic about technology as I am, you have come to the right place!","sameAs":["https:\/\/www.facebook.com\/apfelpatientOfficial","https:\/\/www.linkedin.com\/in\/milan-jovicic-42aa0231b"],"url":"https:\/\/www.apfelpatient.de\/en\/author\/apfeladmin"}]}},"_links":{"self":[{"href":"https:\/\/www.apfelpatient.de\/en\/wp-json\/wp\/v2\/posts\/13844","targetHints":{"allow":["GET"]}}],"collection":[{"href":"https:\/\/www.apfelpatient.de\/en\/wp-json\/wp\/v2\/posts"}],"about":[{"href":"https:\/\/www.apfelpatient.de\/en\/wp-json\/wp\/v2\/types\/post"}],"author":[{"embeddable":true,"href":"https:\/\/www.apfelpatient.de\/en\/wp-json\/wp\/v2\/users\/2"}],"replies":[{"embeddable":true,"href":"https:\/\/www.apfelpatient.de\/en\/wp-json\/wp\/v2\/comments?post=13844"}],"version-history":[{"count":0,"href":"https:\/\/www.apfelpatient.de\/en\/wp-json\/wp\/v2\/posts\/13844\/revisions"}],"wp:featuredmedia":[{"embeddable":true,"href":"https:\/\/www.apfelpatient.de\/en\/wp-json\/wp\/v2\/media\/5775"}],"wp:attachment":[{"href":"https:\/\/www.apfelpatient.de\/en\/wp-json\/wp\/v2\/media?parent=13844"}],"wp:term":[{"taxonomy":"category","embeddable":true,"href":"https:\/\/www.apfelpatient.de\/en\/wp-json\/wp\/v2\/categories?post=13844"},{"taxonomy":"post_tag","embeddable":true,"href":"https:\/\/www.apfelpatient.de\/en\/wp-json\/wp\/v2\/tags?post=13844"}],"curies":[{"name":"wp","href":"https:\/\/api.w.org\/{rel}","templated":true}]}}