{"id":13842,"date":"2020-07-25T19:38:11","date_gmt":"2020-07-25T17:38:11","guid":{"rendered":"https:\/\/www.apfelpatient.de\/?p=13842"},"modified":"2025-10-14T16:04:16","modified_gmt":"2025-10-14T14:04:16","slug":"for-all-mankind-season-2-trailer-released","status":"publish","type":"post","link":"https:\/\/www.apfelpatient.de\/en\/news\/for-all-mankind-staffel-2-trailer-veroeffentlicht","title":{"rendered":"For All Mankind Season 2: Trailer released"},"content":{"rendered":"<p class=\"has-drop-cap\"><strong>The Apple Original series For All Mankind appears to be getting a second season. Even though Apple has not yet confirmed the film itself, a trailer has already been released.<\/strong><\/p>\n\n\n\n<p>When the Apple TV+ streaming service was launched, For All Mankind was one of the few series available. Now the second season is set to follow. Usually, Apple TV+ trailers or general promotional videos are published on the official Apple TV+ YouTube channel and its own news site. But the trailer for the second season of For All Mankind first appeared on IMDb. <\/p>\n\n\n\n<h3 class=\"wp-block-heading\">For all Mankind: What if?<\/h3>\n\n\n\n\n\n\n\n<p>While the preview reveals the upcoming season, a release date is not mentioned. So it can be assumed that a direct announcement from Apple will follow. The drama series with Joel Kinnaman, Michael Dorman, Wrenn Schmidt, Shantel VanSanten, Sarah Jones and Jodi Balfour shows what the world would have looked like if the global space race had never ended. It also looks at the lives of NASA astronauts, engineers and their families. Here you can watch the <a href=\"https:\/\/www.imdb.com\/video\/vi1182187033?playlistId=tt7772588&amp;ref_=tt_pr_ov_vi\" class=\"ek-link\"><span style=\"text-decoration: underline;\" class=\"ek-underline\">trailer<\/span><\/a> Watch the trailer for the second season of For All Mankind.<\/p>\n\n\n\n<ul class=\"wp-block-list\"><li><a href=\"https:\/\/www.apfelpatient.de\/en\/news\/apple-confirms-second-season-of-truth-be-told\" class=\"ek-link\"><span style=\"text-decoration: underline;\" class=\"ek-underline\">Apple confirms second season of \u201cTruth Be Told\u201d<\/span><\/a><\/li><\/ul>\n\n\n\n<h6 class=\"wp-block-heading translation-block\" id=\"h-kennt-ihr-schon-unsere-amazon-storefront-dort-findet-ihr-eine-handverlesene-auswahl-von-diversen-produkten-f-r-euer-iphone-und-co-viel-spa-beim-st-bern\"><em>Have you already visited our Amazon Storefront? There you&#039;ll find a hand-picked selection of various products for your iPhone and other devices \u2013 <span class=\"has-inline-color has-vivid-red-color\"><a href=\"https:\/\/www.amazon.de\/shop\/apfelpatientofficial\" class=\"ek-link\" data-wpel-link=\"exclude\" rel=\"follow noopener\" target=\"_self\"><span style=\"text-decoration: underline\" class=\"ek-underline\">enjoy browsing<\/span><\/a> !<\/span><\/em><\/h6>\n\n\n\n\n\n<h6 class=\"wp-block-heading translation-block\" id=\"h-der-beitrag-enthalt-partnerlinks\">This post contains <a data-type=\"URL\" data-id=\"https:\/\/www.apfelpatient.de\/partnerprogramm\" href=\"https:\/\/www.apfelpatient.de\/en\/partner-program\" data-wpel-link=\"internal\" target=\"_self\">affiliate links<\/a>.<\/h6>","protected":false},"excerpt":{"rendered":"<p>When the streaming service Apple TV+ was launched, For All Mankind was one of the few series available. Now the second season is coming.<\/p>","protected":false},"author":2,"featured_media":7141,"comment_status":"closed","ping_status":"open","sticky":false,"template":"","format":"standard","meta":{"jnews-multi-image_gallery":[],"jnews_single_post":{"subtitle":"","format":"standard","video":"","gallery":"","source_name":"","source_url":"","via_name":"","via_url":"","override":[{"single_blog_custom":"","sidebar":"","second_sidebar":"","share_position":"","share_float_style":"","post_date_format":"","post_date_format_custom":"","post_reading_time_wpm":"","zoom_button_out_step":"1","zoom_button_in_step":"1","number_popup_post":"1"}],"image_override":[{"single_post_thumbnail_size":"","single_post_gallery_size":""}],"trending_post_position":"","trending_post_label":"","sponsored_post_label":"","sponsored_post_name":"","sponsored_post_url":"","sponsored_post_logo":"","sponsored_post_desc":""},"jnews_primary_category":{"id":"265"},"footnotes":""},"categories":[9],"tags":[34,156,248],"class_list":["post-13842","post","type-post","status-publish","format-standard","has-post-thumbnail","hentry","category-news","tag-apple-dienste","tag-apple-tv","tag-apple-tv-plus"],"yoast_head":"<!-- This site is optimized with the Yoast SEO Premium plugin v27.5 (Yoast SEO v27.5) - https:\/\/yoast.com\/product\/yoast-seo-premium-wordpress\/ -->\n<title>For All Mankind Staffel 2: Trailer ver\u00f6ffentlicht Apfelpatient<\/title>\n<meta name=\"description\" content=\"Als der Streaming-Dienst Apple TV+ gestartet wurde, war For All Mankind eine der wenigen verf\u00fcgbaren Serien. Nun kommt die zweite Staffel.\" \/>\n<meta name=\"robots\" content=\"index, follow, max-snippet:-1, max-image-preview:large, max-video-preview:-1\" \/>\n<link rel=\"canonical\" href=\"https:\/\/www.apfelpatient.de\/en\/news\/for-all-mankind-season-2-trailer-released\" \/>\n<meta property=\"og:locale\" content=\"en_US\" \/>\n<meta property=\"og:type\" content=\"article\" \/>\n<meta property=\"og:title\" content=\"For All Mankind Staffel 2: Trailer ver\u00f6ffentlicht\" \/>\n<meta property=\"og:description\" content=\"Als der Streaming-Dienst Apple TV+ gestartet wurde, war For All Mankind eine der wenigen verf\u00fcgbaren Serien. Nun kommt die zweite Staffel.\" \/>\n<meta property=\"og:url\" content=\"https:\/\/www.apfelpatient.de\/en\/news\/for-all-mankind-season-2-trailer-released\" \/>\n<meta property=\"og:site_name\" content=\"Apfelpatient\" \/>\n<meta property=\"article:publisher\" content=\"https:\/\/www.facebook.com\/apfelpatientOfficial\" \/>\n<meta property=\"article:author\" content=\"https:\/\/www.facebook.com\/apfelpatientOfficial\" \/>\n<meta property=\"article:published_time\" content=\"2020-07-25T17:38:11+00:00\" \/>\n<meta property=\"article:modified_time\" content=\"2025-10-14T14:04:16+00:00\" \/>\n<meta property=\"og:image\" content=\"https:\/\/www.apfelpatient.de\/wp-content\/uploads\/2019\/11\/Apple_TV_For_All_Mankind_key_art_16_9.jpg\" \/>\n\t<meta property=\"og:image:width\" content=\"1600\" \/>\n\t<meta property=\"og:image:height\" content=\"900\" \/>\n\t<meta property=\"og:image:type\" content=\"image\/jpeg\" \/>\n<meta name=\"author\" content=\"Milan\" \/>\n<meta name=\"twitter:card\" content=\"summary_large_image\" \/>\n<meta name=\"twitter:description\" content=\"Als der Streaming-Dienst Apple TV+ gestartet wurde, war For All Mankind eine der wenigen verf\u00fcgbaren Serien. Nun kommt die zweite Staffel.\" \/>\n<meta name=\"twitter:label1\" content=\"Written by\" \/>\n\t<meta name=\"twitter:data1\" content=\"Milan\" \/>\n\t<meta name=\"twitter:label2\" content=\"Est. reading time\" \/>\n\t<meta name=\"twitter:data2\" content=\"1 minute\" \/>\n<script type=\"application\/ld+json\" class=\"yoast-schema-graph\">{\"@context\":\"https:\\\/\\\/schema.org\",\"@graph\":[{\"@type\":\"NewsArticle\",\"@id\":\"https:\\\/\\\/www.apfelpatient.de\\\/news\\\/for-all-mankind-staffel-2-trailer-veroeffentlicht#article\",\"isPartOf\":{\"@id\":\"https:\\\/\\\/www.apfelpatient.de\\\/news\\\/for-all-mankind-staffel-2-trailer-veroeffentlicht\"},\"author\":{\"@type\":\"Organization\",\"@id\":\"https:\\\/\\\/www.apfelpatient.de\\\/en\\\/#organization\",\"name\":\"Apfelpatient\",\"url\":\"https:\\\/\\\/www.apfelpatient.de\\\/en\\\/\"},\"headline\":\"For All Mankind Staffel 2: Trailer ver\u00f6ffentlicht\",\"datePublished\":\"2020-07-25T17:38:11+00:00\",\"dateModified\":\"2025-10-14T14:04:16+00:00\",\"mainEntityOfPage\":{\"@id\":\"https:\\\/\\\/www.apfelpatient.de\\\/news\\\/for-all-mankind-staffel-2-trailer-veroeffentlicht\"},\"wordCount\":207,\"publisher\":{\"@type\":\"Organization\",\"@id\":\"https:\\\/\\\/www.apfelpatient.de\\\/en\\\/#organization\",\"name\":\"Apfelpatient\",\"url\":\"https:\\\/\\\/www.apfelpatient.de\\\/en\\\/\"},\"image\":{\"@id\":\"https:\\\/\\\/www.apfelpatient.de\\\/news\\\/for-all-mankind-staffel-2-trailer-veroeffentlicht#primaryimage\"},\"thumbnailUrl\":\"https:\\\/\\\/www.apfelpatient.de\\\/wp-content\\\/uploads\\\/2019\\\/11\\\/Apple_TV_For_All_Mankind_key_art_16_9.jpg\",\"keywords\":[\"Apple Dienste\",\"Apple TV\",\"Apple TV Plus\"],\"articleSection\":\"News\",\"inLanguage\":\"en-US\",\"copyrightYear\":\"2020\",\"copyrightHolder\":{\"@id\":\"https:\\\/\\\/www.apfelpatient.de\\\/en\\\/#organization\"}},{\"@type\":\"WebPage\",\"@id\":\"https:\\\/\\\/www.apfelpatient.de\\\/news\\\/for-all-mankind-staffel-2-trailer-veroeffentlicht\",\"url\":\"https:\\\/\\\/www.apfelpatient.de\\\/news\\\/for-all-mankind-staffel-2-trailer-veroeffentlicht\",\"name\":\"For All Mankind Staffel 2: Trailer ver\u00f6ffentlicht Apfelpatient\",\"isPartOf\":{\"@id\":\"https:\\\/\\\/www.apfelpatient.de\\\/#website\"},\"primaryImageOfPage\":{\"@id\":\"https:\\\/\\\/www.apfelpatient.de\\\/news\\\/for-all-mankind-staffel-2-trailer-veroeffentlicht#primaryimage\"},\"image\":{\"@id\":\"https:\\\/\\\/www.apfelpatient.de\\\/news\\\/for-all-mankind-staffel-2-trailer-veroeffentlicht#primaryimage\"},\"thumbnailUrl\":\"https:\\\/\\\/www.apfelpatient.de\\\/wp-content\\\/uploads\\\/2019\\\/11\\\/Apple_TV_For_All_Mankind_key_art_16_9.jpg\",\"datePublished\":\"2020-07-25T17:38:11+00:00\",\"dateModified\":\"2025-10-14T14:04:16+00:00\",\"description\":\"Als der Streaming-Dienst Apple TV+ gestartet wurde, war For All Mankind eine der wenigen verf\u00fcgbaren Serien. Nun kommt die zweite Staffel.\",\"breadcrumb\":{\"@id\":\"https:\\\/\\\/www.apfelpatient.de\\\/news\\\/for-all-mankind-staffel-2-trailer-veroeffentlicht#breadcrumb\"},\"inLanguage\":\"en-US\",\"potentialAction\":[{\"@type\":\"ReadAction\",\"target\":[\"https:\\\/\\\/www.apfelpatient.de\\\/news\\\/for-all-mankind-staffel-2-trailer-veroeffentlicht\"]}]},{\"@type\":\"ImageObject\",\"inLanguage\":\"en-US\",\"@id\":\"https:\\\/\\\/www.apfelpatient.de\\\/news\\\/for-all-mankind-staffel-2-trailer-veroeffentlicht#primaryimage\",\"url\":\"https:\\\/\\\/www.apfelpatient.de\\\/wp-content\\\/uploads\\\/2019\\\/11\\\/Apple_TV_For_All_Mankind_key_art_16_9.jpg\",\"contentUrl\":\"https:\\\/\\\/www.apfelpatient.de\\\/wp-content\\\/uploads\\\/2019\\\/11\\\/Apple_TV_For_All_Mankind_key_art_16_9.jpg\",\"width\":1600,\"height\":900,\"caption\":\"Bild: Apple TV+\"},{\"@type\":\"BreadcrumbList\",\"@id\":\"https:\\\/\\\/www.apfelpatient.de\\\/news\\\/for-all-mankind-staffel-2-trailer-veroeffentlicht#breadcrumb\",\"itemListElement\":[{\"@type\":\"ListItem\",\"position\":1,\"name\":\"Startseite\",\"item\":\"https:\\\/\\\/www.apfelpatient.de\\\/\"},{\"@type\":\"ListItem\",\"position\":2,\"name\":\"For All Mankind Staffel 2: Trailer ver\u00f6ffentlicht\"}]},{\"@type\":\"WebSite\",\"@id\":\"https:\\\/\\\/www.apfelpatient.de\\\/#website\",\"url\":\"https:\\\/\\\/www.apfelpatient.de\\\/\",\"name\":\"Apfelpatient\",\"description\":\"Alles rund um Apple!\",\"publisher\":{\"@type\":\"Organization\",\"@id\":\"https:\\\/\\\/www.apfelpatient.de\\\/en\\\/#organization\",\"name\":\"Apfelpatient\",\"url\":\"https:\\\/\\\/www.apfelpatient.de\\\/en\\\/\"},\"alternateName\":\"Apfelpatient\",\"potentialAction\":[{\"@type\":\"SearchAction\",\"target\":{\"@type\":\"EntryPoint\",\"urlTemplate\":\"https:\\\/\\\/www.apfelpatient.de\\\/?s={search_term_string}\"},\"query-input\":{\"@type\":\"PropertyValueSpecification\",\"valueRequired\":true,\"valueName\":\"search_term_string\"}}],\"inLanguage\":\"en-US\"},{\"@type\":[\"Person\",\"Organization\"],\"@id\":\"https:\\\/\\\/www.apfelpatient.de\\\/#\\\/schema\\\/person\\\/35b3ddba5832f2bfc7fff5206d4f6b7b\",\"name\":\"Milan\",\"logo\":{\"@id\":\"https:\\\/\\\/www.apfelpatient.de\\\/#\\\/schema\\\/person\\\/image\\\/\"},\"description\":\"Hallo und herzlich willkommen auf meinem Technik-Blog! Als gro\u00dfer Apple-Fan berichte ich hier \u00fcber alles, was mit Apple zu tun hat: von den neuesten News und spannenden Ger\u00fcchten \u00fcber hilfreiche Tipps und Tricks bis hin zu ausf\u00fchrlichen Produkttests. Wenn du genauso technikbegeistert bist wie ich, bist du hier genau richtig!\",\"sameAs\":[\"https:\\\/\\\/www.facebook.com\\\/apfelpatientOfficial\",\"https:\\\/\\\/www.linkedin.com\\\/in\\\/milan-jovicic-42aa0231b\"],\"url\":\"https:\\\/\\\/www.apfelpatient.de\\\/en\\\/author\\\/apfeladmin\"}]}<\/script>\n<!-- \/ Yoast SEO Premium plugin. -->","yoast_head_json":{"title":"For All Mankind Season 2: Trailer released Apfelpatient","description":"When the streaming service Apple TV+ was launched, For All Mankind was one of the few series available. Now the second season is coming.","robots":{"index":"index","follow":"follow","max-snippet":"max-snippet:-1","max-image-preview":"max-image-preview:large","max-video-preview":"max-video-preview:-1"},"canonical":"https:\/\/www.apfelpatient.de\/en\/news\/for-all-mankind-season-2-trailer-released","og_locale":"en_US","og_type":"article","og_title":"For All Mankind Staffel 2: Trailer ver\u00f6ffentlicht","og_description":"Als der Streaming-Dienst Apple TV+ gestartet wurde, war For All Mankind eine der wenigen verf\u00fcgbaren Serien. Nun kommt die zweite Staffel.","og_url":"https:\/\/www.apfelpatient.de\/en\/news\/for-all-mankind-season-2-trailer-released","og_site_name":"Apfelpatient","article_publisher":"https:\/\/www.facebook.com\/apfelpatientOfficial","article_author":"https:\/\/www.facebook.com\/apfelpatientOfficial","article_published_time":"2020-07-25T17:38:11+00:00","article_modified_time":"2025-10-14T14:04:16+00:00","og_image":[{"width":1600,"height":900,"url":"https:\/\/www.apfelpatient.de\/wp-content\/uploads\/2019\/11\/Apple_TV_For_All_Mankind_key_art_16_9.jpg","type":"image\/jpeg"}],"author":"Milan","twitter_card":"summary_large_image","twitter_description":"Als der Streaming-Dienst Apple TV+ gestartet wurde, war For All Mankind eine der wenigen verf\u00fcgbaren Serien. Nun kommt die zweite Staffel.","twitter_misc":{"Written by":"Milan","Est. reading time":"1 minute"},"schema":{"@context":"https:\/\/schema.org","@graph":[{"@type":"NewsArticle","@id":"https:\/\/www.apfelpatient.de\/news\/for-all-mankind-staffel-2-trailer-veroeffentlicht#article","isPartOf":{"@id":"https:\/\/www.apfelpatient.de\/news\/for-all-mankind-staffel-2-trailer-veroeffentlicht"},"author":{"@type":"Organization","@id":"https:\/\/www.apfelpatient.de\/en\/#organization","name":"Apfelpatient","url":"https:\/\/www.apfelpatient.de\/en\/"},"headline":"For All Mankind Staffel 2: Trailer ver\u00f6ffentlicht","datePublished":"2020-07-25T17:38:11+00:00","dateModified":"2025-10-14T14:04:16+00:00","mainEntityOfPage":{"@id":"https:\/\/www.apfelpatient.de\/news\/for-all-mankind-staffel-2-trailer-veroeffentlicht"},"wordCount":207,"publisher":{"@type":"Organization","@id":"https:\/\/www.apfelpatient.de\/en\/#organization","name":"Apfelpatient","url":"https:\/\/www.apfelpatient.de\/en\/"},"image":{"@id":"https:\/\/www.apfelpatient.de\/news\/for-all-mankind-staffel-2-trailer-veroeffentlicht#primaryimage"},"thumbnailUrl":"https:\/\/www.apfelpatient.de\/wp-content\/uploads\/2019\/11\/Apple_TV_For_All_Mankind_key_art_16_9.jpg","keywords":["Apple Dienste","Apple TV","Apple TV Plus"],"articleSection":"News","inLanguage":"en-US","copyrightYear":"2020","copyrightHolder":{"@id":"https:\/\/www.apfelpatient.de\/en\/#organization"}},{"@type":"WebPage","@id":"https:\/\/www.apfelpatient.de\/news\/for-all-mankind-staffel-2-trailer-veroeffentlicht","url":"https:\/\/www.apfelpatient.de\/news\/for-all-mankind-staffel-2-trailer-veroeffentlicht","name":"For All Mankind Season 2: Trailer released Apfelpatient","isPartOf":{"@id":"https:\/\/www.apfelpatient.de\/#website"},"primaryImageOfPage":{"@id":"https:\/\/www.apfelpatient.de\/news\/for-all-mankind-staffel-2-trailer-veroeffentlicht#primaryimage"},"image":{"@id":"https:\/\/www.apfelpatient.de\/news\/for-all-mankind-staffel-2-trailer-veroeffentlicht#primaryimage"},"thumbnailUrl":"https:\/\/www.apfelpatient.de\/wp-content\/uploads\/2019\/11\/Apple_TV_For_All_Mankind_key_art_16_9.jpg","datePublished":"2020-07-25T17:38:11+00:00","dateModified":"2025-10-14T14:04:16+00:00","description":"When the streaming service Apple TV+ was launched, For All Mankind was one of the few series available. Now the second season is coming.","breadcrumb":{"@id":"https:\/\/www.apfelpatient.de\/news\/for-all-mankind-staffel-2-trailer-veroeffentlicht#breadcrumb"},"inLanguage":"en-US","potentialAction":[{"@type":"ReadAction","target":["https:\/\/www.apfelpatient.de\/news\/for-all-mankind-staffel-2-trailer-veroeffentlicht"]}]},{"@type":"ImageObject","inLanguage":"en-US","@id":"https:\/\/www.apfelpatient.de\/news\/for-all-mankind-staffel-2-trailer-veroeffentlicht#primaryimage","url":"https:\/\/www.apfelpatient.de\/wp-content\/uploads\/2019\/11\/Apple_TV_For_All_Mankind_key_art_16_9.jpg","contentUrl":"https:\/\/www.apfelpatient.de\/wp-content\/uploads\/2019\/11\/Apple_TV_For_All_Mankind_key_art_16_9.jpg","width":1600,"height":900,"caption":"Bild: Apple TV+"},{"@type":"BreadcrumbList","@id":"https:\/\/www.apfelpatient.de\/news\/for-all-mankind-staffel-2-trailer-veroeffentlicht#breadcrumb","itemListElement":[{"@type":"ListItem","position":1,"name":"Startseite","item":"https:\/\/www.apfelpatient.de\/"},{"@type":"ListItem","position":2,"name":"For All Mankind Staffel 2: Trailer ver\u00f6ffentlicht"}]},{"@type":"WebSite","@id":"https:\/\/www.apfelpatient.de\/#website","url":"https:\/\/www.apfelpatient.de\/","name":"apple patient","description":"Everything about Apple!","publisher":{"@type":"Organization","@id":"https:\/\/www.apfelpatient.de\/en\/#organization","name":"Apfelpatient","url":"https:\/\/www.apfelpatient.de\/en\/"},"alternateName":"Apfelpatient","potentialAction":[{"@type":"SearchAction","target":{"@type":"EntryPoint","urlTemplate":"https:\/\/www.apfelpatient.de\/?s={search_term_string}"},"query-input":{"@type":"PropertyValueSpecification","valueRequired":true,"valueName":"search_term_string"}}],"inLanguage":"en-US"},{"@type":["Person","Organization"],"@id":"https:\/\/www.apfelpatient.de\/#\/schema\/person\/35b3ddba5832f2bfc7fff5206d4f6b7b","name":"Milan","logo":{"@id":"https:\/\/www.apfelpatient.de\/#\/schema\/person\/image\/"},"description":"Hello and welcome to my technology blog! As a big Apple fan, I report on everything to do with Apple: from the latest news and exciting rumors to helpful tips and tricks and detailed product tests. If you are as enthusiastic about technology as I am, you have come to the right place!","sameAs":["https:\/\/www.facebook.com\/apfelpatientOfficial","https:\/\/www.linkedin.com\/in\/milan-jovicic-42aa0231b"],"url":"https:\/\/www.apfelpatient.de\/en\/author\/apfeladmin"}]}},"_links":{"self":[{"href":"https:\/\/www.apfelpatient.de\/en\/wp-json\/wp\/v2\/posts\/13842","targetHints":{"allow":["GET"]}}],"collection":[{"href":"https:\/\/www.apfelpatient.de\/en\/wp-json\/wp\/v2\/posts"}],"about":[{"href":"https:\/\/www.apfelpatient.de\/en\/wp-json\/wp\/v2\/types\/post"}],"author":[{"embeddable":true,"href":"https:\/\/www.apfelpatient.de\/en\/wp-json\/wp\/v2\/users\/2"}],"replies":[{"embeddable":true,"href":"https:\/\/www.apfelpatient.de\/en\/wp-json\/wp\/v2\/comments?post=13842"}],"version-history":[{"count":0,"href":"https:\/\/www.apfelpatient.de\/en\/wp-json\/wp\/v2\/posts\/13842\/revisions"}],"wp:featuredmedia":[{"embeddable":true,"href":"https:\/\/www.apfelpatient.de\/en\/wp-json\/wp\/v2\/media\/7141"}],"wp:attachment":[{"href":"https:\/\/www.apfelpatient.de\/en\/wp-json\/wp\/v2\/media?parent=13842"}],"wp:term":[{"taxonomy":"category","embeddable":true,"href":"https:\/\/www.apfelpatient.de\/en\/wp-json\/wp\/v2\/categories?post=13842"},{"taxonomy":"post_tag","embeddable":true,"href":"https:\/\/www.apfelpatient.de\/en\/wp-json\/wp\/v2\/tags?post=13842"}],"curies":[{"name":"wp","href":"https:\/\/api.w.org\/{rel}","templated":true}]}}