{"id":13809,"date":"2020-07-23T14:18:33","date_gmt":"2020-07-23T12:18:33","guid":{"rendered":"https:\/\/www.apfelpatient.de\/?p=13809"},"modified":"2020-07-23T14:18:33","modified_gmt":"2020-07-23T12:18:33","slug":"new-details-about-apples-upcoming-minileds-have-emerged","status":"publish","type":"post","link":"https:\/\/www.apfelpatient.de\/en\/rumors\/neue-details-zu-apples-kommenden-minileds-aufgetaucht","title":{"rendered":"New details about Apple&#039;s upcoming MiniLEDs have emerged"},"content":{"rendered":"<p class=\"has-drop-cap\"><strong>According to various sources, Apple plans to equip iPads and MacBooks with miniLEDs next. A report has now been published that contains further details.<\/strong><\/p>\n\n\n\n<p>According to various sources, Apple will gradually equip both the iPad and MacBook series with MiniLEDs. The new display technology offers many advantages over OLED panels and at the same time allows for thinner product designs. Unlike OLED screens, MiniLEDs cannot burn in. Now DigiTimes claims to have learned new details. The <a href=\"https:\/\/www.digitimes.com\/news\/a20200723PD205.html\" class=\"ek-link\"><span style=\"text-decoration: underline;\" class=\"ek-underline\">Article<\/span><\/a>:<\/p>\n\n\n\n<blockquote class=\"wp-block-quote is-layout-flow wp-block-quote-is-layout-flow\"><p>Apple&#039;s mini-LED backlight modules will use three-layer rigid circuit boards, which require higher flatness and hole density than general rigid circuit boards to support mass transfer technology, with the materials also needing to achieve extremely low shrinkage\/expansion rates, the sources said.<\/p><\/blockquote>\n\n\n\n<h3 class=\"wp-block-heading\">First MiniLED products could be presented at the end of 2020<\/h3>\n\n\n\n\n\n\n\n<p>According to the report, Apple has included the manufacturer Tripod in the supply chain for the upcoming mini-LED devices due to its good cost control options and excellent production management. Tripod will now share the orders with the circuit board supplier Zhen Ding Technology. However, the company will have to upgrade for the new order in order to meet demand. While test production is due to start soon, series production could start as early as early 2021 - according to DigiTimes. According to previous rumors, the first mini-LED products could be available by the end of 2020. <a href=\"https:\/\/www.apfelpatient.de\/en\/rumors\/ipad-pro-macbook-pro-come-with-minileds\" class=\"ek-link\"><span style=\"text-decoration: underline;\" class=\"ek-underline\">appear<\/span><\/a>, followed by more in 2021. The well-informed Apple analyst Ming-Chi Kuo has already announced this. Several iPad models are expected, including the 12.9-inch iPad Pro and brand new 14- and 16-inch MacBook Pro devices. <em>(Photo by alexey_boldin \/ Bigstockphoto)<\/em><\/p>\n\n\n\n<h6 class=\"wp-block-heading translation-block\" id=\"h-kennt-ihr-schon-unsere-amazon-storefront-dort-findet-ihr-eine-handverlesene-auswahl-von-diversen-produkten-f-r-euer-iphone-und-co-viel-spa-beim-st-bern\"><em>Have you already visited our Amazon Storefront? There you&#039;ll find a hand-picked selection of various products for your iPhone and other devices \u2013 <span class=\"has-inline-color has-vivid-red-color\"><a href=\"https:\/\/www.amazon.de\/shop\/apfelpatientofficial\" class=\"ek-link\" data-wpel-link=\"exclude\" rel=\"follow noopener\" target=\"_self\"><span style=\"text-decoration: underline\" class=\"ek-underline\">enjoy browsing<\/span><\/a> !<\/span><\/em><\/h6>\n\n\n\n\n\n<h6 class=\"wp-block-heading translation-block\" id=\"h-der-beitrag-enthalt-partnerlinks\">This post contains <a data-type=\"URL\" data-id=\"https:\/\/www.apfelpatient.de\/partnerprogramm\" href=\"https:\/\/www.apfelpatient.de\/en\/partner-program\" data-wpel-link=\"internal\" target=\"_self\">affiliate links<\/a>.<\/h6>","protected":false},"excerpt":{"rendered":"<p>According to various sources, Apple is planning to equip iPads and MacBooks with miniLEDs next. A new report has now been published.<\/p>","protected":false},"author":2,"featured_media":12588,"comment_status":"closed","ping_status":"open","sticky":false,"template":"","format":"standard","meta":{"jnews-multi-image_gallery":[],"jnews_single_post":{"subtitle":"","format":"standard","video":"","gallery":"","source_name":"","source_url":"","via_name":"","via_url":"","override":[{"single_blog_custom":"","sidebar":"","second_sidebar":"","share_position":"","share_float_style":"","post_date_format":"","post_date_format_custom":"","post_reading_time_wpm":"","zoom_button_out_step":"1","zoom_button_in_step":"1","number_popup_post":"1"}],"image_override":[{"single_post_thumbnail_size":"","single_post_gallery_size":""}],"trending_post_position":"","trending_post_label":"","sponsored_post_label":"","sponsored_post_name":"","sponsored_post_url":"","sponsored_post_logo":"","sponsored_post_desc":""},"jnews_primary_category":{"id":"274"},"footnotes":""},"categories":[25],"tags":[18],"class_list":["post-13809","post","type-post","status-publish","format-standard","has-post-thumbnail","hentry","category-rumors","tag-ipad"],"yoast_head":"<!-- This site is optimized with the Yoast SEO Premium plugin v27.5 (Yoast SEO v27.5) - https:\/\/yoast.com\/product\/yoast-seo-premium-wordpress\/ -->\n<title>Neue Details zu Apples kommenden MiniLEDs aufgetaucht Apfelpatient<\/title>\n<meta name=\"description\" content=\"Diversen Quellen zufolge plant Apple als n\u00e4chstes iPads sowie MacBooks mit MiniLEDs auszustatten. Nun wurde ein neuer Bericht ver\u00f6ffentlicht.\" \/>\n<meta name=\"robots\" content=\"index, follow, max-snippet:-1, max-image-preview:large, max-video-preview:-1\" \/>\n<link rel=\"canonical\" href=\"https:\/\/www.apfelpatient.de\/en\/rumors\/new-details-about-apples-upcoming-minileds-have-emerged\" \/>\n<meta property=\"og:locale\" content=\"en_US\" \/>\n<meta property=\"og:type\" content=\"article\" \/>\n<meta property=\"og:title\" content=\"Neue Details zu Apples kommenden MiniLEDs aufgetaucht\" \/>\n<meta property=\"og:description\" content=\"Diversen Quellen zufolge plant Apple als n\u00e4chstes iPads sowie MacBooks mit MiniLEDs auszustatten. Nun wurde ein neuer Bericht ver\u00f6ffentlicht.\" \/>\n<meta property=\"og:url\" content=\"https:\/\/www.apfelpatient.de\/en\/rumors\/new-details-about-apples-upcoming-minileds-have-emerged\" \/>\n<meta property=\"og:site_name\" content=\"Apfelpatient\" \/>\n<meta property=\"article:publisher\" content=\"https:\/\/www.facebook.com\/apfelpatientOfficial\" \/>\n<meta property=\"article:author\" content=\"https:\/\/www.facebook.com\/apfelpatientOfficial\" \/>\n<meta property=\"article:published_time\" content=\"2020-07-23T12:18:33+00:00\" \/>\n<meta property=\"og:image\" content=\"https:\/\/www.apfelpatient.de\/wp-content\/uploads\/2020\/05\/bigstock-Office-Workplace-With-Open-App-95517521.jpg\" \/>\n\t<meta property=\"og:image:width\" content=\"1600\" \/>\n\t<meta property=\"og:image:height\" content=\"1068\" \/>\n\t<meta property=\"og:image:type\" content=\"image\/jpeg\" \/>\n<meta name=\"author\" content=\"Milan\" \/>\n<meta name=\"twitter:card\" content=\"summary_large_image\" \/>\n<meta name=\"twitter:description\" content=\"Diversen Quellen zufolge plant Apple als n\u00e4chstes iPads sowie MacBooks mit MiniLEDs auszustatten. Nun wurde ein neuer Bericht ver\u00f6ffentlicht.\" \/>\n<meta name=\"twitter:label1\" content=\"Written by\" \/>\n\t<meta name=\"twitter:data1\" content=\"Milan\" \/>\n\t<meta name=\"twitter:label2\" content=\"Est. reading time\" \/>\n\t<meta name=\"twitter:data2\" content=\"1 minute\" \/>\n<script type=\"application\/ld+json\" class=\"yoast-schema-graph\">{\"@context\":\"https:\\\/\\\/schema.org\",\"@graph\":[{\"@type\":\"NewsArticle\",\"@id\":\"https:\\\/\\\/www.apfelpatient.de\\\/rumors\\\/neue-details-zu-apples-kommenden-minileds-aufgetaucht#article\",\"isPartOf\":{\"@id\":\"https:\\\/\\\/www.apfelpatient.de\\\/rumors\\\/neue-details-zu-apples-kommenden-minileds-aufgetaucht\"},\"author\":{\"@type\":\"Organization\",\"@id\":\"https:\\\/\\\/www.apfelpatient.de\\\/en\\\/#organization\",\"name\":\"Apfelpatient\",\"url\":\"https:\\\/\\\/www.apfelpatient.de\\\/en\\\/\"},\"headline\":\"Neue Details zu Apples kommenden MiniLEDs aufgetaucht\",\"datePublished\":\"2020-07-23T12:18:33+00:00\",\"mainEntityOfPage\":{\"@id\":\"https:\\\/\\\/www.apfelpatient.de\\\/rumors\\\/neue-details-zu-apples-kommenden-minileds-aufgetaucht\"},\"wordCount\":277,\"publisher\":{\"@type\":\"Organization\",\"@id\":\"https:\\\/\\\/www.apfelpatient.de\\\/en\\\/#organization\",\"name\":\"Apfelpatient\",\"url\":\"https:\\\/\\\/www.apfelpatient.de\\\/en\\\/\"},\"image\":{\"@id\":\"https:\\\/\\\/www.apfelpatient.de\\\/rumors\\\/neue-details-zu-apples-kommenden-minileds-aufgetaucht#primaryimage\"},\"thumbnailUrl\":\"https:\\\/\\\/www.apfelpatient.de\\\/wp-content\\\/uploads\\\/2020\\\/05\\\/bigstock-Office-Workplace-With-Open-App-95517521.jpg\",\"keywords\":[\"iPad\"],\"articleSection\":\"Rumors\",\"inLanguage\":\"en-US\",\"copyrightYear\":\"2020\",\"copyrightHolder\":{\"@id\":\"https:\\\/\\\/www.apfelpatient.de\\\/en\\\/#organization\"}},{\"@type\":\"WebPage\",\"@id\":\"https:\\\/\\\/www.apfelpatient.de\\\/rumors\\\/neue-details-zu-apples-kommenden-minileds-aufgetaucht\",\"url\":\"https:\\\/\\\/www.apfelpatient.de\\\/rumors\\\/neue-details-zu-apples-kommenden-minileds-aufgetaucht\",\"name\":\"Neue Details zu Apples kommenden MiniLEDs aufgetaucht Apfelpatient\",\"isPartOf\":{\"@id\":\"https:\\\/\\\/www.apfelpatient.de\\\/#website\"},\"primaryImageOfPage\":{\"@id\":\"https:\\\/\\\/www.apfelpatient.de\\\/rumors\\\/neue-details-zu-apples-kommenden-minileds-aufgetaucht#primaryimage\"},\"image\":{\"@id\":\"https:\\\/\\\/www.apfelpatient.de\\\/rumors\\\/neue-details-zu-apples-kommenden-minileds-aufgetaucht#primaryimage\"},\"thumbnailUrl\":\"https:\\\/\\\/www.apfelpatient.de\\\/wp-content\\\/uploads\\\/2020\\\/05\\\/bigstock-Office-Workplace-With-Open-App-95517521.jpg\",\"datePublished\":\"2020-07-23T12:18:33+00:00\",\"description\":\"Diversen Quellen zufolge plant Apple als n\u00e4chstes iPads sowie MacBooks mit MiniLEDs auszustatten. Nun wurde ein neuer Bericht ver\u00f6ffentlicht.\",\"breadcrumb\":{\"@id\":\"https:\\\/\\\/www.apfelpatient.de\\\/rumors\\\/neue-details-zu-apples-kommenden-minileds-aufgetaucht#breadcrumb\"},\"inLanguage\":\"en-US\",\"potentialAction\":[{\"@type\":\"ReadAction\",\"target\":[\"https:\\\/\\\/www.apfelpatient.de\\\/rumors\\\/neue-details-zu-apples-kommenden-minileds-aufgetaucht\"]}]},{\"@type\":\"ImageObject\",\"inLanguage\":\"en-US\",\"@id\":\"https:\\\/\\\/www.apfelpatient.de\\\/rumors\\\/neue-details-zu-apples-kommenden-minileds-aufgetaucht#primaryimage\",\"url\":\"https:\\\/\\\/www.apfelpatient.de\\\/wp-content\\\/uploads\\\/2020\\\/05\\\/bigstock-Office-Workplace-With-Open-App-95517521.jpg\",\"contentUrl\":\"https:\\\/\\\/www.apfelpatient.de\\\/wp-content\\\/uploads\\\/2020\\\/05\\\/bigstock-Office-Workplace-With-Open-App-95517521.jpg\",\"width\":1600,\"height\":1068,\"caption\":\"Open Apple 15 inch MacBook Pro Retina with an open tab in Safari which shows Google search web page with ipad and iphone on the wooden office desk workplace. Varna Bulgaria - May 29 2015.\"},{\"@type\":\"BreadcrumbList\",\"@id\":\"https:\\\/\\\/www.apfelpatient.de\\\/rumors\\\/neue-details-zu-apples-kommenden-minileds-aufgetaucht#breadcrumb\",\"itemListElement\":[{\"@type\":\"ListItem\",\"position\":1,\"name\":\"Startseite\",\"item\":\"https:\\\/\\\/www.apfelpatient.de\\\/\"},{\"@type\":\"ListItem\",\"position\":2,\"name\":\"Neue Details zu Apples kommenden MiniLEDs aufgetaucht\"}]},{\"@type\":\"WebSite\",\"@id\":\"https:\\\/\\\/www.apfelpatient.de\\\/#website\",\"url\":\"https:\\\/\\\/www.apfelpatient.de\\\/\",\"name\":\"Apfelpatient\",\"description\":\"Alles rund um Apple!\",\"publisher\":{\"@type\":\"Organization\",\"@id\":\"https:\\\/\\\/www.apfelpatient.de\\\/en\\\/#organization\",\"name\":\"Apfelpatient\",\"url\":\"https:\\\/\\\/www.apfelpatient.de\\\/en\\\/\"},\"alternateName\":\"Apfelpatient\",\"potentialAction\":[{\"@type\":\"SearchAction\",\"target\":{\"@type\":\"EntryPoint\",\"urlTemplate\":\"https:\\\/\\\/www.apfelpatient.de\\\/?s={search_term_string}\"},\"query-input\":{\"@type\":\"PropertyValueSpecification\",\"valueRequired\":true,\"valueName\":\"search_term_string\"}}],\"inLanguage\":\"en-US\"},{\"@type\":[\"Person\",\"Organization\"],\"@id\":\"https:\\\/\\\/www.apfelpatient.de\\\/#\\\/schema\\\/person\\\/7dc56ad6c8e9824b76d2c08d4c140e13\",\"name\":\"Milan\",\"logo\":{\"@id\":\"https:\\\/\\\/www.apfelpatient.de\\\/#\\\/schema\\\/person\\\/image\\\/\"},\"description\":\"Hallo und herzlich willkommen auf meinem Technik-Blog! Als gro\u00dfer Apple-Fan berichte ich hier \u00fcber alles, was mit Apple zu tun hat: von den neuesten News und spannenden Ger\u00fcchten \u00fcber hilfreiche Tipps und Tricks bis hin zu ausf\u00fchrlichen Produkttests. Wenn du genauso technikbegeistert bist wie ich, bist du hier genau richtig!\",\"sameAs\":[\"https:\\\/\\\/www.facebook.com\\\/apfelpatientOfficial\",\"https:\\\/\\\/www.linkedin.com\\\/in\\\/milan-jovicic-42aa0231b\"],\"url\":\"https:\\\/\\\/www.apfelpatient.de\\\/en\\\/author\\\/apfeladmin\"}]}<\/script>\n<!-- \/ Yoast SEO Premium plugin. -->","yoast_head_json":{"title":"New details about Apple&#039;s upcoming MiniLEDs have emerged Apfelpatient","description":"According to various sources, Apple is planning to equip iPads and MacBooks with miniLEDs next. A new report has now been published.","robots":{"index":"index","follow":"follow","max-snippet":"max-snippet:-1","max-image-preview":"max-image-preview:large","max-video-preview":"max-video-preview:-1"},"canonical":"https:\/\/www.apfelpatient.de\/en\/rumors\/new-details-about-apples-upcoming-minileds-have-emerged","og_locale":"en_US","og_type":"article","og_title":"Neue Details zu Apples kommenden MiniLEDs aufgetaucht","og_description":"Diversen Quellen zufolge plant Apple als n\u00e4chstes iPads sowie MacBooks mit MiniLEDs auszustatten. Nun wurde ein neuer Bericht ver\u00f6ffentlicht.","og_url":"https:\/\/www.apfelpatient.de\/en\/rumors\/new-details-about-apples-upcoming-minileds-have-emerged","og_site_name":"Apfelpatient","article_publisher":"https:\/\/www.facebook.com\/apfelpatientOfficial","article_author":"https:\/\/www.facebook.com\/apfelpatientOfficial","article_published_time":"2020-07-23T12:18:33+00:00","og_image":[{"width":1600,"height":1068,"url":"https:\/\/www.apfelpatient.de\/wp-content\/uploads\/2020\/05\/bigstock-Office-Workplace-With-Open-App-95517521.jpg","type":"image\/jpeg"}],"author":"Milan","twitter_card":"summary_large_image","twitter_description":"Diversen Quellen zufolge plant Apple als n\u00e4chstes iPads sowie MacBooks mit MiniLEDs auszustatten. Nun wurde ein neuer Bericht ver\u00f6ffentlicht.","twitter_misc":{"Written by":"Milan","Est. reading time":"1 minute"},"schema":{"@context":"https:\/\/schema.org","@graph":[{"@type":"NewsArticle","@id":"https:\/\/www.apfelpatient.de\/rumors\/neue-details-zu-apples-kommenden-minileds-aufgetaucht#article","isPartOf":{"@id":"https:\/\/www.apfelpatient.de\/rumors\/neue-details-zu-apples-kommenden-minileds-aufgetaucht"},"author":{"@type":"Organization","@id":"https:\/\/www.apfelpatient.de\/en\/#organization","name":"Apfelpatient","url":"https:\/\/www.apfelpatient.de\/en\/"},"headline":"Neue Details zu Apples kommenden MiniLEDs aufgetaucht","datePublished":"2020-07-23T12:18:33+00:00","mainEntityOfPage":{"@id":"https:\/\/www.apfelpatient.de\/rumors\/neue-details-zu-apples-kommenden-minileds-aufgetaucht"},"wordCount":277,"publisher":{"@type":"Organization","@id":"https:\/\/www.apfelpatient.de\/en\/#organization","name":"Apfelpatient","url":"https:\/\/www.apfelpatient.de\/en\/"},"image":{"@id":"https:\/\/www.apfelpatient.de\/rumors\/neue-details-zu-apples-kommenden-minileds-aufgetaucht#primaryimage"},"thumbnailUrl":"https:\/\/www.apfelpatient.de\/wp-content\/uploads\/2020\/05\/bigstock-Office-Workplace-With-Open-App-95517521.jpg","keywords":["iPad"],"articleSection":"Rumors","inLanguage":"en-US","copyrightYear":"2020","copyrightHolder":{"@id":"https:\/\/www.apfelpatient.de\/en\/#organization"}},{"@type":"WebPage","@id":"https:\/\/www.apfelpatient.de\/rumors\/neue-details-zu-apples-kommenden-minileds-aufgetaucht","url":"https:\/\/www.apfelpatient.de\/rumors\/neue-details-zu-apples-kommenden-minileds-aufgetaucht","name":"New details about Apple&#039;s upcoming MiniLEDs have emerged Apfelpatient","isPartOf":{"@id":"https:\/\/www.apfelpatient.de\/#website"},"primaryImageOfPage":{"@id":"https:\/\/www.apfelpatient.de\/rumors\/neue-details-zu-apples-kommenden-minileds-aufgetaucht#primaryimage"},"image":{"@id":"https:\/\/www.apfelpatient.de\/rumors\/neue-details-zu-apples-kommenden-minileds-aufgetaucht#primaryimage"},"thumbnailUrl":"https:\/\/www.apfelpatient.de\/wp-content\/uploads\/2020\/05\/bigstock-Office-Workplace-With-Open-App-95517521.jpg","datePublished":"2020-07-23T12:18:33+00:00","description":"According to various sources, Apple is planning to equip iPads and MacBooks with miniLEDs next. A new report has now been published.","breadcrumb":{"@id":"https:\/\/www.apfelpatient.de\/rumors\/neue-details-zu-apples-kommenden-minileds-aufgetaucht#breadcrumb"},"inLanguage":"en-US","potentialAction":[{"@type":"ReadAction","target":["https:\/\/www.apfelpatient.de\/rumors\/neue-details-zu-apples-kommenden-minileds-aufgetaucht"]}]},{"@type":"ImageObject","inLanguage":"en-US","@id":"https:\/\/www.apfelpatient.de\/rumors\/neue-details-zu-apples-kommenden-minileds-aufgetaucht#primaryimage","url":"https:\/\/www.apfelpatient.de\/wp-content\/uploads\/2020\/05\/bigstock-Office-Workplace-With-Open-App-95517521.jpg","contentUrl":"https:\/\/www.apfelpatient.de\/wp-content\/uploads\/2020\/05\/bigstock-Office-Workplace-With-Open-App-95517521.jpg","width":1600,"height":1068,"caption":"Open Apple 15 inch MacBook Pro Retina with an open tab in Safari which shows Google search web page with ipad and iphone on the wooden office desk workplace. Varna Bulgaria - May 29 2015."},{"@type":"BreadcrumbList","@id":"https:\/\/www.apfelpatient.de\/rumors\/neue-details-zu-apples-kommenden-minileds-aufgetaucht#breadcrumb","itemListElement":[{"@type":"ListItem","position":1,"name":"Startseite","item":"https:\/\/www.apfelpatient.de\/"},{"@type":"ListItem","position":2,"name":"Neue Details zu Apples kommenden MiniLEDs aufgetaucht"}]},{"@type":"WebSite","@id":"https:\/\/www.apfelpatient.de\/#website","url":"https:\/\/www.apfelpatient.de\/","name":"apple patient","description":"Everything about Apple!","publisher":{"@type":"Organization","@id":"https:\/\/www.apfelpatient.de\/en\/#organization","name":"Apfelpatient","url":"https:\/\/www.apfelpatient.de\/en\/"},"alternateName":"Apfelpatient","potentialAction":[{"@type":"SearchAction","target":{"@type":"EntryPoint","urlTemplate":"https:\/\/www.apfelpatient.de\/?s={search_term_string}"},"query-input":{"@type":"PropertyValueSpecification","valueRequired":true,"valueName":"search_term_string"}}],"inLanguage":"en-US"},{"@type":["Person","Organization"],"@id":"https:\/\/www.apfelpatient.de\/#\/schema\/person\/7dc56ad6c8e9824b76d2c08d4c140e13","name":"Milan","logo":{"@id":"https:\/\/www.apfelpatient.de\/#\/schema\/person\/image\/"},"description":"Hello and welcome to my technology blog! As a big Apple fan, I report on everything to do with Apple: from the latest news and exciting rumors to helpful tips and tricks and detailed product tests. If you are as enthusiastic about technology as I am, you have come to the right place!","sameAs":["https:\/\/www.facebook.com\/apfelpatientOfficial","https:\/\/www.linkedin.com\/in\/milan-jovicic-42aa0231b"],"url":"https:\/\/www.apfelpatient.de\/en\/author\/apfeladmin"}]}},"_links":{"self":[{"href":"https:\/\/www.apfelpatient.de\/en\/wp-json\/wp\/v2\/posts\/13809","targetHints":{"allow":["GET"]}}],"collection":[{"href":"https:\/\/www.apfelpatient.de\/en\/wp-json\/wp\/v2\/posts"}],"about":[{"href":"https:\/\/www.apfelpatient.de\/en\/wp-json\/wp\/v2\/types\/post"}],"author":[{"embeddable":true,"href":"https:\/\/www.apfelpatient.de\/en\/wp-json\/wp\/v2\/users\/2"}],"replies":[{"embeddable":true,"href":"https:\/\/www.apfelpatient.de\/en\/wp-json\/wp\/v2\/comments?post=13809"}],"version-history":[{"count":0,"href":"https:\/\/www.apfelpatient.de\/en\/wp-json\/wp\/v2\/posts\/13809\/revisions"}],"wp:featuredmedia":[{"embeddable":true,"href":"https:\/\/www.apfelpatient.de\/en\/wp-json\/wp\/v2\/media\/12588"}],"wp:attachment":[{"href":"https:\/\/www.apfelpatient.de\/en\/wp-json\/wp\/v2\/media?parent=13809"}],"wp:term":[{"taxonomy":"category","embeddable":true,"href":"https:\/\/www.apfelpatient.de\/en\/wp-json\/wp\/v2\/categories?post=13809"},{"taxonomy":"post_tag","embeddable":true,"href":"https:\/\/www.apfelpatient.de\/en\/wp-json\/wp\/v2\/tags?post=13809"}],"curies":[{"name":"wp","href":"https:\/\/api.w.org\/{rel}","templated":true}]}}