{"id":13806,"date":"2020-07-23T14:12:10","date_gmt":"2020-07-23T12:12:10","guid":{"rendered":"https:\/\/www.apfelpatient.de\/?p=13806"},"modified":"2020-07-23T14:12:10","modified_gmt":"2020-07-23T12:12:10","slug":"iphone-12-pro-with-higher-battery-capacity","status":"publish","type":"post","link":"https:\/\/www.apfelpatient.de\/en\/rumors\/iphone-12-pro-mit-hoeherer-batteriekapazitaet","title":{"rendered":"iPhone 12 Pro with higher battery capacity?"},"content":{"rendered":"<p class=\"has-drop-cap\"><strong>In mid-July, Apple had three new batteries certified that are most likely intended for the iPhone 12 series. The problem - they have less battery capacity than their predecessors. Now there is a new registration.<\/strong><\/p>\n\n\n\n<p>The discovery caused a lot of discussion. Will Apple give this year&#039;s iPhone lineup smaller batteries? Possibly! But contrary to expectations, at least one of the two 6.1-inch devices could get a more powerful battery - namely the iPhone 12 Pro. As always, the certification was carried out by MySmartPrice <a href=\"https:\/\/www.mysmartprice.com\/gear\/possible-apple-iphone-12-series-battery-a2479-2815-mah\/\" class=\"ek-link\"><span style=\"text-decoration: underline;\" class=\"ek-underline\">discovered<\/span><\/a> and thus documented first. According to the data sheet, the new battery has 2,815 mAh and could be intended for the more expensive iPhone 12 Pro. As a reminder: The first find looked like this:<\/p>\n\n\n\n<h3 class=\"wp-block-heading\">\u201cBattery capacity is not everything\u201d<\/h3>\n\n\n\n\n\n\n\n<ul class=\"wp-block-list\"><li>Apple iPhone 12 (5.4-inch) \u2013 model number A2471 \u2013 2,227mAh<\/li><li>Apple iPhone 12 Max (6.1-inch) \u2013 Model number A2431 \u2013 2,775mAh<\/li><li>Apple iPhone 12 Pro (6.1-inch) \u2013 Model number A2431 \u2013 2,775mAh<\/li><li>Apple iPhone 12 Pro Max (6.7-inch) \u2013 Model number A2466 \u2013 3,687mAh<\/li><\/ul>\n\n\n\n<p>Since there will be some differences between the iPhone 12 Max and iPhone 12 Pro, it is also quite possible that the Pro version will get a larger battery. So far, there are no battery reports from well-known analysts or leakers that already have a high degree of accuracy <a href=\"https:\/\/www.apfelpatient.de\/en\/rumors\/iphone-12-uses-smaller-batteries\" class=\"ek-link\"><span style=\"text-decoration: underline;\" class=\"ek-underline\">have<\/span><\/a>. So we have no choice but to speculate. But please remember one thing: Battery capacity is not everything. If an iPhone works efficiently, a solid battery life can be achieved even with a smaller battery.&nbsp;<em>(Photo by Denys Prykhodov \/ Bigstockphoto)<\/em><\/p>\n\n\n\n<ul class=\"wp-block-list\"><li><a href=\"https:\/\/www.apfelpatient.de\/en\/rumors\/iphone-12-rumor-suggests-later-launch\" class=\"ek-link\"><span style=\"text-decoration: underline;\" class=\"ek-underline\">iPhone 12: Rumor suggests later launch<\/span><\/a><\/li><\/ul>\n\n\n\n<h6 class=\"wp-block-heading translation-block\" id=\"h-kennt-ihr-schon-unsere-amazon-storefront-dort-findet-ihr-eine-handverlesene-auswahl-von-diversen-produkten-f-r-euer-iphone-und-co-viel-spa-beim-st-bern\"><em>Have you already visited our Amazon Storefront? There you&#039;ll find a hand-picked selection of various products for your iPhone and other devices \u2013 <span class=\"has-inline-color has-vivid-red-color\"><a href=\"https:\/\/www.amazon.de\/shop\/apfelpatientofficial\" class=\"ek-link\" data-wpel-link=\"exclude\" rel=\"follow noopener\" target=\"_self\"><span style=\"text-decoration: underline\" class=\"ek-underline\">enjoy browsing<\/span><\/a> !<\/span><\/em><\/h6>\n\n\n\n\n\n<h6 class=\"wp-block-heading translation-block\" id=\"h-der-beitrag-enthalt-partnerlinks\">This post contains <a data-type=\"URL\" data-id=\"https:\/\/www.apfelpatient.de\/partnerprogramm\" href=\"https:\/\/www.apfelpatient.de\/en\/partner-program\" data-wpel-link=\"internal\" target=\"_self\">affiliate links<\/a>.<\/h6>","protected":false},"excerpt":{"rendered":"<p>iPhone 12: The problem \u2013 they have less battery capacity than their predecessors. Now there&#039;s a new entry.<\/p>","protected":false},"author":2,"featured_media":13441,"comment_status":"closed","ping_status":"open","sticky":false,"template":"","format":"standard","meta":{"jnews-multi-image_gallery":[],"jnews_single_post":{"subtitle":"","format":"standard","video":"","gallery":"","source_name":"","source_url":"","via_name":"","via_url":"","override":[{"single_blog_custom":"","sidebar":"","second_sidebar":"","share_position":"","share_float_style":"","post_date_format":"","post_date_format_custom":"","post_reading_time_wpm":"","zoom_button_out_step":"1","zoom_button_in_step":"1","number_popup_post":"1"}],"image_override":[{"single_post_thumbnail_size":"","single_post_gallery_size":""}],"trending_post_position":"","trending_post_label":"","sponsored_post_label":"","sponsored_post_name":"","sponsored_post_url":"","sponsored_post_logo":"","sponsored_post_desc":""},"jnews_primary_category":{"id":"274"},"footnotes":""},"categories":[25],"tags":[8,321,254],"class_list":["post-13806","post","type-post","status-publish","format-standard","has-post-thumbnail","hentry","category-rumors","tag-iphone","tag-iphone-12","tag-iphone-2020"],"yoast_head":"<!-- This site is optimized with the Yoast SEO Premium plugin v27.5 (Yoast SEO v27.5) - https:\/\/yoast.com\/product\/yoast-seo-premium-wordpress\/ -->\n<title>iPhone 12 Pro mit h\u00f6herer Batteriekapazit\u00e4t? Apfelpatient<\/title>\n<meta name=\"description\" content=\"iPhone 12: Das Problem - sie verf\u00fcgen \u00fcber weniger Batteriekapazit\u00e4t als ihre Vorg\u00e4nger. Nun gibt es eine neue Eintragung.\" \/>\n<meta name=\"robots\" content=\"index, follow, max-snippet:-1, max-image-preview:large, max-video-preview:-1\" \/>\n<link rel=\"canonical\" href=\"https:\/\/www.apfelpatient.de\/en\/rumors\/iphone-12-pro-with-higher-battery-capacity\" \/>\n<meta property=\"og:locale\" content=\"en_US\" \/>\n<meta property=\"og:type\" content=\"article\" \/>\n<meta property=\"og:title\" content=\"iPhone 12 Pro mit h\u00f6herer Batteriekapazit\u00e4t?\" \/>\n<meta property=\"og:description\" content=\"iPhone 12: Das Problem - sie verf\u00fcgen \u00fcber weniger Batteriekapazit\u00e4t als ihre Vorg\u00e4nger. Nun gibt es eine neue Eintragung.\" \/>\n<meta property=\"og:url\" content=\"https:\/\/www.apfelpatient.de\/en\/rumors\/iphone-12-pro-with-higher-battery-capacity\" \/>\n<meta property=\"og:site_name\" content=\"Apfelpatient\" \/>\n<meta property=\"article:publisher\" content=\"https:\/\/www.facebook.com\/apfelpatientOfficial\" \/>\n<meta property=\"article:author\" content=\"https:\/\/www.facebook.com\/apfelpatientOfficial\" \/>\n<meta property=\"article:published_time\" content=\"2020-07-23T12:12:10+00:00\" \/>\n<meta property=\"og:image\" content=\"https:\/\/www.apfelpatient.de\/wp-content\/uploads\/2020\/07\/bigstock-Man-Holding-Iphone-Space-Gra-75658624.jpg\" \/>\n\t<meta property=\"og:image:width\" content=\"1600\" \/>\n\t<meta property=\"og:image:height\" content=\"1067\" \/>\n\t<meta property=\"og:image:type\" content=\"image\/jpeg\" \/>\n<meta name=\"author\" content=\"Milan\" \/>\n<meta name=\"twitter:card\" content=\"summary_large_image\" \/>\n<meta name=\"twitter:description\" content=\"iPhone 12: Das Problem - sie verf\u00fcgen \u00fcber weniger Batteriekapazit\u00e4t als ihre Vorg\u00e4nger. Nun gibt es eine neue Eintragung.\" \/>\n<meta name=\"twitter:label1\" content=\"Written by\" \/>\n\t<meta name=\"twitter:data1\" content=\"Milan\" \/>\n\t<meta name=\"twitter:label2\" content=\"Est. reading time\" \/>\n\t<meta name=\"twitter:data2\" content=\"1 minute\" \/>\n<script type=\"application\/ld+json\" class=\"yoast-schema-graph\">{\"@context\":\"https:\\\/\\\/schema.org\",\"@graph\":[{\"@type\":\"NewsArticle\",\"@id\":\"https:\\\/\\\/www.apfelpatient.de\\\/rumors\\\/iphone-12-pro-mit-hoeherer-batteriekapazitaet#article\",\"isPartOf\":{\"@id\":\"https:\\\/\\\/www.apfelpatient.de\\\/rumors\\\/iphone-12-pro-mit-hoeherer-batteriekapazitaet\"},\"author\":{\"@type\":\"Organization\",\"@id\":\"https:\\\/\\\/www.apfelpatient.de\\\/en\\\/#organization\",\"name\":\"Apfelpatient\",\"url\":\"https:\\\/\\\/www.apfelpatient.de\\\/en\\\/\"},\"headline\":\"iPhone 12 Pro mit h\u00f6herer Batteriekapazit\u00e4t?\",\"datePublished\":\"2020-07-23T12:12:10+00:00\",\"mainEntityOfPage\":{\"@id\":\"https:\\\/\\\/www.apfelpatient.de\\\/rumors\\\/iphone-12-pro-mit-hoeherer-batteriekapazitaet\"},\"wordCount\":279,\"publisher\":{\"@type\":\"Organization\",\"@id\":\"https:\\\/\\\/www.apfelpatient.de\\\/en\\\/#organization\",\"name\":\"Apfelpatient\",\"url\":\"https:\\\/\\\/www.apfelpatient.de\\\/en\\\/\"},\"image\":{\"@id\":\"https:\\\/\\\/www.apfelpatient.de\\\/rumors\\\/iphone-12-pro-mit-hoeherer-batteriekapazitaet#primaryimage\"},\"thumbnailUrl\":\"https:\\\/\\\/www.apfelpatient.de\\\/wp-content\\\/uploads\\\/2020\\\/07\\\/bigstock-Man-Holding-Iphone-Space-Gra-75658624.jpg\",\"keywords\":[\"iPhone\",\"iPhone 12\",\"iPhone 2020\"],\"articleSection\":\"Rumors\",\"inLanguage\":\"en-US\",\"copyrightYear\":\"2020\",\"copyrightHolder\":{\"@id\":\"https:\\\/\\\/www.apfelpatient.de\\\/en\\\/#organization\"}},{\"@type\":\"WebPage\",\"@id\":\"https:\\\/\\\/www.apfelpatient.de\\\/rumors\\\/iphone-12-pro-mit-hoeherer-batteriekapazitaet\",\"url\":\"https:\\\/\\\/www.apfelpatient.de\\\/rumors\\\/iphone-12-pro-mit-hoeherer-batteriekapazitaet\",\"name\":\"iPhone 12 Pro mit h\u00f6herer Batteriekapazit\u00e4t? Apfelpatient\",\"isPartOf\":{\"@id\":\"https:\\\/\\\/www.apfelpatient.de\\\/#website\"},\"primaryImageOfPage\":{\"@id\":\"https:\\\/\\\/www.apfelpatient.de\\\/rumors\\\/iphone-12-pro-mit-hoeherer-batteriekapazitaet#primaryimage\"},\"image\":{\"@id\":\"https:\\\/\\\/www.apfelpatient.de\\\/rumors\\\/iphone-12-pro-mit-hoeherer-batteriekapazitaet#primaryimage\"},\"thumbnailUrl\":\"https:\\\/\\\/www.apfelpatient.de\\\/wp-content\\\/uploads\\\/2020\\\/07\\\/bigstock-Man-Holding-Iphone-Space-Gra-75658624.jpg\",\"datePublished\":\"2020-07-23T12:12:10+00:00\",\"description\":\"iPhone 12: Das Problem - sie verf\u00fcgen \u00fcber weniger Batteriekapazit\u00e4t als ihre Vorg\u00e4nger. Nun gibt es eine neue Eintragung.\",\"breadcrumb\":{\"@id\":\"https:\\\/\\\/www.apfelpatient.de\\\/rumors\\\/iphone-12-pro-mit-hoeherer-batteriekapazitaet#breadcrumb\"},\"inLanguage\":\"en-US\",\"potentialAction\":[{\"@type\":\"ReadAction\",\"target\":[\"https:\\\/\\\/www.apfelpatient.de\\\/rumors\\\/iphone-12-pro-mit-hoeherer-batteriekapazitaet\"]}]},{\"@type\":\"ImageObject\",\"inLanguage\":\"en-US\",\"@id\":\"https:\\\/\\\/www.apfelpatient.de\\\/rumors\\\/iphone-12-pro-mit-hoeherer-batteriekapazitaet#primaryimage\",\"url\":\"https:\\\/\\\/www.apfelpatient.de\\\/wp-content\\\/uploads\\\/2020\\\/07\\\/bigstock-Man-Holding-Iphone-Space-Gra-75658624.jpg\",\"contentUrl\":\"https:\\\/\\\/www.apfelpatient.de\\\/wp-content\\\/uploads\\\/2020\\\/07\\\/bigstock-Man-Holding-Iphone-Space-Gra-75658624.jpg\",\"width\":1600,\"height\":1067,\"caption\":\"Alushta Russia - November 2 2014: Man holding a iPhone 6 Space Gray with battery icon on the screen. iPhone 6 was created and developed by the Apple inc.\"},{\"@type\":\"BreadcrumbList\",\"@id\":\"https:\\\/\\\/www.apfelpatient.de\\\/rumors\\\/iphone-12-pro-mit-hoeherer-batteriekapazitaet#breadcrumb\",\"itemListElement\":[{\"@type\":\"ListItem\",\"position\":1,\"name\":\"Startseite\",\"item\":\"https:\\\/\\\/www.apfelpatient.de\\\/\"},{\"@type\":\"ListItem\",\"position\":2,\"name\":\"iPhone 12 Pro mit h\u00f6herer Batteriekapazit\u00e4t?\"}]},{\"@type\":\"WebSite\",\"@id\":\"https:\\\/\\\/www.apfelpatient.de\\\/#website\",\"url\":\"https:\\\/\\\/www.apfelpatient.de\\\/\",\"name\":\"Apfelpatient\",\"description\":\"Alles rund um Apple!\",\"publisher\":{\"@type\":\"Organization\",\"@id\":\"https:\\\/\\\/www.apfelpatient.de\\\/en\\\/#organization\",\"name\":\"Apfelpatient\",\"url\":\"https:\\\/\\\/www.apfelpatient.de\\\/en\\\/\"},\"alternateName\":\"Apfelpatient\",\"potentialAction\":[{\"@type\":\"SearchAction\",\"target\":{\"@type\":\"EntryPoint\",\"urlTemplate\":\"https:\\\/\\\/www.apfelpatient.de\\\/?s={search_term_string}\"},\"query-input\":{\"@type\":\"PropertyValueSpecification\",\"valueRequired\":true,\"valueName\":\"search_term_string\"}}],\"inLanguage\":\"en-US\"},{\"@type\":[\"Person\",\"Organization\"],\"@id\":\"https:\\\/\\\/www.apfelpatient.de\\\/#\\\/schema\\\/person\\\/35b3ddba5832f2bfc7fff5206d4f6b7b\",\"name\":\"Milan\",\"logo\":{\"@id\":\"https:\\\/\\\/www.apfelpatient.de\\\/#\\\/schema\\\/person\\\/image\\\/\"},\"description\":\"Hallo und herzlich willkommen auf meinem Technik-Blog! Als gro\u00dfer Apple-Fan berichte ich hier \u00fcber alles, was mit Apple zu tun hat: von den neuesten News und spannenden Ger\u00fcchten \u00fcber hilfreiche Tipps und Tricks bis hin zu ausf\u00fchrlichen Produkttests. Wenn du genauso technikbegeistert bist wie ich, bist du hier genau richtig!\",\"sameAs\":[\"https:\\\/\\\/www.facebook.com\\\/apfelpatientOfficial\",\"https:\\\/\\\/www.linkedin.com\\\/in\\\/milan-jovicic-42aa0231b\"],\"url\":\"https:\\\/\\\/www.apfelpatient.de\\\/en\\\/author\\\/apfeladmin\"}]}<\/script>\n<!-- \/ Yoast SEO Premium plugin. -->","yoast_head_json":{"title":"iPhone 12 Pro with higher battery capacity? Apfelpatient","description":"iPhone 12: The problem - they have less battery capacity than their predecessors. Now there is a new entry.","robots":{"index":"index","follow":"follow","max-snippet":"max-snippet:-1","max-image-preview":"max-image-preview:large","max-video-preview":"max-video-preview:-1"},"canonical":"https:\/\/www.apfelpatient.de\/en\/rumors\/iphone-12-pro-with-higher-battery-capacity","og_locale":"en_US","og_type":"article","og_title":"iPhone 12 Pro mit h\u00f6herer Batteriekapazit\u00e4t?","og_description":"iPhone 12: Das Problem - sie verf\u00fcgen \u00fcber weniger Batteriekapazit\u00e4t als ihre Vorg\u00e4nger. Nun gibt es eine neue Eintragung.","og_url":"https:\/\/www.apfelpatient.de\/en\/rumors\/iphone-12-pro-with-higher-battery-capacity","og_site_name":"Apfelpatient","article_publisher":"https:\/\/www.facebook.com\/apfelpatientOfficial","article_author":"https:\/\/www.facebook.com\/apfelpatientOfficial","article_published_time":"2020-07-23T12:12:10+00:00","og_image":[{"width":1600,"height":1067,"url":"https:\/\/www.apfelpatient.de\/wp-content\/uploads\/2020\/07\/bigstock-Man-Holding-Iphone-Space-Gra-75658624.jpg","type":"image\/jpeg"}],"author":"Milan","twitter_card":"summary_large_image","twitter_description":"iPhone 12: Das Problem - sie verf\u00fcgen \u00fcber weniger Batteriekapazit\u00e4t als ihre Vorg\u00e4nger. Nun gibt es eine neue Eintragung.","twitter_misc":{"Written by":"Milan","Est. reading time":"1 minute"},"schema":{"@context":"https:\/\/schema.org","@graph":[{"@type":"NewsArticle","@id":"https:\/\/www.apfelpatient.de\/rumors\/iphone-12-pro-mit-hoeherer-batteriekapazitaet#article","isPartOf":{"@id":"https:\/\/www.apfelpatient.de\/rumors\/iphone-12-pro-mit-hoeherer-batteriekapazitaet"},"author":{"@type":"Organization","@id":"https:\/\/www.apfelpatient.de\/en\/#organization","name":"Apfelpatient","url":"https:\/\/www.apfelpatient.de\/en\/"},"headline":"iPhone 12 Pro mit h\u00f6herer Batteriekapazit\u00e4t?","datePublished":"2020-07-23T12:12:10+00:00","mainEntityOfPage":{"@id":"https:\/\/www.apfelpatient.de\/rumors\/iphone-12-pro-mit-hoeherer-batteriekapazitaet"},"wordCount":279,"publisher":{"@type":"Organization","@id":"https:\/\/www.apfelpatient.de\/en\/#organization","name":"Apfelpatient","url":"https:\/\/www.apfelpatient.de\/en\/"},"image":{"@id":"https:\/\/www.apfelpatient.de\/rumors\/iphone-12-pro-mit-hoeherer-batteriekapazitaet#primaryimage"},"thumbnailUrl":"https:\/\/www.apfelpatient.de\/wp-content\/uploads\/2020\/07\/bigstock-Man-Holding-Iphone-Space-Gra-75658624.jpg","keywords":["iPhone","iPhone 12","iPhone 2020"],"articleSection":"Rumors","inLanguage":"en-US","copyrightYear":"2020","copyrightHolder":{"@id":"https:\/\/www.apfelpatient.de\/en\/#organization"}},{"@type":"WebPage","@id":"https:\/\/www.apfelpatient.de\/rumors\/iphone-12-pro-mit-hoeherer-batteriekapazitaet","url":"https:\/\/www.apfelpatient.de\/rumors\/iphone-12-pro-mit-hoeherer-batteriekapazitaet","name":"iPhone 12 Pro with higher battery capacity? Apfelpatient","isPartOf":{"@id":"https:\/\/www.apfelpatient.de\/#website"},"primaryImageOfPage":{"@id":"https:\/\/www.apfelpatient.de\/rumors\/iphone-12-pro-mit-hoeherer-batteriekapazitaet#primaryimage"},"image":{"@id":"https:\/\/www.apfelpatient.de\/rumors\/iphone-12-pro-mit-hoeherer-batteriekapazitaet#primaryimage"},"thumbnailUrl":"https:\/\/www.apfelpatient.de\/wp-content\/uploads\/2020\/07\/bigstock-Man-Holding-Iphone-Space-Gra-75658624.jpg","datePublished":"2020-07-23T12:12:10+00:00","description":"iPhone 12: The problem - they have less battery capacity than their predecessors. Now there is a new entry.","breadcrumb":{"@id":"https:\/\/www.apfelpatient.de\/rumors\/iphone-12-pro-mit-hoeherer-batteriekapazitaet#breadcrumb"},"inLanguage":"en-US","potentialAction":[{"@type":"ReadAction","target":["https:\/\/www.apfelpatient.de\/rumors\/iphone-12-pro-mit-hoeherer-batteriekapazitaet"]}]},{"@type":"ImageObject","inLanguage":"en-US","@id":"https:\/\/www.apfelpatient.de\/rumors\/iphone-12-pro-mit-hoeherer-batteriekapazitaet#primaryimage","url":"https:\/\/www.apfelpatient.de\/wp-content\/uploads\/2020\/07\/bigstock-Man-Holding-Iphone-Space-Gra-75658624.jpg","contentUrl":"https:\/\/www.apfelpatient.de\/wp-content\/uploads\/2020\/07\/bigstock-Man-Holding-Iphone-Space-Gra-75658624.jpg","width":1600,"height":1067,"caption":"Alushta Russia - November 2 2014: Man holding a iPhone 6 Space Gray with battery icon on the screen. iPhone 6 was created and developed by the Apple inc."},{"@type":"BreadcrumbList","@id":"https:\/\/www.apfelpatient.de\/rumors\/iphone-12-pro-mit-hoeherer-batteriekapazitaet#breadcrumb","itemListElement":[{"@type":"ListItem","position":1,"name":"Startseite","item":"https:\/\/www.apfelpatient.de\/"},{"@type":"ListItem","position":2,"name":"iPhone 12 Pro mit h\u00f6herer Batteriekapazit\u00e4t?"}]},{"@type":"WebSite","@id":"https:\/\/www.apfelpatient.de\/#website","url":"https:\/\/www.apfelpatient.de\/","name":"apple patient","description":"Everything about Apple!","publisher":{"@type":"Organization","@id":"https:\/\/www.apfelpatient.de\/en\/#organization","name":"Apfelpatient","url":"https:\/\/www.apfelpatient.de\/en\/"},"alternateName":"Apfelpatient","potentialAction":[{"@type":"SearchAction","target":{"@type":"EntryPoint","urlTemplate":"https:\/\/www.apfelpatient.de\/?s={search_term_string}"},"query-input":{"@type":"PropertyValueSpecification","valueRequired":true,"valueName":"search_term_string"}}],"inLanguage":"en-US"},{"@type":["Person","Organization"],"@id":"https:\/\/www.apfelpatient.de\/#\/schema\/person\/35b3ddba5832f2bfc7fff5206d4f6b7b","name":"Milan","logo":{"@id":"https:\/\/www.apfelpatient.de\/#\/schema\/person\/image\/"},"description":"Hello and welcome to my technology blog! As a big Apple fan, I report on everything to do with Apple: from the latest news and exciting rumors to helpful tips and tricks and detailed product tests. If you are as enthusiastic about technology as I am, you have come to the right place!","sameAs":["https:\/\/www.facebook.com\/apfelpatientOfficial","https:\/\/www.linkedin.com\/in\/milan-jovicic-42aa0231b"],"url":"https:\/\/www.apfelpatient.de\/en\/author\/apfeladmin"}]}},"_links":{"self":[{"href":"https:\/\/www.apfelpatient.de\/en\/wp-json\/wp\/v2\/posts\/13806","targetHints":{"allow":["GET"]}}],"collection":[{"href":"https:\/\/www.apfelpatient.de\/en\/wp-json\/wp\/v2\/posts"}],"about":[{"href":"https:\/\/www.apfelpatient.de\/en\/wp-json\/wp\/v2\/types\/post"}],"author":[{"embeddable":true,"href":"https:\/\/www.apfelpatient.de\/en\/wp-json\/wp\/v2\/users\/2"}],"replies":[{"embeddable":true,"href":"https:\/\/www.apfelpatient.de\/en\/wp-json\/wp\/v2\/comments?post=13806"}],"version-history":[{"count":0,"href":"https:\/\/www.apfelpatient.de\/en\/wp-json\/wp\/v2\/posts\/13806\/revisions"}],"wp:featuredmedia":[{"embeddable":true,"href":"https:\/\/www.apfelpatient.de\/en\/wp-json\/wp\/v2\/media\/13441"}],"wp:attachment":[{"href":"https:\/\/www.apfelpatient.de\/en\/wp-json\/wp\/v2\/media?parent=13806"}],"wp:term":[{"taxonomy":"category","embeddable":true,"href":"https:\/\/www.apfelpatient.de\/en\/wp-json\/wp\/v2\/categories?post=13806"},{"taxonomy":"post_tag","embeddable":true,"href":"https:\/\/www.apfelpatient.de\/en\/wp-json\/wp\/v2\/tags?post=13806"}],"curies":[{"name":"wp","href":"https:\/\/api.w.org\/{rel}","templated":true}]}}