{"id":13797,"date":"2020-07-23T05:29:28","date_gmt":"2020-07-23T03:29:28","guid":{"rendered":"https:\/\/www.apfelpatient.de\/?p=13797"},"modified":"2020-07-23T05:29:28","modified_gmt":"2020-07-23T03:29:28","slug":"iphone-12-rumor-suggests-later-launch","status":"publish","type":"post","link":"https:\/\/www.apfelpatient.de\/en\/rumors\/iphone-12-geruecht-deutet-spaeteren-start-an","title":{"rendered":"iPhone 12: Rumor suggests later launch"},"content":{"rendered":"<p class=\"has-drop-cap\"><strong>The rumor mill continues to be dominated by iPhone 12 reports. Now new details about the specifications and release dates have been released.&nbsp;<\/strong><\/p>\n\n\n\n<p>The Japanese Apple <a href=\"http:\/\/www.macotakara.jp\/blog\/rumor\/entry-40086.html?utm_source=dlvr.it&amp;utm_medium=twitter\" class=\"ek-link\"><span style=\"text-decoration: underline;\" class=\"ek-underline\">blog<\/span><\/a> Macotakara claims to have received new information regarding the release of the new iPhone generation. According to the report, &quot;several Chinese suppliers&quot; are claiming that the iPhone 12 could be announced in the second half of October due to the COVID-19 pandemic - not in September as usual. An iPhone 12 with LTE will be available immediately at the presentation, while the 5G versions will not hit the shelves until November.<\/p>\n\n\n\n<h3 class=\"wp-block-heading\">A large portion of skepticism is appropriate<\/h3>\n\n\n\n<p>The Japanese blog contradicts previous reports that Apple could hold the presentation in September as usual. However, the rumor should be viewed with skepticism for another reason. Macotakara speaks of an LTE iPhone. In addition to the well-known analyst Ming-Chi Kuo, numerous other sources claim that all four devices will have 5G. However, there has been no mention of pure LTE connectivity so far. Although a staggered market launch of the four models is still not ruled out, Kuo himself emphasized that a <a href=\"https:\/\/www.apfelpatient.de\/en\/rumors\/iphone-12-launch-in-september\" class=\"ek-link\"><span style=\"text-decoration: underline;\" class=\"ek-underline\">presentation<\/span><\/a> remains under debate in September.&nbsp;<\/p>\n\n\n\n<h3 class=\"wp-block-heading\">iPhone 12 Max &amp; iPhone 12 Pro battery capacity<\/h3>\n\n\n\n\n\n\n\n<p>Meanwhile, a <a href=\"https:\/\/twitter.com\/smartvenkat95\/status\/1285985826967392256?s=21\" class=\"ek-link\"><span style=\"text-decoration: underline;\" class=\"ek-underline\">users<\/span><\/a> on Twitter to know the battery capacity of the two 6.1-inch models. According to this, the iPhone 12 Max &amp; iPhone 12 Pro should have a 2,775 mAh battery. However, this value is not new. In mid-July we reported on <a href=\"https:\/\/www.apfelpatient.de\/en\/rumors\/iphone-12-uses-smaller-batteries\" class=\"ek-link\"><span style=\"text-decoration: underline;\" class=\"ek-underline\">reported<\/span><\/a>, according to which Apple has registered three new batteries. One of these batteries actually has the same capacity. The discovery caused a lot of discussion, as the new iPhone generation will apparently have smaller batteries overall than previous models. But at this point it is important to note that in addition to the processor, the software also plays a major role. It can therefore be assumed that the devices will work more efficiently overall. You can find out more about the iPhone 12 in our extensive <a href=\"https:\/\/www.apfelpatient.de\/en\/day\/iphone-12\" class=\"ek-link\"><span style=\"text-decoration: underline;\" class=\"ek-underline\">archive<\/span><\/a>. <em>(Image: Apple)<\/em><\/p>\n\n\n\n<ul class=\"wp-block-list\"><li><a href=\"https:\/\/www.apfelpatient.de\/en\/news\/ios-14-beta-3-iphone-12-with-5-4-discovered\" class=\"ek-link\"><span style=\"text-decoration: underline;\" class=\"ek-underline\">iOS 14 Beta 3: iPhone 12 with 5.4\u2033 discovered?<\/span><\/a><\/li><\/ul>\n\n\n\n<h6 class=\"wp-block-heading translation-block\" id=\"h-kennt-ihr-schon-unsere-amazon-storefront-dort-findet-ihr-eine-handverlesene-auswahl-von-diversen-produkten-f-r-euer-iphone-und-co-viel-spa-beim-st-bern\"><em>Have you already visited our Amazon Storefront? There you&#039;ll find a hand-picked selection of various products for your iPhone and other devices \u2013 <span class=\"has-inline-color has-vivid-red-color\"><a href=\"https:\/\/www.amazon.de\/shop\/apfelpatientofficial\" class=\"ek-link\" data-wpel-link=\"exclude\" rel=\"follow noopener\" target=\"_self\"><span style=\"text-decoration: underline\" class=\"ek-underline\">enjoy browsing<\/span><\/a> !<\/span><\/em><\/h6>\n\n\n\n\n\n<h6 class=\"wp-block-heading translation-block\" id=\"h-der-beitrag-enthalt-partnerlinks\">This post contains <a data-type=\"URL\" data-id=\"https:\/\/www.apfelpatient.de\/partnerprogramm\" href=\"https:\/\/www.apfelpatient.de\/en\/partner-program\" data-wpel-link=\"internal\" target=\"_self\">affiliate links<\/a>.<\/h6>","protected":false},"excerpt":{"rendered":"<p>Will the iPhone 12 series be released later than expected? New details on the specifications and release dates.<\/p>","protected":false},"author":2,"featured_media":13787,"comment_status":"closed","ping_status":"open","sticky":false,"template":"","format":"standard","meta":{"jnews-multi-image_gallery":[],"jnews_single_post":{"subtitle":"","format":"standard","video":"","gallery":"","source_name":"","source_url":"","via_name":"","via_url":"","override":[{"single_blog_custom":"","sidebar":"","second_sidebar":"","share_position":"","share_float_style":"","post_date_format":"","post_date_format_custom":"","post_reading_time_wpm":"","zoom_button_out_step":"1","zoom_button_in_step":"1","number_popup_post":"1"}],"image_override":[{"single_post_thumbnail_size":"","single_post_gallery_size":""}],"trending_post_position":"","trending_post_label":"","sponsored_post_label":"","sponsored_post_name":"","sponsored_post_url":"","sponsored_post_logo":"","sponsored_post_desc":""},"jnews_primary_category":{"id":"274"},"footnotes":""},"categories":[25],"tags":[8,321,254],"class_list":["post-13797","post","type-post","status-publish","format-standard","has-post-thumbnail","hentry","category-rumors","tag-iphone","tag-iphone-12","tag-iphone-2020"],"yoast_head":"<!-- This site is optimized with the Yoast SEO Premium plugin v27.5 (Yoast SEO v27.5) - https:\/\/yoast.com\/product\/yoast-seo-premium-wordpress\/ -->\n<title>iPhone 12: Ger\u00fccht deutet sp\u00e4teren Start an Apfelpatient<\/title>\n<meta name=\"description\" content=\"Wird die iPhone 12 Reihe doch sp\u00e4ter als gedacht erscheinen? Neue Details zu den Spezifikationen und Erscheinungsterminen.\" \/>\n<meta name=\"robots\" content=\"index, follow, max-snippet:-1, max-image-preview:large, max-video-preview:-1\" \/>\n<link rel=\"canonical\" href=\"https:\/\/www.apfelpatient.de\/en\/rumors\/iphone-12-rumor-suggests-later-launch\" \/>\n<meta property=\"og:locale\" content=\"en_US\" \/>\n<meta property=\"og:type\" content=\"article\" \/>\n<meta property=\"og:title\" content=\"iPhone 12: Ger\u00fccht deutet sp\u00e4teren Start an\" \/>\n<meta property=\"og:description\" content=\"Wird die iPhone 12 Reihe doch sp\u00e4ter als gedacht erscheinen? Neue Details zu den Spezifikationen und Erscheinungsterminen.\" \/>\n<meta property=\"og:url\" content=\"https:\/\/www.apfelpatient.de\/en\/rumors\/iphone-12-rumor-suggests-later-launch\" \/>\n<meta property=\"og:site_name\" content=\"Apfelpatient\" \/>\n<meta property=\"article:publisher\" content=\"https:\/\/www.facebook.com\/apfelpatientOfficial\" \/>\n<meta property=\"article:author\" content=\"https:\/\/www.facebook.com\/apfelpatientOfficial\" \/>\n<meta property=\"article:published_time\" content=\"2020-07-23T03:29:28+00:00\" \/>\n<meta property=\"og:image\" content=\"https:\/\/www.apfelpatient.de\/wp-content\/uploads\/2020\/07\/Apple_Keynote-Event_Tim-Cook_091019.jpg\" \/>\n\t<meta property=\"og:image:width\" content=\"1600\" \/>\n\t<meta property=\"og:image:height\" content=\"1032\" \/>\n\t<meta property=\"og:image:type\" content=\"image\/jpeg\" \/>\n<meta name=\"author\" content=\"Milan\" \/>\n<meta name=\"twitter:card\" content=\"summary_large_image\" \/>\n<meta name=\"twitter:description\" content=\"Wird die iPhone 12 Reihe doch sp\u00e4ter als gedacht erscheinen? Neue Details zu den Spezifikationen und Erscheinungsterminen.\" \/>\n<meta name=\"twitter:label1\" content=\"Written by\" \/>\n\t<meta name=\"twitter:data1\" content=\"Milan\" \/>\n\t<meta name=\"twitter:label2\" content=\"Est. reading time\" \/>\n\t<meta name=\"twitter:data2\" content=\"2 minutes\" \/>\n<script type=\"application\/ld+json\" class=\"yoast-schema-graph\">{\"@context\":\"https:\\\/\\\/schema.org\",\"@graph\":[{\"@type\":\"NewsArticle\",\"@id\":\"https:\\\/\\\/www.apfelpatient.de\\\/rumors\\\/iphone-12-geruecht-deutet-spaeteren-start-an#article\",\"isPartOf\":{\"@id\":\"https:\\\/\\\/www.apfelpatient.de\\\/rumors\\\/iphone-12-geruecht-deutet-spaeteren-start-an\"},\"author\":{\"@type\":\"Organization\",\"@id\":\"https:\\\/\\\/www.apfelpatient.de\\\/en\\\/#organization\",\"name\":\"Apfelpatient\",\"url\":\"https:\\\/\\\/www.apfelpatient.de\\\/en\\\/\"},\"headline\":\"iPhone 12: Ger\u00fccht deutet sp\u00e4teren Start an\",\"datePublished\":\"2020-07-23T03:29:28+00:00\",\"mainEntityOfPage\":{\"@id\":\"https:\\\/\\\/www.apfelpatient.de\\\/rumors\\\/iphone-12-geruecht-deutet-spaeteren-start-an\"},\"wordCount\":351,\"publisher\":{\"@type\":\"Organization\",\"@id\":\"https:\\\/\\\/www.apfelpatient.de\\\/en\\\/#organization\",\"name\":\"Apfelpatient\",\"url\":\"https:\\\/\\\/www.apfelpatient.de\\\/en\\\/\"},\"image\":{\"@id\":\"https:\\\/\\\/www.apfelpatient.de\\\/rumors\\\/iphone-12-geruecht-deutet-spaeteren-start-an#primaryimage\"},\"thumbnailUrl\":\"https:\\\/\\\/www.apfelpatient.de\\\/wp-content\\\/uploads\\\/2020\\\/07\\\/Apple_Keynote-Event_Tim-Cook_091019.jpg\",\"keywords\":[\"iPhone\",\"iPhone 12\",\"iPhone 2020\"],\"articleSection\":\"Rumors\",\"inLanguage\":\"en-US\",\"copyrightYear\":\"2020\",\"copyrightHolder\":{\"@id\":\"https:\\\/\\\/www.apfelpatient.de\\\/en\\\/#organization\"}},{\"@type\":\"WebPage\",\"@id\":\"https:\\\/\\\/www.apfelpatient.de\\\/rumors\\\/iphone-12-geruecht-deutet-spaeteren-start-an\",\"url\":\"https:\\\/\\\/www.apfelpatient.de\\\/rumors\\\/iphone-12-geruecht-deutet-spaeteren-start-an\",\"name\":\"iPhone 12: Ger\u00fccht deutet sp\u00e4teren Start an Apfelpatient\",\"isPartOf\":{\"@id\":\"https:\\\/\\\/www.apfelpatient.de\\\/#website\"},\"primaryImageOfPage\":{\"@id\":\"https:\\\/\\\/www.apfelpatient.de\\\/rumors\\\/iphone-12-geruecht-deutet-spaeteren-start-an#primaryimage\"},\"image\":{\"@id\":\"https:\\\/\\\/www.apfelpatient.de\\\/rumors\\\/iphone-12-geruecht-deutet-spaeteren-start-an#primaryimage\"},\"thumbnailUrl\":\"https:\\\/\\\/www.apfelpatient.de\\\/wp-content\\\/uploads\\\/2020\\\/07\\\/Apple_Keynote-Event_Tim-Cook_091019.jpg\",\"datePublished\":\"2020-07-23T03:29:28+00:00\",\"description\":\"Wird die iPhone 12 Reihe doch sp\u00e4ter als gedacht erscheinen? Neue Details zu den Spezifikationen und Erscheinungsterminen.\",\"breadcrumb\":{\"@id\":\"https:\\\/\\\/www.apfelpatient.de\\\/rumors\\\/iphone-12-geruecht-deutet-spaeteren-start-an#breadcrumb\"},\"inLanguage\":\"en-US\",\"potentialAction\":[{\"@type\":\"ReadAction\",\"target\":[\"https:\\\/\\\/www.apfelpatient.de\\\/rumors\\\/iphone-12-geruecht-deutet-spaeteren-start-an\"]}]},{\"@type\":\"ImageObject\",\"inLanguage\":\"en-US\",\"@id\":\"https:\\\/\\\/www.apfelpatient.de\\\/rumors\\\/iphone-12-geruecht-deutet-spaeteren-start-an#primaryimage\",\"url\":\"https:\\\/\\\/www.apfelpatient.de\\\/wp-content\\\/uploads\\\/2020\\\/07\\\/Apple_Keynote-Event_Tim-Cook_091019.jpg\",\"contentUrl\":\"https:\\\/\\\/www.apfelpatient.de\\\/wp-content\\\/uploads\\\/2020\\\/07\\\/Apple_Keynote-Event_Tim-Cook_091019.jpg\",\"width\":1600,\"height\":1032,\"caption\":\"Bild: Apple\"},{\"@type\":\"BreadcrumbList\",\"@id\":\"https:\\\/\\\/www.apfelpatient.de\\\/rumors\\\/iphone-12-geruecht-deutet-spaeteren-start-an#breadcrumb\",\"itemListElement\":[{\"@type\":\"ListItem\",\"position\":1,\"name\":\"Startseite\",\"item\":\"https:\\\/\\\/www.apfelpatient.de\\\/\"},{\"@type\":\"ListItem\",\"position\":2,\"name\":\"iPhone 12: Ger\u00fccht deutet sp\u00e4teren Start an\"}]},{\"@type\":\"WebSite\",\"@id\":\"https:\\\/\\\/www.apfelpatient.de\\\/#website\",\"url\":\"https:\\\/\\\/www.apfelpatient.de\\\/\",\"name\":\"Apfelpatient\",\"description\":\"Alles rund um Apple!\",\"publisher\":{\"@type\":\"Organization\",\"@id\":\"https:\\\/\\\/www.apfelpatient.de\\\/en\\\/#organization\",\"name\":\"Apfelpatient\",\"url\":\"https:\\\/\\\/www.apfelpatient.de\\\/en\\\/\"},\"alternateName\":\"Apfelpatient\",\"potentialAction\":[{\"@type\":\"SearchAction\",\"target\":{\"@type\":\"EntryPoint\",\"urlTemplate\":\"https:\\\/\\\/www.apfelpatient.de\\\/?s={search_term_string}\"},\"query-input\":{\"@type\":\"PropertyValueSpecification\",\"valueRequired\":true,\"valueName\":\"search_term_string\"}}],\"inLanguage\":\"en-US\"},{\"@type\":[\"Person\",\"Organization\"],\"@id\":\"https:\\\/\\\/www.apfelpatient.de\\\/#\\\/schema\\\/person\\\/35b3ddba5832f2bfc7fff5206d4f6b7b\",\"name\":\"Milan\",\"logo\":{\"@id\":\"https:\\\/\\\/www.apfelpatient.de\\\/#\\\/schema\\\/person\\\/image\\\/\"},\"description\":\"Hallo und herzlich willkommen auf meinem Technik-Blog! Als gro\u00dfer Apple-Fan berichte ich hier \u00fcber alles, was mit Apple zu tun hat: von den neuesten News und spannenden Ger\u00fcchten \u00fcber hilfreiche Tipps und Tricks bis hin zu ausf\u00fchrlichen Produkttests. Wenn du genauso technikbegeistert bist wie ich, bist du hier genau richtig!\",\"sameAs\":[\"https:\\\/\\\/www.facebook.com\\\/apfelpatientOfficial\",\"https:\\\/\\\/www.linkedin.com\\\/in\\\/milan-jovicic-42aa0231b\"],\"url\":\"https:\\\/\\\/www.apfelpatient.de\\\/en\\\/author\\\/apfeladmin\"}]}<\/script>\n<!-- \/ Yoast SEO Premium plugin. -->","yoast_head_json":{"title":"iPhone 12: Rumor suggests later launch Apfelpatient","description":"Will the iPhone 12 series be released later than expected? New details on the specifications and release dates.","robots":{"index":"index","follow":"follow","max-snippet":"max-snippet:-1","max-image-preview":"max-image-preview:large","max-video-preview":"max-video-preview:-1"},"canonical":"https:\/\/www.apfelpatient.de\/en\/rumors\/iphone-12-rumor-suggests-later-launch","og_locale":"en_US","og_type":"article","og_title":"iPhone 12: Ger\u00fccht deutet sp\u00e4teren Start an","og_description":"Wird die iPhone 12 Reihe doch sp\u00e4ter als gedacht erscheinen? Neue Details zu den Spezifikationen und Erscheinungsterminen.","og_url":"https:\/\/www.apfelpatient.de\/en\/rumors\/iphone-12-rumor-suggests-later-launch","og_site_name":"Apfelpatient","article_publisher":"https:\/\/www.facebook.com\/apfelpatientOfficial","article_author":"https:\/\/www.facebook.com\/apfelpatientOfficial","article_published_time":"2020-07-23T03:29:28+00:00","og_image":[{"width":1600,"height":1032,"url":"https:\/\/www.apfelpatient.de\/wp-content\/uploads\/2020\/07\/Apple_Keynote-Event_Tim-Cook_091019.jpg","type":"image\/jpeg"}],"author":"Milan","twitter_card":"summary_large_image","twitter_description":"Wird die iPhone 12 Reihe doch sp\u00e4ter als gedacht erscheinen? Neue Details zu den Spezifikationen und Erscheinungsterminen.","twitter_misc":{"Written by":"Milan","Est. reading time":"2 minutes"},"schema":{"@context":"https:\/\/schema.org","@graph":[{"@type":"NewsArticle","@id":"https:\/\/www.apfelpatient.de\/rumors\/iphone-12-geruecht-deutet-spaeteren-start-an#article","isPartOf":{"@id":"https:\/\/www.apfelpatient.de\/rumors\/iphone-12-geruecht-deutet-spaeteren-start-an"},"author":{"@type":"Organization","@id":"https:\/\/www.apfelpatient.de\/en\/#organization","name":"Apfelpatient","url":"https:\/\/www.apfelpatient.de\/en\/"},"headline":"iPhone 12: Ger\u00fccht deutet sp\u00e4teren Start an","datePublished":"2020-07-23T03:29:28+00:00","mainEntityOfPage":{"@id":"https:\/\/www.apfelpatient.de\/rumors\/iphone-12-geruecht-deutet-spaeteren-start-an"},"wordCount":351,"publisher":{"@type":"Organization","@id":"https:\/\/www.apfelpatient.de\/en\/#organization","name":"Apfelpatient","url":"https:\/\/www.apfelpatient.de\/en\/"},"image":{"@id":"https:\/\/www.apfelpatient.de\/rumors\/iphone-12-geruecht-deutet-spaeteren-start-an#primaryimage"},"thumbnailUrl":"https:\/\/www.apfelpatient.de\/wp-content\/uploads\/2020\/07\/Apple_Keynote-Event_Tim-Cook_091019.jpg","keywords":["iPhone","iPhone 12","iPhone 2020"],"articleSection":"Rumors","inLanguage":"en-US","copyrightYear":"2020","copyrightHolder":{"@id":"https:\/\/www.apfelpatient.de\/en\/#organization"}},{"@type":"WebPage","@id":"https:\/\/www.apfelpatient.de\/rumors\/iphone-12-geruecht-deutet-spaeteren-start-an","url":"https:\/\/www.apfelpatient.de\/rumors\/iphone-12-geruecht-deutet-spaeteren-start-an","name":"iPhone 12: Rumor suggests later launch Apfelpatient","isPartOf":{"@id":"https:\/\/www.apfelpatient.de\/#website"},"primaryImageOfPage":{"@id":"https:\/\/www.apfelpatient.de\/rumors\/iphone-12-geruecht-deutet-spaeteren-start-an#primaryimage"},"image":{"@id":"https:\/\/www.apfelpatient.de\/rumors\/iphone-12-geruecht-deutet-spaeteren-start-an#primaryimage"},"thumbnailUrl":"https:\/\/www.apfelpatient.de\/wp-content\/uploads\/2020\/07\/Apple_Keynote-Event_Tim-Cook_091019.jpg","datePublished":"2020-07-23T03:29:28+00:00","description":"Will the iPhone 12 series be released later than expected? New details on the specifications and release dates.","breadcrumb":{"@id":"https:\/\/www.apfelpatient.de\/rumors\/iphone-12-geruecht-deutet-spaeteren-start-an#breadcrumb"},"inLanguage":"en-US","potentialAction":[{"@type":"ReadAction","target":["https:\/\/www.apfelpatient.de\/rumors\/iphone-12-geruecht-deutet-spaeteren-start-an"]}]},{"@type":"ImageObject","inLanguage":"en-US","@id":"https:\/\/www.apfelpatient.de\/rumors\/iphone-12-geruecht-deutet-spaeteren-start-an#primaryimage","url":"https:\/\/www.apfelpatient.de\/wp-content\/uploads\/2020\/07\/Apple_Keynote-Event_Tim-Cook_091019.jpg","contentUrl":"https:\/\/www.apfelpatient.de\/wp-content\/uploads\/2020\/07\/Apple_Keynote-Event_Tim-Cook_091019.jpg","width":1600,"height":1032,"caption":"Bild: Apple"},{"@type":"BreadcrumbList","@id":"https:\/\/www.apfelpatient.de\/rumors\/iphone-12-geruecht-deutet-spaeteren-start-an#breadcrumb","itemListElement":[{"@type":"ListItem","position":1,"name":"Startseite","item":"https:\/\/www.apfelpatient.de\/"},{"@type":"ListItem","position":2,"name":"iPhone 12: Ger\u00fccht deutet sp\u00e4teren Start an"}]},{"@type":"WebSite","@id":"https:\/\/www.apfelpatient.de\/#website","url":"https:\/\/www.apfelpatient.de\/","name":"apple patient","description":"Everything about Apple!","publisher":{"@type":"Organization","@id":"https:\/\/www.apfelpatient.de\/en\/#organization","name":"Apfelpatient","url":"https:\/\/www.apfelpatient.de\/en\/"},"alternateName":"Apfelpatient","potentialAction":[{"@type":"SearchAction","target":{"@type":"EntryPoint","urlTemplate":"https:\/\/www.apfelpatient.de\/?s={search_term_string}"},"query-input":{"@type":"PropertyValueSpecification","valueRequired":true,"valueName":"search_term_string"}}],"inLanguage":"en-US"},{"@type":["Person","Organization"],"@id":"https:\/\/www.apfelpatient.de\/#\/schema\/person\/35b3ddba5832f2bfc7fff5206d4f6b7b","name":"Milan","logo":{"@id":"https:\/\/www.apfelpatient.de\/#\/schema\/person\/image\/"},"description":"Hello and welcome to my technology blog! As a big Apple fan, I report on everything to do with Apple: from the latest news and exciting rumors to helpful tips and tricks and detailed product tests. If you are as enthusiastic about technology as I am, you have come to the right place!","sameAs":["https:\/\/www.facebook.com\/apfelpatientOfficial","https:\/\/www.linkedin.com\/in\/milan-jovicic-42aa0231b"],"url":"https:\/\/www.apfelpatient.de\/en\/author\/apfeladmin"}]}},"_links":{"self":[{"href":"https:\/\/www.apfelpatient.de\/en\/wp-json\/wp\/v2\/posts\/13797","targetHints":{"allow":["GET"]}}],"collection":[{"href":"https:\/\/www.apfelpatient.de\/en\/wp-json\/wp\/v2\/posts"}],"about":[{"href":"https:\/\/www.apfelpatient.de\/en\/wp-json\/wp\/v2\/types\/post"}],"author":[{"embeddable":true,"href":"https:\/\/www.apfelpatient.de\/en\/wp-json\/wp\/v2\/users\/2"}],"replies":[{"embeddable":true,"href":"https:\/\/www.apfelpatient.de\/en\/wp-json\/wp\/v2\/comments?post=13797"}],"version-history":[{"count":0,"href":"https:\/\/www.apfelpatient.de\/en\/wp-json\/wp\/v2\/posts\/13797\/revisions"}],"wp:featuredmedia":[{"embeddable":true,"href":"https:\/\/www.apfelpatient.de\/en\/wp-json\/wp\/v2\/media\/13787"}],"wp:attachment":[{"href":"https:\/\/www.apfelpatient.de\/en\/wp-json\/wp\/v2\/media?parent=13797"}],"wp:term":[{"taxonomy":"category","embeddable":true,"href":"https:\/\/www.apfelpatient.de\/en\/wp-json\/wp\/v2\/categories?post=13797"},{"taxonomy":"post_tag","embeddable":true,"href":"https:\/\/www.apfelpatient.de\/en\/wp-json\/wp\/v2\/tags?post=13797"}],"curies":[{"name":"wp","href":"https:\/\/api.w.org\/{rel}","templated":true}]}}