{"id":13766,"date":"2020-07-22T11:14:51","date_gmt":"2020-07-22T09:14:51","guid":{"rendered":"https:\/\/www.apfelpatient.de\/?p=13766"},"modified":"2020-07-22T11:14:51","modified_gmt":"2020-07-22T09:14:51","slug":"iphone-12-will-have-better-autofocus","status":"publish","type":"post","link":"https:\/\/www.apfelpatient.de\/en\/rumors\/iphone-12-wird-der-autofokus-besser","title":{"rendered":"iPhone 12: Will the autofocus be better?"},"content":{"rendered":"<p class=\"has-drop-cap\"><strong>The iPhone 12 series is expected to be officially unveiled by Apple in September. So it&#039;s not too late for new rumors - quite the opposite. Now a well-known analyst has spoken out about the camera.<\/strong><\/p>\n\n\n\n<p>Well-known Apple analyst Ming-Chi Kuo claims to have heard of changes in Apple&#039;s supply chain. He believes that Semco and Sunny Optical (the &quot;best&quot; Korean and Chinese lens suppliers respectively) will be included in the iPhone supply chain this year. The inclusion of two manufacturers from the same industry is no surprise in this case. The Cupertino-based <a href=\"https:\/\/www.apple.com\/\" class=\"ek-link\"><span style=\"text-decoration: underline;\" class=\"ek-underline\">corporation<\/span><\/a> has been sourcing components from different suppliers for years to increase competition in its supply chain and reduce costs. According to Kuo, the iPhone 12 camera will use Semco&#039;s ball-based voice coil motor, which provides improved autofocus compared to the current spring-based design.&nbsp;<\/p>\n\n\n\n<h3 class=\"wp-block-heading\">Will iPhones have significantly higher optical zoom in the future?<\/h3>\n\n\n\n\n\n\n\n<p>In addition, the analyst believes that iPhone devices will receive periscope telephoto lenses from Semco in 2022. Periscope lenses have already found their way into some smartphones and offer manufacturers the opportunity to offer a much higher optical zoom in a smartphone. In terms of design, this change would not be noticeable to users, but it would be technically. iPhone cameras currently only offer a 2x optical zoom. The Huawei P30 Pro, for example, has a 5x optical zoom. Rumors say that a device with 10x optical zoom is already in the works. So the iPhone should soon follow suit. The iPhone 12 series is said to consist of four devices in three different sizes. An important common feature of all four models is the display. For the first time, all iPhone models of a generation are to appear with an OLED screen. Below you will find a list of all specifications that have been documented so far but of course not confirmed.&nbsp;<em>(Photo by HannaKuprevich \/ Bigstockphoto)<\/em><\/p>\n\n\n\n<ul class=\"wp-block-list\"><li><a href=\"https:\/\/www.apfelpatient.de\/en\/rumors\/iphone-12-further-details-on-5g-support\" class=\"ek-link\"><span style=\"text-decoration: underline;\" class=\"ek-underline\">iPhone 12: More details on 5G support<\/span><\/a><\/li><\/ul>\n\n\n\n<figure class=\"wp-block-image size-large\"><img decoding=\"async\" src=\"https:\/\/www.apfelpatient.de\/wp-content\/uploads\/2020\/07\/IMG_1124-1024x759.png\" alt=\"Screenshot: Apfelpatient\" class=\"wp-image-13636\"\/><figcaption>Screenshot: Apfelpatient<\/figcaption><\/figure>\n\n\n\n<h6 class=\"wp-block-heading translation-block\" id=\"h-kennt-ihr-schon-unsere-amazon-storefront-dort-findet-ihr-eine-handverlesene-auswahl-von-diversen-produkten-f-r-euer-iphone-und-co-viel-spa-beim-st-bern\"><em>Have you already visited our Amazon Storefront? There you&#039;ll find a hand-picked selection of various products for your iPhone and other devices \u2013 <span class=\"has-inline-color has-vivid-red-color\"><a href=\"https:\/\/www.amazon.de\/shop\/apfelpatientofficial\" class=\"ek-link\" data-wpel-link=\"exclude\" rel=\"follow noopener\" target=\"_self\"><span style=\"text-decoration: underline\" class=\"ek-underline\">enjoy browsing<\/span><\/a> !<\/span><\/em><\/h6>\n\n\n\n\n\n<h6 class=\"wp-block-heading translation-block\" id=\"h-der-beitrag-enthalt-partnerlinks\">This post contains <a data-type=\"URL\" data-id=\"https:\/\/www.apfelpatient.de\/partnerprogramm\" href=\"https:\/\/www.apfelpatient.de\/en\/partner-program\" data-wpel-link=\"internal\" target=\"_self\">affiliate links<\/a>.<\/h6>","protected":false},"excerpt":{"rendered":"<p>Camera: The iPhone 12 series is expected to be officially unveiled by Apple in September. Could the autofocus be improved?<\/p>","protected":false},"author":2,"featured_media":13767,"comment_status":"closed","ping_status":"open","sticky":false,"template":"","format":"standard","meta":{"jnews-multi-image_gallery":[],"jnews_single_post":{"subtitle":"","format":"standard","video":"","gallery":"","source_name":"","source_url":"","via_name":"","via_url":"","override":[{"single_blog_custom":"","sidebar":"","second_sidebar":"","share_position":"","share_float_style":"","post_date_format":"","post_date_format_custom":"","post_reading_time_wpm":"","zoom_button_out_step":"1","zoom_button_in_step":"1","number_popup_post":"1"}],"image_override":[{"single_post_thumbnail_size":"","single_post_gallery_size":""}],"trending_post_position":"","trending_post_label":"","sponsored_post_label":"","sponsored_post_name":"","sponsored_post_url":"","sponsored_post_logo":"","sponsored_post_desc":""},"jnews_primary_category":{"id":"274"},"footnotes":""},"categories":[25],"tags":[8,321,254,422],"class_list":["post-13766","post","type-post","status-publish","format-standard","has-post-thumbnail","hentry","category-rumors","tag-iphone","tag-iphone-12","tag-iphone-2020","tag-iphone-2022"],"yoast_head":"<!-- This site is optimized with the Yoast SEO Premium plugin v27.5 (Yoast SEO v27.5) - https:\/\/yoast.com\/product\/yoast-seo-premium-wordpress\/ -->\n<title>iPhone 12: Wird der Autofokus besser? Apfelpatient<\/title>\n<meta name=\"description\" content=\"Kamera: Die iPhone 12 Reihe wird voraussichtlich im September offiziell von Apple enth\u00fcllt. K\u00f6nnte dabei der Autofokus verbessert werden?\" \/>\n<meta name=\"robots\" content=\"index, follow, max-snippet:-1, max-image-preview:large, max-video-preview:-1\" \/>\n<link rel=\"canonical\" href=\"https:\/\/www.apfelpatient.de\/en\/rumors\/iphone-12-will-have-better-autofocus\" \/>\n<meta property=\"og:locale\" content=\"en_US\" \/>\n<meta property=\"og:type\" content=\"article\" \/>\n<meta property=\"og:title\" content=\"iPhone 12: Wird der Autofokus besser?\" \/>\n<meta property=\"og:description\" content=\"Kamera: Die iPhone 12 Reihe wird voraussichtlich im September offiziell von Apple enth\u00fcllt. K\u00f6nnte dabei der Autofokus verbessert werden?\" \/>\n<meta property=\"og:url\" content=\"https:\/\/www.apfelpatient.de\/en\/rumors\/iphone-12-will-have-better-autofocus\" \/>\n<meta property=\"og:site_name\" content=\"Apfelpatient\" \/>\n<meta property=\"article:publisher\" content=\"https:\/\/www.facebook.com\/apfelpatientOfficial\" \/>\n<meta property=\"article:author\" content=\"https:\/\/www.facebook.com\/apfelpatientOfficial\" \/>\n<meta property=\"article:published_time\" content=\"2020-07-22T09:14:51+00:00\" \/>\n<meta property=\"og:image\" content=\"https:\/\/www.apfelpatient.de\/wp-content\/uploads\/2020\/07\/bigstock-Minsk-Belarus-December-339233824.jpg\" \/>\n\t<meta property=\"og:image:width\" content=\"1600\" \/>\n\t<meta property=\"og:image:height\" content=\"942\" \/>\n\t<meta property=\"og:image:type\" content=\"image\/jpeg\" \/>\n<meta name=\"author\" content=\"Milan\" \/>\n<meta name=\"twitter:card\" content=\"summary_large_image\" \/>\n<meta name=\"twitter:description\" content=\"Kamera: Die iPhone 12 Reihe wird voraussichtlich im September offiziell von Apple enth\u00fcllt. K\u00f6nnte dabei der Autofokus verbessert werden?\" \/>\n<meta name=\"twitter:label1\" content=\"Written by\" \/>\n\t<meta name=\"twitter:data1\" content=\"Milan\" \/>\n\t<meta name=\"twitter:label2\" content=\"Est. reading time\" \/>\n\t<meta name=\"twitter:data2\" content=\"2 minutes\" \/>\n<script type=\"application\/ld+json\" class=\"yoast-schema-graph\">{\"@context\":\"https:\\\/\\\/schema.org\",\"@graph\":[{\"@type\":\"NewsArticle\",\"@id\":\"https:\\\/\\\/www.apfelpatient.de\\\/rumors\\\/iphone-12-wird-der-autofokus-besser#article\",\"isPartOf\":{\"@id\":\"https:\\\/\\\/www.apfelpatient.de\\\/rumors\\\/iphone-12-wird-der-autofokus-besser\"},\"author\":{\"@type\":\"Organization\",\"@id\":\"https:\\\/\\\/www.apfelpatient.de\\\/en\\\/#organization\",\"name\":\"Apfelpatient\",\"url\":\"https:\\\/\\\/www.apfelpatient.de\\\/en\\\/\"},\"headline\":\"iPhone 12: Wird der Autofokus besser?\",\"datePublished\":\"2020-07-22T09:14:51+00:00\",\"mainEntityOfPage\":{\"@id\":\"https:\\\/\\\/www.apfelpatient.de\\\/rumors\\\/iphone-12-wird-der-autofokus-besser\"},\"wordCount\":323,\"publisher\":{\"@type\":\"Organization\",\"@id\":\"https:\\\/\\\/www.apfelpatient.de\\\/en\\\/#organization\",\"name\":\"Apfelpatient\",\"url\":\"https:\\\/\\\/www.apfelpatient.de\\\/en\\\/\"},\"image\":{\"@id\":\"https:\\\/\\\/www.apfelpatient.de\\\/rumors\\\/iphone-12-wird-der-autofokus-besser#primaryimage\"},\"thumbnailUrl\":\"https:\\\/\\\/www.apfelpatient.de\\\/wp-content\\\/uploads\\\/2020\\\/07\\\/bigstock-Minsk-Belarus-December-339233824.jpg\",\"keywords\":[\"iPhone\",\"iPhone 12\",\"iPhone 2020\",\"iPhone 2022\"],\"articleSection\":\"Rumors\",\"inLanguage\":\"en-US\",\"copyrightYear\":\"2020\",\"copyrightHolder\":{\"@id\":\"https:\\\/\\\/www.apfelpatient.de\\\/en\\\/#organization\"}},{\"@type\":\"WebPage\",\"@id\":\"https:\\\/\\\/www.apfelpatient.de\\\/rumors\\\/iphone-12-wird-der-autofokus-besser\",\"url\":\"https:\\\/\\\/www.apfelpatient.de\\\/rumors\\\/iphone-12-wird-der-autofokus-besser\",\"name\":\"iPhone 12: Wird der Autofokus besser? Apfelpatient\",\"isPartOf\":{\"@id\":\"https:\\\/\\\/www.apfelpatient.de\\\/#website\"},\"primaryImageOfPage\":{\"@id\":\"https:\\\/\\\/www.apfelpatient.de\\\/rumors\\\/iphone-12-wird-der-autofokus-besser#primaryimage\"},\"image\":{\"@id\":\"https:\\\/\\\/www.apfelpatient.de\\\/rumors\\\/iphone-12-wird-der-autofokus-besser#primaryimage\"},\"thumbnailUrl\":\"https:\\\/\\\/www.apfelpatient.de\\\/wp-content\\\/uploads\\\/2020\\\/07\\\/bigstock-Minsk-Belarus-December-339233824.jpg\",\"datePublished\":\"2020-07-22T09:14:51+00:00\",\"description\":\"Kamera: Die iPhone 12 Reihe wird voraussichtlich im September offiziell von Apple enth\u00fcllt. K\u00f6nnte dabei der Autofokus verbessert werden?\",\"breadcrumb\":{\"@id\":\"https:\\\/\\\/www.apfelpatient.de\\\/rumors\\\/iphone-12-wird-der-autofokus-besser#breadcrumb\"},\"inLanguage\":\"en-US\",\"potentialAction\":[{\"@type\":\"ReadAction\",\"target\":[\"https:\\\/\\\/www.apfelpatient.de\\\/rumors\\\/iphone-12-wird-der-autofokus-besser\"]}]},{\"@type\":\"ImageObject\",\"inLanguage\":\"en-US\",\"@id\":\"https:\\\/\\\/www.apfelpatient.de\\\/rumors\\\/iphone-12-wird-der-autofokus-besser#primaryimage\",\"url\":\"https:\\\/\\\/www.apfelpatient.de\\\/wp-content\\\/uploads\\\/2020\\\/07\\\/bigstock-Minsk-Belarus-December-339233824.jpg\",\"contentUrl\":\"https:\\\/\\\/www.apfelpatient.de\\\/wp-content\\\/uploads\\\/2020\\\/07\\\/bigstock-Minsk-Belarus-December-339233824.jpg\",\"width\":1600,\"height\":942,\"caption\":\"Minsk, Belarus - 11 December 2019 : Iphone pro digital camera image closeup. Illustrative editorial\"},{\"@type\":\"BreadcrumbList\",\"@id\":\"https:\\\/\\\/www.apfelpatient.de\\\/rumors\\\/iphone-12-wird-der-autofokus-besser#breadcrumb\",\"itemListElement\":[{\"@type\":\"ListItem\",\"position\":1,\"name\":\"Startseite\",\"item\":\"https:\\\/\\\/www.apfelpatient.de\\\/\"},{\"@type\":\"ListItem\",\"position\":2,\"name\":\"iPhone 12: Wird der Autofokus besser?\"}]},{\"@type\":\"WebSite\",\"@id\":\"https:\\\/\\\/www.apfelpatient.de\\\/#website\",\"url\":\"https:\\\/\\\/www.apfelpatient.de\\\/\",\"name\":\"Apfelpatient\",\"description\":\"Alles rund um Apple!\",\"publisher\":{\"@type\":\"Organization\",\"@id\":\"https:\\\/\\\/www.apfelpatient.de\\\/en\\\/#organization\",\"name\":\"Apfelpatient\",\"url\":\"https:\\\/\\\/www.apfelpatient.de\\\/en\\\/\"},\"alternateName\":\"Apfelpatient\",\"potentialAction\":[{\"@type\":\"SearchAction\",\"target\":{\"@type\":\"EntryPoint\",\"urlTemplate\":\"https:\\\/\\\/www.apfelpatient.de\\\/?s={search_term_string}\"},\"query-input\":{\"@type\":\"PropertyValueSpecification\",\"valueRequired\":true,\"valueName\":\"search_term_string\"}}],\"inLanguage\":\"en-US\"},{\"@type\":[\"Person\",\"Organization\"],\"@id\":\"https:\\\/\\\/www.apfelpatient.de\\\/#\\\/schema\\\/person\\\/35b3ddba5832f2bfc7fff5206d4f6b7b\",\"name\":\"Milan\",\"logo\":{\"@id\":\"https:\\\/\\\/www.apfelpatient.de\\\/#\\\/schema\\\/person\\\/image\\\/\"},\"description\":\"Hallo und herzlich willkommen auf meinem Technik-Blog! Als gro\u00dfer Apple-Fan berichte ich hier \u00fcber alles, was mit Apple zu tun hat: von den neuesten News und spannenden Ger\u00fcchten \u00fcber hilfreiche Tipps und Tricks bis hin zu ausf\u00fchrlichen Produkttests. Wenn du genauso technikbegeistert bist wie ich, bist du hier genau richtig!\",\"sameAs\":[\"https:\\\/\\\/www.facebook.com\\\/apfelpatientOfficial\",\"https:\\\/\\\/www.linkedin.com\\\/in\\\/milan-jovicic-42aa0231b\"],\"url\":\"https:\\\/\\\/www.apfelpatient.de\\\/en\\\/author\\\/apfeladmin\"}]}<\/script>\n<!-- \/ Yoast SEO Premium plugin. -->","yoast_head_json":{"title":"iPhone 12: Will the autofocus be better? Apfelpatient","description":"Camera: The iPhone 12 series is expected to be officially unveiled by Apple in September. Could the autofocus be improved?","robots":{"index":"index","follow":"follow","max-snippet":"max-snippet:-1","max-image-preview":"max-image-preview:large","max-video-preview":"max-video-preview:-1"},"canonical":"https:\/\/www.apfelpatient.de\/en\/rumors\/iphone-12-will-have-better-autofocus","og_locale":"en_US","og_type":"article","og_title":"iPhone 12: Wird der Autofokus besser?","og_description":"Kamera: Die iPhone 12 Reihe wird voraussichtlich im September offiziell von Apple enth\u00fcllt. K\u00f6nnte dabei der Autofokus verbessert werden?","og_url":"https:\/\/www.apfelpatient.de\/en\/rumors\/iphone-12-will-have-better-autofocus","og_site_name":"Apfelpatient","article_publisher":"https:\/\/www.facebook.com\/apfelpatientOfficial","article_author":"https:\/\/www.facebook.com\/apfelpatientOfficial","article_published_time":"2020-07-22T09:14:51+00:00","og_image":[{"width":1600,"height":942,"url":"https:\/\/www.apfelpatient.de\/wp-content\/uploads\/2020\/07\/bigstock-Minsk-Belarus-December-339233824.jpg","type":"image\/jpeg"}],"author":"Milan","twitter_card":"summary_large_image","twitter_description":"Kamera: Die iPhone 12 Reihe wird voraussichtlich im September offiziell von Apple enth\u00fcllt. K\u00f6nnte dabei der Autofokus verbessert werden?","twitter_misc":{"Written by":"Milan","Est. reading time":"2 minutes"},"schema":{"@context":"https:\/\/schema.org","@graph":[{"@type":"NewsArticle","@id":"https:\/\/www.apfelpatient.de\/rumors\/iphone-12-wird-der-autofokus-besser#article","isPartOf":{"@id":"https:\/\/www.apfelpatient.de\/rumors\/iphone-12-wird-der-autofokus-besser"},"author":{"@type":"Organization","@id":"https:\/\/www.apfelpatient.de\/en\/#organization","name":"Apfelpatient","url":"https:\/\/www.apfelpatient.de\/en\/"},"headline":"iPhone 12: Wird der Autofokus besser?","datePublished":"2020-07-22T09:14:51+00:00","mainEntityOfPage":{"@id":"https:\/\/www.apfelpatient.de\/rumors\/iphone-12-wird-der-autofokus-besser"},"wordCount":323,"publisher":{"@type":"Organization","@id":"https:\/\/www.apfelpatient.de\/en\/#organization","name":"Apfelpatient","url":"https:\/\/www.apfelpatient.de\/en\/"},"image":{"@id":"https:\/\/www.apfelpatient.de\/rumors\/iphone-12-wird-der-autofokus-besser#primaryimage"},"thumbnailUrl":"https:\/\/www.apfelpatient.de\/wp-content\/uploads\/2020\/07\/bigstock-Minsk-Belarus-December-339233824.jpg","keywords":["iPhone","iPhone 12","iPhone 2020","iPhone 2022"],"articleSection":"Rumors","inLanguage":"en-US","copyrightYear":"2020","copyrightHolder":{"@id":"https:\/\/www.apfelpatient.de\/en\/#organization"}},{"@type":"WebPage","@id":"https:\/\/www.apfelpatient.de\/rumors\/iphone-12-wird-der-autofokus-besser","url":"https:\/\/www.apfelpatient.de\/rumors\/iphone-12-wird-der-autofokus-besser","name":"iPhone 12: Will the autofocus be better? Apfelpatient","isPartOf":{"@id":"https:\/\/www.apfelpatient.de\/#website"},"primaryImageOfPage":{"@id":"https:\/\/www.apfelpatient.de\/rumors\/iphone-12-wird-der-autofokus-besser#primaryimage"},"image":{"@id":"https:\/\/www.apfelpatient.de\/rumors\/iphone-12-wird-der-autofokus-besser#primaryimage"},"thumbnailUrl":"https:\/\/www.apfelpatient.de\/wp-content\/uploads\/2020\/07\/bigstock-Minsk-Belarus-December-339233824.jpg","datePublished":"2020-07-22T09:14:51+00:00","description":"Camera: The iPhone 12 series is expected to be officially unveiled by Apple in September. Could the autofocus be improved?","breadcrumb":{"@id":"https:\/\/www.apfelpatient.de\/rumors\/iphone-12-wird-der-autofokus-besser#breadcrumb"},"inLanguage":"en-US","potentialAction":[{"@type":"ReadAction","target":["https:\/\/www.apfelpatient.de\/rumors\/iphone-12-wird-der-autofokus-besser"]}]},{"@type":"ImageObject","inLanguage":"en-US","@id":"https:\/\/www.apfelpatient.de\/rumors\/iphone-12-wird-der-autofokus-besser#primaryimage","url":"https:\/\/www.apfelpatient.de\/wp-content\/uploads\/2020\/07\/bigstock-Minsk-Belarus-December-339233824.jpg","contentUrl":"https:\/\/www.apfelpatient.de\/wp-content\/uploads\/2020\/07\/bigstock-Minsk-Belarus-December-339233824.jpg","width":1600,"height":942,"caption":"Minsk, Belarus - 11 December 2019 : Iphone pro digital camera image closeup. Illustrative editorial"},{"@type":"BreadcrumbList","@id":"https:\/\/www.apfelpatient.de\/rumors\/iphone-12-wird-der-autofokus-besser#breadcrumb","itemListElement":[{"@type":"ListItem","position":1,"name":"Startseite","item":"https:\/\/www.apfelpatient.de\/"},{"@type":"ListItem","position":2,"name":"iPhone 12: Wird der Autofokus besser?"}]},{"@type":"WebSite","@id":"https:\/\/www.apfelpatient.de\/#website","url":"https:\/\/www.apfelpatient.de\/","name":"apple patient","description":"Everything about Apple!","publisher":{"@type":"Organization","@id":"https:\/\/www.apfelpatient.de\/en\/#organization","name":"Apfelpatient","url":"https:\/\/www.apfelpatient.de\/en\/"},"alternateName":"Apfelpatient","potentialAction":[{"@type":"SearchAction","target":{"@type":"EntryPoint","urlTemplate":"https:\/\/www.apfelpatient.de\/?s={search_term_string}"},"query-input":{"@type":"PropertyValueSpecification","valueRequired":true,"valueName":"search_term_string"}}],"inLanguage":"en-US"},{"@type":["Person","Organization"],"@id":"https:\/\/www.apfelpatient.de\/#\/schema\/person\/35b3ddba5832f2bfc7fff5206d4f6b7b","name":"Milan","logo":{"@id":"https:\/\/www.apfelpatient.de\/#\/schema\/person\/image\/"},"description":"Hello and welcome to my technology blog! As a big Apple fan, I report on everything to do with Apple: from the latest news and exciting rumors to helpful tips and tricks and detailed product tests. If you are as enthusiastic about technology as I am, you have come to the right place!","sameAs":["https:\/\/www.facebook.com\/apfelpatientOfficial","https:\/\/www.linkedin.com\/in\/milan-jovicic-42aa0231b"],"url":"https:\/\/www.apfelpatient.de\/en\/author\/apfeladmin"}]}},"_links":{"self":[{"href":"https:\/\/www.apfelpatient.de\/en\/wp-json\/wp\/v2\/posts\/13766","targetHints":{"allow":["GET"]}}],"collection":[{"href":"https:\/\/www.apfelpatient.de\/en\/wp-json\/wp\/v2\/posts"}],"about":[{"href":"https:\/\/www.apfelpatient.de\/en\/wp-json\/wp\/v2\/types\/post"}],"author":[{"embeddable":true,"href":"https:\/\/www.apfelpatient.de\/en\/wp-json\/wp\/v2\/users\/2"}],"replies":[{"embeddable":true,"href":"https:\/\/www.apfelpatient.de\/en\/wp-json\/wp\/v2\/comments?post=13766"}],"version-history":[{"count":0,"href":"https:\/\/www.apfelpatient.de\/en\/wp-json\/wp\/v2\/posts\/13766\/revisions"}],"wp:featuredmedia":[{"embeddable":true,"href":"https:\/\/www.apfelpatient.de\/en\/wp-json\/wp\/v2\/media\/13767"}],"wp:attachment":[{"href":"https:\/\/www.apfelpatient.de\/en\/wp-json\/wp\/v2\/media?parent=13766"}],"wp:term":[{"taxonomy":"category","embeddable":true,"href":"https:\/\/www.apfelpatient.de\/en\/wp-json\/wp\/v2\/categories?post=13766"},{"taxonomy":"post_tag","embeddable":true,"href":"https:\/\/www.apfelpatient.de\/en\/wp-json\/wp\/v2\/tags?post=13766"}],"curies":[{"name":"wp","href":"https:\/\/api.w.org\/{rel}","templated":true}]}}