{"id":13690,"date":"2020-07-17T00:02:18","date_gmt":"2020-07-16T22:02:18","guid":{"rendered":"https:\/\/www.apfelpatient.de\/?p=13690"},"modified":"2020-07-17T00:02:18","modified_gmt":"2020-07-16T22:02:18","slug":"macos-catalina-10-15-6-fixes-usb-2-0-problems","status":"publish","type":"post","link":"https:\/\/www.apfelpatient.de\/en\/news\/macos-catalina-10-15-6-behebt-usb-2-0-probleme","title":{"rendered":"macOS Catalina 10.15.6 fixes USB 2.0 problems"},"content":{"rendered":"<p class=\"has-drop-cap\"><strong>Apple recently released a series of updates for all users <a href=\"https:\/\/www.apfelpatient.de\/en\/news\/apple-releases-ios-13-6-and-more\" class=\"ek-link\"><span style=\"text-decoration: underline;\" class=\"ek-underline\">published<\/span><\/a>, including macOS Catalina 10.15.6. It seems to have fixed a rather annoying problem on the MacBook Pro and MacBook Air 2020.&nbsp;<\/strong><\/p>\n\n\n\n<p>In June, complaints from users <a href=\"https:\/\/www.apfelpatient.de\/en\/news\/macbook-pro-air-2020-problems-with-usb-2-0-accessories\" class=\"ek-link\"><span style=\"text-decoration: underline;\" class=\"ek-underline\">documented<\/span><\/a>that MacBook Pro and MacBook Air 2020 models had problems with USB 2.0 accessories. Strictly speaking, connected accessories were not recognized in most cases. All possible devices that use USB-A were affected, including mice, keyboards and more. A fault with the hubs could be ruled out, as all models were equally affected. In addition to lost connections, the bug also caused entire devices to freeze. System crashes were also observed. Those affected have taken various measures to fix the error. However, these were unsuccessful.&nbsp;<\/p>\n\n\n\n<h3 class=\"wp-block-heading\">macOS 11 Big Sur seems to have the same problem<\/h3>\n\n\n\n\n\n\n\n<p>Now, however, the problem seems to be history. Apple has explained in the update description of macOS Catalina 10.15.6 that the new macOS version &quot;fixes an issue where certain USB mice and trackpads can lose their connection&quot;. Now <a href=\"https:\/\/www.reddit.com\/r\/mac\/comments\/gp5b1z\/usb_20_issues_on_new_macbook_pro_13_2020\/?sort=new\" class=\"ek-link\"><span style=\"text-decoration: underline;\" class=\"ek-underline\">report<\/span><\/a> Users who encountered the problem have now reported that the error has actually been fixed. They were unable to detect any abnormalities when using accessories under macOS Catalina 10.15.6. However, the bug also appears to be present under macOS 11 Big Sur. However, since the new version is a beta, the annoyance should be limited. It can be assumed that Apple will also implement the correction in the third version of the new macOS preview. This is expected to be released next week.&nbsp;<em>(Photo by dvoevnore \/ Bigstockphoto)<\/em><\/p>\n\n\n\n<ul class=\"wp-block-list\"><li><a href=\"https:\/\/www.apfelpatient.de\/en\/tips-tricks\/public-beta-so-you-can-test-macos-11-big-sur\" class=\"ek-link\"><span style=\"text-decoration: underline;\" class=\"ek-underline\">Public Beta: How to test macOS 11 Big Sur<\/span><\/a><\/li><\/ul>\n\n\n\n<h6 class=\"wp-block-heading translation-block\" id=\"h-kennt-ihr-schon-unsere-amazon-storefront-dort-findet-ihr-eine-handverlesene-auswahl-von-diversen-produkten-f-r-euer-iphone-und-co-viel-spa-beim-st-bern\"><em>Have you already visited our Amazon Storefront? There you&#039;ll find a hand-picked selection of various products for your iPhone and other devices \u2013 <span class=\"has-inline-color has-vivid-red-color\"><a href=\"https:\/\/www.amazon.de\/shop\/apfelpatientofficial\" class=\"ek-link\" data-wpel-link=\"exclude\" rel=\"follow noopener\" target=\"_self\"><span style=\"text-decoration: underline\" class=\"ek-underline\">enjoy browsing<\/span><\/a> !<\/span><\/em><\/h6>\n\n\n\n\n\n<h6 class=\"wp-block-heading translation-block\" id=\"h-der-beitrag-enthalt-partnerlinks\">This post contains <a data-type=\"URL\" data-id=\"https:\/\/www.apfelpatient.de\/partnerprogramm\" href=\"https:\/\/www.apfelpatient.de\/en\/partner-program\" data-wpel-link=\"internal\" target=\"_self\">affiliate links<\/a>.<\/h6>","protected":false},"excerpt":{"rendered":"<p>macOS Catalina 10.15.6: Apparently a pretty annoying problem on the MacBook Pro and MacBook Air 2020 has been fixed.<\/p>","protected":false},"author":2,"featured_media":6210,"comment_status":"closed","ping_status":"open","sticky":false,"template":"","format":"standard","meta":{"jnews-multi-image_gallery":[],"jnews_single_post":{"subtitle":"","format":"standard","video":"","gallery":"","source_name":"","source_url":"","via_name":"","via_url":"","override":[{"single_blog_custom":"","sidebar":"","second_sidebar":"","share_position":"","share_float_style":"","post_date_format":"","post_date_format_custom":"","post_reading_time_wpm":"","zoom_button_out_step":"1","zoom_button_in_step":"1","number_popup_post":"1"}],"image_override":[{"single_post_thumbnail_size":"","single_post_gallery_size":""}],"trending_post_position":"","trending_post_label":"","sponsored_post_label":"","sponsored_post_name":"","sponsored_post_url":"","sponsored_post_logo":"","sponsored_post_desc":""},"jnews_primary_category":{"id":"265"},"footnotes":""},"categories":[9],"tags":[40,41,50,4,416],"class_list":["post-13690","post","type-post","status-publish","format-standard","has-post-thumbnail","hentry","category-news","tag-mac","tag-macbook-air","tag-macbook-pro","tag-macos","tag-macos-10-15-6"],"yoast_head":"<!-- This site is optimized with the Yoast SEO Premium plugin v27.5 (Yoast SEO v27.5) - https:\/\/yoast.com\/product\/yoast-seo-premium-wordpress\/ -->\n<title>macOS Catalina 10.15.6 behebt USB 2.0 Probleme Apfelpatient<\/title>\n<meta name=\"description\" content=\"macOS Catalina 10.15.6: Dabei wurde scheinbar ein ziemlich nerviges Problem beim MacBook Pro und MacBook Air 2020 behoben.\" \/>\n<meta name=\"robots\" content=\"index, follow, max-snippet:-1, max-image-preview:large, max-video-preview:-1\" \/>\n<link rel=\"canonical\" href=\"https:\/\/www.apfelpatient.de\/en\/news\/macos-catalina-10-15-6-fixes-usb-2-0-problems\" \/>\n<meta property=\"og:locale\" content=\"en_US\" \/>\n<meta property=\"og:type\" content=\"article\" \/>\n<meta property=\"og:title\" content=\"macOS Catalina 10.15.6 behebt USB 2.0 Probleme\" \/>\n<meta property=\"og:description\" content=\"macOS Catalina 10.15.6: Dabei wurde scheinbar ein ziemlich nerviges Problem beim MacBook Pro und MacBook Air 2020 behoben.\" \/>\n<meta property=\"og:url\" content=\"https:\/\/www.apfelpatient.de\/en\/news\/macos-catalina-10-15-6-fixes-usb-2-0-problems\" \/>\n<meta property=\"og:site_name\" content=\"Apfelpatient\" \/>\n<meta property=\"article:publisher\" content=\"https:\/\/www.facebook.com\/apfelpatientOfficial\" \/>\n<meta property=\"article:author\" content=\"https:\/\/www.facebook.com\/apfelpatientOfficial\" \/>\n<meta property=\"article:published_time\" content=\"2020-07-16T22:02:18+00:00\" \/>\n<meta property=\"og:image\" content=\"https:\/\/www.apfelpatient.de\/wp-content\/uploads\/2019\/09\/bigstock-Berlin-Germany-December-283235983.jpg\" \/>\n\t<meta property=\"og:image:width\" content=\"1600\" \/>\n\t<meta property=\"og:image:height\" content=\"1067\" \/>\n\t<meta property=\"og:image:type\" content=\"image\/jpeg\" \/>\n<meta name=\"author\" content=\"Milan\" \/>\n<meta name=\"twitter:card\" content=\"summary_large_image\" \/>\n<meta name=\"twitter:description\" content=\"macOS Catalina 10.15.6: Dabei wurde scheinbar ein ziemlich nerviges Problem beim MacBook Pro und MacBook Air 2020 behoben.\" \/>\n<meta name=\"twitter:label1\" content=\"Written by\" \/>\n\t<meta name=\"twitter:data1\" content=\"Milan\" \/>\n\t<meta name=\"twitter:label2\" content=\"Est. reading time\" \/>\n\t<meta name=\"twitter:data2\" content=\"1 minute\" \/>\n<script type=\"application\/ld+json\" class=\"yoast-schema-graph\">{\"@context\":\"https:\\\/\\\/schema.org\",\"@graph\":[{\"@type\":\"NewsArticle\",\"@id\":\"https:\\\/\\\/www.apfelpatient.de\\\/news\\\/macos-catalina-10-15-6-behebt-usb-2-0-probleme#article\",\"isPartOf\":{\"@id\":\"https:\\\/\\\/www.apfelpatient.de\\\/news\\\/macos-catalina-10-15-6-behebt-usb-2-0-probleme\"},\"author\":{\"@type\":\"Organization\",\"@id\":\"https:\\\/\\\/www.apfelpatient.de\\\/en\\\/#organization\",\"name\":\"Apfelpatient\",\"url\":\"https:\\\/\\\/www.apfelpatient.de\\\/en\\\/\"},\"headline\":\"macOS Catalina 10.15.6 behebt USB 2.0 Probleme\",\"datePublished\":\"2020-07-16T22:02:18+00:00\",\"mainEntityOfPage\":{\"@id\":\"https:\\\/\\\/www.apfelpatient.de\\\/news\\\/macos-catalina-10-15-6-behebt-usb-2-0-probleme\"},\"wordCount\":292,\"publisher\":{\"@type\":\"Organization\",\"@id\":\"https:\\\/\\\/www.apfelpatient.de\\\/en\\\/#organization\",\"name\":\"Apfelpatient\",\"url\":\"https:\\\/\\\/www.apfelpatient.de\\\/en\\\/\"},\"image\":{\"@id\":\"https:\\\/\\\/www.apfelpatient.de\\\/news\\\/macos-catalina-10-15-6-behebt-usb-2-0-probleme#primaryimage\"},\"thumbnailUrl\":\"https:\\\/\\\/www.apfelpatient.de\\\/wp-content\\\/uploads\\\/2019\\\/09\\\/bigstock-Berlin-Germany-December-283235983.jpg\",\"keywords\":[\"Mac\",\"MacBook Air\",\"MacBook Pro\",\"macOS\",\"macOS 10.15.6\"],\"articleSection\":\"News\",\"inLanguage\":\"en-US\",\"copyrightYear\":\"2020\",\"copyrightHolder\":{\"@id\":\"https:\\\/\\\/www.apfelpatient.de\\\/en\\\/#organization\"}},{\"@type\":\"WebPage\",\"@id\":\"https:\\\/\\\/www.apfelpatient.de\\\/news\\\/macos-catalina-10-15-6-behebt-usb-2-0-probleme\",\"url\":\"https:\\\/\\\/www.apfelpatient.de\\\/news\\\/macos-catalina-10-15-6-behebt-usb-2-0-probleme\",\"name\":\"macOS Catalina 10.15.6 behebt USB 2.0 Probleme Apfelpatient\",\"isPartOf\":{\"@id\":\"https:\\\/\\\/www.apfelpatient.de\\\/#website\"},\"primaryImageOfPage\":{\"@id\":\"https:\\\/\\\/www.apfelpatient.de\\\/news\\\/macos-catalina-10-15-6-behebt-usb-2-0-probleme#primaryimage\"},\"image\":{\"@id\":\"https:\\\/\\\/www.apfelpatient.de\\\/news\\\/macos-catalina-10-15-6-behebt-usb-2-0-probleme#primaryimage\"},\"thumbnailUrl\":\"https:\\\/\\\/www.apfelpatient.de\\\/wp-content\\\/uploads\\\/2019\\\/09\\\/bigstock-Berlin-Germany-December-283235983.jpg\",\"datePublished\":\"2020-07-16T22:02:18+00:00\",\"description\":\"macOS Catalina 10.15.6: Dabei wurde scheinbar ein ziemlich nerviges Problem beim MacBook Pro und MacBook Air 2020 behoben.\",\"breadcrumb\":{\"@id\":\"https:\\\/\\\/www.apfelpatient.de\\\/news\\\/macos-catalina-10-15-6-behebt-usb-2-0-probleme#breadcrumb\"},\"inLanguage\":\"en-US\",\"potentialAction\":[{\"@type\":\"ReadAction\",\"target\":[\"https:\\\/\\\/www.apfelpatient.de\\\/news\\\/macos-catalina-10-15-6-behebt-usb-2-0-probleme\"]}]},{\"@type\":\"ImageObject\",\"inLanguage\":\"en-US\",\"@id\":\"https:\\\/\\\/www.apfelpatient.de\\\/news\\\/macos-catalina-10-15-6-behebt-usb-2-0-probleme#primaryimage\",\"url\":\"https:\\\/\\\/www.apfelpatient.de\\\/wp-content\\\/uploads\\\/2019\\\/09\\\/bigstock-Berlin-Germany-December-283235983.jpg\",\"contentUrl\":\"https:\\\/\\\/www.apfelpatient.de\\\/wp-content\\\/uploads\\\/2019\\\/09\\\/bigstock-Berlin-Germany-December-283235983.jpg\",\"width\":1600,\"height\":1067,\"caption\":\"BERLIN, GERMANY - DECEMBER 09, 2018: Woman hands holding the box of the latest Apple Macbook Pro laptop computer against white wooden background. Unboxing top view concept with copy space\"},{\"@type\":\"BreadcrumbList\",\"@id\":\"https:\\\/\\\/www.apfelpatient.de\\\/news\\\/macos-catalina-10-15-6-behebt-usb-2-0-probleme#breadcrumb\",\"itemListElement\":[{\"@type\":\"ListItem\",\"position\":1,\"name\":\"Startseite\",\"item\":\"https:\\\/\\\/www.apfelpatient.de\\\/\"},{\"@type\":\"ListItem\",\"position\":2,\"name\":\"macOS Catalina 10.15.6 behebt USB 2.0 Probleme\"}]},{\"@type\":\"WebSite\",\"@id\":\"https:\\\/\\\/www.apfelpatient.de\\\/#website\",\"url\":\"https:\\\/\\\/www.apfelpatient.de\\\/\",\"name\":\"Apfelpatient\",\"description\":\"Alles rund um Apple!\",\"publisher\":{\"@type\":\"Organization\",\"@id\":\"https:\\\/\\\/www.apfelpatient.de\\\/en\\\/#organization\",\"name\":\"Apfelpatient\",\"url\":\"https:\\\/\\\/www.apfelpatient.de\\\/en\\\/\"},\"alternateName\":\"Apfelpatient\",\"potentialAction\":[{\"@type\":\"SearchAction\",\"target\":{\"@type\":\"EntryPoint\",\"urlTemplate\":\"https:\\\/\\\/www.apfelpatient.de\\\/?s={search_term_string}\"},\"query-input\":{\"@type\":\"PropertyValueSpecification\",\"valueRequired\":true,\"valueName\":\"search_term_string\"}}],\"inLanguage\":\"en-US\"},{\"@type\":[\"Person\",\"Organization\"],\"@id\":\"https:\\\/\\\/www.apfelpatient.de\\\/#\\\/schema\\\/person\\\/7dc56ad6c8e9824b76d2c08d4c140e13\",\"name\":\"Milan\",\"logo\":{\"@id\":\"https:\\\/\\\/www.apfelpatient.de\\\/#\\\/schema\\\/person\\\/image\\\/\"},\"description\":\"Hallo und herzlich willkommen auf meinem Technik-Blog! Als gro\u00dfer Apple-Fan berichte ich hier \u00fcber alles, was mit Apple zu tun hat: von den neuesten News und spannenden Ger\u00fcchten \u00fcber hilfreiche Tipps und Tricks bis hin zu ausf\u00fchrlichen Produkttests. Wenn du genauso technikbegeistert bist wie ich, bist du hier genau richtig!\",\"sameAs\":[\"https:\\\/\\\/www.facebook.com\\\/apfelpatientOfficial\",\"https:\\\/\\\/www.linkedin.com\\\/in\\\/milan-jovicic-42aa0231b\"],\"url\":\"https:\\\/\\\/www.apfelpatient.de\\\/en\\\/author\\\/apfeladmin\"}]}<\/script>\n<!-- \/ Yoast SEO Premium plugin. -->","yoast_head_json":{"title":"macOS Catalina 10.15.6 fixes USB 2.0 problems Apfelpatient","description":"macOS Catalina 10.15.6: Apparently a pretty annoying problem on the MacBook Pro and MacBook Air 2020 has been fixed.","robots":{"index":"index","follow":"follow","max-snippet":"max-snippet:-1","max-image-preview":"max-image-preview:large","max-video-preview":"max-video-preview:-1"},"canonical":"https:\/\/www.apfelpatient.de\/en\/news\/macos-catalina-10-15-6-fixes-usb-2-0-problems","og_locale":"en_US","og_type":"article","og_title":"macOS Catalina 10.15.6 behebt USB 2.0 Probleme","og_description":"macOS Catalina 10.15.6: Dabei wurde scheinbar ein ziemlich nerviges Problem beim MacBook Pro und MacBook Air 2020 behoben.","og_url":"https:\/\/www.apfelpatient.de\/en\/news\/macos-catalina-10-15-6-fixes-usb-2-0-problems","og_site_name":"Apfelpatient","article_publisher":"https:\/\/www.facebook.com\/apfelpatientOfficial","article_author":"https:\/\/www.facebook.com\/apfelpatientOfficial","article_published_time":"2020-07-16T22:02:18+00:00","og_image":[{"width":1600,"height":1067,"url":"https:\/\/www.apfelpatient.de\/wp-content\/uploads\/2019\/09\/bigstock-Berlin-Germany-December-283235983.jpg","type":"image\/jpeg"}],"author":"Milan","twitter_card":"summary_large_image","twitter_description":"macOS Catalina 10.15.6: Dabei wurde scheinbar ein ziemlich nerviges Problem beim MacBook Pro und MacBook Air 2020 behoben.","twitter_misc":{"Written by":"Milan","Est. reading time":"1 minute"},"schema":{"@context":"https:\/\/schema.org","@graph":[{"@type":"NewsArticle","@id":"https:\/\/www.apfelpatient.de\/news\/macos-catalina-10-15-6-behebt-usb-2-0-probleme#article","isPartOf":{"@id":"https:\/\/www.apfelpatient.de\/news\/macos-catalina-10-15-6-behebt-usb-2-0-probleme"},"author":{"@type":"Organization","@id":"https:\/\/www.apfelpatient.de\/en\/#organization","name":"Apfelpatient","url":"https:\/\/www.apfelpatient.de\/en\/"},"headline":"macOS Catalina 10.15.6 behebt USB 2.0 Probleme","datePublished":"2020-07-16T22:02:18+00:00","mainEntityOfPage":{"@id":"https:\/\/www.apfelpatient.de\/news\/macos-catalina-10-15-6-behebt-usb-2-0-probleme"},"wordCount":292,"publisher":{"@type":"Organization","@id":"https:\/\/www.apfelpatient.de\/en\/#organization","name":"Apfelpatient","url":"https:\/\/www.apfelpatient.de\/en\/"},"image":{"@id":"https:\/\/www.apfelpatient.de\/news\/macos-catalina-10-15-6-behebt-usb-2-0-probleme#primaryimage"},"thumbnailUrl":"https:\/\/www.apfelpatient.de\/wp-content\/uploads\/2019\/09\/bigstock-Berlin-Germany-December-283235983.jpg","keywords":["Mac","MacBook Air","MacBook Pro","macOS","macOS 10.15.6"],"articleSection":"News","inLanguage":"en-US","copyrightYear":"2020","copyrightHolder":{"@id":"https:\/\/www.apfelpatient.de\/en\/#organization"}},{"@type":"WebPage","@id":"https:\/\/www.apfelpatient.de\/news\/macos-catalina-10-15-6-behebt-usb-2-0-probleme","url":"https:\/\/www.apfelpatient.de\/news\/macos-catalina-10-15-6-behebt-usb-2-0-probleme","name":"macOS Catalina 10.15.6 fixes USB 2.0 problems Apfelpatient","isPartOf":{"@id":"https:\/\/www.apfelpatient.de\/#website"},"primaryImageOfPage":{"@id":"https:\/\/www.apfelpatient.de\/news\/macos-catalina-10-15-6-behebt-usb-2-0-probleme#primaryimage"},"image":{"@id":"https:\/\/www.apfelpatient.de\/news\/macos-catalina-10-15-6-behebt-usb-2-0-probleme#primaryimage"},"thumbnailUrl":"https:\/\/www.apfelpatient.de\/wp-content\/uploads\/2019\/09\/bigstock-Berlin-Germany-December-283235983.jpg","datePublished":"2020-07-16T22:02:18+00:00","description":"macOS Catalina 10.15.6: Apparently a pretty annoying problem on the MacBook Pro and MacBook Air 2020 has been fixed.","breadcrumb":{"@id":"https:\/\/www.apfelpatient.de\/news\/macos-catalina-10-15-6-behebt-usb-2-0-probleme#breadcrumb"},"inLanguage":"en-US","potentialAction":[{"@type":"ReadAction","target":["https:\/\/www.apfelpatient.de\/news\/macos-catalina-10-15-6-behebt-usb-2-0-probleme"]}]},{"@type":"ImageObject","inLanguage":"en-US","@id":"https:\/\/www.apfelpatient.de\/news\/macos-catalina-10-15-6-behebt-usb-2-0-probleme#primaryimage","url":"https:\/\/www.apfelpatient.de\/wp-content\/uploads\/2019\/09\/bigstock-Berlin-Germany-December-283235983.jpg","contentUrl":"https:\/\/www.apfelpatient.de\/wp-content\/uploads\/2019\/09\/bigstock-Berlin-Germany-December-283235983.jpg","width":1600,"height":1067,"caption":"BERLIN, GERMANY - DECEMBER 09, 2018: Woman hands holding the box of the latest Apple Macbook Pro laptop computer against white wooden background. Unboxing top view concept with copy space"},{"@type":"BreadcrumbList","@id":"https:\/\/www.apfelpatient.de\/news\/macos-catalina-10-15-6-behebt-usb-2-0-probleme#breadcrumb","itemListElement":[{"@type":"ListItem","position":1,"name":"Startseite","item":"https:\/\/www.apfelpatient.de\/"},{"@type":"ListItem","position":2,"name":"macOS Catalina 10.15.6 behebt USB 2.0 Probleme"}]},{"@type":"WebSite","@id":"https:\/\/www.apfelpatient.de\/#website","url":"https:\/\/www.apfelpatient.de\/","name":"apple patient","description":"Everything about Apple!","publisher":{"@type":"Organization","@id":"https:\/\/www.apfelpatient.de\/en\/#organization","name":"Apfelpatient","url":"https:\/\/www.apfelpatient.de\/en\/"},"alternateName":"Apfelpatient","potentialAction":[{"@type":"SearchAction","target":{"@type":"EntryPoint","urlTemplate":"https:\/\/www.apfelpatient.de\/?s={search_term_string}"},"query-input":{"@type":"PropertyValueSpecification","valueRequired":true,"valueName":"search_term_string"}}],"inLanguage":"en-US"},{"@type":["Person","Organization"],"@id":"https:\/\/www.apfelpatient.de\/#\/schema\/person\/7dc56ad6c8e9824b76d2c08d4c140e13","name":"Milan","logo":{"@id":"https:\/\/www.apfelpatient.de\/#\/schema\/person\/image\/"},"description":"Hello and welcome to my technology blog! As a big Apple fan, I report on everything to do with Apple: from the latest news and exciting rumors to helpful tips and tricks and detailed product tests. If you are as enthusiastic about technology as I am, you have come to the right place!","sameAs":["https:\/\/www.facebook.com\/apfelpatientOfficial","https:\/\/www.linkedin.com\/in\/milan-jovicic-42aa0231b"],"url":"https:\/\/www.apfelpatient.de\/en\/author\/apfeladmin"}]}},"_links":{"self":[{"href":"https:\/\/www.apfelpatient.de\/en\/wp-json\/wp\/v2\/posts\/13690","targetHints":{"allow":["GET"]}}],"collection":[{"href":"https:\/\/www.apfelpatient.de\/en\/wp-json\/wp\/v2\/posts"}],"about":[{"href":"https:\/\/www.apfelpatient.de\/en\/wp-json\/wp\/v2\/types\/post"}],"author":[{"embeddable":true,"href":"https:\/\/www.apfelpatient.de\/en\/wp-json\/wp\/v2\/users\/2"}],"replies":[{"embeddable":true,"href":"https:\/\/www.apfelpatient.de\/en\/wp-json\/wp\/v2\/comments?post=13690"}],"version-history":[{"count":0,"href":"https:\/\/www.apfelpatient.de\/en\/wp-json\/wp\/v2\/posts\/13690\/revisions"}],"wp:featuredmedia":[{"embeddable":true,"href":"https:\/\/www.apfelpatient.de\/en\/wp-json\/wp\/v2\/media\/6210"}],"wp:attachment":[{"href":"https:\/\/www.apfelpatient.de\/en\/wp-json\/wp\/v2\/media?parent=13690"}],"wp:term":[{"taxonomy":"category","embeddable":true,"href":"https:\/\/www.apfelpatient.de\/en\/wp-json\/wp\/v2\/categories?post=13690"},{"taxonomy":"post_tag","embeddable":true,"href":"https:\/\/www.apfelpatient.de\/en\/wp-json\/wp\/v2\/tags?post=13690"}],"curies":[{"name":"wp","href":"https:\/\/api.w.org\/{rel}","templated":true}]}}