{"id":13520,"date":"2020-07-08T19:41:10","date_gmt":"2020-07-08T17:41:10","guid":{"rendered":"https:\/\/www.apfelpatient.de\/?p=13520"},"modified":"2020-07-08T19:41:10","modified_gmt":"2020-07-08T17:41:10","slug":"macbook-pro-14-with-miniled-planned-for-2021","status":"publish","type":"post","link":"https:\/\/www.apfelpatient.de\/en\/rumors\/macbook-pro-14-mit-miniled-fuer-2021-geplant","title":{"rendered":"MacBook Pro 14\u2033 with MiniLED planned for 2021"},"content":{"rendered":"<p class=\"has-drop-cap\"><strong>The rumors about a new MacBook Pro with a 14\u2033 display have been documented for several months. Contrary to expectations, the device was not introduced in the spring.<\/strong><\/p>\n\n\n\n<p>Various analysts have already announced a switch in display technology to mini LEDs. This is said to be just as good as OLED but not burn-in. In addition, the use of mini LEDs enables a lighter and thinner device design. One of the new products is said to be a revised 14-inch MacBook Pro. Now the Taiwanese market research company TrendForce wants to develop new <a href=\"https:\/\/www.trendforce.com\/presscenter\/news\/20200630-10366.html\" class=\"ek-link\"><span style=\"text-decoration: underline;\" class=\"ek-underline\">Information on<\/span><\/a> According to the report, Apple plans to look for suppliers to manufacture new MacBook models in the first quarter of 2021. According to the source, both 14- and 16-inch devices with mini-LED screens will go into production.&nbsp;<\/p>\n\n\n\n<h3 class=\"wp-block-heading\">iPad Pro with MiniLED also planned<\/h3>\n\n\n\n\n\n\n\n<p>It is expected that these will appear in the second or third quarter. They will also most likely use Apple Silicon processors. The company itself announced at this year&#039;s WWDC <a href=\"https:\/\/www.apfelpatient.de\/en\/news\/wwdc-2020-so-apple-plans-the-transition-to-arm-macs\" class=\"ek-link\"><span style=\"text-decoration: underline;\" class=\"ek-underline\">confirmed<\/span><\/a>that the entire Mac range will be updated in the next two years. In addition to new MacBook models, iPad devices with mini-LED technology are also expected. Most notably, a 12.9\u2033 iPad Pro is due to appear at the beginning of next year. In addition to the new display, the model will also offer 5G and have the significantly faster A14X chip. Whether TrendForce will be right remains to be seen, of course. However, since there are some statements that are consistent with today&#039;s report, there should be little doubt. <em>(Image: Apple)<\/em><\/p>\n\n\n\n<ul class=\"wp-block-list\"><li><a href=\"https:\/\/www.apfelpatient.de\/en\/news\/silicon-macs-apple-explains-system-architecture\" class=\"ek-link\"><span style=\"text-decoration: underline;\" class=\"ek-underline\">Silicon Macs: Apple explains system architecture<\/span><\/a><\/li><\/ul>\n\n\n\n<h6 class=\"wp-block-heading translation-block\" id=\"h-kennt-ihr-schon-unsere-amazon-storefront-dort-findet-ihr-eine-handverlesene-auswahl-von-diversen-produkten-f-r-euer-iphone-und-co-viel-spa-beim-st-bern\"><em>Have you already visited our Amazon Storefront? There you&#039;ll find a hand-picked selection of various products for your iPhone and other devices \u2013 <span class=\"has-inline-color has-vivid-red-color\"><a href=\"https:\/\/www.amazon.de\/shop\/apfelpatientofficial\" class=\"ek-link\" data-wpel-link=\"exclude\" rel=\"follow noopener\" target=\"_self\"><span style=\"text-decoration: underline\" class=\"ek-underline\">enjoy browsing<\/span><\/a> !<\/span><\/em><\/h6>\n\n\n\n\n\n<h6 class=\"wp-block-heading translation-block\" id=\"h-der-beitrag-enthalt-partnerlinks\">This post contains <a data-type=\"URL\" data-id=\"https:\/\/www.apfelpatient.de\/partnerprogramm\" href=\"https:\/\/www.apfelpatient.de\/en\/partner-program\" data-wpel-link=\"internal\" target=\"_self\">affiliate links<\/a>.<\/h6>","protected":false},"excerpt":{"rendered":"<p>New MacBook Pro with 14\u2033 display: Various analysts have already announced a switch in display technology to miniLEDs.<\/p>","protected":false},"author":2,"featured_media":12067,"comment_status":"closed","ping_status":"closed","sticky":false,"template":"","format":"standard","meta":{"jnews-multi-image_gallery":[],"jnews_single_post":{"subtitle":"","format":"standard","video":"","gallery":"","source_name":"","source_url":"","via_name":"","via_url":"","override":[{"single_blog_custom":"","sidebar":"","second_sidebar":"","share_position":"","share_float_style":"","post_date_format":"","post_date_format_custom":"","post_reading_time_wpm":"","zoom_button_out_step":"1","zoom_button_in_step":"1","number_popup_post":"1"}],"image_override":[{"single_post_thumbnail_size":"","single_post_gallery_size":""}],"trending_post_position":"","trending_post_label":"","sponsored_post_label":"","sponsored_post_name":"","sponsored_post_url":"","sponsored_post_logo":"","sponsored_post_desc":""},"jnews_primary_category":{"id":"274"},"footnotes":""},"categories":[25],"tags":[18,337,40,50],"class_list":["post-13520","post","type-post","status-publish","format-standard","has-post-thumbnail","hentry","category-rumors","tag-ipad","tag-ipad-pro-2021","tag-mac","tag-macbook-pro"],"yoast_head":"<!-- This site is optimized with the Yoast SEO Premium plugin v27.5 (Yoast SEO v27.5) - https:\/\/yoast.com\/product\/yoast-seo-premium-wordpress\/ -->\n<title>MacBook Pro 14&quot; mit MiniLED f\u00fcr 2021 geplant Apfelpatient<\/title>\n<meta name=\"description\" content=\"Neues MacBook Pro mit 14&quot; Display: Diverse Analysten haben bereits eine Umstellung der Display-Technologie auf MiniLEDs in Aussicht gestellt.\" \/>\n<meta name=\"robots\" content=\"index, follow, max-snippet:-1, max-image-preview:large, max-video-preview:-1\" \/>\n<link rel=\"canonical\" href=\"https:\/\/www.apfelpatient.de\/en\/rumors\/macbook-pro-14-with-miniled-planned-for-2021\" \/>\n<meta property=\"og:locale\" content=\"en_US\" \/>\n<meta property=\"og:type\" content=\"article\" \/>\n<meta property=\"og:title\" content=\"MacBook Pro 14&quot; mit MiniLED f\u00fcr 2021 geplant\" \/>\n<meta property=\"og:description\" content=\"Neues MacBook Pro mit 14&quot; Display: Diverse Analysten haben bereits eine Umstellung der Display-Technologie auf MiniLEDs in Aussicht gestellt.\" \/>\n<meta property=\"og:url\" content=\"https:\/\/www.apfelpatient.de\/en\/rumors\/macbook-pro-14-with-miniled-planned-for-2021\" \/>\n<meta property=\"og:site_name\" content=\"Apfelpatient\" \/>\n<meta property=\"article:publisher\" content=\"https:\/\/www.facebook.com\/apfelpatientOfficial\" \/>\n<meta property=\"article:author\" content=\"https:\/\/www.facebook.com\/apfelpatientOfficial\" \/>\n<meta property=\"article:published_time\" content=\"2020-07-08T17:41:10+00:00\" \/>\n<meta property=\"og:image\" content=\"https:\/\/www.apfelpatient.de\/wp-content\/uploads\/2020\/05\/Apple_macbookpro-13-inch_screen_05042020.jpg\" \/>\n\t<meta property=\"og:image:width\" content=\"1960\" \/>\n\t<meta property=\"og:image:height\" content=\"1102\" \/>\n\t<meta property=\"og:image:type\" content=\"image\/jpeg\" \/>\n<meta name=\"author\" content=\"Milan\" \/>\n<meta name=\"twitter:card\" content=\"summary_large_image\" \/>\n<meta name=\"twitter:description\" content=\"Neues MacBook Pro mit 14&quot; Display: Diverse Analysten haben bereits eine Umstellung der Display-Technologie auf MiniLEDs in Aussicht gestellt.\" \/>\n<meta name=\"twitter:label1\" content=\"Written by\" \/>\n\t<meta name=\"twitter:data1\" content=\"Milan\" \/>\n\t<meta name=\"twitter:label2\" content=\"Est. reading time\" \/>\n\t<meta name=\"twitter:data2\" content=\"1 minute\" \/>\n<script type=\"application\/ld+json\" class=\"yoast-schema-graph\">{\"@context\":\"https:\\\/\\\/schema.org\",\"@graph\":[{\"@type\":\"NewsArticle\",\"@id\":\"https:\\\/\\\/www.apfelpatient.de\\\/rumors\\\/macbook-pro-14-mit-miniled-fuer-2021-geplant#article\",\"isPartOf\":{\"@id\":\"https:\\\/\\\/www.apfelpatient.de\\\/rumors\\\/macbook-pro-14-mit-miniled-fuer-2021-geplant\"},\"author\":{\"@type\":\"Organization\",\"@id\":\"https:\\\/\\\/www.apfelpatient.de\\\/en\\\/#organization\",\"name\":\"Apfelpatient\",\"url\":\"https:\\\/\\\/www.apfelpatient.de\\\/en\\\/\"},\"headline\":\"MacBook Pro 14&#8243; mit MiniLED f\u00fcr 2021 geplant\",\"datePublished\":\"2020-07-08T17:41:10+00:00\",\"mainEntityOfPage\":{\"@id\":\"https:\\\/\\\/www.apfelpatient.de\\\/rumors\\\/macbook-pro-14-mit-miniled-fuer-2021-geplant\"},\"wordCount\":268,\"publisher\":{\"@type\":\"Organization\",\"@id\":\"https:\\\/\\\/www.apfelpatient.de\\\/en\\\/#organization\",\"name\":\"Apfelpatient\",\"url\":\"https:\\\/\\\/www.apfelpatient.de\\\/en\\\/\"},\"image\":{\"@id\":\"https:\\\/\\\/www.apfelpatient.de\\\/rumors\\\/macbook-pro-14-mit-miniled-fuer-2021-geplant#primaryimage\"},\"thumbnailUrl\":\"https:\\\/\\\/www.apfelpatient.de\\\/wp-content\\\/uploads\\\/2020\\\/05\\\/Apple_macbookpro-13-inch_screen_05042020.jpg\",\"keywords\":[\"iPad\",\"iPad Pro 2021\",\"Mac\",\"MacBook Pro\"],\"articleSection\":\"Rumors\",\"inLanguage\":\"en-US\",\"copyrightYear\":\"2020\",\"copyrightHolder\":{\"@id\":\"https:\\\/\\\/www.apfelpatient.de\\\/en\\\/#organization\"}},{\"@type\":\"WebPage\",\"@id\":\"https:\\\/\\\/www.apfelpatient.de\\\/rumors\\\/macbook-pro-14-mit-miniled-fuer-2021-geplant\",\"url\":\"https:\\\/\\\/www.apfelpatient.de\\\/rumors\\\/macbook-pro-14-mit-miniled-fuer-2021-geplant\",\"name\":\"MacBook Pro 14\\\" mit MiniLED f\u00fcr 2021 geplant Apfelpatient\",\"isPartOf\":{\"@id\":\"https:\\\/\\\/www.apfelpatient.de\\\/#website\"},\"primaryImageOfPage\":{\"@id\":\"https:\\\/\\\/www.apfelpatient.de\\\/rumors\\\/macbook-pro-14-mit-miniled-fuer-2021-geplant#primaryimage\"},\"image\":{\"@id\":\"https:\\\/\\\/www.apfelpatient.de\\\/rumors\\\/macbook-pro-14-mit-miniled-fuer-2021-geplant#primaryimage\"},\"thumbnailUrl\":\"https:\\\/\\\/www.apfelpatient.de\\\/wp-content\\\/uploads\\\/2020\\\/05\\\/Apple_macbookpro-13-inch_screen_05042020.jpg\",\"datePublished\":\"2020-07-08T17:41:10+00:00\",\"description\":\"Neues MacBook Pro mit 14\\\" Display: Diverse Analysten haben bereits eine Umstellung der Display-Technologie auf MiniLEDs in Aussicht gestellt.\",\"breadcrumb\":{\"@id\":\"https:\\\/\\\/www.apfelpatient.de\\\/rumors\\\/macbook-pro-14-mit-miniled-fuer-2021-geplant#breadcrumb\"},\"inLanguage\":\"en-US\",\"potentialAction\":[{\"@type\":\"ReadAction\",\"target\":[\"https:\\\/\\\/www.apfelpatient.de\\\/rumors\\\/macbook-pro-14-mit-miniled-fuer-2021-geplant\"]}]},{\"@type\":\"ImageObject\",\"inLanguage\":\"en-US\",\"@id\":\"https:\\\/\\\/www.apfelpatient.de\\\/rumors\\\/macbook-pro-14-mit-miniled-fuer-2021-geplant#primaryimage\",\"url\":\"https:\\\/\\\/www.apfelpatient.de\\\/wp-content\\\/uploads\\\/2020\\\/05\\\/Apple_macbookpro-13-inch_screen_05042020.jpg\",\"contentUrl\":\"https:\\\/\\\/www.apfelpatient.de\\\/wp-content\\\/uploads\\\/2020\\\/05\\\/Apple_macbookpro-13-inch_screen_05042020.jpg\",\"width\":1960,\"height\":1102,\"caption\":\"Bild: Apple\"},{\"@type\":\"BreadcrumbList\",\"@id\":\"https:\\\/\\\/www.apfelpatient.de\\\/rumors\\\/macbook-pro-14-mit-miniled-fuer-2021-geplant#breadcrumb\",\"itemListElement\":[{\"@type\":\"ListItem\",\"position\":1,\"name\":\"Startseite\",\"item\":\"https:\\\/\\\/www.apfelpatient.de\\\/\"},{\"@type\":\"ListItem\",\"position\":2,\"name\":\"MacBook Pro 14&#8243; mit MiniLED f\u00fcr 2021 geplant\"}]},{\"@type\":\"WebSite\",\"@id\":\"https:\\\/\\\/www.apfelpatient.de\\\/#website\",\"url\":\"https:\\\/\\\/www.apfelpatient.de\\\/\",\"name\":\"Apfelpatient\",\"description\":\"Alles rund um Apple!\",\"publisher\":{\"@type\":\"Organization\",\"@id\":\"https:\\\/\\\/www.apfelpatient.de\\\/en\\\/#organization\",\"name\":\"Apfelpatient\",\"url\":\"https:\\\/\\\/www.apfelpatient.de\\\/en\\\/\"},\"alternateName\":\"Apfelpatient\",\"potentialAction\":[{\"@type\":\"SearchAction\",\"target\":{\"@type\":\"EntryPoint\",\"urlTemplate\":\"https:\\\/\\\/www.apfelpatient.de\\\/?s={search_term_string}\"},\"query-input\":{\"@type\":\"PropertyValueSpecification\",\"valueRequired\":true,\"valueName\":\"search_term_string\"}}],\"inLanguage\":\"en-US\"},{\"@type\":[\"Person\",\"Organization\"],\"@id\":\"https:\\\/\\\/www.apfelpatient.de\\\/#\\\/schema\\\/person\\\/7dc56ad6c8e9824b76d2c08d4c140e13\",\"name\":\"Milan\",\"logo\":{\"@id\":\"https:\\\/\\\/www.apfelpatient.de\\\/#\\\/schema\\\/person\\\/image\\\/\"},\"description\":\"Hallo und herzlich willkommen auf meinem Technik-Blog! Als gro\u00dfer Apple-Fan berichte ich hier \u00fcber alles, was mit Apple zu tun hat: von den neuesten News und spannenden Ger\u00fcchten \u00fcber hilfreiche Tipps und Tricks bis hin zu ausf\u00fchrlichen Produkttests. Wenn du genauso technikbegeistert bist wie ich, bist du hier genau richtig!\",\"sameAs\":[\"https:\\\/\\\/www.facebook.com\\\/apfelpatientOfficial\",\"https:\\\/\\\/www.linkedin.com\\\/in\\\/milan-jovicic-42aa0231b\"],\"url\":\"https:\\\/\\\/www.apfelpatient.de\\\/en\\\/author\\\/apfeladmin\"}]}<\/script>\n<!-- \/ Yoast SEO Premium plugin. -->","yoast_head_json":{"title":"MacBook Pro 14&quot; with MiniLED planned for 2021 Apfelpatient","description":"New MacBook Pro with 14&quot; display: Various analysts have already announced a switch in display technology to mini-LEDs.","robots":{"index":"index","follow":"follow","max-snippet":"max-snippet:-1","max-image-preview":"max-image-preview:large","max-video-preview":"max-video-preview:-1"},"canonical":"https:\/\/www.apfelpatient.de\/en\/rumors\/macbook-pro-14-with-miniled-planned-for-2021","og_locale":"en_US","og_type":"article","og_title":"MacBook Pro 14\" mit MiniLED f\u00fcr 2021 geplant","og_description":"Neues MacBook Pro mit 14\" Display: Diverse Analysten haben bereits eine Umstellung der Display-Technologie auf MiniLEDs in Aussicht gestellt.","og_url":"https:\/\/www.apfelpatient.de\/en\/rumors\/macbook-pro-14-with-miniled-planned-for-2021","og_site_name":"Apfelpatient","article_publisher":"https:\/\/www.facebook.com\/apfelpatientOfficial","article_author":"https:\/\/www.facebook.com\/apfelpatientOfficial","article_published_time":"2020-07-08T17:41:10+00:00","og_image":[{"width":1960,"height":1102,"url":"https:\/\/www.apfelpatient.de\/wp-content\/uploads\/2020\/05\/Apple_macbookpro-13-inch_screen_05042020.jpg","type":"image\/jpeg"}],"author":"Milan","twitter_card":"summary_large_image","twitter_description":"Neues MacBook Pro mit 14\" Display: Diverse Analysten haben bereits eine Umstellung der Display-Technologie auf MiniLEDs in Aussicht gestellt.","twitter_misc":{"Written by":"Milan","Est. reading time":"1 minute"},"schema":{"@context":"https:\/\/schema.org","@graph":[{"@type":"NewsArticle","@id":"https:\/\/www.apfelpatient.de\/rumors\/macbook-pro-14-mit-miniled-fuer-2021-geplant#article","isPartOf":{"@id":"https:\/\/www.apfelpatient.de\/rumors\/macbook-pro-14-mit-miniled-fuer-2021-geplant"},"author":{"@type":"Organization","@id":"https:\/\/www.apfelpatient.de\/en\/#organization","name":"Apfelpatient","url":"https:\/\/www.apfelpatient.de\/en\/"},"headline":"MacBook Pro 14&#8243; mit MiniLED f\u00fcr 2021 geplant","datePublished":"2020-07-08T17:41:10+00:00","mainEntityOfPage":{"@id":"https:\/\/www.apfelpatient.de\/rumors\/macbook-pro-14-mit-miniled-fuer-2021-geplant"},"wordCount":268,"publisher":{"@type":"Organization","@id":"https:\/\/www.apfelpatient.de\/en\/#organization","name":"Apfelpatient","url":"https:\/\/www.apfelpatient.de\/en\/"},"image":{"@id":"https:\/\/www.apfelpatient.de\/rumors\/macbook-pro-14-mit-miniled-fuer-2021-geplant#primaryimage"},"thumbnailUrl":"https:\/\/www.apfelpatient.de\/wp-content\/uploads\/2020\/05\/Apple_macbookpro-13-inch_screen_05042020.jpg","keywords":["iPad","iPad Pro 2021","Mac","MacBook Pro"],"articleSection":"Rumors","inLanguage":"en-US","copyrightYear":"2020","copyrightHolder":{"@id":"https:\/\/www.apfelpatient.de\/en\/#organization"}},{"@type":"WebPage","@id":"https:\/\/www.apfelpatient.de\/rumors\/macbook-pro-14-mit-miniled-fuer-2021-geplant","url":"https:\/\/www.apfelpatient.de\/rumors\/macbook-pro-14-mit-miniled-fuer-2021-geplant","name":"MacBook Pro 14&quot; with MiniLED planned for 2021 Apfelpatient","isPartOf":{"@id":"https:\/\/www.apfelpatient.de\/#website"},"primaryImageOfPage":{"@id":"https:\/\/www.apfelpatient.de\/rumors\/macbook-pro-14-mit-miniled-fuer-2021-geplant#primaryimage"},"image":{"@id":"https:\/\/www.apfelpatient.de\/rumors\/macbook-pro-14-mit-miniled-fuer-2021-geplant#primaryimage"},"thumbnailUrl":"https:\/\/www.apfelpatient.de\/wp-content\/uploads\/2020\/05\/Apple_macbookpro-13-inch_screen_05042020.jpg","datePublished":"2020-07-08T17:41:10+00:00","description":"New MacBook Pro with 14&quot; display: Various analysts have already announced a switch in display technology to mini-LEDs.","breadcrumb":{"@id":"https:\/\/www.apfelpatient.de\/rumors\/macbook-pro-14-mit-miniled-fuer-2021-geplant#breadcrumb"},"inLanguage":"en-US","potentialAction":[{"@type":"ReadAction","target":["https:\/\/www.apfelpatient.de\/rumors\/macbook-pro-14-mit-miniled-fuer-2021-geplant"]}]},{"@type":"ImageObject","inLanguage":"en-US","@id":"https:\/\/www.apfelpatient.de\/rumors\/macbook-pro-14-mit-miniled-fuer-2021-geplant#primaryimage","url":"https:\/\/www.apfelpatient.de\/wp-content\/uploads\/2020\/05\/Apple_macbookpro-13-inch_screen_05042020.jpg","contentUrl":"https:\/\/www.apfelpatient.de\/wp-content\/uploads\/2020\/05\/Apple_macbookpro-13-inch_screen_05042020.jpg","width":1960,"height":1102,"caption":"Bild: Apple"},{"@type":"BreadcrumbList","@id":"https:\/\/www.apfelpatient.de\/rumors\/macbook-pro-14-mit-miniled-fuer-2021-geplant#breadcrumb","itemListElement":[{"@type":"ListItem","position":1,"name":"Startseite","item":"https:\/\/www.apfelpatient.de\/"},{"@type":"ListItem","position":2,"name":"MacBook Pro 14&#8243; mit MiniLED f\u00fcr 2021 geplant"}]},{"@type":"WebSite","@id":"https:\/\/www.apfelpatient.de\/#website","url":"https:\/\/www.apfelpatient.de\/","name":"apple patient","description":"Everything about Apple!","publisher":{"@type":"Organization","@id":"https:\/\/www.apfelpatient.de\/en\/#organization","name":"Apfelpatient","url":"https:\/\/www.apfelpatient.de\/en\/"},"alternateName":"Apfelpatient","potentialAction":[{"@type":"SearchAction","target":{"@type":"EntryPoint","urlTemplate":"https:\/\/www.apfelpatient.de\/?s={search_term_string}"},"query-input":{"@type":"PropertyValueSpecification","valueRequired":true,"valueName":"search_term_string"}}],"inLanguage":"en-US"},{"@type":["Person","Organization"],"@id":"https:\/\/www.apfelpatient.de\/#\/schema\/person\/7dc56ad6c8e9824b76d2c08d4c140e13","name":"Milan","logo":{"@id":"https:\/\/www.apfelpatient.de\/#\/schema\/person\/image\/"},"description":"Hello and welcome to my technology blog! As a big Apple fan, I report on everything to do with Apple: from the latest news and exciting rumors to helpful tips and tricks and detailed product tests. If you are as enthusiastic about technology as I am, you have come to the right place!","sameAs":["https:\/\/www.facebook.com\/apfelpatientOfficial","https:\/\/www.linkedin.com\/in\/milan-jovicic-42aa0231b"],"url":"https:\/\/www.apfelpatient.de\/en\/author\/apfeladmin"}]}},"_links":{"self":[{"href":"https:\/\/www.apfelpatient.de\/en\/wp-json\/wp\/v2\/posts\/13520","targetHints":{"allow":["GET"]}}],"collection":[{"href":"https:\/\/www.apfelpatient.de\/en\/wp-json\/wp\/v2\/posts"}],"about":[{"href":"https:\/\/www.apfelpatient.de\/en\/wp-json\/wp\/v2\/types\/post"}],"author":[{"embeddable":true,"href":"https:\/\/www.apfelpatient.de\/en\/wp-json\/wp\/v2\/users\/2"}],"replies":[{"embeddable":true,"href":"https:\/\/www.apfelpatient.de\/en\/wp-json\/wp\/v2\/comments?post=13520"}],"version-history":[{"count":0,"href":"https:\/\/www.apfelpatient.de\/en\/wp-json\/wp\/v2\/posts\/13520\/revisions"}],"wp:featuredmedia":[{"embeddable":true,"href":"https:\/\/www.apfelpatient.de\/en\/wp-json\/wp\/v2\/media\/12067"}],"wp:attachment":[{"href":"https:\/\/www.apfelpatient.de\/en\/wp-json\/wp\/v2\/media?parent=13520"}],"wp:term":[{"taxonomy":"category","embeddable":true,"href":"https:\/\/www.apfelpatient.de\/en\/wp-json\/wp\/v2\/categories?post=13520"},{"taxonomy":"post_tag","embeddable":true,"href":"https:\/\/www.apfelpatient.de\/en\/wp-json\/wp\/v2\/tags?post=13520"}],"curies":[{"name":"wp","href":"https:\/\/api.w.org\/{rel}","templated":true}]}}