{"id":13468,"date":"2020-07-07T15:02:54","date_gmt":"2020-07-07T13:02:54","guid":{"rendered":"https:\/\/www.apfelpatient.de\/?p=13468"},"modified":"2020-07-07T15:02:54","modified_gmt":"2020-07-07T13:02:54","slug":"airpods-3-that-changes-inside","status":"publish","type":"post","link":"https:\/\/www.apfelpatient.de\/en\/rumors\/airpods-3-das-aendert-sich-im-inneren","title":{"rendered":"AirPods 3: What&#039;s changing inside"},"content":{"rendered":"<p class=\"has-drop-cap\"><strong>Rumors about a new generation of AirPods have been circulating for several months <a href=\"https:\/\/www.apfelpatient.de\/en\/rumors\/airpods-3-new-design-details-and-more\" class=\"ek-link\"><span style=\"text-decoration: underline;\" class=\"ek-underline\">documented<\/span><\/a>But not much is known about the AirPods 3 so far. Now star analyst Ming-Chi Kuo has reported back.<\/strong><\/p>\n\n\n\n<p>Apple introduced the second generation of AirPods in spring 2019 and only made minor changes. The AirPods Pro followed at the end of 2019. These have an in-ear design and offer the wearer noise cancellation. But fans are now asking themselves when will the AirPods 3 be introduced? What new features do the earbuds offer? Apple analyst Ming-Chi Kuo wants to know the answer to this. Apple is planning a fundamental change that he has already mentioned in previous reports. According to him, the AirPods 3 will use SiP technology. <\/p>\n\n\n\n<h3 class=\"wp-block-heading\">External adaptation to the Pro version?<\/h3>\n\n\n\n\n\n\n\n<p>This means that they will have a more complex system-in-package chip solution inside, which is already used in the AirPods Pro. Unlike SMT technology, SiP systems usually allow manufacturers to fit more components in a smaller space. In the case of the AirPods Pro, the SiP design houses the H1 chip designed by Apple, which processes audio, Siri commands, noise cancellation functions and more. Now this same technology is also to be used in the normal AirPods. What exactly this means for users, however, remains unclear. It is suspected that Apple will be releasing the third generation of the <a href=\"https:\/\/www.apple.com\/de\/airpods\/\" class=\"ek-link\"><span style=\"text-decoration: underline;\" class=\"ek-underline\">plug<\/span><\/a> to the Pro version. Accordingly, these could adopt a similar design but appear without the in-ear component. It cannot be ruled out that more advanced functions will be integrated - says Kuo. <\/p>\n\n\n\n<h3 class=\"wp-block-heading\">AirPods 3 could be released in spring 2021<\/h3>\n\n\n\n<p>Regarding the release date, the analyst again predicted the first half of 2021 and thus sticks to his forecast. Jon Prosser - a newcomer among the leakers - contradicted Kuo some time ago and suggested the month of May 2020. Obviously Prosser was wrong. Whatever. Since Apple usually holds a keynote in the spring (with the exception of this year), it stands to reason that the new product will be presented in March 2021. Do you want new headphones? Then take a look at our&nbsp;<a href=\"https:\/\/www.amazon.de\/shop\/apfelpatientofficial\" class=\"ek-link\"><span style=\"text-decoration: underline;\" class=\"ek-underline\">Amazon Storefront<\/span><\/a>&nbsp;over \u2013 there we have all the current&nbsp;<a href=\"https:\/\/www.amazon.de\/shop\/apfelpatientofficial?listId=2SH1KEP4J41TE\" class=\"ek-link\"><span style=\"text-decoration: underline;\" class=\"ek-underline\">AirPods<\/span><\/a>&nbsp;as well as&nbsp;<a href=\"https:\/\/www.amazon.de\/shop\/apfelpatientofficial?listId=Y5GHEMJAJLDF\" class=\"ek-link\"><span style=\"text-decoration: underline;\" class=\"ek-underline\">Beats<\/span><\/a>&nbsp;Models summarized for you. <em>(Photo by FototoCam \/ Bigstockphoto)<\/em><\/p>\n\n\n\n<h6 class=\"wp-block-heading translation-block\" id=\"h-kennt-ihr-schon-unsere-amazon-storefront-dort-findet-ihr-eine-handverlesene-auswahl-von-diversen-produkten-f-r-euer-iphone-und-co-viel-spa-beim-st-bern\"><em>Have you already visited our Amazon Storefront? There you&#039;ll find a hand-picked selection of various products for your iPhone and other devices \u2013 <span class=\"has-inline-color has-vivid-red-color\"><a href=\"https:\/\/www.amazon.de\/shop\/apfelpatientofficial\" class=\"ek-link\" data-wpel-link=\"exclude\" rel=\"follow noopener\" target=\"_self\"><span style=\"text-decoration: underline\" class=\"ek-underline\">enjoy browsing<\/span><\/a> !<\/span><\/em><\/h6>\n\n\n\n\n\n<h6 class=\"wp-block-heading translation-block\" id=\"h-der-beitrag-enthalt-partnerlinks\">This post contains <a data-type=\"URL\" data-id=\"https:\/\/www.apfelpatient.de\/partnerprogramm\" href=\"https:\/\/www.apfelpatient.de\/en\/partner-program\" data-wpel-link=\"internal\" target=\"_self\">affiliate links<\/a>.<\/h6>","protected":false},"excerpt":{"rendered":"<p>What features will the AirPods 3 include? Will Apple give the popular earbuds a new design? An analyst answers.<\/p>","protected":false},"author":2,"featured_media":11855,"comment_status":"closed","ping_status":"closed","sticky":false,"template":"","format":"standard","meta":{"jnews-multi-image_gallery":[],"jnews_single_post":{"subtitle":"","format":"standard","video":"","gallery":"","source_name":"","source_url":"","via_name":"","via_url":"","override":[{"single_blog_custom":"","sidebar":"","second_sidebar":"","share_position":"","share_float_style":"","post_date_format":"","post_date_format_custom":"","post_reading_time_wpm":"","zoom_button_out_step":"1","zoom_button_in_step":"1","number_popup_post":"1"}],"image_override":[{"single_post_thumbnail_size":"","single_post_gallery_size":""}],"trending_post_position":"","trending_post_label":"","sponsored_post_label":"","sponsored_post_name":"","sponsored_post_url":"","sponsored_post_logo":"","sponsored_post_desc":""},"jnews_primary_category":{"id":"274"},"footnotes":""},"categories":[25],"tags":[28,255],"class_list":["post-13468","post","type-post","status-publish","format-standard","has-post-thumbnail","hentry","category-rumors","tag-airpods","tag-airpods-3"],"yoast_head":"<!-- This site is optimized with the Yoast SEO Premium plugin v27.5 (Yoast SEO v27.5) - https:\/\/yoast.com\/product\/yoast-seo-premium-wordpress\/ -->\n<title>AirPods 3: Das \u00e4ndert sich im Inneren Apfelpatient<\/title>\n<meta name=\"description\" content=\"Welche Funktionen werden die AirPods 3 enthalten? Wird Apple den beliebten St\u00f6pseln ein neues Design spendieren? Ein Analyst antwortet.\" \/>\n<meta name=\"robots\" content=\"index, follow, max-snippet:-1, max-image-preview:large, max-video-preview:-1\" \/>\n<link rel=\"canonical\" href=\"https:\/\/www.apfelpatient.de\/en\/rumors\/airpods-3-that-changes-inside\" \/>\n<meta property=\"og:locale\" content=\"en_US\" \/>\n<meta property=\"og:type\" content=\"article\" \/>\n<meta property=\"og:title\" content=\"AirPods 3: Das \u00e4ndert sich im Inneren\" \/>\n<meta property=\"og:description\" content=\"Welche Funktionen werden die AirPods 3 enthalten? Wird Apple den beliebten St\u00f6pseln ein neues Design spendieren? Ein Analyst antwortet.\" \/>\n<meta property=\"og:url\" content=\"https:\/\/www.apfelpatient.de\/en\/rumors\/airpods-3-that-changes-inside\" \/>\n<meta property=\"og:site_name\" content=\"Apfelpatient\" \/>\n<meta property=\"article:publisher\" content=\"https:\/\/www.facebook.com\/apfelpatientOfficial\" \/>\n<meta property=\"article:author\" content=\"https:\/\/www.facebook.com\/apfelpatientOfficial\" \/>\n<meta property=\"article:published_time\" content=\"2020-07-07T13:02:54+00:00\" \/>\n<meta property=\"og:image\" content=\"https:\/\/www.apfelpatient.de\/wp-content\/uploads\/2020\/04\/bigstock-White-Apple-Airpods-Lie-On-A-D-348961720.jpg\" \/>\n\t<meta property=\"og:image:width\" content=\"1600\" \/>\n\t<meta property=\"og:image:height\" content=\"1067\" \/>\n\t<meta property=\"og:image:type\" content=\"image\/jpeg\" \/>\n<meta name=\"author\" content=\"Milan\" \/>\n<meta name=\"twitter:card\" content=\"summary_large_image\" \/>\n<meta name=\"twitter:description\" content=\"Welche Funktionen werden die AirPods 3 enthalten? Wird Apple den beliebten St\u00f6pseln ein neues Design spendieren? Ein Analyst antwortet.\" \/>\n<meta name=\"twitter:label1\" content=\"Written by\" \/>\n\t<meta name=\"twitter:data1\" content=\"Milan\" \/>\n\t<meta name=\"twitter:label2\" content=\"Est. reading time\" \/>\n\t<meta name=\"twitter:data2\" content=\"2 minutes\" \/>\n<script type=\"application\/ld+json\" class=\"yoast-schema-graph\">{\"@context\":\"https:\\\/\\\/schema.org\",\"@graph\":[{\"@type\":\"NewsArticle\",\"@id\":\"https:\\\/\\\/www.apfelpatient.de\\\/rumors\\\/airpods-3-das-aendert-sich-im-inneren#article\",\"isPartOf\":{\"@id\":\"https:\\\/\\\/www.apfelpatient.de\\\/rumors\\\/airpods-3-das-aendert-sich-im-inneren\"},\"author\":{\"@type\":\"Organization\",\"@id\":\"https:\\\/\\\/www.apfelpatient.de\\\/en\\\/#organization\",\"name\":\"Apfelpatient\",\"url\":\"https:\\\/\\\/www.apfelpatient.de\\\/en\\\/\"},\"headline\":\"AirPods 3: Das \u00e4ndert sich im Inneren\",\"datePublished\":\"2020-07-07T13:02:54+00:00\",\"mainEntityOfPage\":{\"@id\":\"https:\\\/\\\/www.apfelpatient.de\\\/rumors\\\/airpods-3-das-aendert-sich-im-inneren\"},\"wordCount\":390,\"publisher\":{\"@type\":\"Organization\",\"@id\":\"https:\\\/\\\/www.apfelpatient.de\\\/en\\\/#organization\",\"name\":\"Apfelpatient\",\"url\":\"https:\\\/\\\/www.apfelpatient.de\\\/en\\\/\"},\"image\":{\"@id\":\"https:\\\/\\\/www.apfelpatient.de\\\/rumors\\\/airpods-3-das-aendert-sich-im-inneren#primaryimage\"},\"thumbnailUrl\":\"https:\\\/\\\/www.apfelpatient.de\\\/wp-content\\\/uploads\\\/2020\\\/04\\\/bigstock-White-Apple-Airpods-Lie-On-A-D-348961720.jpg\",\"keywords\":[\"AirPods\",\"AirPods 3\"],\"articleSection\":\"Rumors\",\"inLanguage\":\"en-US\",\"copyrightYear\":\"2020\",\"copyrightHolder\":{\"@id\":\"https:\\\/\\\/www.apfelpatient.de\\\/en\\\/#organization\"}},{\"@type\":\"WebPage\",\"@id\":\"https:\\\/\\\/www.apfelpatient.de\\\/rumors\\\/airpods-3-das-aendert-sich-im-inneren\",\"url\":\"https:\\\/\\\/www.apfelpatient.de\\\/rumors\\\/airpods-3-das-aendert-sich-im-inneren\",\"name\":\"AirPods 3: Das \u00e4ndert sich im Inneren Apfelpatient\",\"isPartOf\":{\"@id\":\"https:\\\/\\\/www.apfelpatient.de\\\/#website\"},\"primaryImageOfPage\":{\"@id\":\"https:\\\/\\\/www.apfelpatient.de\\\/rumors\\\/airpods-3-das-aendert-sich-im-inneren#primaryimage\"},\"image\":{\"@id\":\"https:\\\/\\\/www.apfelpatient.de\\\/rumors\\\/airpods-3-das-aendert-sich-im-inneren#primaryimage\"},\"thumbnailUrl\":\"https:\\\/\\\/www.apfelpatient.de\\\/wp-content\\\/uploads\\\/2020\\\/04\\\/bigstock-White-Apple-Airpods-Lie-On-A-D-348961720.jpg\",\"datePublished\":\"2020-07-07T13:02:54+00:00\",\"description\":\"Welche Funktionen werden die AirPods 3 enthalten? Wird Apple den beliebten St\u00f6pseln ein neues Design spendieren? Ein Analyst antwortet.\",\"breadcrumb\":{\"@id\":\"https:\\\/\\\/www.apfelpatient.de\\\/rumors\\\/airpods-3-das-aendert-sich-im-inneren#breadcrumb\"},\"inLanguage\":\"en-US\",\"potentialAction\":[{\"@type\":\"ReadAction\",\"target\":[\"https:\\\/\\\/www.apfelpatient.de\\\/rumors\\\/airpods-3-das-aendert-sich-im-inneren\"]}]},{\"@type\":\"ImageObject\",\"inLanguage\":\"en-US\",\"@id\":\"https:\\\/\\\/www.apfelpatient.de\\\/rumors\\\/airpods-3-das-aendert-sich-im-inneren#primaryimage\",\"url\":\"https:\\\/\\\/www.apfelpatient.de\\\/wp-content\\\/uploads\\\/2020\\\/04\\\/bigstock-White-Apple-Airpods-Lie-On-A-D-348961720.jpg\",\"contentUrl\":\"https:\\\/\\\/www.apfelpatient.de\\\/wp-content\\\/uploads\\\/2020\\\/04\\\/bigstock-White-Apple-Airpods-Lie-On-A-D-348961720.jpg\",\"width\":1600,\"height\":1067,\"caption\":\"white Apple AirPods lie on a dark black surface of iPhone\"},{\"@type\":\"BreadcrumbList\",\"@id\":\"https:\\\/\\\/www.apfelpatient.de\\\/rumors\\\/airpods-3-das-aendert-sich-im-inneren#breadcrumb\",\"itemListElement\":[{\"@type\":\"ListItem\",\"position\":1,\"name\":\"Startseite\",\"item\":\"https:\\\/\\\/www.apfelpatient.de\\\/\"},{\"@type\":\"ListItem\",\"position\":2,\"name\":\"AirPods 3: Das \u00e4ndert sich im Inneren\"}]},{\"@type\":\"WebSite\",\"@id\":\"https:\\\/\\\/www.apfelpatient.de\\\/#website\",\"url\":\"https:\\\/\\\/www.apfelpatient.de\\\/\",\"name\":\"Apfelpatient\",\"description\":\"Alles rund um Apple!\",\"publisher\":{\"@type\":\"Organization\",\"@id\":\"https:\\\/\\\/www.apfelpatient.de\\\/en\\\/#organization\",\"name\":\"Apfelpatient\",\"url\":\"https:\\\/\\\/www.apfelpatient.de\\\/en\\\/\"},\"alternateName\":\"Apfelpatient\",\"potentialAction\":[{\"@type\":\"SearchAction\",\"target\":{\"@type\":\"EntryPoint\",\"urlTemplate\":\"https:\\\/\\\/www.apfelpatient.de\\\/?s={search_term_string}\"},\"query-input\":{\"@type\":\"PropertyValueSpecification\",\"valueRequired\":true,\"valueName\":\"search_term_string\"}}],\"inLanguage\":\"en-US\"},{\"@type\":[\"Person\",\"Organization\"],\"@id\":\"https:\\\/\\\/www.apfelpatient.de\\\/#\\\/schema\\\/person\\\/35b3ddba5832f2bfc7fff5206d4f6b7b\",\"name\":\"Milan\",\"logo\":{\"@id\":\"https:\\\/\\\/www.apfelpatient.de\\\/#\\\/schema\\\/person\\\/image\\\/\"},\"description\":\"Hallo und herzlich willkommen auf meinem Technik-Blog! Als gro\u00dfer Apple-Fan berichte ich hier \u00fcber alles, was mit Apple zu tun hat: von den neuesten News und spannenden Ger\u00fcchten \u00fcber hilfreiche Tipps und Tricks bis hin zu ausf\u00fchrlichen Produkttests. Wenn du genauso technikbegeistert bist wie ich, bist du hier genau richtig!\",\"sameAs\":[\"https:\\\/\\\/www.facebook.com\\\/apfelpatientOfficial\",\"https:\\\/\\\/www.linkedin.com\\\/in\\\/milan-jovicic-42aa0231b\"],\"url\":\"https:\\\/\\\/www.apfelpatient.de\\\/en\\\/author\\\/apfeladmin\"}]}<\/script>\n<!-- \/ Yoast SEO Premium plugin. -->","yoast_head_json":{"title":"AirPods 3: What&#039;s changing inside Apfelpatient","description":"What features will the AirPods 3 include? Will Apple give the popular earbuds a new design? An analyst answers.","robots":{"index":"index","follow":"follow","max-snippet":"max-snippet:-1","max-image-preview":"max-image-preview:large","max-video-preview":"max-video-preview:-1"},"canonical":"https:\/\/www.apfelpatient.de\/en\/rumors\/airpods-3-that-changes-inside","og_locale":"en_US","og_type":"article","og_title":"AirPods 3: Das \u00e4ndert sich im Inneren","og_description":"Welche Funktionen werden die AirPods 3 enthalten? Wird Apple den beliebten St\u00f6pseln ein neues Design spendieren? Ein Analyst antwortet.","og_url":"https:\/\/www.apfelpatient.de\/en\/rumors\/airpods-3-that-changes-inside","og_site_name":"Apfelpatient","article_publisher":"https:\/\/www.facebook.com\/apfelpatientOfficial","article_author":"https:\/\/www.facebook.com\/apfelpatientOfficial","article_published_time":"2020-07-07T13:02:54+00:00","og_image":[{"width":1600,"height":1067,"url":"https:\/\/www.apfelpatient.de\/wp-content\/uploads\/2020\/04\/bigstock-White-Apple-Airpods-Lie-On-A-D-348961720.jpg","type":"image\/jpeg"}],"author":"Milan","twitter_card":"summary_large_image","twitter_description":"Welche Funktionen werden die AirPods 3 enthalten? Wird Apple den beliebten St\u00f6pseln ein neues Design spendieren? Ein Analyst antwortet.","twitter_misc":{"Written by":"Milan","Est. reading time":"2 minutes"},"schema":{"@context":"https:\/\/schema.org","@graph":[{"@type":"NewsArticle","@id":"https:\/\/www.apfelpatient.de\/rumors\/airpods-3-das-aendert-sich-im-inneren#article","isPartOf":{"@id":"https:\/\/www.apfelpatient.de\/rumors\/airpods-3-das-aendert-sich-im-inneren"},"author":{"@type":"Organization","@id":"https:\/\/www.apfelpatient.de\/en\/#organization","name":"Apfelpatient","url":"https:\/\/www.apfelpatient.de\/en\/"},"headline":"AirPods 3: Das \u00e4ndert sich im Inneren","datePublished":"2020-07-07T13:02:54+00:00","mainEntityOfPage":{"@id":"https:\/\/www.apfelpatient.de\/rumors\/airpods-3-das-aendert-sich-im-inneren"},"wordCount":390,"publisher":{"@type":"Organization","@id":"https:\/\/www.apfelpatient.de\/en\/#organization","name":"Apfelpatient","url":"https:\/\/www.apfelpatient.de\/en\/"},"image":{"@id":"https:\/\/www.apfelpatient.de\/rumors\/airpods-3-das-aendert-sich-im-inneren#primaryimage"},"thumbnailUrl":"https:\/\/www.apfelpatient.de\/wp-content\/uploads\/2020\/04\/bigstock-White-Apple-Airpods-Lie-On-A-D-348961720.jpg","keywords":["AirPods","AirPods 3"],"articleSection":"Rumors","inLanguage":"en-US","copyrightYear":"2020","copyrightHolder":{"@id":"https:\/\/www.apfelpatient.de\/en\/#organization"}},{"@type":"WebPage","@id":"https:\/\/www.apfelpatient.de\/rumors\/airpods-3-das-aendert-sich-im-inneren","url":"https:\/\/www.apfelpatient.de\/rumors\/airpods-3-das-aendert-sich-im-inneren","name":"AirPods 3: What&#039;s changing inside Apfelpatient","isPartOf":{"@id":"https:\/\/www.apfelpatient.de\/#website"},"primaryImageOfPage":{"@id":"https:\/\/www.apfelpatient.de\/rumors\/airpods-3-das-aendert-sich-im-inneren#primaryimage"},"image":{"@id":"https:\/\/www.apfelpatient.de\/rumors\/airpods-3-das-aendert-sich-im-inneren#primaryimage"},"thumbnailUrl":"https:\/\/www.apfelpatient.de\/wp-content\/uploads\/2020\/04\/bigstock-White-Apple-Airpods-Lie-On-A-D-348961720.jpg","datePublished":"2020-07-07T13:02:54+00:00","description":"What features will the AirPods 3 include? Will Apple give the popular earbuds a new design? An analyst answers.","breadcrumb":{"@id":"https:\/\/www.apfelpatient.de\/rumors\/airpods-3-das-aendert-sich-im-inneren#breadcrumb"},"inLanguage":"en-US","potentialAction":[{"@type":"ReadAction","target":["https:\/\/www.apfelpatient.de\/rumors\/airpods-3-das-aendert-sich-im-inneren"]}]},{"@type":"ImageObject","inLanguage":"en-US","@id":"https:\/\/www.apfelpatient.de\/rumors\/airpods-3-das-aendert-sich-im-inneren#primaryimage","url":"https:\/\/www.apfelpatient.de\/wp-content\/uploads\/2020\/04\/bigstock-White-Apple-Airpods-Lie-On-A-D-348961720.jpg","contentUrl":"https:\/\/www.apfelpatient.de\/wp-content\/uploads\/2020\/04\/bigstock-White-Apple-Airpods-Lie-On-A-D-348961720.jpg","width":1600,"height":1067,"caption":"white Apple AirPods lie on a dark black surface of iPhone"},{"@type":"BreadcrumbList","@id":"https:\/\/www.apfelpatient.de\/rumors\/airpods-3-das-aendert-sich-im-inneren#breadcrumb","itemListElement":[{"@type":"ListItem","position":1,"name":"Startseite","item":"https:\/\/www.apfelpatient.de\/"},{"@type":"ListItem","position":2,"name":"AirPods 3: Das \u00e4ndert sich im Inneren"}]},{"@type":"WebSite","@id":"https:\/\/www.apfelpatient.de\/#website","url":"https:\/\/www.apfelpatient.de\/","name":"apple patient","description":"Everything about Apple!","publisher":{"@type":"Organization","@id":"https:\/\/www.apfelpatient.de\/en\/#organization","name":"Apfelpatient","url":"https:\/\/www.apfelpatient.de\/en\/"},"alternateName":"Apfelpatient","potentialAction":[{"@type":"SearchAction","target":{"@type":"EntryPoint","urlTemplate":"https:\/\/www.apfelpatient.de\/?s={search_term_string}"},"query-input":{"@type":"PropertyValueSpecification","valueRequired":true,"valueName":"search_term_string"}}],"inLanguage":"en-US"},{"@type":["Person","Organization"],"@id":"https:\/\/www.apfelpatient.de\/#\/schema\/person\/35b3ddba5832f2bfc7fff5206d4f6b7b","name":"Milan","logo":{"@id":"https:\/\/www.apfelpatient.de\/#\/schema\/person\/image\/"},"description":"Hello and welcome to my technology blog! As a big Apple fan, I report on everything to do with Apple: from the latest news and exciting rumors to helpful tips and tricks and detailed product tests. If you are as enthusiastic about technology as I am, you have come to the right place!","sameAs":["https:\/\/www.facebook.com\/apfelpatientOfficial","https:\/\/www.linkedin.com\/in\/milan-jovicic-42aa0231b"],"url":"https:\/\/www.apfelpatient.de\/en\/author\/apfeladmin"}]}},"_links":{"self":[{"href":"https:\/\/www.apfelpatient.de\/en\/wp-json\/wp\/v2\/posts\/13468","targetHints":{"allow":["GET"]}}],"collection":[{"href":"https:\/\/www.apfelpatient.de\/en\/wp-json\/wp\/v2\/posts"}],"about":[{"href":"https:\/\/www.apfelpatient.de\/en\/wp-json\/wp\/v2\/types\/post"}],"author":[{"embeddable":true,"href":"https:\/\/www.apfelpatient.de\/en\/wp-json\/wp\/v2\/users\/2"}],"replies":[{"embeddable":true,"href":"https:\/\/www.apfelpatient.de\/en\/wp-json\/wp\/v2\/comments?post=13468"}],"version-history":[{"count":0,"href":"https:\/\/www.apfelpatient.de\/en\/wp-json\/wp\/v2\/posts\/13468\/revisions"}],"wp:featuredmedia":[{"embeddable":true,"href":"https:\/\/www.apfelpatient.de\/en\/wp-json\/wp\/v2\/media\/11855"}],"wp:attachment":[{"href":"https:\/\/www.apfelpatient.de\/en\/wp-json\/wp\/v2\/media?parent=13468"}],"wp:term":[{"taxonomy":"category","embeddable":true,"href":"https:\/\/www.apfelpatient.de\/en\/wp-json\/wp\/v2\/categories?post=13468"},{"taxonomy":"post_tag","embeddable":true,"href":"https:\/\/www.apfelpatient.de\/en\/wp-json\/wp\/v2\/tags?post=13468"}],"curies":[{"name":"wp","href":"https:\/\/api.w.org\/{rel}","templated":true}]}}