{"id":13434,"date":"2020-07-03T16:43:56","date_gmt":"2020-07-03T14:43:56","guid":{"rendered":"https:\/\/www.apfelpatient.de\/?p=13434"},"modified":"2020-07-03T16:43:56","modified_gmt":"2020-07-03T14:43:56","slug":"when-will-apple-introduce-the-brand-new-imac","status":"publish","type":"post","link":"https:\/\/www.apfelpatient.de\/en\/allgemein\/wann-wird-apple-den-brandneuen-imac-vorstellen","title":{"rendered":"When will Apple introduce the brand new iMac?"},"content":{"rendered":"<p class=\"has-drop-cap\"><strong>For several months now, there have been rumors that Apple is planning to introduce a brand new iMac. This naturally raises the question of whether it will use Apple Silicon. Let&#039;s take a closer look at the whole thing.<\/strong><\/p>\n\n\n\n<p>About a week before the start of WWDC 2020, reports surfaced that Apple would unveil a brand new iMac during the event. The device was not shown, however. That doesn&#039;t mean the unveiling couldn&#039;t happen soon.<\/p>\n\n\n\n<h3 class=\"wp-block-heading\">All rumors about the iMac 2020 at a glance<\/h3>\n\n\n\n\n\n\n\n<p>First, let&#039;s summarize what we know about the upcoming iMac model. If the rumors are to be believed, the new model will have a slimmer design that is reminiscent of both the Pro Display XDR and the iPad Pro. Whether the case will remain the same size and thus offer a larger image remains to be seen. When it comes to size, reports have been documented that the iMac 21.5\u2033 model could be released with 23\u2033 or 24\u2033. There is still nothing to say about the 27-inch version. The new iMac series will also no longer have a Fusion drive option but will only rely on SSD. In addition, the new generation will receive Apple&#039;s T2 security chip. A recently discovered <a href=\"https:\/\/www.apfelpatient.de\/en\/news\/geekbench-new-imac-2020-appeared\" class=\"ek-link\"><span style=\"text-decoration: underline;\" class=\"ek-underline\">benchmark<\/span><\/a> has also revealed the features of the high-end model. According to this, the new iMac could have an Intel Core i9-10910 CPU with the AMD Radeon Pro 5300 graphics processor. Further details remain unknown for the time being.<\/p>\n\n\n\n<h3 class=\"wp-block-heading\">When will the 2020 iMac be released?<\/h3>\n\n\n\n<p>The release date is open to speculation. Since the device was not presented at WWDC 2020, the presentation could take place at any time via a press release. But there are indications that the launch is imminent. The recently discovered benchmark result is considered to be one of them. In addition, Apple itself is also showing <a href=\"https:\/\/www.apple.com\/de\/imac\/\" class=\"ek-link\"><span style=\"text-decoration: underline;\" class=\"ek-underline\">treacherous<\/span><\/a>Anyone who wants to order a 27&quot; iMac today must expect unusually long delivery times - unless the device is picked up at the Apple Store. This would not be new. Cupertino has often released new Mac models in July and since last year at the latest, Apple seems to have developed a penchant for press releases. Apart from that, there are reports that mass production is already underway. So the chances of a timely launch are pretty good. But now we come to the question of what&#039;s going on with Apple Silicon and whether it&#039;s worth buying the upcoming iMac.<\/p>\n\n\n\n<h3 class=\"wp-block-heading\">What about Apple Silicon?<\/h3>\n\n\n\n\n\n\n\n<p>One thing is clear: if you are planning to buy an iMac, a little patience would be worthwhile. But the upcoming model will have an Intel chip for the last time before Apple Silicon is used - this seems certain. According to Apple&#039;s own statements, Apple&#039;s roadmap envisages the company switching the entire Mac product range to silicon processors in the next two years. The first models are to be presented at the end of 2020. In the meantime, Intel Macs will follow. If you urgently need a new Mac, I advise you to at least wait for the updated models - these will be maintained and updated by Apple for a long time. However, if the new purchase is not so urgent, you can also wait for a Mac with an Apple Silicon processor. The advantages of Macs with Apple&#039;s own processor are much more extensive than many people suspect. For example, the devices can run iPhone or iPad applications natively, while Intel Macs cannot. They also work more efficiently and are more powerful. By the way \u2013 the first Apple Silicon iMac could be a 24\u2033 model. At least that is what the well-known and accurate Apple analyst Ming-Chi Kuo has suggested. Further developments will therefore remain exciting. You can find out what the new iMac could look like below. <a href=\"https:\/\/www.amazon.de\/shop\/apfelpatientofficial?listId=2SH1KEP4J41TE&amp;ref=cm_sw_em_r_inf_list_own_apfelpatientofficial_dp_ZrWfgRbpxgBlW\" class=\"ek-link\"><span style=\"text-decoration: underline;\" class=\"ek-underline\"><em>AirPods Pro on special offer at Amazon \u2013 now for<\/em><\/span><\/a><em><span style=\"text-decoration: underline;\" class=\"ek-underline\"><a href=\"https:\/\/www.amazon.de\/shop\/apfelpatientofficial?listId=2SH1KEP4J41TE&amp;ref=cm_sw_em_r_inf_list_own_apfelpatientofficial_dp_ZrWfgRbpxgBlW\" class=\"ek-link\">r 213 euros received<\/a><\/span><\/em><span style=\"text-decoration: underline;\" class=\"ek-underline\"><a href=\"https:\/\/www.amazon.de\/shop\/apfelpatientofficial?listId=2SH1KEP4J41TE&amp;ref=cm_sw_em_r_inf_list_own_apfelpatientofficial_dp_ZrWfgRbpxgBlW\" class=\"ek-link\">monthly<\/a><\/span>. <em>(Photo by Ruslan Ivantsov \/ Bigstockphoto)<\/em><\/p>\n\n\n\n<ul class=\"wp-block-list\"><li><a href=\"https:\/\/www.apfelpatient.de\/en\/news\/leak-this-is-what-the-brand-new-imac-2020-could-look-like\" class=\"ek-link\"><span style=\"text-decoration: underline;\" class=\"ek-underline\">Leak: This is what the brand new iMac 2020 could look like<\/span><\/a><\/li><\/ul>\n\n\n\n<h6 class=\"wp-block-heading translation-block\" id=\"h-kennt-ihr-schon-unsere-amazon-storefront-dort-findet-ihr-eine-handverlesene-auswahl-von-diversen-produkten-f-r-euer-iphone-und-co-viel-spa-beim-st-bern\"><em>Have you already visited our Amazon Storefront? There you&#039;ll find a hand-picked selection of various products for your iPhone and other devices \u2013 <span class=\"has-inline-color has-vivid-red-color\"><a href=\"https:\/\/www.amazon.de\/shop\/apfelpatientofficial\" class=\"ek-link\" data-wpel-link=\"exclude\" rel=\"follow noopener\" target=\"_self\"><span style=\"text-decoration: underline\" class=\"ek-underline\">enjoy browsing<\/span><\/a> !<\/span><\/em><\/h6>\n\n\n\n\n\n<h6 class=\"wp-block-heading translation-block\" id=\"h-der-beitrag-enthalt-partnerlinks\">This post contains <a data-type=\"URL\" data-id=\"https:\/\/www.apfelpatient.de\/partnerprogramm\" href=\"https:\/\/www.apfelpatient.de\/en\/partner-program\" data-wpel-link=\"internal\" target=\"_self\">affiliate links<\/a>.<\/h6>","protected":false},"excerpt":{"rendered":"<p>Apple Silicon: For several months now, rumors have been circulating that Apple plans to introduce a brand new iMac.<\/p>","protected":false},"author":2,"featured_media":10530,"comment_status":"closed","ping_status":"closed","sticky":false,"template":"","format":"standard","meta":{"jnews-multi-image_gallery":[],"jnews_single_post":{"subtitle":"","format":"standard","video":"","gallery":"","source_name":"","source_url":"","via_name":"","via_url":"","override":[{"single_blog_custom":"","sidebar":"","second_sidebar":"","share_position":"","share_float_style":"","post_date_format":"","post_date_format_custom":"","post_reading_time_wpm":"","zoom_button_out_step":"1","zoom_button_in_step":"1","number_popup_post":"1"}],"image_override":[{"single_post_thumbnail_size":"","single_post_gallery_size":""}],"trending_post_position":"","trending_post_label":"","sponsored_post_label":"","sponsored_post_name":"","sponsored_post_url":"","sponsored_post_logo":"","sponsored_post_desc":""},"jnews_primary_category":{"id":"1"},"footnotes":""},"categories":[2],"tags":[420,40],"class_list":["post-13434","post","type-post","status-publish","format-standard","has-post-thumbnail","hentry","category-allgemein","tag-apple-silicon","tag-mac"],"yoast_head":"<!-- This site is optimized with the Yoast SEO Premium plugin v27.5 (Yoast SEO v27.5) - https:\/\/yoast.com\/product\/yoast-seo-premium-wordpress\/ -->\n<title>Wann wird Apple den brandneuen iMac vorstellen? Apfelpatient<\/title>\n<meta name=\"description\" content=\"Apple Silicon: Seit einigen Monaten werden Ger\u00fcchte dokumentiert, wonach Apple einen brandneuen iMac vorstellen m\u00f6chten.\" \/>\n<meta name=\"robots\" content=\"index, follow, max-snippet:-1, max-image-preview:large, max-video-preview:-1\" \/>\n<link rel=\"canonical\" href=\"https:\/\/www.apfelpatient.de\/en\/generally\/when-will-apple-introduce-the-brand-new-imac\" \/>\n<meta property=\"og:locale\" content=\"en_US\" \/>\n<meta property=\"og:type\" content=\"article\" \/>\n<meta property=\"og:title\" content=\"Wann wird Apple den brandneuen iMac vorstellen?\" \/>\n<meta property=\"og:description\" content=\"Apple Silicon: Seit einigen Monaten werden Ger\u00fcchte dokumentiert, wonach Apple einen brandneuen iMac vorstellen m\u00f6chten.\" \/>\n<meta property=\"og:url\" content=\"https:\/\/www.apfelpatient.de\/en\/generally\/when-will-apple-introduce-the-brand-new-imac\" \/>\n<meta property=\"og:site_name\" content=\"Apfelpatient\" \/>\n<meta property=\"article:publisher\" content=\"https:\/\/www.facebook.com\/apfelpatientOfficial\" \/>\n<meta property=\"article:author\" content=\"https:\/\/www.facebook.com\/apfelpatientOfficial\" \/>\n<meta property=\"article:published_time\" content=\"2020-07-03T14:43:56+00:00\" \/>\n<meta property=\"og:image\" content=\"https:\/\/www.apfelpatient.de\/wp-content\/uploads\/2020\/03\/bigstock-UKRAINE-RIVNE-December-170848463.jpg\" \/>\n\t<meta property=\"og:image:width\" content=\"1600\" \/>\n\t<meta property=\"og:image:height\" content=\"1067\" \/>\n\t<meta property=\"og:image:type\" content=\"image\/jpeg\" \/>\n<meta name=\"author\" content=\"Milan\" \/>\n<meta name=\"twitter:card\" content=\"summary_large_image\" \/>\n<meta name=\"twitter:description\" content=\"Apple Silicon: Seit einigen Monaten werden Ger\u00fcchte dokumentiert, wonach Apple einen brandneuen iMac vorstellen m\u00f6chten.\" \/>\n<meta name=\"twitter:label1\" content=\"Written by\" \/>\n\t<meta name=\"twitter:data1\" content=\"Milan\" \/>\n\t<meta name=\"twitter:label2\" content=\"Est. reading time\" \/>\n\t<meta name=\"twitter:data2\" content=\"3 minutes\" \/>\n<script type=\"application\/ld+json\" class=\"yoast-schema-graph\">{\"@context\":\"https:\\\/\\\/schema.org\",\"@graph\":[{\"@type\":\"NewsArticle\",\"@id\":\"https:\\\/\\\/www.apfelpatient.de\\\/allgemein\\\/wann-wird-apple-den-brandneuen-imac-vorstellen#article\",\"isPartOf\":{\"@id\":\"https:\\\/\\\/www.apfelpatient.de\\\/allgemein\\\/wann-wird-apple-den-brandneuen-imac-vorstellen\"},\"author\":{\"@type\":\"Organization\",\"@id\":\"https:\\\/\\\/www.apfelpatient.de\\\/en\\\/#organization\",\"name\":\"Apfelpatient\",\"url\":\"https:\\\/\\\/www.apfelpatient.de\\\/en\\\/\"},\"headline\":\"Wann wird Apple den brandneuen iMac vorstellen?\",\"datePublished\":\"2020-07-03T14:43:56+00:00\",\"mainEntityOfPage\":{\"@id\":\"https:\\\/\\\/www.apfelpatient.de\\\/allgemein\\\/wann-wird-apple-den-brandneuen-imac-vorstellen\"},\"wordCount\":681,\"publisher\":{\"@type\":\"Organization\",\"@id\":\"https:\\\/\\\/www.apfelpatient.de\\\/en\\\/#organization\",\"name\":\"Apfelpatient\",\"url\":\"https:\\\/\\\/www.apfelpatient.de\\\/en\\\/\"},\"image\":{\"@id\":\"https:\\\/\\\/www.apfelpatient.de\\\/allgemein\\\/wann-wird-apple-den-brandneuen-imac-vorstellen#primaryimage\"},\"thumbnailUrl\":\"https:\\\/\\\/www.apfelpatient.de\\\/wp-content\\\/uploads\\\/2020\\\/03\\\/bigstock-UKRAINE-RIVNE-December-170848463.jpg\",\"keywords\":[\"Apple Silicon\",\"Mac\"],\"articleSection\":\"Allgemein\",\"inLanguage\":\"en-US\",\"copyrightYear\":\"2020\",\"copyrightHolder\":{\"@id\":\"https:\\\/\\\/www.apfelpatient.de\\\/en\\\/#organization\"}},{\"@type\":\"WebPage\",\"@id\":\"https:\\\/\\\/www.apfelpatient.de\\\/allgemein\\\/wann-wird-apple-den-brandneuen-imac-vorstellen\",\"url\":\"https:\\\/\\\/www.apfelpatient.de\\\/allgemein\\\/wann-wird-apple-den-brandneuen-imac-vorstellen\",\"name\":\"Wann wird Apple den brandneuen iMac vorstellen? Apfelpatient\",\"isPartOf\":{\"@id\":\"https:\\\/\\\/www.apfelpatient.de\\\/#website\"},\"primaryImageOfPage\":{\"@id\":\"https:\\\/\\\/www.apfelpatient.de\\\/allgemein\\\/wann-wird-apple-den-brandneuen-imac-vorstellen#primaryimage\"},\"image\":{\"@id\":\"https:\\\/\\\/www.apfelpatient.de\\\/allgemein\\\/wann-wird-apple-den-brandneuen-imac-vorstellen#primaryimage\"},\"thumbnailUrl\":\"https:\\\/\\\/www.apfelpatient.de\\\/wp-content\\\/uploads\\\/2020\\\/03\\\/bigstock-UKRAINE-RIVNE-December-170848463.jpg\",\"datePublished\":\"2020-07-03T14:43:56+00:00\",\"description\":\"Apple Silicon: Seit einigen Monaten werden Ger\u00fcchte dokumentiert, wonach Apple einen brandneuen iMac vorstellen m\u00f6chten.\",\"breadcrumb\":{\"@id\":\"https:\\\/\\\/www.apfelpatient.de\\\/allgemein\\\/wann-wird-apple-den-brandneuen-imac-vorstellen#breadcrumb\"},\"inLanguage\":\"en-US\",\"potentialAction\":[{\"@type\":\"ReadAction\",\"target\":[\"https:\\\/\\\/www.apfelpatient.de\\\/allgemein\\\/wann-wird-apple-den-brandneuen-imac-vorstellen\"]}]},{\"@type\":\"ImageObject\",\"inLanguage\":\"en-US\",\"@id\":\"https:\\\/\\\/www.apfelpatient.de\\\/allgemein\\\/wann-wird-apple-den-brandneuen-imac-vorstellen#primaryimage\",\"url\":\"https:\\\/\\\/www.apfelpatient.de\\\/wp-content\\\/uploads\\\/2020\\\/03\\\/bigstock-UKRAINE-RIVNE-December-170848463.jpg\",\"contentUrl\":\"https:\\\/\\\/www.apfelpatient.de\\\/wp-content\\\/uploads\\\/2020\\\/03\\\/bigstock-UKRAINE-RIVNE-December-170848463.jpg\",\"width\":1600,\"height\":1067,\"caption\":\"UKRAINE, RIVNE, December 2, 2016. Apple Computer iMac 27 retina display 5K keyboard and magic mouse on black table.\"},{\"@type\":\"BreadcrumbList\",\"@id\":\"https:\\\/\\\/www.apfelpatient.de\\\/allgemein\\\/wann-wird-apple-den-brandneuen-imac-vorstellen#breadcrumb\",\"itemListElement\":[{\"@type\":\"ListItem\",\"position\":1,\"name\":\"Startseite\",\"item\":\"https:\\\/\\\/www.apfelpatient.de\\\/\"},{\"@type\":\"ListItem\",\"position\":2,\"name\":\"Wann wird Apple den brandneuen iMac vorstellen?\"}]},{\"@type\":\"WebSite\",\"@id\":\"https:\\\/\\\/www.apfelpatient.de\\\/#website\",\"url\":\"https:\\\/\\\/www.apfelpatient.de\\\/\",\"name\":\"Apfelpatient\",\"description\":\"Alles rund um Apple!\",\"publisher\":{\"@type\":\"Organization\",\"@id\":\"https:\\\/\\\/www.apfelpatient.de\\\/en\\\/#organization\",\"name\":\"Apfelpatient\",\"url\":\"https:\\\/\\\/www.apfelpatient.de\\\/en\\\/\"},\"alternateName\":\"Apfelpatient\",\"potentialAction\":[{\"@type\":\"SearchAction\",\"target\":{\"@type\":\"EntryPoint\",\"urlTemplate\":\"https:\\\/\\\/www.apfelpatient.de\\\/?s={search_term_string}\"},\"query-input\":{\"@type\":\"PropertyValueSpecification\",\"valueRequired\":true,\"valueName\":\"search_term_string\"}}],\"inLanguage\":\"en-US\"},{\"@type\":[\"Person\",\"Organization\"],\"@id\":\"https:\\\/\\\/www.apfelpatient.de\\\/#\\\/schema\\\/person\\\/7dc56ad6c8e9824b76d2c08d4c140e13\",\"name\":\"Milan\",\"logo\":{\"@id\":\"https:\\\/\\\/www.apfelpatient.de\\\/#\\\/schema\\\/person\\\/image\\\/\"},\"description\":\"Hallo und herzlich willkommen auf meinem Technik-Blog! Als gro\u00dfer Apple-Fan berichte ich hier \u00fcber alles, was mit Apple zu tun hat: von den neuesten News und spannenden Ger\u00fcchten \u00fcber hilfreiche Tipps und Tricks bis hin zu ausf\u00fchrlichen Produkttests. Wenn du genauso technikbegeistert bist wie ich, bist du hier genau richtig!\",\"sameAs\":[\"https:\\\/\\\/www.facebook.com\\\/apfelpatientOfficial\",\"https:\\\/\\\/www.linkedin.com\\\/in\\\/milan-jovicic-42aa0231b\"],\"url\":\"https:\\\/\\\/www.apfelpatient.de\\\/en\\\/author\\\/apfeladmin\"}]}<\/script>\n<!-- \/ Yoast SEO Premium plugin. -->","yoast_head_json":{"title":"When will Apple introduce the brand new iMac? Apfelpatient","description":"Apple Silicon: For several months now, rumors have been circulating that Apple plans to introduce a brand new iMac.","robots":{"index":"index","follow":"follow","max-snippet":"max-snippet:-1","max-image-preview":"max-image-preview:large","max-video-preview":"max-video-preview:-1"},"canonical":"https:\/\/www.apfelpatient.de\/en\/generally\/when-will-apple-introduce-the-brand-new-imac","og_locale":"en_US","og_type":"article","og_title":"Wann wird Apple den brandneuen iMac vorstellen?","og_description":"Apple Silicon: Seit einigen Monaten werden Ger\u00fcchte dokumentiert, wonach Apple einen brandneuen iMac vorstellen m\u00f6chten.","og_url":"https:\/\/www.apfelpatient.de\/en\/generally\/when-will-apple-introduce-the-brand-new-imac","og_site_name":"Apfelpatient","article_publisher":"https:\/\/www.facebook.com\/apfelpatientOfficial","article_author":"https:\/\/www.facebook.com\/apfelpatientOfficial","article_published_time":"2020-07-03T14:43:56+00:00","og_image":[{"width":1600,"height":1067,"url":"https:\/\/www.apfelpatient.de\/wp-content\/uploads\/2020\/03\/bigstock-UKRAINE-RIVNE-December-170848463.jpg","type":"image\/jpeg"}],"author":"Milan","twitter_card":"summary_large_image","twitter_description":"Apple Silicon: Seit einigen Monaten werden Ger\u00fcchte dokumentiert, wonach Apple einen brandneuen iMac vorstellen m\u00f6chten.","twitter_misc":{"Written by":"Milan","Est. reading time":"3 minutes"},"schema":{"@context":"https:\/\/schema.org","@graph":[{"@type":"NewsArticle","@id":"https:\/\/www.apfelpatient.de\/allgemein\/wann-wird-apple-den-brandneuen-imac-vorstellen#article","isPartOf":{"@id":"https:\/\/www.apfelpatient.de\/allgemein\/wann-wird-apple-den-brandneuen-imac-vorstellen"},"author":{"@type":"Organization","@id":"https:\/\/www.apfelpatient.de\/en\/#organization","name":"Apfelpatient","url":"https:\/\/www.apfelpatient.de\/en\/"},"headline":"Wann wird Apple den brandneuen iMac vorstellen?","datePublished":"2020-07-03T14:43:56+00:00","mainEntityOfPage":{"@id":"https:\/\/www.apfelpatient.de\/allgemein\/wann-wird-apple-den-brandneuen-imac-vorstellen"},"wordCount":681,"publisher":{"@type":"Organization","@id":"https:\/\/www.apfelpatient.de\/en\/#organization","name":"Apfelpatient","url":"https:\/\/www.apfelpatient.de\/en\/"},"image":{"@id":"https:\/\/www.apfelpatient.de\/allgemein\/wann-wird-apple-den-brandneuen-imac-vorstellen#primaryimage"},"thumbnailUrl":"https:\/\/www.apfelpatient.de\/wp-content\/uploads\/2020\/03\/bigstock-UKRAINE-RIVNE-December-170848463.jpg","keywords":["Apple Silicon","Mac"],"articleSection":"Allgemein","inLanguage":"en-US","copyrightYear":"2020","copyrightHolder":{"@id":"https:\/\/www.apfelpatient.de\/en\/#organization"}},{"@type":"WebPage","@id":"https:\/\/www.apfelpatient.de\/allgemein\/wann-wird-apple-den-brandneuen-imac-vorstellen","url":"https:\/\/www.apfelpatient.de\/allgemein\/wann-wird-apple-den-brandneuen-imac-vorstellen","name":"When will Apple introduce the brand new iMac? Apfelpatient","isPartOf":{"@id":"https:\/\/www.apfelpatient.de\/#website"},"primaryImageOfPage":{"@id":"https:\/\/www.apfelpatient.de\/allgemein\/wann-wird-apple-den-brandneuen-imac-vorstellen#primaryimage"},"image":{"@id":"https:\/\/www.apfelpatient.de\/allgemein\/wann-wird-apple-den-brandneuen-imac-vorstellen#primaryimage"},"thumbnailUrl":"https:\/\/www.apfelpatient.de\/wp-content\/uploads\/2020\/03\/bigstock-UKRAINE-RIVNE-December-170848463.jpg","datePublished":"2020-07-03T14:43:56+00:00","description":"Apple Silicon: For several months now, rumors have been circulating that Apple plans to introduce a brand new iMac.","breadcrumb":{"@id":"https:\/\/www.apfelpatient.de\/allgemein\/wann-wird-apple-den-brandneuen-imac-vorstellen#breadcrumb"},"inLanguage":"en-US","potentialAction":[{"@type":"ReadAction","target":["https:\/\/www.apfelpatient.de\/allgemein\/wann-wird-apple-den-brandneuen-imac-vorstellen"]}]},{"@type":"ImageObject","inLanguage":"en-US","@id":"https:\/\/www.apfelpatient.de\/allgemein\/wann-wird-apple-den-brandneuen-imac-vorstellen#primaryimage","url":"https:\/\/www.apfelpatient.de\/wp-content\/uploads\/2020\/03\/bigstock-UKRAINE-RIVNE-December-170848463.jpg","contentUrl":"https:\/\/www.apfelpatient.de\/wp-content\/uploads\/2020\/03\/bigstock-UKRAINE-RIVNE-December-170848463.jpg","width":1600,"height":1067,"caption":"UKRAINE, RIVNE, December 2, 2016. Apple Computer iMac 27 retina display 5K keyboard and magic mouse on black table."},{"@type":"BreadcrumbList","@id":"https:\/\/www.apfelpatient.de\/allgemein\/wann-wird-apple-den-brandneuen-imac-vorstellen#breadcrumb","itemListElement":[{"@type":"ListItem","position":1,"name":"Startseite","item":"https:\/\/www.apfelpatient.de\/"},{"@type":"ListItem","position":2,"name":"Wann wird Apple den brandneuen iMac vorstellen?"}]},{"@type":"WebSite","@id":"https:\/\/www.apfelpatient.de\/#website","url":"https:\/\/www.apfelpatient.de\/","name":"apple patient","description":"Everything about Apple!","publisher":{"@type":"Organization","@id":"https:\/\/www.apfelpatient.de\/en\/#organization","name":"Apfelpatient","url":"https:\/\/www.apfelpatient.de\/en\/"},"alternateName":"Apfelpatient","potentialAction":[{"@type":"SearchAction","target":{"@type":"EntryPoint","urlTemplate":"https:\/\/www.apfelpatient.de\/?s={search_term_string}"},"query-input":{"@type":"PropertyValueSpecification","valueRequired":true,"valueName":"search_term_string"}}],"inLanguage":"en-US"},{"@type":["Person","Organization"],"@id":"https:\/\/www.apfelpatient.de\/#\/schema\/person\/7dc56ad6c8e9824b76d2c08d4c140e13","name":"Milan","logo":{"@id":"https:\/\/www.apfelpatient.de\/#\/schema\/person\/image\/"},"description":"Hello and welcome to my technology blog! As a big Apple fan, I report on everything to do with Apple: from the latest news and exciting rumors to helpful tips and tricks and detailed product tests. If you are as enthusiastic about technology as I am, you have come to the right place!","sameAs":["https:\/\/www.facebook.com\/apfelpatientOfficial","https:\/\/www.linkedin.com\/in\/milan-jovicic-42aa0231b"],"url":"https:\/\/www.apfelpatient.de\/en\/author\/apfeladmin"}]}},"_links":{"self":[{"href":"https:\/\/www.apfelpatient.de\/en\/wp-json\/wp\/v2\/posts\/13434","targetHints":{"allow":["GET"]}}],"collection":[{"href":"https:\/\/www.apfelpatient.de\/en\/wp-json\/wp\/v2\/posts"}],"about":[{"href":"https:\/\/www.apfelpatient.de\/en\/wp-json\/wp\/v2\/types\/post"}],"author":[{"embeddable":true,"href":"https:\/\/www.apfelpatient.de\/en\/wp-json\/wp\/v2\/users\/2"}],"replies":[{"embeddable":true,"href":"https:\/\/www.apfelpatient.de\/en\/wp-json\/wp\/v2\/comments?post=13434"}],"version-history":[{"count":0,"href":"https:\/\/www.apfelpatient.de\/en\/wp-json\/wp\/v2\/posts\/13434\/revisions"}],"wp:featuredmedia":[{"embeddable":true,"href":"https:\/\/www.apfelpatient.de\/en\/wp-json\/wp\/v2\/media\/10530"}],"wp:attachment":[{"href":"https:\/\/www.apfelpatient.de\/en\/wp-json\/wp\/v2\/media?parent=13434"}],"wp:term":[{"taxonomy":"category","embeddable":true,"href":"https:\/\/www.apfelpatient.de\/en\/wp-json\/wp\/v2\/categories?post=13434"},{"taxonomy":"post_tag","embeddable":true,"href":"https:\/\/www.apfelpatient.de\/en\/wp-json\/wp\/v2\/tags?post=13434"}],"curies":[{"name":"wp","href":"https:\/\/api.w.org\/{rel}","templated":true}]}}