{"id":13422,"date":"2020-07-02T23:19:17","date_gmt":"2020-07-02T21:19:17","guid":{"rendered":"https:\/\/www.apfelpatient.de\/?p=13422"},"modified":"2025-05-05T14:39:35","modified_gmt":"2025-05-05T12:39:35","slug":"ios-13-6-bmw-connected-app-receives-carkey","status":"publish","type":"post","link":"https:\/\/www.apfelpatient.de\/en\/news\/ios-13-6-bmw-connected-app-erhaelt-carkey","title":{"rendered":"iOS 13.6: BMW Connected App receives CarKey"},"content":{"rendered":"<p class=\"has-drop-cap\"><strong>Apple introduced the CarKey feature at WWDC 2020 and confirmed it as part of iOS 13.6. The BMW Connected app has now been updated.&nbsp;<\/strong><\/p>\n\n\n\n<p>The Munich-based carmaker has updated the BMW Connected app and added the CarKey feature. This allows the iPhone and Apple Watch to store a digital car key in the Wallet app. Compatible vehicles can then be locked, unlocked and started using NFC. This is what the <a href=\"https:\/\/apps.apple.com\/de\/app\/bmw-connected\/id1099848339\" class=\"ek-link\" rel=\"noreferrer nofollow noopener\"><span style=\"text-decoration: underline;\" class=\"ek-underline\">release note<\/span><\/a>:<\/p>\n\n\n\n<blockquote class=\"wp-block-quote is-layout-flow wp-block-quote-is-layout-flow\"><p>At the Apple Worldwide Developer Conference, BMW and Apple announced that BMW will be the first automaker to allow its customers to use the iPhone as a fully digital car key. The close relationship between the two companies resulted in a real BMW car key that is stored securely on the iPhone in Apple Wallet.<\/p><p>With the BMW Digital Key for iPhone, you can lock and unlock your car by holding the iPhone to the door handle, and start it by placing the iPhone in the smartphone holder. The vehicle owner can also share access with up to 5 friends. The Digital Key will also be available via your Apple Watch. The Digital Key can be set up via the BMW Connected app, while the digital key is stored in Apple Wallet after setup.<\/p><\/blockquote>\n\n\n\n<h3 class=\"wp-block-heading\">iOS 13.6 will be released soon<\/h3>\n\n\n\n\n\n\n\n<p>BMW goes on to explain that the CarKey function supports a &quot;wide range of models&quot;. The following models are listed:<\/p>\n\n\n\n<blockquote class=\"wp-block-quote is-layout-flow wp-block-quote-is-layout-flow\"><p>We are pleased to announce the availability of Digital Key for iPhone for a wide range of models: 1, 2, 3, 4, 5, 6, 8, X5, X6, X7, X5M, X6M and Z4 if manufactured after July 1, 2020. If your vehicle is capable, it will appear in the Vehicle tab.<\/p><\/blockquote>\n\n\n\n<p>The following iPhone and Apple Watch models are required to use CarKey <a href=\"https:\/\/www.apfelpatient.de\/en\/news\/apple-these-devices-are-compatible-with-carkey\" class=\"ek-link\"><span style=\"text-decoration: underline;\" class=\"ek-underline\">provided<\/span><\/a>: iPhone XR, iPhone XS or newer and Apple Watch Series 5 and above. The feature can be used as soon as Apple has rolled out iOS 13.6 to all users. Since BMW has already updated its own app, the release of iOS 13.6 should be imminent.<em>&nbsp;(Image: Apple)<\/em><\/p>\n\n\n\n<h6 class=\"wp-block-heading translation-block\" id=\"h-kennt-ihr-schon-unsere-amazon-storefront-dort-findet-ihr-eine-handverlesene-auswahl-von-diversen-produkten-f-r-euer-iphone-und-co-viel-spa-beim-st-bern\"><em>Have you already visited our Amazon Storefront? There you&#039;ll find a hand-picked selection of various products for your iPhone and other devices \u2013 <span class=\"has-inline-color has-vivid-red-color\"><a href=\"https:\/\/www.amazon.de\/shop\/apfelpatientofficial\" class=\"ek-link\" data-wpel-link=\"exclude\" rel=\"follow noopener\" target=\"_self\"><span style=\"text-decoration: underline\" class=\"ek-underline\">enjoy browsing<\/span><\/a> !<\/span><\/em><\/h6>\n\n\n\n\n\n<h6 class=\"wp-block-heading translation-block\" id=\"h-der-beitrag-enthalt-partnerlinks\">This post contains <a data-type=\"URL\" data-id=\"https:\/\/www.apfelpatient.de\/partnerprogramm\" href=\"https:\/\/www.apfelpatient.de\/en\/partner-program\" data-wpel-link=\"internal\" target=\"_self\">affiliate links<\/a>.<\/h6>","protected":false},"excerpt":{"rendered":"<p>iOS 13.6: The Munich-based car manufacturer has updated the BMW Connected app and added the CarKey feature.<\/p>","protected":false},"author":2,"featured_media":13233,"comment_status":"closed","ping_status":"closed","sticky":false,"template":"","format":"standard","meta":{"jnews-multi-image_gallery":[],"jnews_single_post":{"subtitle":"","format":"standard","video":"","gallery":"","source_name":"","source_url":"","via_name":"","via_url":"","override":[{"single_blog_custom":"","sidebar":"","second_sidebar":"","share_position":"","share_float_style":"","post_date_format":"","post_date_format_custom":"","post_reading_time_wpm":"","zoom_button_out_step":"1","zoom_button_in_step":"1","number_popup_post":"1"}],"image_override":[{"single_post_thumbnail_size":"","single_post_gallery_size":""}],"trending_post_position":"","trending_post_label":"","sponsored_post_label":"","sponsored_post_name":"","sponsored_post_url":"","sponsored_post_logo":"","sponsored_post_desc":""},"jnews_primary_category":{"id":"265"},"footnotes":""},"categories":[9],"tags":[6,14,52,3,417,8,21],"class_list":["post-13422","post","type-post","status-publish","format-standard","has-post-thumbnail","hentry","category-news","tag-app-store","tag-apple-watch","tag-carkey","tag-ios","tag-ios-13-6","tag-iphone","tag-watchos"],"yoast_head":"<!-- This site is optimized with the Yoast SEO Premium plugin v27.5 (Yoast SEO v27.5) - https:\/\/yoast.com\/product\/yoast-seo-premium-wordpress\/ -->\n<title>iOS 13.6: BMW Connected App erh\u00e4lt CarKey Apfelpatient<\/title>\n<meta name=\"description\" content=\"iOS 13.6: Der M\u00fcnchner Autobauer hat die BMW Connected App aktualisiert und dabei das CarKey Feature hinzugef\u00fcgt.\" \/>\n<meta name=\"robots\" content=\"index, follow, max-snippet:-1, max-image-preview:large, max-video-preview:-1\" \/>\n<link rel=\"canonical\" href=\"https:\/\/www.apfelpatient.de\/en\/news\/ios-13-6-bmw-connected-app-receives-carkey\" \/>\n<meta property=\"og:locale\" content=\"en_US\" \/>\n<meta property=\"og:type\" content=\"article\" \/>\n<meta property=\"og:title\" content=\"iOS 13.6: BMW Connected App erh\u00e4lt CarKey\" \/>\n<meta property=\"og:description\" content=\"iOS 13.6: Der M\u00fcnchner Autobauer hat die BMW Connected App aktualisiert und dabei das CarKey Feature hinzugef\u00fcgt.\" \/>\n<meta property=\"og:url\" content=\"https:\/\/www.apfelpatient.de\/en\/news\/ios-13-6-bmw-connected-app-receives-carkey\" \/>\n<meta property=\"og:site_name\" content=\"Apfelpatient\" \/>\n<meta property=\"article:publisher\" content=\"https:\/\/www.facebook.com\/apfelpatientOfficial\" \/>\n<meta property=\"article:author\" content=\"https:\/\/www.facebook.com\/apfelpatientOfficial\" \/>\n<meta property=\"article:published_time\" content=\"2020-07-02T21:19:17+00:00\" \/>\n<meta property=\"article:modified_time\" content=\"2025-05-05T12:39:35+00:00\" \/>\n<meta property=\"og:image\" content=\"https:\/\/www.apfelpatient.de\/wp-content\/uploads\/2020\/06\/apple_wwdc-daily-recap_emily-schubert_06222020.jpg\" \/>\n\t<meta property=\"og:image:width\" content=\"3500\" \/>\n\t<meta property=\"og:image:height\" content=\"2333\" \/>\n\t<meta property=\"og:image:type\" content=\"image\/jpeg\" \/>\n<meta name=\"author\" content=\"Milan\" \/>\n<meta name=\"twitter:card\" content=\"summary_large_image\" \/>\n<meta name=\"twitter:description\" content=\"iOS 13.6: Der M\u00fcnchner Autobauer hat die BMW Connected App aktualisiert und dabei das CarKey Feature hinzugef\u00fcgt.\" \/>\n<meta name=\"twitter:label1\" content=\"Written by\" \/>\n\t<meta name=\"twitter:data1\" content=\"Milan\" \/>\n\t<meta name=\"twitter:label2\" content=\"Est. reading time\" \/>\n\t<meta name=\"twitter:data2\" content=\"4 minutes\" \/>\n<script type=\"application\/ld+json\" class=\"yoast-schema-graph\">{\"@context\":\"https:\\\/\\\/schema.org\",\"@graph\":[{\"@type\":\"NewsArticle\",\"@id\":\"https:\\\/\\\/www.apfelpatient.de\\\/news\\\/ios-13-6-bmw-connected-app-erhaelt-carkey#article\",\"isPartOf\":{\"@id\":\"https:\\\/\\\/www.apfelpatient.de\\\/news\\\/ios-13-6-bmw-connected-app-erhaelt-carkey\"},\"author\":{\"@type\":\"Organization\",\"@id\":\"https:\\\/\\\/www.apfelpatient.de\\\/en\\\/#organization\",\"name\":\"Apfelpatient\",\"url\":\"https:\\\/\\\/www.apfelpatient.de\\\/en\\\/\"},\"headline\":\"iOS 13.6: BMW Connected App erh\u00e4lt CarKey\",\"datePublished\":\"2020-07-02T21:19:17+00:00\",\"dateModified\":\"2025-05-05T12:39:35+00:00\",\"mainEntityOfPage\":{\"@id\":\"https:\\\/\\\/www.apfelpatient.de\\\/news\\\/ios-13-6-bmw-connected-app-erhaelt-carkey\"},\"wordCount\":367,\"publisher\":{\"@type\":\"Organization\",\"@id\":\"https:\\\/\\\/www.apfelpatient.de\\\/en\\\/#organization\",\"name\":\"Apfelpatient\",\"url\":\"https:\\\/\\\/www.apfelpatient.de\\\/en\\\/\"},\"image\":{\"@id\":\"https:\\\/\\\/www.apfelpatient.de\\\/news\\\/ios-13-6-bmw-connected-app-erhaelt-carkey#primaryimage\"},\"thumbnailUrl\":\"https:\\\/\\\/www.apfelpatient.de\\\/wp-content\\\/uploads\\\/2020\\\/06\\\/apple_wwdc-daily-recap_emily-schubert_06222020.jpg\",\"keywords\":[\"App Store\",\"Apple Watch\",\"CarKey\",\"iOS\",\"iOS 13.6\",\"iPhone\",\"watchOS\"],\"articleSection\":\"News\",\"inLanguage\":\"en-US\",\"copyrightYear\":\"2020\",\"copyrightHolder\":{\"@id\":\"https:\\\/\\\/www.apfelpatient.de\\\/en\\\/#organization\"}},{\"@type\":\"WebPage\",\"@id\":\"https:\\\/\\\/www.apfelpatient.de\\\/news\\\/ios-13-6-bmw-connected-app-erhaelt-carkey\",\"url\":\"https:\\\/\\\/www.apfelpatient.de\\\/news\\\/ios-13-6-bmw-connected-app-erhaelt-carkey\",\"name\":\"iOS 13.6: BMW Connected App erh\u00e4lt CarKey Apfelpatient\",\"isPartOf\":{\"@id\":\"https:\\\/\\\/www.apfelpatient.de\\\/#website\"},\"primaryImageOfPage\":{\"@id\":\"https:\\\/\\\/www.apfelpatient.de\\\/news\\\/ios-13-6-bmw-connected-app-erhaelt-carkey#primaryimage\"},\"image\":{\"@id\":\"https:\\\/\\\/www.apfelpatient.de\\\/news\\\/ios-13-6-bmw-connected-app-erhaelt-carkey#primaryimage\"},\"thumbnailUrl\":\"https:\\\/\\\/www.apfelpatient.de\\\/wp-content\\\/uploads\\\/2020\\\/06\\\/apple_wwdc-daily-recap_emily-schubert_06222020.jpg\",\"datePublished\":\"2020-07-02T21:19:17+00:00\",\"dateModified\":\"2025-05-05T12:39:35+00:00\",\"description\":\"iOS 13.6: Der M\u00fcnchner Autobauer hat die BMW Connected App aktualisiert und dabei das CarKey Feature hinzugef\u00fcgt.\",\"breadcrumb\":{\"@id\":\"https:\\\/\\\/www.apfelpatient.de\\\/news\\\/ios-13-6-bmw-connected-app-erhaelt-carkey#breadcrumb\"},\"inLanguage\":\"en-US\",\"potentialAction\":[{\"@type\":\"ReadAction\",\"target\":[\"https:\\\/\\\/www.apfelpatient.de\\\/news\\\/ios-13-6-bmw-connected-app-erhaelt-carkey\"]}]},{\"@type\":\"ImageObject\",\"inLanguage\":\"en-US\",\"@id\":\"https:\\\/\\\/www.apfelpatient.de\\\/news\\\/ios-13-6-bmw-connected-app-erhaelt-carkey#primaryimage\",\"url\":\"https:\\\/\\\/www.apfelpatient.de\\\/wp-content\\\/uploads\\\/2020\\\/06\\\/apple_wwdc-daily-recap_emily-schubert_06222020.jpg\",\"contentUrl\":\"https:\\\/\\\/www.apfelpatient.de\\\/wp-content\\\/uploads\\\/2020\\\/06\\\/apple_wwdc-daily-recap_emily-schubert_06222020.jpg\",\"width\":3500,\"height\":2333,\"caption\":\"Bild: Apple\"},{\"@type\":\"BreadcrumbList\",\"@id\":\"https:\\\/\\\/www.apfelpatient.de\\\/news\\\/ios-13-6-bmw-connected-app-erhaelt-carkey#breadcrumb\",\"itemListElement\":[{\"@type\":\"ListItem\",\"position\":1,\"name\":\"Startseite\",\"item\":\"https:\\\/\\\/www.apfelpatient.de\\\/\"},{\"@type\":\"ListItem\",\"position\":2,\"name\":\"iOS 13.6: BMW Connected App erh\u00e4lt CarKey\"}]},{\"@type\":\"WebSite\",\"@id\":\"https:\\\/\\\/www.apfelpatient.de\\\/#website\",\"url\":\"https:\\\/\\\/www.apfelpatient.de\\\/\",\"name\":\"Apfelpatient\",\"description\":\"Alles rund um Apple!\",\"publisher\":{\"@type\":\"Organization\",\"@id\":\"https:\\\/\\\/www.apfelpatient.de\\\/en\\\/#organization\",\"name\":\"Apfelpatient\",\"url\":\"https:\\\/\\\/www.apfelpatient.de\\\/en\\\/\"},\"alternateName\":\"Apfelpatient\",\"potentialAction\":[{\"@type\":\"SearchAction\",\"target\":{\"@type\":\"EntryPoint\",\"urlTemplate\":\"https:\\\/\\\/www.apfelpatient.de\\\/?s={search_term_string}\"},\"query-input\":{\"@type\":\"PropertyValueSpecification\",\"valueRequired\":true,\"valueName\":\"search_term_string\"}}],\"inLanguage\":\"en-US\"},{\"@type\":[\"Person\",\"Organization\"],\"@id\":\"https:\\\/\\\/www.apfelpatient.de\\\/#\\\/schema\\\/person\\\/7dc56ad6c8e9824b76d2c08d4c140e13\",\"name\":\"Milan\",\"logo\":{\"@id\":\"https:\\\/\\\/www.apfelpatient.de\\\/#\\\/schema\\\/person\\\/image\\\/\"},\"description\":\"Hallo und herzlich willkommen auf meinem Technik-Blog! Als gro\u00dfer Apple-Fan berichte ich hier \u00fcber alles, was mit Apple zu tun hat: von den neuesten News und spannenden Ger\u00fcchten \u00fcber hilfreiche Tipps und Tricks bis hin zu ausf\u00fchrlichen Produkttests. Wenn du genauso technikbegeistert bist wie ich, bist du hier genau richtig!\",\"sameAs\":[\"https:\\\/\\\/www.facebook.com\\\/apfelpatientOfficial\",\"https:\\\/\\\/www.linkedin.com\\\/in\\\/milan-jovicic-42aa0231b\"],\"url\":\"https:\\\/\\\/www.apfelpatient.de\\\/en\\\/author\\\/apfeladmin\"}]}<\/script>\n<!-- \/ Yoast SEO Premium plugin. -->","yoast_head_json":{"title":"iOS 13.6: BMW Connected App receives CarKey Apfelpatient","description":"iOS 13.6: The Munich-based car manufacturer has updated the BMW Connected app and added the CarKey feature.","robots":{"index":"index","follow":"follow","max-snippet":"max-snippet:-1","max-image-preview":"max-image-preview:large","max-video-preview":"max-video-preview:-1"},"canonical":"https:\/\/www.apfelpatient.de\/en\/news\/ios-13-6-bmw-connected-app-receives-carkey","og_locale":"en_US","og_type":"article","og_title":"iOS 13.6: BMW Connected App erh\u00e4lt CarKey","og_description":"iOS 13.6: Der M\u00fcnchner Autobauer hat die BMW Connected App aktualisiert und dabei das CarKey Feature hinzugef\u00fcgt.","og_url":"https:\/\/www.apfelpatient.de\/en\/news\/ios-13-6-bmw-connected-app-receives-carkey","og_site_name":"Apfelpatient","article_publisher":"https:\/\/www.facebook.com\/apfelpatientOfficial","article_author":"https:\/\/www.facebook.com\/apfelpatientOfficial","article_published_time":"2020-07-02T21:19:17+00:00","article_modified_time":"2025-05-05T12:39:35+00:00","og_image":[{"width":3500,"height":2333,"url":"https:\/\/www.apfelpatient.de\/wp-content\/uploads\/2020\/06\/apple_wwdc-daily-recap_emily-schubert_06222020.jpg","type":"image\/jpeg"}],"author":"Milan","twitter_card":"summary_large_image","twitter_description":"iOS 13.6: Der M\u00fcnchner Autobauer hat die BMW Connected App aktualisiert und dabei das CarKey Feature hinzugef\u00fcgt.","twitter_misc":{"Written by":"Milan","Est. reading time":"4 minutes"},"schema":{"@context":"https:\/\/schema.org","@graph":[{"@type":"NewsArticle","@id":"https:\/\/www.apfelpatient.de\/news\/ios-13-6-bmw-connected-app-erhaelt-carkey#article","isPartOf":{"@id":"https:\/\/www.apfelpatient.de\/news\/ios-13-6-bmw-connected-app-erhaelt-carkey"},"author":{"@type":"Organization","@id":"https:\/\/www.apfelpatient.de\/en\/#organization","name":"Apfelpatient","url":"https:\/\/www.apfelpatient.de\/en\/"},"headline":"iOS 13.6: BMW Connected App erh\u00e4lt CarKey","datePublished":"2020-07-02T21:19:17+00:00","dateModified":"2025-05-05T12:39:35+00:00","mainEntityOfPage":{"@id":"https:\/\/www.apfelpatient.de\/news\/ios-13-6-bmw-connected-app-erhaelt-carkey"},"wordCount":367,"publisher":{"@type":"Organization","@id":"https:\/\/www.apfelpatient.de\/en\/#organization","name":"Apfelpatient","url":"https:\/\/www.apfelpatient.de\/en\/"},"image":{"@id":"https:\/\/www.apfelpatient.de\/news\/ios-13-6-bmw-connected-app-erhaelt-carkey#primaryimage"},"thumbnailUrl":"https:\/\/www.apfelpatient.de\/wp-content\/uploads\/2020\/06\/apple_wwdc-daily-recap_emily-schubert_06222020.jpg","keywords":["App Store","Apple Watch","CarKey","iOS","iOS 13.6","iPhone","watchOS"],"articleSection":"News","inLanguage":"en-US","copyrightYear":"2020","copyrightHolder":{"@id":"https:\/\/www.apfelpatient.de\/en\/#organization"}},{"@type":"WebPage","@id":"https:\/\/www.apfelpatient.de\/news\/ios-13-6-bmw-connected-app-erhaelt-carkey","url":"https:\/\/www.apfelpatient.de\/news\/ios-13-6-bmw-connected-app-erhaelt-carkey","name":"iOS 13.6: BMW Connected App receives CarKey Apfelpatient","isPartOf":{"@id":"https:\/\/www.apfelpatient.de\/#website"},"primaryImageOfPage":{"@id":"https:\/\/www.apfelpatient.de\/news\/ios-13-6-bmw-connected-app-erhaelt-carkey#primaryimage"},"image":{"@id":"https:\/\/www.apfelpatient.de\/news\/ios-13-6-bmw-connected-app-erhaelt-carkey#primaryimage"},"thumbnailUrl":"https:\/\/www.apfelpatient.de\/wp-content\/uploads\/2020\/06\/apple_wwdc-daily-recap_emily-schubert_06222020.jpg","datePublished":"2020-07-02T21:19:17+00:00","dateModified":"2025-05-05T12:39:35+00:00","description":"iOS 13.6: The Munich-based car manufacturer has updated the BMW Connected app and added the CarKey feature.","breadcrumb":{"@id":"https:\/\/www.apfelpatient.de\/news\/ios-13-6-bmw-connected-app-erhaelt-carkey#breadcrumb"},"inLanguage":"en-US","potentialAction":[{"@type":"ReadAction","target":["https:\/\/www.apfelpatient.de\/news\/ios-13-6-bmw-connected-app-erhaelt-carkey"]}]},{"@type":"ImageObject","inLanguage":"en-US","@id":"https:\/\/www.apfelpatient.de\/news\/ios-13-6-bmw-connected-app-erhaelt-carkey#primaryimage","url":"https:\/\/www.apfelpatient.de\/wp-content\/uploads\/2020\/06\/apple_wwdc-daily-recap_emily-schubert_06222020.jpg","contentUrl":"https:\/\/www.apfelpatient.de\/wp-content\/uploads\/2020\/06\/apple_wwdc-daily-recap_emily-schubert_06222020.jpg","width":3500,"height":2333,"caption":"Bild: Apple"},{"@type":"BreadcrumbList","@id":"https:\/\/www.apfelpatient.de\/news\/ios-13-6-bmw-connected-app-erhaelt-carkey#breadcrumb","itemListElement":[{"@type":"ListItem","position":1,"name":"Startseite","item":"https:\/\/www.apfelpatient.de\/"},{"@type":"ListItem","position":2,"name":"iOS 13.6: BMW Connected App erh\u00e4lt CarKey"}]},{"@type":"WebSite","@id":"https:\/\/www.apfelpatient.de\/#website","url":"https:\/\/www.apfelpatient.de\/","name":"apple patient","description":"Everything about Apple!","publisher":{"@type":"Organization","@id":"https:\/\/www.apfelpatient.de\/en\/#organization","name":"Apfelpatient","url":"https:\/\/www.apfelpatient.de\/en\/"},"alternateName":"Apfelpatient","potentialAction":[{"@type":"SearchAction","target":{"@type":"EntryPoint","urlTemplate":"https:\/\/www.apfelpatient.de\/?s={search_term_string}"},"query-input":{"@type":"PropertyValueSpecification","valueRequired":true,"valueName":"search_term_string"}}],"inLanguage":"en-US"},{"@type":["Person","Organization"],"@id":"https:\/\/www.apfelpatient.de\/#\/schema\/person\/7dc56ad6c8e9824b76d2c08d4c140e13","name":"Milan","logo":{"@id":"https:\/\/www.apfelpatient.de\/#\/schema\/person\/image\/"},"description":"Hello and welcome to my technology blog! As a big Apple fan, I report on everything to do with Apple: from the latest news and exciting rumors to helpful tips and tricks and detailed product tests. If you are as enthusiastic about technology as I am, you have come to the right place!","sameAs":["https:\/\/www.facebook.com\/apfelpatientOfficial","https:\/\/www.linkedin.com\/in\/milan-jovicic-42aa0231b"],"url":"https:\/\/www.apfelpatient.de\/en\/author\/apfeladmin"}]}},"_links":{"self":[{"href":"https:\/\/www.apfelpatient.de\/en\/wp-json\/wp\/v2\/posts\/13422","targetHints":{"allow":["GET"]}}],"collection":[{"href":"https:\/\/www.apfelpatient.de\/en\/wp-json\/wp\/v2\/posts"}],"about":[{"href":"https:\/\/www.apfelpatient.de\/en\/wp-json\/wp\/v2\/types\/post"}],"author":[{"embeddable":true,"href":"https:\/\/www.apfelpatient.de\/en\/wp-json\/wp\/v2\/users\/2"}],"replies":[{"embeddable":true,"href":"https:\/\/www.apfelpatient.de\/en\/wp-json\/wp\/v2\/comments?post=13422"}],"version-history":[{"count":0,"href":"https:\/\/www.apfelpatient.de\/en\/wp-json\/wp\/v2\/posts\/13422\/revisions"}],"wp:featuredmedia":[{"embeddable":true,"href":"https:\/\/www.apfelpatient.de\/en\/wp-json\/wp\/v2\/media\/13233"}],"wp:attachment":[{"href":"https:\/\/www.apfelpatient.de\/en\/wp-json\/wp\/v2\/media?parent=13422"}],"wp:term":[{"taxonomy":"category","embeddable":true,"href":"https:\/\/www.apfelpatient.de\/en\/wp-json\/wp\/v2\/categories?post=13422"},{"taxonomy":"post_tag","embeddable":true,"href":"https:\/\/www.apfelpatient.de\/en\/wp-json\/wp\/v2\/tags?post=13422"}],"curies":[{"name":"wp","href":"https:\/\/api.w.org\/{rel}","templated":true}]}}