{"id":13413,"date":"2020-07-02T15:51:59","date_gmt":"2020-07-02T13:51:59","guid":{"rendered":"https:\/\/www.apfelpatient.de\/?p=13413"},"modified":"2020-07-02T15:51:59","modified_gmt":"2020-07-02T13:51:59","slug":"ipad-pro-macbook-pro-come-with-minileds","status":"publish","type":"post","link":"https:\/\/www.apfelpatient.de\/en\/rumors\/ipad-pro-macbook-pro-mit-minileds-kommen","title":{"rendered":"iPad Pro &amp; MacBook Pro come with MiniLEDs"},"content":{"rendered":"<p class=\"has-drop-cap\"><strong>There have been reports for some time that Apple plans to use mini-LED screens in the future, with the iPad Pro and MacBook Pro expected to be the pioneers.&nbsp;<\/strong><\/p>\n\n\n\n<p>Rumors that Apple products with MiniLED technology <a href=\"https:\/\/www.apfelpatient.de\/en\/rumors\/ipad-pro-miniled-new-details-on-production-and-launch\" class=\"ek-link\"><span style=\"text-decoration: underline;\" class=\"ek-underline\">introduce<\/span><\/a> have been with us for a long time. Now the company is said to have ordered corresponding panels for both the professional notebook and the iPad. Zhen Ding Technology and Flexium Interconnect are said to be joining existing supplier Young Poong Electronics to produce MiniLED screens for new Apple products that will be released in 2021. DigiTimes explains in a new report:<\/p>\n\n\n\n<h3 class=\"wp-block-heading\">The time is expected to come in early 2021<\/h3>\n\n\n\n\n\n\n\n<blockquote class=\"wp-block-quote is-layout-flow wp-block-quote-is-layout-flow\"><p>Taiwan&#039;s flexible circuit board makers Zhen Ding Technology and Flexium Interconnect have reportedly entered the supply chain of Apple&#039;s upcoming mini-LED-backlit iPad Pro and MacBook ranges. They will compete with South Korean producer Young Poong Electronics.<\/p><\/blockquote>\n\n\n\n<p>The Taiwanese <a href=\"https:\/\/www.digitimes.com\/news\/a20200702PD203.html\" class=\"ek-link\"><span style=\"text-decoration: underline;\" class=\"ek-underline\">news site<\/span><\/a> According to reports, Apple will present the brand new iPad Pro in the first quarter of 2021. DigiTimes contradicts a leaker who said that Cupertino wants to present the new professional tablet with miniLEDs in the second quarter of 2021. But DigiTimes&#039; statement is in line with earlier reports by Ming-Chi Kuo. Since Apple usually holds a March event (due to the Corona crisis, nothing came of it this year), the suspicion is at least reasonable. Kuo has already announced six devices with miniLEDs. In addition to a MacBook Pro and iPad Pro, an iPad mini and iMac Pro are also due to be released.&nbsp;<\/p>\n\n\n\n<h6 class=\"wp-block-heading translation-block\" id=\"h-kennt-ihr-schon-unsere-amazon-storefront-dort-findet-ihr-eine-handverlesene-auswahl-von-diversen-produkten-f-r-euer-iphone-und-co-viel-spa-beim-st-bern\"><em>Have you already visited our Amazon Storefront? There you&#039;ll find a hand-picked selection of various products for your iPhone and other devices \u2013 <span class=\"has-inline-color has-vivid-red-color\"><a href=\"https:\/\/www.amazon.de\/shop\/apfelpatientofficial\" class=\"ek-link\" data-wpel-link=\"exclude\" rel=\"follow noopener\" target=\"_self\"><span style=\"text-decoration: underline\" class=\"ek-underline\">enjoy browsing<\/span><\/a> !<\/span><\/em><\/h6>\n\n\n\n\n\n<h6 class=\"wp-block-heading translation-block\" id=\"h-der-beitrag-enthalt-partnerlinks\">This post contains <a data-type=\"URL\" data-id=\"https:\/\/www.apfelpatient.de\/partnerprogramm\" href=\"https:\/\/www.apfelpatient.de\/en\/partner-program\" data-wpel-link=\"internal\" target=\"_self\">affiliate links<\/a>.<\/h6>","protected":false},"excerpt":{"rendered":"<p>iPad Pro: There have been reports for some time now that Apple plans to use MiniLED screens in the future.<\/p>","protected":false},"author":2,"featured_media":10491,"comment_status":"closed","ping_status":"closed","sticky":false,"template":"","format":"standard","meta":{"jnews-multi-image_gallery":[],"jnews_single_post":{"subtitle":"","format":"standard","video":"","gallery":"","source_name":"","source_url":"","via_name":"","via_url":"","override":[{"single_blog_custom":"","sidebar":"","second_sidebar":"","share_position":"","share_float_style":"","post_date_format":"","post_date_format_custom":"","post_reading_time_wpm":"","zoom_button_out_step":"1","zoom_button_in_step":"1","number_popup_post":"1"}],"image_override":[{"single_post_thumbnail_size":"","single_post_gallery_size":""}],"trending_post_position":"","trending_post_label":"","sponsored_post_label":"","sponsored_post_name":"","sponsored_post_url":"","sponsored_post_logo":"","sponsored_post_desc":""},"jnews_primary_category":{"id":"274"},"footnotes":""},"categories":[25],"tags":[18,337,40],"class_list":["post-13413","post","type-post","status-publish","format-standard","has-post-thumbnail","hentry","category-rumors","tag-ipad","tag-ipad-pro-2021","tag-mac"],"yoast_head":"<!-- This site is optimized with the Yoast SEO Premium plugin v27.5 (Yoast SEO v27.5) - https:\/\/yoast.com\/product\/yoast-seo-premium-wordpress\/ -->\n<title>iPad Pro &amp; MacBook Pro mit MiniLEDs kommen Apfelpatient<\/title>\n<meta name=\"description\" content=\"iPad Pro: Seit geraumer Zeit wird dar\u00fcber berichtet, wonach Apple in Zukunft auf MiniLED-Bildschirme setzen m\u00f6chte.\" \/>\n<meta name=\"robots\" content=\"index, follow, max-snippet:-1, max-image-preview:large, max-video-preview:-1\" \/>\n<link rel=\"canonical\" href=\"https:\/\/www.apfelpatient.de\/en\/rumors\/ipad-pro-macbook-pro-come-with-minileds\" \/>\n<meta property=\"og:locale\" content=\"en_US\" \/>\n<meta property=\"og:type\" content=\"article\" \/>\n<meta property=\"og:title\" content=\"iPad Pro &amp; MacBook Pro mit MiniLEDs kommen\" \/>\n<meta property=\"og:description\" content=\"iPad Pro: Seit geraumer Zeit wird dar\u00fcber berichtet, wonach Apple in Zukunft auf MiniLED-Bildschirme setzen m\u00f6chte.\" \/>\n<meta property=\"og:url\" content=\"https:\/\/www.apfelpatient.de\/en\/rumors\/ipad-pro-macbook-pro-come-with-minileds\" \/>\n<meta property=\"og:site_name\" content=\"Apfelpatient\" \/>\n<meta property=\"article:publisher\" content=\"https:\/\/www.facebook.com\/apfelpatientOfficial\" \/>\n<meta property=\"article:author\" content=\"https:\/\/www.facebook.com\/apfelpatientOfficial\" \/>\n<meta property=\"article:published_time\" content=\"2020-07-02T13:51:59+00:00\" \/>\n<meta property=\"og:image\" content=\"https:\/\/www.apfelpatient.de\/wp-content\/uploads\/2020\/03\/bigstock-Zagreb-Croatia-February-284983786.jpg\" \/>\n\t<meta property=\"og:image:width\" content=\"1600\" \/>\n\t<meta property=\"og:image:height\" content=\"1068\" \/>\n\t<meta property=\"og:image:type\" content=\"image\/jpeg\" \/>\n<meta name=\"author\" content=\"Milan\" \/>\n<meta name=\"twitter:card\" content=\"summary_large_image\" \/>\n<meta name=\"twitter:description\" content=\"iPad Pro: Seit geraumer Zeit wird dar\u00fcber berichtet, wonach Apple in Zukunft auf MiniLED-Bildschirme setzen m\u00f6chte.\" \/>\n<meta name=\"twitter:label1\" content=\"Written by\" \/>\n\t<meta name=\"twitter:data1\" content=\"Milan\" \/>\n\t<meta name=\"twitter:label2\" content=\"Est. reading time\" \/>\n\t<meta name=\"twitter:data2\" content=\"1 minute\" \/>\n<script type=\"application\/ld+json\" class=\"yoast-schema-graph\">{\"@context\":\"https:\\\/\\\/schema.org\",\"@graph\":[{\"@type\":\"NewsArticle\",\"@id\":\"https:\\\/\\\/www.apfelpatient.de\\\/rumors\\\/ipad-pro-macbook-pro-mit-minileds-kommen#article\",\"isPartOf\":{\"@id\":\"https:\\\/\\\/www.apfelpatient.de\\\/rumors\\\/ipad-pro-macbook-pro-mit-minileds-kommen\"},\"author\":{\"@type\":\"Organization\",\"@id\":\"https:\\\/\\\/www.apfelpatient.de\\\/en\\\/#organization\",\"name\":\"Apfelpatient\",\"url\":\"https:\\\/\\\/www.apfelpatient.de\\\/en\\\/\"},\"headline\":\"iPad Pro &#038; MacBook Pro mit MiniLEDs kommen\",\"datePublished\":\"2020-07-02T13:51:59+00:00\",\"mainEntityOfPage\":{\"@id\":\"https:\\\/\\\/www.apfelpatient.de\\\/rumors\\\/ipad-pro-macbook-pro-mit-minileds-kommen\"},\"wordCount\":248,\"publisher\":{\"@type\":\"Organization\",\"@id\":\"https:\\\/\\\/www.apfelpatient.de\\\/en\\\/#organization\",\"name\":\"Apfelpatient\",\"url\":\"https:\\\/\\\/www.apfelpatient.de\\\/en\\\/\"},\"image\":{\"@id\":\"https:\\\/\\\/www.apfelpatient.de\\\/rumors\\\/ipad-pro-macbook-pro-mit-minileds-kommen#primaryimage\"},\"thumbnailUrl\":\"https:\\\/\\\/www.apfelpatient.de\\\/wp-content\\\/uploads\\\/2020\\\/03\\\/bigstock-Zagreb-Croatia-February-284983786.jpg\",\"keywords\":[\"iPad\",\"iPad Pro 2021\",\"Mac\"],\"articleSection\":\"Rumors\",\"inLanguage\":\"en-US\",\"copyrightYear\":\"2020\",\"copyrightHolder\":{\"@id\":\"https:\\\/\\\/www.apfelpatient.de\\\/en\\\/#organization\"}},{\"@type\":\"WebPage\",\"@id\":\"https:\\\/\\\/www.apfelpatient.de\\\/rumors\\\/ipad-pro-macbook-pro-mit-minileds-kommen\",\"url\":\"https:\\\/\\\/www.apfelpatient.de\\\/rumors\\\/ipad-pro-macbook-pro-mit-minileds-kommen\",\"name\":\"iPad Pro & MacBook Pro mit MiniLEDs kommen Apfelpatient\",\"isPartOf\":{\"@id\":\"https:\\\/\\\/www.apfelpatient.de\\\/#website\"},\"primaryImageOfPage\":{\"@id\":\"https:\\\/\\\/www.apfelpatient.de\\\/rumors\\\/ipad-pro-macbook-pro-mit-minileds-kommen#primaryimage\"},\"image\":{\"@id\":\"https:\\\/\\\/www.apfelpatient.de\\\/rumors\\\/ipad-pro-macbook-pro-mit-minileds-kommen#primaryimage\"},\"thumbnailUrl\":\"https:\\\/\\\/www.apfelpatient.de\\\/wp-content\\\/uploads\\\/2020\\\/03\\\/bigstock-Zagreb-Croatia-February-284983786.jpg\",\"datePublished\":\"2020-07-02T13:51:59+00:00\",\"description\":\"iPad Pro: Seit geraumer Zeit wird dar\u00fcber berichtet, wonach Apple in Zukunft auf MiniLED-Bildschirme setzen m\u00f6chte.\",\"breadcrumb\":{\"@id\":\"https:\\\/\\\/www.apfelpatient.de\\\/rumors\\\/ipad-pro-macbook-pro-mit-minileds-kommen#breadcrumb\"},\"inLanguage\":\"en-US\",\"potentialAction\":[{\"@type\":\"ReadAction\",\"target\":[\"https:\\\/\\\/www.apfelpatient.de\\\/rumors\\\/ipad-pro-macbook-pro-mit-minileds-kommen\"]}]},{\"@type\":\"ImageObject\",\"inLanguage\":\"en-US\",\"@id\":\"https:\\\/\\\/www.apfelpatient.de\\\/rumors\\\/ipad-pro-macbook-pro-mit-minileds-kommen#primaryimage\",\"url\":\"https:\\\/\\\/www.apfelpatient.de\\\/wp-content\\\/uploads\\\/2020\\\/03\\\/bigstock-Zagreb-Croatia-February-284983786.jpg\",\"contentUrl\":\"https:\\\/\\\/www.apfelpatient.de\\\/wp-content\\\/uploads\\\/2020\\\/03\\\/bigstock-Zagreb-Croatia-February-284983786.jpg\",\"width\":1600,\"height\":1068,\"caption\":\"ZAGREB, CROATIA - FEBRUARY 18, 2019: The back of the Apple iPad Pro 11 inch with Apple Pencil 2 on white marble background. Newly opened silver iPad Pro 11 inch and Apple Pencil 2 surrounded by boxes.\"},{\"@type\":\"BreadcrumbList\",\"@id\":\"https:\\\/\\\/www.apfelpatient.de\\\/rumors\\\/ipad-pro-macbook-pro-mit-minileds-kommen#breadcrumb\",\"itemListElement\":[{\"@type\":\"ListItem\",\"position\":1,\"name\":\"Startseite\",\"item\":\"https:\\\/\\\/www.apfelpatient.de\\\/\"},{\"@type\":\"ListItem\",\"position\":2,\"name\":\"iPad Pro &#038; MacBook Pro mit MiniLEDs kommen\"}]},{\"@type\":\"WebSite\",\"@id\":\"https:\\\/\\\/www.apfelpatient.de\\\/#website\",\"url\":\"https:\\\/\\\/www.apfelpatient.de\\\/\",\"name\":\"Apfelpatient\",\"description\":\"Alles rund um Apple!\",\"publisher\":{\"@type\":\"Organization\",\"@id\":\"https:\\\/\\\/www.apfelpatient.de\\\/en\\\/#organization\",\"name\":\"Apfelpatient\",\"url\":\"https:\\\/\\\/www.apfelpatient.de\\\/en\\\/\"},\"alternateName\":\"Apfelpatient\",\"potentialAction\":[{\"@type\":\"SearchAction\",\"target\":{\"@type\":\"EntryPoint\",\"urlTemplate\":\"https:\\\/\\\/www.apfelpatient.de\\\/?s={search_term_string}\"},\"query-input\":{\"@type\":\"PropertyValueSpecification\",\"valueRequired\":true,\"valueName\":\"search_term_string\"}}],\"inLanguage\":\"en-US\"},{\"@type\":[\"Person\",\"Organization\"],\"@id\":\"https:\\\/\\\/www.apfelpatient.de\\\/#\\\/schema\\\/person\\\/7dc56ad6c8e9824b76d2c08d4c140e13\",\"name\":\"Milan\",\"logo\":{\"@id\":\"https:\\\/\\\/www.apfelpatient.de\\\/#\\\/schema\\\/person\\\/image\\\/\"},\"description\":\"Hallo und herzlich willkommen auf meinem Technik-Blog! Als gro\u00dfer Apple-Fan berichte ich hier \u00fcber alles, was mit Apple zu tun hat: von den neuesten News und spannenden Ger\u00fcchten \u00fcber hilfreiche Tipps und Tricks bis hin zu ausf\u00fchrlichen Produkttests. Wenn du genauso technikbegeistert bist wie ich, bist du hier genau richtig!\",\"sameAs\":[\"https:\\\/\\\/www.facebook.com\\\/apfelpatientOfficial\",\"https:\\\/\\\/www.linkedin.com\\\/in\\\/milan-jovicic-42aa0231b\"],\"url\":\"https:\\\/\\\/www.apfelpatient.de\\\/en\\\/author\\\/apfeladmin\"}]}<\/script>\n<!-- \/ Yoast SEO Premium plugin. -->","yoast_head_json":{"title":"iPad Pro &amp; MacBook Pro with MiniLEDs coming Apfelpatient","description":"iPad Pro: There have been reports for some time now that Apple plans to use MiniLED screens in the future.","robots":{"index":"index","follow":"follow","max-snippet":"max-snippet:-1","max-image-preview":"max-image-preview:large","max-video-preview":"max-video-preview:-1"},"canonical":"https:\/\/www.apfelpatient.de\/en\/rumors\/ipad-pro-macbook-pro-come-with-minileds","og_locale":"en_US","og_type":"article","og_title":"iPad Pro & MacBook Pro mit MiniLEDs kommen","og_description":"iPad Pro: Seit geraumer Zeit wird dar\u00fcber berichtet, wonach Apple in Zukunft auf MiniLED-Bildschirme setzen m\u00f6chte.","og_url":"https:\/\/www.apfelpatient.de\/en\/rumors\/ipad-pro-macbook-pro-come-with-minileds","og_site_name":"Apfelpatient","article_publisher":"https:\/\/www.facebook.com\/apfelpatientOfficial","article_author":"https:\/\/www.facebook.com\/apfelpatientOfficial","article_published_time":"2020-07-02T13:51:59+00:00","og_image":[{"width":1600,"height":1068,"url":"https:\/\/www.apfelpatient.de\/wp-content\/uploads\/2020\/03\/bigstock-Zagreb-Croatia-February-284983786.jpg","type":"image\/jpeg"}],"author":"Milan","twitter_card":"summary_large_image","twitter_description":"iPad Pro: Seit geraumer Zeit wird dar\u00fcber berichtet, wonach Apple in Zukunft auf MiniLED-Bildschirme setzen m\u00f6chte.","twitter_misc":{"Written by":"Milan","Est. reading time":"1 minute"},"schema":{"@context":"https:\/\/schema.org","@graph":[{"@type":"NewsArticle","@id":"https:\/\/www.apfelpatient.de\/rumors\/ipad-pro-macbook-pro-mit-minileds-kommen#article","isPartOf":{"@id":"https:\/\/www.apfelpatient.de\/rumors\/ipad-pro-macbook-pro-mit-minileds-kommen"},"author":{"@type":"Organization","@id":"https:\/\/www.apfelpatient.de\/en\/#organization","name":"Apfelpatient","url":"https:\/\/www.apfelpatient.de\/en\/"},"headline":"iPad Pro &#038; MacBook Pro mit MiniLEDs kommen","datePublished":"2020-07-02T13:51:59+00:00","mainEntityOfPage":{"@id":"https:\/\/www.apfelpatient.de\/rumors\/ipad-pro-macbook-pro-mit-minileds-kommen"},"wordCount":248,"publisher":{"@type":"Organization","@id":"https:\/\/www.apfelpatient.de\/en\/#organization","name":"Apfelpatient","url":"https:\/\/www.apfelpatient.de\/en\/"},"image":{"@id":"https:\/\/www.apfelpatient.de\/rumors\/ipad-pro-macbook-pro-mit-minileds-kommen#primaryimage"},"thumbnailUrl":"https:\/\/www.apfelpatient.de\/wp-content\/uploads\/2020\/03\/bigstock-Zagreb-Croatia-February-284983786.jpg","keywords":["iPad","iPad Pro 2021","Mac"],"articleSection":"Rumors","inLanguage":"en-US","copyrightYear":"2020","copyrightHolder":{"@id":"https:\/\/www.apfelpatient.de\/en\/#organization"}},{"@type":"WebPage","@id":"https:\/\/www.apfelpatient.de\/rumors\/ipad-pro-macbook-pro-mit-minileds-kommen","url":"https:\/\/www.apfelpatient.de\/rumors\/ipad-pro-macbook-pro-mit-minileds-kommen","name":"iPad Pro &amp; MacBook Pro with MiniLEDs coming Apfelpatient","isPartOf":{"@id":"https:\/\/www.apfelpatient.de\/#website"},"primaryImageOfPage":{"@id":"https:\/\/www.apfelpatient.de\/rumors\/ipad-pro-macbook-pro-mit-minileds-kommen#primaryimage"},"image":{"@id":"https:\/\/www.apfelpatient.de\/rumors\/ipad-pro-macbook-pro-mit-minileds-kommen#primaryimage"},"thumbnailUrl":"https:\/\/www.apfelpatient.de\/wp-content\/uploads\/2020\/03\/bigstock-Zagreb-Croatia-February-284983786.jpg","datePublished":"2020-07-02T13:51:59+00:00","description":"iPad Pro: There have been reports for some time now that Apple plans to use MiniLED screens in the future.","breadcrumb":{"@id":"https:\/\/www.apfelpatient.de\/rumors\/ipad-pro-macbook-pro-mit-minileds-kommen#breadcrumb"},"inLanguage":"en-US","potentialAction":[{"@type":"ReadAction","target":["https:\/\/www.apfelpatient.de\/rumors\/ipad-pro-macbook-pro-mit-minileds-kommen"]}]},{"@type":"ImageObject","inLanguage":"en-US","@id":"https:\/\/www.apfelpatient.de\/rumors\/ipad-pro-macbook-pro-mit-minileds-kommen#primaryimage","url":"https:\/\/www.apfelpatient.de\/wp-content\/uploads\/2020\/03\/bigstock-Zagreb-Croatia-February-284983786.jpg","contentUrl":"https:\/\/www.apfelpatient.de\/wp-content\/uploads\/2020\/03\/bigstock-Zagreb-Croatia-February-284983786.jpg","width":1600,"height":1068,"caption":"ZAGREB, CROATIA - FEBRUARY 18, 2019: The back of the Apple iPad Pro 11 inch with Apple Pencil 2 on white marble background. Newly opened silver iPad Pro 11 inch and Apple Pencil 2 surrounded by boxes."},{"@type":"BreadcrumbList","@id":"https:\/\/www.apfelpatient.de\/rumors\/ipad-pro-macbook-pro-mit-minileds-kommen#breadcrumb","itemListElement":[{"@type":"ListItem","position":1,"name":"Startseite","item":"https:\/\/www.apfelpatient.de\/"},{"@type":"ListItem","position":2,"name":"iPad Pro &#038; MacBook Pro mit MiniLEDs kommen"}]},{"@type":"WebSite","@id":"https:\/\/www.apfelpatient.de\/#website","url":"https:\/\/www.apfelpatient.de\/","name":"apple patient","description":"Everything about Apple!","publisher":{"@type":"Organization","@id":"https:\/\/www.apfelpatient.de\/en\/#organization","name":"Apfelpatient","url":"https:\/\/www.apfelpatient.de\/en\/"},"alternateName":"Apfelpatient","potentialAction":[{"@type":"SearchAction","target":{"@type":"EntryPoint","urlTemplate":"https:\/\/www.apfelpatient.de\/?s={search_term_string}"},"query-input":{"@type":"PropertyValueSpecification","valueRequired":true,"valueName":"search_term_string"}}],"inLanguage":"en-US"},{"@type":["Person","Organization"],"@id":"https:\/\/www.apfelpatient.de\/#\/schema\/person\/7dc56ad6c8e9824b76d2c08d4c140e13","name":"Milan","logo":{"@id":"https:\/\/www.apfelpatient.de\/#\/schema\/person\/image\/"},"description":"Hello and welcome to my technology blog! As a big Apple fan, I report on everything to do with Apple: from the latest news and exciting rumors to helpful tips and tricks and detailed product tests. If you are as enthusiastic about technology as I am, you have come to the right place!","sameAs":["https:\/\/www.facebook.com\/apfelpatientOfficial","https:\/\/www.linkedin.com\/in\/milan-jovicic-42aa0231b"],"url":"https:\/\/www.apfelpatient.de\/en\/author\/apfeladmin"}]}},"_links":{"self":[{"href":"https:\/\/www.apfelpatient.de\/en\/wp-json\/wp\/v2\/posts\/13413","targetHints":{"allow":["GET"]}}],"collection":[{"href":"https:\/\/www.apfelpatient.de\/en\/wp-json\/wp\/v2\/posts"}],"about":[{"href":"https:\/\/www.apfelpatient.de\/en\/wp-json\/wp\/v2\/types\/post"}],"author":[{"embeddable":true,"href":"https:\/\/www.apfelpatient.de\/en\/wp-json\/wp\/v2\/users\/2"}],"replies":[{"embeddable":true,"href":"https:\/\/www.apfelpatient.de\/en\/wp-json\/wp\/v2\/comments?post=13413"}],"version-history":[{"count":0,"href":"https:\/\/www.apfelpatient.de\/en\/wp-json\/wp\/v2\/posts\/13413\/revisions"}],"wp:featuredmedia":[{"embeddable":true,"href":"https:\/\/www.apfelpatient.de\/en\/wp-json\/wp\/v2\/media\/10491"}],"wp:attachment":[{"href":"https:\/\/www.apfelpatient.de\/en\/wp-json\/wp\/v2\/media?parent=13413"}],"wp:term":[{"taxonomy":"category","embeddable":true,"href":"https:\/\/www.apfelpatient.de\/en\/wp-json\/wp\/v2\/categories?post=13413"},{"taxonomy":"post_tag","embeddable":true,"href":"https:\/\/www.apfelpatient.de\/en\/wp-json\/wp\/v2\/tags?post=13413"}],"curies":[{"name":"wp","href":"https:\/\/api.w.org\/{rel}","templated":true}]}}