{"id":13391,"date":"2020-07-01T14:06:55","date_gmt":"2020-07-01T12:06:55","guid":{"rendered":"https:\/\/www.apfelpatient.de\/?p=13391"},"modified":"2021-03-31T21:38:55","modified_gmt":"2021-03-31T19:38:55","slug":"bye-bye-first-macbook-pro-retina-display","status":"publish","type":"post","link":"https:\/\/www.apfelpatient.de\/en\/news\/bye-bye-erstes-macbook-pro-retina-display","title":{"rendered":"Bye Bye first MacBook Pro with Retina Display"},"content":{"rendered":"<p class=\"has-drop-cap\"><strong>Now it&#039;s official. As expected, Apple has discontinued service for the first MacBook Pro with Retina display.<\/strong><\/p>\n\n\n\n<p>As soon as Apple devices are listed as \u201cobsolete\u201d or \u201cdiscontinued\u201d, support ends. Now the list has been updated once again. According to this, the MacBook Pro 15-inch Retina (mid-2012) will no longer be repaired by Apple. As previously reported, Apple has made it clear in a support document that outdated products are no longer eligible for hardware service \u2013 with no exceptions. When the MacBook Pro with Retina display was introduced at WWDC 2012, Apple marketing chief Phil Schiller called it \u201ca breakthrough in display technology\u201d and claimed that \u201cthere has never been a notebook that was so beautiful\u201d. But now it is finally <a href=\"https:\/\/support.apple.com\/en-us\/HT201624\" class=\"ek-link\"><span style=\"text-decoration: underline;\" class=\"ek-underline\">Ending<\/span><\/a>.&nbsp;<\/p>\n\n\n\n<h3 class=\"wp-block-heading\" id=\"h-welche-bedeutung-hat-das-f-r-anwender\">What does this mean for users?<\/h3>\n\n\n\n\n\n\n\n<p>This means that users can no longer get repairs from Apple or authorized service providers. In the event of a problem, they have to resort to independent service providers. Apart from a few exceptions, Apple&#039;s rule of thumb is to produce spare parts for devices for five years - but this period only starts when production of the respective device is discontinued. Only then is the customer forced to look for spare parts elsewhere. (Photo by Denys Prykhodov \/ Bigstockphot)<\/p>\n\n\n\n<h6 class=\"wp-block-heading translation-block\" id=\"h-kennt-ihr-schon-unsere-amazon-storefront-dort-findet-ihr-eine-handverlesene-auswahl-von-diversen-produkten-f-r-euer-iphone-und-co-viel-spa-beim-st-bern\"><em>Have you already visited our Amazon Storefront? There you&#039;ll find a hand-picked selection of various products for your iPhone and other devices \u2013 <span class=\"has-inline-color has-vivid-red-color\"><a href=\"https:\/\/www.amazon.de\/shop\/apfelpatientofficial\" class=\"ek-link\" data-wpel-link=\"exclude\" rel=\"follow noopener\" target=\"_self\"><span style=\"text-decoration: underline\" class=\"ek-underline\">enjoy browsing<\/span><\/a> !<\/span><\/em><\/h6>\n\n\n\n\n\n<h6 class=\"wp-block-heading translation-block\" id=\"h-der-beitrag-enthalt-partnerlinks\">This post contains <a data-type=\"URL\" data-id=\"https:\/\/www.apfelpatient.de\/partnerprogramm\" href=\"https:\/\/www.apfelpatient.de\/en\/partner-program\" data-wpel-link=\"internal\" target=\"_self\">affiliate links<\/a>.<\/h6>","protected":false},"excerpt":{"rendered":"<p>Now it&#039;s official. As expected, Apple has discontinued service for the first MacBook Pro with Retina display.<\/p>","protected":false},"author":2,"featured_media":7402,"comment_status":"closed","ping_status":"closed","sticky":false,"template":"","format":"standard","meta":{"jnews-multi-image_gallery":[],"jnews_single_post":{"subtitle":"","format":"standard","video":"","gallery":"","source_name":"","source_url":"","via_name":"","via_url":"","override":[{"single_blog_custom":"","sidebar":"","second_sidebar":"","share_position":"","share_float_style":"","post_date_format":"","post_date_format_custom":"","post_reading_time_wpm":"","zoom_button_out_step":"1","zoom_button_in_step":"1","number_popup_post":"1"}],"image_override":[{"single_post_thumbnail_size":"","single_post_gallery_size":""}],"trending_post_position":"","trending_post_label":"","sponsored_post_label":"","sponsored_post_name":"","sponsored_post_url":"","sponsored_post_logo":"","sponsored_post_desc":""},"jnews_primary_category":{"id":""},"footnotes":""},"categories":[9],"tags":[40,50,180],"class_list":["post-13391","post","type-post","status-publish","format-standard","has-post-thumbnail","hentry","category-news","tag-mac","tag-macbook-pro","tag-vintage"],"yoast_head":"<!-- This site is optimized with the Yoast SEO Premium plugin v27.5 (Yoast SEO v27.5) - https:\/\/yoast.com\/product\/yoast-seo-premium-wordpress\/ -->\n<title>Bye Bye erstes MacBook Pro mit Retina Display Apfelpatient<\/title>\n<meta name=\"description\" content=\"Nun ist es offiziell. Wie zu erwarten, hat Apple den Service f\u00fcr das erste MacBook Pro mit Retina Display eingestellt.\" \/>\n<meta name=\"robots\" content=\"index, follow, max-snippet:-1, max-image-preview:large, max-video-preview:-1\" \/>\n<link rel=\"canonical\" href=\"https:\/\/www.apfelpatient.de\/en\/news\/bye-bye-first-macbook-pro-retina-display\" \/>\n<meta property=\"og:locale\" content=\"en_US\" \/>\n<meta property=\"og:type\" content=\"article\" \/>\n<meta property=\"og:title\" content=\"Bye Bye erstes MacBook Pro mit Retina Display\" \/>\n<meta property=\"og:description\" content=\"Nun ist es offiziell. Wie zu erwarten, hat Apple den Service f\u00fcr das erste MacBook Pro mit Retina Display eingestellt.\" \/>\n<meta property=\"og:url\" content=\"https:\/\/www.apfelpatient.de\/en\/news\/bye-bye-first-macbook-pro-retina-display\" \/>\n<meta property=\"og:site_name\" content=\"Apfelpatient\" \/>\n<meta property=\"article:publisher\" content=\"https:\/\/www.facebook.com\/apfelpatientOfficial\" \/>\n<meta property=\"article:author\" content=\"https:\/\/www.facebook.com\/apfelpatientOfficial\" \/>\n<meta property=\"article:published_time\" content=\"2020-07-01T12:06:55+00:00\" \/>\n<meta property=\"article:modified_time\" content=\"2021-03-31T19:38:55+00:00\" \/>\n<meta property=\"og:image\" content=\"https:\/\/www.apfelpatient.de\/wp-content\/uploads\/2019\/11\/bigstock-203540128.jpg\" \/>\n\t<meta property=\"og:image:width\" content=\"1600\" \/>\n\t<meta property=\"og:image:height\" content=\"1067\" \/>\n\t<meta property=\"og:image:type\" content=\"image\/jpeg\" \/>\n<meta name=\"author\" content=\"Milan\" \/>\n<meta name=\"twitter:card\" content=\"summary_large_image\" \/>\n<meta name=\"twitter:description\" content=\"Nun ist es offiziell. Wie zu erwarten, hat Apple den Service f\u00fcr das erste MacBook Pro mit Retina Display eingestellt.\" \/>\n<meta name=\"twitter:label1\" content=\"Written by\" \/>\n\t<meta name=\"twitter:data1\" content=\"Milan\" \/>\n\t<meta name=\"twitter:label2\" content=\"Est. reading time\" \/>\n\t<meta name=\"twitter:data2\" content=\"1 minute\" \/>\n<script type=\"application\/ld+json\" class=\"yoast-schema-graph\">{\"@context\":\"https:\\\/\\\/schema.org\",\"@graph\":[{\"@type\":\"NewsArticle\",\"@id\":\"https:\\\/\\\/www.apfelpatient.de\\\/news\\\/bye-bye-erstes-macbook-pro-retina-display#article\",\"isPartOf\":{\"@id\":\"https:\\\/\\\/www.apfelpatient.de\\\/news\\\/bye-bye-erstes-macbook-pro-retina-display\"},\"author\":{\"@type\":\"Organization\",\"@id\":\"https:\\\/\\\/www.apfelpatient.de\\\/en\\\/#organization\",\"name\":\"Apfelpatient\",\"url\":\"https:\\\/\\\/www.apfelpatient.de\\\/en\\\/\"},\"headline\":\"Bye Bye erstes MacBook Pro mit Retina Display\",\"datePublished\":\"2020-07-01T12:06:55+00:00\",\"dateModified\":\"2021-03-31T19:38:55+00:00\",\"mainEntityOfPage\":{\"@id\":\"https:\\\/\\\/www.apfelpatient.de\\\/news\\\/bye-bye-erstes-macbook-pro-retina-display\"},\"wordCount\":215,\"publisher\":{\"@type\":\"Organization\",\"@id\":\"https:\\\/\\\/www.apfelpatient.de\\\/en\\\/#organization\",\"name\":\"Apfelpatient\",\"url\":\"https:\\\/\\\/www.apfelpatient.de\\\/en\\\/\"},\"image\":{\"@id\":\"https:\\\/\\\/www.apfelpatient.de\\\/news\\\/bye-bye-erstes-macbook-pro-retina-display#primaryimage\"},\"thumbnailUrl\":\"https:\\\/\\\/www.apfelpatient.de\\\/wp-content\\\/uploads\\\/2019\\\/11\\\/bigstock-203540128.jpg\",\"keywords\":[\"Mac\",\"MacBook Pro\",\"Vintage\"],\"articleSection\":\"News\",\"inLanguage\":\"en-US\",\"copyrightYear\":\"2020\",\"copyrightHolder\":{\"@id\":\"https:\\\/\\\/www.apfelpatient.de\\\/en\\\/#organization\"}},{\"@type\":\"WebPage\",\"@id\":\"https:\\\/\\\/www.apfelpatient.de\\\/news\\\/bye-bye-erstes-macbook-pro-retina-display\",\"url\":\"https:\\\/\\\/www.apfelpatient.de\\\/news\\\/bye-bye-erstes-macbook-pro-retina-display\",\"name\":\"Bye Bye erstes MacBook Pro mit Retina Display Apfelpatient\",\"isPartOf\":{\"@id\":\"https:\\\/\\\/www.apfelpatient.de\\\/#website\"},\"primaryImageOfPage\":{\"@id\":\"https:\\\/\\\/www.apfelpatient.de\\\/news\\\/bye-bye-erstes-macbook-pro-retina-display#primaryimage\"},\"image\":{\"@id\":\"https:\\\/\\\/www.apfelpatient.de\\\/news\\\/bye-bye-erstes-macbook-pro-retina-display#primaryimage\"},\"thumbnailUrl\":\"https:\\\/\\\/www.apfelpatient.de\\\/wp-content\\\/uploads\\\/2019\\\/11\\\/bigstock-203540128.jpg\",\"datePublished\":\"2020-07-01T12:06:55+00:00\",\"dateModified\":\"2021-03-31T19:38:55+00:00\",\"description\":\"Nun ist es offiziell. Wie zu erwarten, hat Apple den Service f\u00fcr das erste MacBook Pro mit Retina Display eingestellt.\",\"breadcrumb\":{\"@id\":\"https:\\\/\\\/www.apfelpatient.de\\\/news\\\/bye-bye-erstes-macbook-pro-retina-display#breadcrumb\"},\"inLanguage\":\"en-US\",\"potentialAction\":[{\"@type\":\"ReadAction\",\"target\":[\"https:\\\/\\\/www.apfelpatient.de\\\/news\\\/bye-bye-erstes-macbook-pro-retina-display\"]}]},{\"@type\":\"ImageObject\",\"inLanguage\":\"en-US\",\"@id\":\"https:\\\/\\\/www.apfelpatient.de\\\/news\\\/bye-bye-erstes-macbook-pro-retina-display#primaryimage\",\"url\":\"https:\\\/\\\/www.apfelpatient.de\\\/wp-content\\\/uploads\\\/2019\\\/11\\\/bigstock-203540128.jpg\",\"contentUrl\":\"https:\\\/\\\/www.apfelpatient.de\\\/wp-content\\\/uploads\\\/2019\\\/11\\\/bigstock-203540128.jpg\",\"width\":1600,\"height\":1067,\"caption\":\"Alushta Russia - June 8 2017: Backgrounds MacOS High Sierra in the screen of MacBook Pro. MacBookPro was created and developed by the Apple inc.\"},{\"@type\":\"BreadcrumbList\",\"@id\":\"https:\\\/\\\/www.apfelpatient.de\\\/news\\\/bye-bye-erstes-macbook-pro-retina-display#breadcrumb\",\"itemListElement\":[{\"@type\":\"ListItem\",\"position\":1,\"name\":\"Startseite\",\"item\":\"https:\\\/\\\/www.apfelpatient.de\\\/\"},{\"@type\":\"ListItem\",\"position\":2,\"name\":\"Bye Bye erstes MacBook Pro mit Retina Display\"}]},{\"@type\":\"WebSite\",\"@id\":\"https:\\\/\\\/www.apfelpatient.de\\\/#website\",\"url\":\"https:\\\/\\\/www.apfelpatient.de\\\/\",\"name\":\"Apfelpatient\",\"description\":\"Alles rund um Apple!\",\"publisher\":{\"@type\":\"Organization\",\"@id\":\"https:\\\/\\\/www.apfelpatient.de\\\/en\\\/#organization\",\"name\":\"Apfelpatient\",\"url\":\"https:\\\/\\\/www.apfelpatient.de\\\/en\\\/\"},\"alternateName\":\"Apfelpatient\",\"potentialAction\":[{\"@type\":\"SearchAction\",\"target\":{\"@type\":\"EntryPoint\",\"urlTemplate\":\"https:\\\/\\\/www.apfelpatient.de\\\/?s={search_term_string}\"},\"query-input\":{\"@type\":\"PropertyValueSpecification\",\"valueRequired\":true,\"valueName\":\"search_term_string\"}}],\"inLanguage\":\"en-US\"},{\"@type\":[\"Person\",\"Organization\"],\"@id\":\"https:\\\/\\\/www.apfelpatient.de\\\/#\\\/schema\\\/person\\\/7dc56ad6c8e9824b76d2c08d4c140e13\",\"name\":\"Milan\",\"logo\":{\"@id\":\"https:\\\/\\\/www.apfelpatient.de\\\/#\\\/schema\\\/person\\\/image\\\/\"},\"description\":\"Hallo und herzlich willkommen auf meinem Technik-Blog! Als gro\u00dfer Apple-Fan berichte ich hier \u00fcber alles, was mit Apple zu tun hat: von den neuesten News und spannenden Ger\u00fcchten \u00fcber hilfreiche Tipps und Tricks bis hin zu ausf\u00fchrlichen Produkttests. Wenn du genauso technikbegeistert bist wie ich, bist du hier genau richtig!\",\"sameAs\":[\"https:\\\/\\\/www.facebook.com\\\/apfelpatientOfficial\",\"https:\\\/\\\/www.linkedin.com\\\/in\\\/milan-jovicic-42aa0231b\"],\"url\":\"https:\\\/\\\/www.apfelpatient.de\\\/en\\\/author\\\/apfeladmin\"}]}<\/script>\n<!-- \/ Yoast SEO Premium plugin. -->","yoast_head_json":{"title":"Bye Bye first MacBook Pro with Retina Display Apfelpatient","description":"Now it&#039;s official. As expected, Apple has discontinued service for the first MacBook Pro with Retina display.","robots":{"index":"index","follow":"follow","max-snippet":"max-snippet:-1","max-image-preview":"max-image-preview:large","max-video-preview":"max-video-preview:-1"},"canonical":"https:\/\/www.apfelpatient.de\/en\/news\/bye-bye-first-macbook-pro-retina-display","og_locale":"en_US","og_type":"article","og_title":"Bye Bye erstes MacBook Pro mit Retina Display","og_description":"Nun ist es offiziell. Wie zu erwarten, hat Apple den Service f\u00fcr das erste MacBook Pro mit Retina Display eingestellt.","og_url":"https:\/\/www.apfelpatient.de\/en\/news\/bye-bye-first-macbook-pro-retina-display","og_site_name":"Apfelpatient","article_publisher":"https:\/\/www.facebook.com\/apfelpatientOfficial","article_author":"https:\/\/www.facebook.com\/apfelpatientOfficial","article_published_time":"2020-07-01T12:06:55+00:00","article_modified_time":"2021-03-31T19:38:55+00:00","og_image":[{"width":1600,"height":1067,"url":"https:\/\/www.apfelpatient.de\/wp-content\/uploads\/2019\/11\/bigstock-203540128.jpg","type":"image\/jpeg"}],"author":"Milan","twitter_card":"summary_large_image","twitter_description":"Nun ist es offiziell. Wie zu erwarten, hat Apple den Service f\u00fcr das erste MacBook Pro mit Retina Display eingestellt.","twitter_misc":{"Written by":"Milan","Est. reading time":"1 minute"},"schema":{"@context":"https:\/\/schema.org","@graph":[{"@type":"NewsArticle","@id":"https:\/\/www.apfelpatient.de\/news\/bye-bye-erstes-macbook-pro-retina-display#article","isPartOf":{"@id":"https:\/\/www.apfelpatient.de\/news\/bye-bye-erstes-macbook-pro-retina-display"},"author":{"@type":"Organization","@id":"https:\/\/www.apfelpatient.de\/en\/#organization","name":"Apfelpatient","url":"https:\/\/www.apfelpatient.de\/en\/"},"headline":"Bye Bye erstes MacBook Pro mit Retina Display","datePublished":"2020-07-01T12:06:55+00:00","dateModified":"2021-03-31T19:38:55+00:00","mainEntityOfPage":{"@id":"https:\/\/www.apfelpatient.de\/news\/bye-bye-erstes-macbook-pro-retina-display"},"wordCount":215,"publisher":{"@type":"Organization","@id":"https:\/\/www.apfelpatient.de\/en\/#organization","name":"Apfelpatient","url":"https:\/\/www.apfelpatient.de\/en\/"},"image":{"@id":"https:\/\/www.apfelpatient.de\/news\/bye-bye-erstes-macbook-pro-retina-display#primaryimage"},"thumbnailUrl":"https:\/\/www.apfelpatient.de\/wp-content\/uploads\/2019\/11\/bigstock-203540128.jpg","keywords":["Mac","MacBook Pro","Vintage"],"articleSection":"News","inLanguage":"en-US","copyrightYear":"2020","copyrightHolder":{"@id":"https:\/\/www.apfelpatient.de\/en\/#organization"}},{"@type":"WebPage","@id":"https:\/\/www.apfelpatient.de\/news\/bye-bye-erstes-macbook-pro-retina-display","url":"https:\/\/www.apfelpatient.de\/news\/bye-bye-erstes-macbook-pro-retina-display","name":"Bye Bye first MacBook Pro with Retina Display Apfelpatient","isPartOf":{"@id":"https:\/\/www.apfelpatient.de\/#website"},"primaryImageOfPage":{"@id":"https:\/\/www.apfelpatient.de\/news\/bye-bye-erstes-macbook-pro-retina-display#primaryimage"},"image":{"@id":"https:\/\/www.apfelpatient.de\/news\/bye-bye-erstes-macbook-pro-retina-display#primaryimage"},"thumbnailUrl":"https:\/\/www.apfelpatient.de\/wp-content\/uploads\/2019\/11\/bigstock-203540128.jpg","datePublished":"2020-07-01T12:06:55+00:00","dateModified":"2021-03-31T19:38:55+00:00","description":"Now it&#039;s official. As expected, Apple has discontinued service for the first MacBook Pro with Retina display.","breadcrumb":{"@id":"https:\/\/www.apfelpatient.de\/news\/bye-bye-erstes-macbook-pro-retina-display#breadcrumb"},"inLanguage":"en-US","potentialAction":[{"@type":"ReadAction","target":["https:\/\/www.apfelpatient.de\/news\/bye-bye-erstes-macbook-pro-retina-display"]}]},{"@type":"ImageObject","inLanguage":"en-US","@id":"https:\/\/www.apfelpatient.de\/news\/bye-bye-erstes-macbook-pro-retina-display#primaryimage","url":"https:\/\/www.apfelpatient.de\/wp-content\/uploads\/2019\/11\/bigstock-203540128.jpg","contentUrl":"https:\/\/www.apfelpatient.de\/wp-content\/uploads\/2019\/11\/bigstock-203540128.jpg","width":1600,"height":1067,"caption":"Alushta Russia - June 8 2017: Backgrounds MacOS High Sierra in the screen of MacBook Pro. MacBookPro was created and developed by the Apple inc."},{"@type":"BreadcrumbList","@id":"https:\/\/www.apfelpatient.de\/news\/bye-bye-erstes-macbook-pro-retina-display#breadcrumb","itemListElement":[{"@type":"ListItem","position":1,"name":"Startseite","item":"https:\/\/www.apfelpatient.de\/"},{"@type":"ListItem","position":2,"name":"Bye Bye erstes MacBook Pro mit Retina Display"}]},{"@type":"WebSite","@id":"https:\/\/www.apfelpatient.de\/#website","url":"https:\/\/www.apfelpatient.de\/","name":"apple patient","description":"Everything about Apple!","publisher":{"@type":"Organization","@id":"https:\/\/www.apfelpatient.de\/en\/#organization","name":"Apfelpatient","url":"https:\/\/www.apfelpatient.de\/en\/"},"alternateName":"Apfelpatient","potentialAction":[{"@type":"SearchAction","target":{"@type":"EntryPoint","urlTemplate":"https:\/\/www.apfelpatient.de\/?s={search_term_string}"},"query-input":{"@type":"PropertyValueSpecification","valueRequired":true,"valueName":"search_term_string"}}],"inLanguage":"en-US"},{"@type":["Person","Organization"],"@id":"https:\/\/www.apfelpatient.de\/#\/schema\/person\/7dc56ad6c8e9824b76d2c08d4c140e13","name":"Milan","logo":{"@id":"https:\/\/www.apfelpatient.de\/#\/schema\/person\/image\/"},"description":"Hello and welcome to my technology blog! As a big Apple fan, I report on everything to do with Apple: from the latest news and exciting rumors to helpful tips and tricks and detailed product tests. If you are as enthusiastic about technology as I am, you have come to the right place!","sameAs":["https:\/\/www.facebook.com\/apfelpatientOfficial","https:\/\/www.linkedin.com\/in\/milan-jovicic-42aa0231b"],"url":"https:\/\/www.apfelpatient.de\/en\/author\/apfeladmin"}]}},"_links":{"self":[{"href":"https:\/\/www.apfelpatient.de\/en\/wp-json\/wp\/v2\/posts\/13391","targetHints":{"allow":["GET"]}}],"collection":[{"href":"https:\/\/www.apfelpatient.de\/en\/wp-json\/wp\/v2\/posts"}],"about":[{"href":"https:\/\/www.apfelpatient.de\/en\/wp-json\/wp\/v2\/types\/post"}],"author":[{"embeddable":true,"href":"https:\/\/www.apfelpatient.de\/en\/wp-json\/wp\/v2\/users\/2"}],"replies":[{"embeddable":true,"href":"https:\/\/www.apfelpatient.de\/en\/wp-json\/wp\/v2\/comments?post=13391"}],"version-history":[{"count":0,"href":"https:\/\/www.apfelpatient.de\/en\/wp-json\/wp\/v2\/posts\/13391\/revisions"}],"wp:featuredmedia":[{"embeddable":true,"href":"https:\/\/www.apfelpatient.de\/en\/wp-json\/wp\/v2\/media\/7402"}],"wp:attachment":[{"href":"https:\/\/www.apfelpatient.de\/en\/wp-json\/wp\/v2\/media?parent=13391"}],"wp:term":[{"taxonomy":"category","embeddable":true,"href":"https:\/\/www.apfelpatient.de\/en\/wp-json\/wp\/v2\/categories?post=13391"},{"taxonomy":"post_tag","embeddable":true,"href":"https:\/\/www.apfelpatient.de\/en\/wp-json\/wp\/v2\/tags?post=13391"}],"curies":[{"name":"wp","href":"https:\/\/api.w.org\/{rel}","templated":true}]}}