{"id":13389,"date":"2020-07-01T14:01:57","date_gmt":"2020-07-01T12:01:57","guid":{"rendered":"https:\/\/www.apfelpatient.de\/?p=13389"},"modified":"2020-07-01T14:01:57","modified_gmt":"2020-07-01T12:01:57","slug":"iphone-12-delays-apple-struggles","status":"publish","type":"post","link":"https:\/\/www.apfelpatient.de\/en\/rumors\/iphone-12-verzoegerungen-apple-kaempft","title":{"rendered":"iPhone 12 delays: Apple struggles"},"content":{"rendered":"<p class=\"has-drop-cap\"><strong>When will the iPhone 12 series really debut? This is the question many fans are asking themselves. In view of the COVID-19 pandemic, Apple&#039;s development progress was massively delayed. Now there is a new report on the subject.<\/strong><\/p>\n\n\n\n<p>The Japanese news site Nikkei Asian Review is currently reporting on Apple&#039;s efforts to reduce delays as much as possible. These are currently said to be between four weeks and two months in the area of mass production. The reason for this is, among other things, the closure of the factories at the beginning of the year. The <a href=\"https:\/\/asia.nikkei.com\/Business\/Technology\/Apple-races-to-push-ahead-with-5G-iPhone-mass-production\" class=\"ek-link\"><span style=\"text-decoration: underline;\" class=\"ek-underline\">report<\/span><\/a>:<\/p>\n\n\n\n<blockquote class=\"wp-block-quote is-layout-flow wp-block-quote-is-layout-flow\"><p>As it stands, there is a months-long delay in mass production, but Apple is doing everything it can to shorten the delay. There is a chance the schedule can still be brought forward,&quot; a source told Nikkei. &quot;Some final iPhone assembly could be pushed back to early October, and it would not be surprising if there were further delays as many tests are still ongoing and the final designs are not yet finalized,&quot; the person said.<\/p><\/blockquote>\n\n\n\n<h3 class=\"wp-block-heading\">Delayed launch of iPhone 12 devices possible<\/h3>\n\n\n\n\n\n\n\n<p>According to the report, Apple&#039;s aggressive approach has secured the market launch this year. However, a punctual launch in September is not expected at the moment. The statements are in line with some earlier reports. However, no specific time frame is given. The suspicion that the four new devices will appear at different times in the fall remains. Both Bloomberg and Apple analyst Ming-Chi Kuo have already expressed this several times. A total of four models in sizes 5.4, 6.1 and 6.7 inches are expected. If the rumors are true, this year&#039;s iPhone line-up would be as follows:<\/p>\n\n\n\n<ul class=\"wp-block-list\"><li><strong>iPhone 12 <\/strong>\u2013 5.4-inch display with OLED Super Retina; 4 GB RAM; storage capacities of 128 and 256 GB; aluminum body; dual camera; prices 649 &amp; 749 US dollars;<\/li><li><strong>iPhone 12 Max<\/strong> \u2013 6.1-inch display with OLED Super Retina; 4 GB RAM; storage capacities of 128 and 256 GB; aluminum body; dual camera; prices $749 &amp; $849;<\/li><li><strong>iPhone 12 Pro <\/strong>\u2013 6.1-inch display with OLED Super Retina XDR and ProMotion technology, with a color depth of 10 bits; 6 GB RAM; storage capacities of 128, 256 &amp; 512 GB; stainless steel case; triple camera with LiDAR scanner; prices 999, 1,099, 1,299 US dollars;<\/li><li><strong>iPhone 12 Pro Max<\/strong> \u2013 6.7-inch display with OLED Super Retina XDR and ProMotion technology, with a color depth of 10 bits; 6 GB RAM; storage capacities of 128, 256 &amp; 512 GB; stainless steel case; triple camera with LiDAR scanner; prices 1,099, 1,199, 1,399 US dollars; <em>(Photo by HalfPoint \/ Bigstockphoto)<\/em><\/li><\/ul>\n\n\n\n<ul class=\"wp-block-list\"><li><a href=\"https:\/\/www.apfelpatient.de\/en\/rumors\/iphone-12-without-accessories-packaging-is-exquisite\" class=\"ek-link\"><span style=\"text-decoration: underline;\" class=\"ek-underline\">iPhone 12 without accessories: Packaging will be \u201cexquisite\u201d<\/span><\/a><\/li><\/ul>\n\n\n\n<h6 class=\"wp-block-heading translation-block\" id=\"h-kennt-ihr-schon-unsere-amazon-storefront-dort-findet-ihr-eine-handverlesene-auswahl-von-diversen-produkten-f-r-euer-iphone-und-co-viel-spa-beim-st-bern\"><em>Have you already visited our Amazon Storefront? There you&#039;ll find a hand-picked selection of various products for your iPhone and other devices \u2013 <span class=\"has-inline-color has-vivid-red-color\"><a href=\"https:\/\/www.amazon.de\/shop\/apfelpatientofficial\" class=\"ek-link\" data-wpel-link=\"exclude\" rel=\"follow noopener\" target=\"_self\"><span style=\"text-decoration: underline\" class=\"ek-underline\">enjoy browsing<\/span><\/a> !<\/span><\/em><\/h6>\n\n\n\n\n\n<h6 class=\"wp-block-heading translation-block\" id=\"h-der-beitrag-enthalt-partnerlinks\">This post contains <a data-type=\"URL\" data-id=\"https:\/\/www.apfelpatient.de\/partnerprogramm\" href=\"https:\/\/www.apfelpatient.de\/en\/partner-program\" data-wpel-link=\"internal\" target=\"_self\">affiliate links<\/a>.<\/h6>","protected":false},"excerpt":{"rendered":"<p>When will the iPhone 12 series really debut? What about the delays? Now there is a new report on the subject.<\/p>","protected":false},"author":2,"featured_media":11593,"comment_status":"closed","ping_status":"closed","sticky":false,"template":"","format":"standard","meta":{"jnews-multi-image_gallery":[],"jnews_single_post":{"subtitle":"","format":"standard","video":"","gallery":"","source_name":"","source_url":"","via_name":"","via_url":"","override":[{"single_blog_custom":"","sidebar":"","second_sidebar":"","share_position":"","share_float_style":"","post_date_format":"","post_date_format_custom":"","post_reading_time_wpm":"","zoom_button_out_step":"1","zoom_button_in_step":"1","number_popup_post":"1"}],"image_override":[{"single_post_thumbnail_size":"","single_post_gallery_size":""}],"trending_post_position":"","trending_post_label":"","sponsored_post_label":"","sponsored_post_name":"","sponsored_post_url":"","sponsored_post_logo":"","sponsored_post_desc":""},"jnews_primary_category":{"id":"274"},"footnotes":""},"categories":[25],"tags":[8,321,254],"class_list":["post-13389","post","type-post","status-publish","format-standard","has-post-thumbnail","hentry","category-rumors","tag-iphone","tag-iphone-12","tag-iphone-2020"],"yoast_head":"<!-- This site is optimized with the Yoast SEO Premium plugin v27.5 (Yoast SEO v27.5) - https:\/\/yoast.com\/product\/yoast-seo-premium-wordpress\/ -->\n<title>iPhone 12 Verz\u00f6gerungen: Apple k\u00e4mpft Apfelpatient<\/title>\n<meta name=\"description\" content=\"Wann wird die iPhone 12 Reihe nun wirklich deb\u00fctieren? Wie sieht es mit den Verz\u00f6gerungen aus? Nun gibt es einen neuen Bericht zu dem Thema.\" \/>\n<meta name=\"robots\" content=\"index, follow, max-snippet:-1, max-image-preview:large, max-video-preview:-1\" \/>\n<link rel=\"canonical\" href=\"https:\/\/www.apfelpatient.de\/en\/rumors\/iphone-12-delays-apple-struggles\" \/>\n<meta property=\"og:locale\" content=\"en_US\" \/>\n<meta property=\"og:type\" content=\"article\" \/>\n<meta property=\"og:title\" content=\"iPhone 12 Verz\u00f6gerungen: Apple k\u00e4mpft\" \/>\n<meta property=\"og:description\" content=\"Wann wird die iPhone 12 Reihe nun wirklich deb\u00fctieren? Wie sieht es mit den Verz\u00f6gerungen aus? Nun gibt es einen neuen Bericht zu dem Thema.\" \/>\n<meta property=\"og:url\" content=\"https:\/\/www.apfelpatient.de\/en\/rumors\/iphone-12-delays-apple-struggles\" \/>\n<meta property=\"og:site_name\" content=\"Apfelpatient\" \/>\n<meta property=\"article:publisher\" content=\"https:\/\/www.facebook.com\/apfelpatientOfficial\" \/>\n<meta property=\"article:author\" content=\"https:\/\/www.facebook.com\/apfelpatientOfficial\" \/>\n<meta property=\"article:published_time\" content=\"2020-07-01T12:01:57+00:00\" \/>\n<meta property=\"og:image\" content=\"https:\/\/www.apfelpatient.de\/wp-content\/uploads\/2020\/04\/bigstock-Nova-Bana-Slovakia-Nov-340210330.jpg\" \/>\n\t<meta property=\"og:image:width\" content=\"1600\" \/>\n\t<meta property=\"og:image:height\" content=\"1067\" \/>\n\t<meta property=\"og:image:type\" content=\"image\/jpeg\" \/>\n<meta name=\"author\" content=\"Milan\" \/>\n<meta name=\"twitter:card\" content=\"summary_large_image\" \/>\n<meta name=\"twitter:description\" content=\"Wann wird die iPhone 12 Reihe nun wirklich deb\u00fctieren? Wie sieht es mit den Verz\u00f6gerungen aus? Nun gibt es einen neuen Bericht zu dem Thema.\" \/>\n<meta name=\"twitter:label1\" content=\"Written by\" \/>\n\t<meta name=\"twitter:data1\" content=\"Milan\" \/>\n\t<meta name=\"twitter:label2\" content=\"Est. reading time\" \/>\n\t<meta name=\"twitter:data2\" content=\"2 minutes\" \/>\n<script type=\"application\/ld+json\" class=\"yoast-schema-graph\">{\"@context\":\"https:\\\/\\\/schema.org\",\"@graph\":[{\"@type\":\"NewsArticle\",\"@id\":\"https:\\\/\\\/www.apfelpatient.de\\\/rumors\\\/iphone-12-verzoegerungen-apple-kaempft#article\",\"isPartOf\":{\"@id\":\"https:\\\/\\\/www.apfelpatient.de\\\/rumors\\\/iphone-12-verzoegerungen-apple-kaempft\"},\"author\":{\"@type\":\"Organization\",\"@id\":\"https:\\\/\\\/www.apfelpatient.de\\\/en\\\/#organization\",\"name\":\"Apfelpatient\",\"url\":\"https:\\\/\\\/www.apfelpatient.de\\\/en\\\/\"},\"headline\":\"iPhone 12 Verz\u00f6gerungen: Apple k\u00e4mpft\",\"datePublished\":\"2020-07-01T12:01:57+00:00\",\"mainEntityOfPage\":{\"@id\":\"https:\\\/\\\/www.apfelpatient.de\\\/rumors\\\/iphone-12-verzoegerungen-apple-kaempft\"},\"wordCount\":420,\"publisher\":{\"@type\":\"Organization\",\"@id\":\"https:\\\/\\\/www.apfelpatient.de\\\/en\\\/#organization\",\"name\":\"Apfelpatient\",\"url\":\"https:\\\/\\\/www.apfelpatient.de\\\/en\\\/\"},\"image\":{\"@id\":\"https:\\\/\\\/www.apfelpatient.de\\\/rumors\\\/iphone-12-verzoegerungen-apple-kaempft#primaryimage\"},\"thumbnailUrl\":\"https:\\\/\\\/www.apfelpatient.de\\\/wp-content\\\/uploads\\\/2020\\\/04\\\/bigstock-Nova-Bana-Slovakia-Nov-340210330.jpg\",\"keywords\":[\"iPhone\",\"iPhone 12\",\"iPhone 2020\"],\"articleSection\":\"Rumors\",\"inLanguage\":\"en-US\",\"copyrightYear\":\"2020\",\"copyrightHolder\":{\"@id\":\"https:\\\/\\\/www.apfelpatient.de\\\/en\\\/#organization\"}},{\"@type\":\"WebPage\",\"@id\":\"https:\\\/\\\/www.apfelpatient.de\\\/rumors\\\/iphone-12-verzoegerungen-apple-kaempft\",\"url\":\"https:\\\/\\\/www.apfelpatient.de\\\/rumors\\\/iphone-12-verzoegerungen-apple-kaempft\",\"name\":\"iPhone 12 Verz\u00f6gerungen: Apple k\u00e4mpft Apfelpatient\",\"isPartOf\":{\"@id\":\"https:\\\/\\\/www.apfelpatient.de\\\/#website\"},\"primaryImageOfPage\":{\"@id\":\"https:\\\/\\\/www.apfelpatient.de\\\/rumors\\\/iphone-12-verzoegerungen-apple-kaempft#primaryimage\"},\"image\":{\"@id\":\"https:\\\/\\\/www.apfelpatient.de\\\/rumors\\\/iphone-12-verzoegerungen-apple-kaempft#primaryimage\"},\"thumbnailUrl\":\"https:\\\/\\\/www.apfelpatient.de\\\/wp-content\\\/uploads\\\/2020\\\/04\\\/bigstock-Nova-Bana-Slovakia-Nov-340210330.jpg\",\"datePublished\":\"2020-07-01T12:01:57+00:00\",\"description\":\"Wann wird die iPhone 12 Reihe nun wirklich deb\u00fctieren? Wie sieht es mit den Verz\u00f6gerungen aus? Nun gibt es einen neuen Bericht zu dem Thema.\",\"breadcrumb\":{\"@id\":\"https:\\\/\\\/www.apfelpatient.de\\\/rumors\\\/iphone-12-verzoegerungen-apple-kaempft#breadcrumb\"},\"inLanguage\":\"en-US\",\"potentialAction\":[{\"@type\":\"ReadAction\",\"target\":[\"https:\\\/\\\/www.apfelpatient.de\\\/rumors\\\/iphone-12-verzoegerungen-apple-kaempft\"]}]},{\"@type\":\"ImageObject\",\"inLanguage\":\"en-US\",\"@id\":\"https:\\\/\\\/www.apfelpatient.de\\\/rumors\\\/iphone-12-verzoegerungen-apple-kaempft#primaryimage\",\"url\":\"https:\\\/\\\/www.apfelpatient.de\\\/wp-content\\\/uploads\\\/2020\\\/04\\\/bigstock-Nova-Bana-Slovakia-Nov-340210330.jpg\",\"contentUrl\":\"https:\\\/\\\/www.apfelpatient.de\\\/wp-content\\\/uploads\\\/2020\\\/04\\\/bigstock-Nova-Bana-Slovakia-Nov-340210330.jpg\",\"width\":1600,\"height\":1067,\"caption\":\"NOVA BANA, SLOVAKIA - NOV 12, 2019: New Apple iPhone 11 Pro smartphone.\"},{\"@type\":\"BreadcrumbList\",\"@id\":\"https:\\\/\\\/www.apfelpatient.de\\\/rumors\\\/iphone-12-verzoegerungen-apple-kaempft#breadcrumb\",\"itemListElement\":[{\"@type\":\"ListItem\",\"position\":1,\"name\":\"Startseite\",\"item\":\"https:\\\/\\\/www.apfelpatient.de\\\/\"},{\"@type\":\"ListItem\",\"position\":2,\"name\":\"iPhone 12 Verz\u00f6gerungen: Apple k\u00e4mpft\"}]},{\"@type\":\"WebSite\",\"@id\":\"https:\\\/\\\/www.apfelpatient.de\\\/#website\",\"url\":\"https:\\\/\\\/www.apfelpatient.de\\\/\",\"name\":\"Apfelpatient\",\"description\":\"Alles rund um Apple!\",\"publisher\":{\"@type\":\"Organization\",\"@id\":\"https:\\\/\\\/www.apfelpatient.de\\\/en\\\/#organization\",\"name\":\"Apfelpatient\",\"url\":\"https:\\\/\\\/www.apfelpatient.de\\\/en\\\/\"},\"alternateName\":\"Apfelpatient\",\"potentialAction\":[{\"@type\":\"SearchAction\",\"target\":{\"@type\":\"EntryPoint\",\"urlTemplate\":\"https:\\\/\\\/www.apfelpatient.de\\\/?s={search_term_string}\"},\"query-input\":{\"@type\":\"PropertyValueSpecification\",\"valueRequired\":true,\"valueName\":\"search_term_string\"}}],\"inLanguage\":\"en-US\"},{\"@type\":[\"Person\",\"Organization\"],\"@id\":\"https:\\\/\\\/www.apfelpatient.de\\\/#\\\/schema\\\/person\\\/7dc56ad6c8e9824b76d2c08d4c140e13\",\"name\":\"Milan\",\"logo\":{\"@id\":\"https:\\\/\\\/www.apfelpatient.de\\\/#\\\/schema\\\/person\\\/image\\\/\"},\"description\":\"Hallo und herzlich willkommen auf meinem Technik-Blog! Als gro\u00dfer Apple-Fan berichte ich hier \u00fcber alles, was mit Apple zu tun hat: von den neuesten News und spannenden Ger\u00fcchten \u00fcber hilfreiche Tipps und Tricks bis hin zu ausf\u00fchrlichen Produkttests. Wenn du genauso technikbegeistert bist wie ich, bist du hier genau richtig!\",\"sameAs\":[\"https:\\\/\\\/www.facebook.com\\\/apfelpatientOfficial\",\"https:\\\/\\\/www.linkedin.com\\\/in\\\/milan-jovicic-42aa0231b\"],\"url\":\"https:\\\/\\\/www.apfelpatient.de\\\/en\\\/author\\\/apfeladmin\"}]}<\/script>\n<!-- \/ Yoast SEO Premium plugin. -->","yoast_head_json":{"title":"iPhone 12 delays: Apple fights Apfelpatient","description":"When will the iPhone 12 series really debut? What about the delays? Now there is a new report on the subject.","robots":{"index":"index","follow":"follow","max-snippet":"max-snippet:-1","max-image-preview":"max-image-preview:large","max-video-preview":"max-video-preview:-1"},"canonical":"https:\/\/www.apfelpatient.de\/en\/rumors\/iphone-12-delays-apple-struggles","og_locale":"en_US","og_type":"article","og_title":"iPhone 12 Verz\u00f6gerungen: Apple k\u00e4mpft","og_description":"Wann wird die iPhone 12 Reihe nun wirklich deb\u00fctieren? Wie sieht es mit den Verz\u00f6gerungen aus? Nun gibt es einen neuen Bericht zu dem Thema.","og_url":"https:\/\/www.apfelpatient.de\/en\/rumors\/iphone-12-delays-apple-struggles","og_site_name":"Apfelpatient","article_publisher":"https:\/\/www.facebook.com\/apfelpatientOfficial","article_author":"https:\/\/www.facebook.com\/apfelpatientOfficial","article_published_time":"2020-07-01T12:01:57+00:00","og_image":[{"width":1600,"height":1067,"url":"https:\/\/www.apfelpatient.de\/wp-content\/uploads\/2020\/04\/bigstock-Nova-Bana-Slovakia-Nov-340210330.jpg","type":"image\/jpeg"}],"author":"Milan","twitter_card":"summary_large_image","twitter_description":"Wann wird die iPhone 12 Reihe nun wirklich deb\u00fctieren? Wie sieht es mit den Verz\u00f6gerungen aus? Nun gibt es einen neuen Bericht zu dem Thema.","twitter_misc":{"Written by":"Milan","Est. reading time":"2 minutes"},"schema":{"@context":"https:\/\/schema.org","@graph":[{"@type":"NewsArticle","@id":"https:\/\/www.apfelpatient.de\/rumors\/iphone-12-verzoegerungen-apple-kaempft#article","isPartOf":{"@id":"https:\/\/www.apfelpatient.de\/rumors\/iphone-12-verzoegerungen-apple-kaempft"},"author":{"@type":"Organization","@id":"https:\/\/www.apfelpatient.de\/en\/#organization","name":"Apfelpatient","url":"https:\/\/www.apfelpatient.de\/en\/"},"headline":"iPhone 12 Verz\u00f6gerungen: Apple k\u00e4mpft","datePublished":"2020-07-01T12:01:57+00:00","mainEntityOfPage":{"@id":"https:\/\/www.apfelpatient.de\/rumors\/iphone-12-verzoegerungen-apple-kaempft"},"wordCount":420,"publisher":{"@type":"Organization","@id":"https:\/\/www.apfelpatient.de\/en\/#organization","name":"Apfelpatient","url":"https:\/\/www.apfelpatient.de\/en\/"},"image":{"@id":"https:\/\/www.apfelpatient.de\/rumors\/iphone-12-verzoegerungen-apple-kaempft#primaryimage"},"thumbnailUrl":"https:\/\/www.apfelpatient.de\/wp-content\/uploads\/2020\/04\/bigstock-Nova-Bana-Slovakia-Nov-340210330.jpg","keywords":["iPhone","iPhone 12","iPhone 2020"],"articleSection":"Rumors","inLanguage":"en-US","copyrightYear":"2020","copyrightHolder":{"@id":"https:\/\/www.apfelpatient.de\/en\/#organization"}},{"@type":"WebPage","@id":"https:\/\/www.apfelpatient.de\/rumors\/iphone-12-verzoegerungen-apple-kaempft","url":"https:\/\/www.apfelpatient.de\/rumors\/iphone-12-verzoegerungen-apple-kaempft","name":"iPhone 12 delays: Apple fights Apfelpatient","isPartOf":{"@id":"https:\/\/www.apfelpatient.de\/#website"},"primaryImageOfPage":{"@id":"https:\/\/www.apfelpatient.de\/rumors\/iphone-12-verzoegerungen-apple-kaempft#primaryimage"},"image":{"@id":"https:\/\/www.apfelpatient.de\/rumors\/iphone-12-verzoegerungen-apple-kaempft#primaryimage"},"thumbnailUrl":"https:\/\/www.apfelpatient.de\/wp-content\/uploads\/2020\/04\/bigstock-Nova-Bana-Slovakia-Nov-340210330.jpg","datePublished":"2020-07-01T12:01:57+00:00","description":"When will the iPhone 12 series really debut? What about the delays? Now there is a new report on the subject.","breadcrumb":{"@id":"https:\/\/www.apfelpatient.de\/rumors\/iphone-12-verzoegerungen-apple-kaempft#breadcrumb"},"inLanguage":"en-US","potentialAction":[{"@type":"ReadAction","target":["https:\/\/www.apfelpatient.de\/rumors\/iphone-12-verzoegerungen-apple-kaempft"]}]},{"@type":"ImageObject","inLanguage":"en-US","@id":"https:\/\/www.apfelpatient.de\/rumors\/iphone-12-verzoegerungen-apple-kaempft#primaryimage","url":"https:\/\/www.apfelpatient.de\/wp-content\/uploads\/2020\/04\/bigstock-Nova-Bana-Slovakia-Nov-340210330.jpg","contentUrl":"https:\/\/www.apfelpatient.de\/wp-content\/uploads\/2020\/04\/bigstock-Nova-Bana-Slovakia-Nov-340210330.jpg","width":1600,"height":1067,"caption":"NOVA BANA, SLOVAKIA - NOV 12, 2019: New Apple iPhone 11 Pro smartphone."},{"@type":"BreadcrumbList","@id":"https:\/\/www.apfelpatient.de\/rumors\/iphone-12-verzoegerungen-apple-kaempft#breadcrumb","itemListElement":[{"@type":"ListItem","position":1,"name":"Startseite","item":"https:\/\/www.apfelpatient.de\/"},{"@type":"ListItem","position":2,"name":"iPhone 12 Verz\u00f6gerungen: Apple k\u00e4mpft"}]},{"@type":"WebSite","@id":"https:\/\/www.apfelpatient.de\/#website","url":"https:\/\/www.apfelpatient.de\/","name":"apple patient","description":"Everything about Apple!","publisher":{"@type":"Organization","@id":"https:\/\/www.apfelpatient.de\/en\/#organization","name":"Apfelpatient","url":"https:\/\/www.apfelpatient.de\/en\/"},"alternateName":"Apfelpatient","potentialAction":[{"@type":"SearchAction","target":{"@type":"EntryPoint","urlTemplate":"https:\/\/www.apfelpatient.de\/?s={search_term_string}"},"query-input":{"@type":"PropertyValueSpecification","valueRequired":true,"valueName":"search_term_string"}}],"inLanguage":"en-US"},{"@type":["Person","Organization"],"@id":"https:\/\/www.apfelpatient.de\/#\/schema\/person\/7dc56ad6c8e9824b76d2c08d4c140e13","name":"Milan","logo":{"@id":"https:\/\/www.apfelpatient.de\/#\/schema\/person\/image\/"},"description":"Hello and welcome to my technology blog! As a big Apple fan, I report on everything to do with Apple: from the latest news and exciting rumors to helpful tips and tricks and detailed product tests. If you are as enthusiastic about technology as I am, you have come to the right place!","sameAs":["https:\/\/www.facebook.com\/apfelpatientOfficial","https:\/\/www.linkedin.com\/in\/milan-jovicic-42aa0231b"],"url":"https:\/\/www.apfelpatient.de\/en\/author\/apfeladmin"}]}},"_links":{"self":[{"href":"https:\/\/www.apfelpatient.de\/en\/wp-json\/wp\/v2\/posts\/13389","targetHints":{"allow":["GET"]}}],"collection":[{"href":"https:\/\/www.apfelpatient.de\/en\/wp-json\/wp\/v2\/posts"}],"about":[{"href":"https:\/\/www.apfelpatient.de\/en\/wp-json\/wp\/v2\/types\/post"}],"author":[{"embeddable":true,"href":"https:\/\/www.apfelpatient.de\/en\/wp-json\/wp\/v2\/users\/2"}],"replies":[{"embeddable":true,"href":"https:\/\/www.apfelpatient.de\/en\/wp-json\/wp\/v2\/comments?post=13389"}],"version-history":[{"count":0,"href":"https:\/\/www.apfelpatient.de\/en\/wp-json\/wp\/v2\/posts\/13389\/revisions"}],"wp:featuredmedia":[{"embeddable":true,"href":"https:\/\/www.apfelpatient.de\/en\/wp-json\/wp\/v2\/media\/11593"}],"wp:attachment":[{"href":"https:\/\/www.apfelpatient.de\/en\/wp-json\/wp\/v2\/media?parent=13389"}],"wp:term":[{"taxonomy":"category","embeddable":true,"href":"https:\/\/www.apfelpatient.de\/en\/wp-json\/wp\/v2\/categories?post=13389"},{"taxonomy":"post_tag","embeddable":true,"href":"https:\/\/www.apfelpatient.de\/en\/wp-json\/wp\/v2\/tags?post=13389"}],"curies":[{"name":"wp","href":"https:\/\/api.w.org\/{rel}","templated":true}]}}