{"id":13385,"date":"2020-07-01T12:08:08","date_gmt":"2020-07-01T10:08:08","guid":{"rendered":"https:\/\/www.apfelpatient.de\/?p=13385"},"modified":"2020-07-01T12:08:08","modified_gmt":"2020-07-01T10:08:08","slug":"iphone-12-without-accessories-packaging-is-exquisite","status":"publish","type":"post","link":"https:\/\/www.apfelpatient.de\/en\/rumors\/iphone-12-ohne-zubehoer-verpackung-wird-exquisit","title":{"rendered":"iPhone 12 without accessories: Packaging will be &quot;exquisite&quot;"},"content":{"rendered":"<p class=\"has-drop-cap\"><strong>The rumors surrounding the next iPhone generation have increased significantly in recent days. For example, the iPhone 12 series is said to be released without EarPods and charging adapters. Now there are reports about the new packaging.<\/strong><\/p>\n\n\n\n<p>A few days ago, two independent and accurate sources reported that Apple will be releasing the new iPhone models this year without a power adapter and EarPods <a href=\"https:\/\/www.apfelpatient.de\/en\/rumors\/iphone-12-bye-bye-charger-headphones\" class=\"ek-link\"><span style=\"text-decoration: underline;\" class=\"ek-underline\">deliver<\/span><\/a> Only a Lightning-to-USB-C cable is supposed to be included. Now the anonymous and accurate leaker <a href=\"https:\/\/twitter.com\/L0vetodream\/status\/1278206861989175296?s=20\" class=\"ek-link\"><span style=\"text-decoration: underline;\" class=\"ek-underline\">L0vetodream<\/span><\/a> and described the packaging of the new devices. According to him, this change will also occur with the iPhone SE 2020. This means that Apple will soon remove both the EarPods and the included power adapter and offer them separately. However, it is doubtful whether this will change the price of the device. In addition, L0vetodream claims that future iPhone packaging will be &quot;thinner&quot; and overall &quot;more exquisite&quot;.<\/p>\n\n\n\n<h3 class=\"wp-block-heading\">Bye Bye iPhone accessories<\/h3>\n\n\n\n\n\n\n\n<p>The company is already known for its slim and, above all, economical packaging. Therefore, a change to this would not be surprising, as long as the accessories are really eliminated. In addition, <a href=\"https:\/\/www.apple.com\/de\/iphone\/\" class=\"ek-link\"><span style=\"text-decoration: underline;\" class=\"ek-underline\">Apple<\/span><\/a> This step will reduce waste and shipping costs. However, not every fan is happy with this step, even if it is more environmentally friendly. Since three different sources, all of which have an excellent track record, have made the same claim, it is now actually safe to assume that Apple is taking this step. Whether this will be reflected in the price of the devices remains to be seen. There will also be a change in the power supplies. Apple is planning a <a href=\"https:\/\/www.apfelpatient.de\/en\/news\/iphone-12-new-power-adapter-discovered-in-database\" class=\"ek-link\"><span style=\"text-decoration: underline;\" class=\"ek-underline\">20-watt charger<\/span><\/a> which will be sold separately and will completely replace both the 5-watt and 18-watt power supplies. The cost of this is not known, however. <em>(Photo by dominiquejames \/ Bigstockphoto)<\/em><\/p>\n\n\n\n<ul class=\"wp-block-list\"><li><a href=\"https:\/\/www.apfelpatient.de\/en\/rumors\/iphone-12-4k-videos-with-120-fps-and-more\" class=\"ek-link\"><span style=\"text-decoration: underline;\" class=\"ek-underline\">iPhone 12: 4K videos with 120 FPS and more<\/span><\/a><\/li><\/ul>\n\n\n\n<h6 class=\"wp-block-heading translation-block\" id=\"h-kennt-ihr-schon-unsere-amazon-storefront-dort-findet-ihr-eine-handverlesene-auswahl-von-diversen-produkten-f-r-euer-iphone-und-co-viel-spa-beim-st-bern\"><em>Have you already visited our Amazon Storefront? There you&#039;ll find a hand-picked selection of various products for your iPhone and other devices \u2013 <span class=\"has-inline-color has-vivid-red-color\"><a href=\"https:\/\/www.amazon.de\/shop\/apfelpatientofficial\" class=\"ek-link\" data-wpel-link=\"exclude\" rel=\"follow noopener\" target=\"_self\"><span style=\"text-decoration: underline\" class=\"ek-underline\">enjoy browsing<\/span><\/a> !<\/span><\/em><\/h6>\n\n\n\n\n\n<h6 class=\"wp-block-heading translation-block\" id=\"h-der-beitrag-enthalt-partnerlinks\">This post contains <a data-type=\"URL\" data-id=\"https:\/\/www.apfelpatient.de\/partnerprogramm\" href=\"https:\/\/www.apfelpatient.de\/en\/partner-program\" data-wpel-link=\"internal\" target=\"_self\">affiliate links<\/a>.<\/h6>","protected":false},"excerpt":{"rendered":"<p>For example, the iPhone 12 series is expected to be released without EarPods and charging adapters. Now reports are coming about the new packaging.<\/p>","protected":false},"author":2,"featured_media":13384,"comment_status":"closed","ping_status":"closed","sticky":false,"template":"","format":"standard","meta":{"jnews-multi-image_gallery":[],"jnews_single_post":{"subtitle":"","format":"standard","video":"","gallery":"","source_name":"","source_url":"","via_name":"","via_url":"","override":[{"single_blog_custom":"","sidebar":"","second_sidebar":"","share_position":"","share_float_style":"","post_date_format":"","post_date_format_custom":"","post_reading_time_wpm":"","zoom_button_out_step":"1","zoom_button_in_step":"1","number_popup_post":"1"}],"image_override":[{"single_post_thumbnail_size":"","single_post_gallery_size":""}],"trending_post_position":"","trending_post_label":"","sponsored_post_label":"","sponsored_post_name":"","sponsored_post_url":"","sponsored_post_logo":"","sponsored_post_desc":""},"jnews_primary_category":{"id":"274"},"footnotes":""},"categories":[25],"tags":[8,321,254],"class_list":["post-13385","post","type-post","status-publish","format-standard","has-post-thumbnail","hentry","category-rumors","tag-iphone","tag-iphone-12","tag-iphone-2020"],"yoast_head":"<!-- This site is optimized with the Yoast SEO Premium plugin v27.5 (Yoast SEO v27.5) - https:\/\/yoast.com\/product\/yoast-seo-premium-wordpress\/ -->\n<title>iPhone 12 ohne Zubeh\u00f6r: Verpackung wird &quot;exquisit&quot; Apfelpatient<\/title>\n<meta name=\"description\" content=\"So soll etwa die iPhone 12 Reihe ohne EarPods und Ladeadapter erscheinen. Nun wird \u00fcber die neue Verpackung berichtet.\" \/>\n<meta name=\"robots\" content=\"index, follow, max-snippet:-1, max-image-preview:large, max-video-preview:-1\" \/>\n<link rel=\"canonical\" href=\"https:\/\/www.apfelpatient.de\/en\/rumors\/iphone-12-without-accessories-packaging-is-exquisite\" \/>\n<meta property=\"og:locale\" content=\"en_US\" \/>\n<meta property=\"og:type\" content=\"article\" \/>\n<meta property=\"og:title\" content=\"iPhone 12 ohne Zubeh\u00f6r: Verpackung wird &quot;exquisit&quot;\" \/>\n<meta property=\"og:description\" content=\"So soll etwa die iPhone 12 Reihe ohne EarPods und Ladeadapter erscheinen. Nun wird \u00fcber die neue Verpackung berichtet.\" \/>\n<meta property=\"og:url\" content=\"https:\/\/www.apfelpatient.de\/en\/rumors\/iphone-12-without-accessories-packaging-is-exquisite\" \/>\n<meta property=\"og:site_name\" content=\"Apfelpatient\" \/>\n<meta property=\"article:publisher\" content=\"https:\/\/www.facebook.com\/apfelpatientOfficial\" \/>\n<meta property=\"article:author\" content=\"https:\/\/www.facebook.com\/apfelpatientOfficial\" \/>\n<meta property=\"article:published_time\" content=\"2020-07-01T10:08:08+00:00\" \/>\n<meta property=\"og:image\" content=\"https:\/\/www.apfelpatient.de\/wp-content\/uploads\/2020\/07\/bigstock-Vidalia-Georgia-Usa-Septe-324803500.jpg\" \/>\n\t<meta property=\"og:image:width\" content=\"1600\" \/>\n\t<meta property=\"og:image:height\" content=\"1068\" \/>\n\t<meta property=\"og:image:type\" content=\"image\/jpeg\" \/>\n<meta name=\"author\" content=\"Milan\" \/>\n<meta name=\"twitter:card\" content=\"summary_large_image\" \/>\n<meta name=\"twitter:description\" content=\"So soll etwa die iPhone 12 Reihe ohne EarPods und Ladeadapter erscheinen. Nun wird \u00fcber die neue Verpackung berichtet.\" \/>\n<meta name=\"twitter:label1\" content=\"Written by\" \/>\n\t<meta name=\"twitter:data1\" content=\"Milan\" \/>\n\t<meta name=\"twitter:label2\" content=\"Est. reading time\" \/>\n\t<meta name=\"twitter:data2\" content=\"2 minutes\" \/>\n<script type=\"application\/ld+json\" class=\"yoast-schema-graph\">{\"@context\":\"https:\\\/\\\/schema.org\",\"@graph\":[{\"@type\":\"NewsArticle\",\"@id\":\"https:\\\/\\\/www.apfelpatient.de\\\/rumors\\\/iphone-12-ohne-zubehoer-verpackung-wird-exquisit#article\",\"isPartOf\":{\"@id\":\"https:\\\/\\\/www.apfelpatient.de\\\/rumors\\\/iphone-12-ohne-zubehoer-verpackung-wird-exquisit\"},\"author\":{\"@type\":\"Organization\",\"@id\":\"https:\\\/\\\/www.apfelpatient.de\\\/en\\\/#organization\",\"name\":\"Apfelpatient\",\"url\":\"https:\\\/\\\/www.apfelpatient.de\\\/en\\\/\"},\"headline\":\"iPhone 12 ohne Zubeh\u00f6r: Verpackung wird &#8222;exquisit&#8220;\",\"datePublished\":\"2020-07-01T10:08:08+00:00\",\"mainEntityOfPage\":{\"@id\":\"https:\\\/\\\/www.apfelpatient.de\\\/rumors\\\/iphone-12-ohne-zubehoer-verpackung-wird-exquisit\"},\"wordCount\":309,\"publisher\":{\"@type\":\"Organization\",\"@id\":\"https:\\\/\\\/www.apfelpatient.de\\\/en\\\/#organization\",\"name\":\"Apfelpatient\",\"url\":\"https:\\\/\\\/www.apfelpatient.de\\\/en\\\/\"},\"image\":{\"@id\":\"https:\\\/\\\/www.apfelpatient.de\\\/rumors\\\/iphone-12-ohne-zubehoer-verpackung-wird-exquisit#primaryimage\"},\"thumbnailUrl\":\"https:\\\/\\\/www.apfelpatient.de\\\/wp-content\\\/uploads\\\/2020\\\/07\\\/bigstock-Vidalia-Georgia-Usa-Septe-324803500.jpg\",\"keywords\":[\"iPhone\",\"iPhone 12\",\"iPhone 2020\"],\"articleSection\":\"Rumors\",\"inLanguage\":\"en-US\",\"copyrightYear\":\"2020\",\"copyrightHolder\":{\"@id\":\"https:\\\/\\\/www.apfelpatient.de\\\/en\\\/#organization\"}},{\"@type\":\"WebPage\",\"@id\":\"https:\\\/\\\/www.apfelpatient.de\\\/rumors\\\/iphone-12-ohne-zubehoer-verpackung-wird-exquisit\",\"url\":\"https:\\\/\\\/www.apfelpatient.de\\\/rumors\\\/iphone-12-ohne-zubehoer-verpackung-wird-exquisit\",\"name\":\"iPhone 12 ohne Zubeh\u00f6r: Verpackung wird \\\"exquisit\\\" Apfelpatient\",\"isPartOf\":{\"@id\":\"https:\\\/\\\/www.apfelpatient.de\\\/#website\"},\"primaryImageOfPage\":{\"@id\":\"https:\\\/\\\/www.apfelpatient.de\\\/rumors\\\/iphone-12-ohne-zubehoer-verpackung-wird-exquisit#primaryimage\"},\"image\":{\"@id\":\"https:\\\/\\\/www.apfelpatient.de\\\/rumors\\\/iphone-12-ohne-zubehoer-verpackung-wird-exquisit#primaryimage\"},\"thumbnailUrl\":\"https:\\\/\\\/www.apfelpatient.de\\\/wp-content\\\/uploads\\\/2020\\\/07\\\/bigstock-Vidalia-Georgia-Usa-Septe-324803500.jpg\",\"datePublished\":\"2020-07-01T10:08:08+00:00\",\"description\":\"So soll etwa die iPhone 12 Reihe ohne EarPods und Ladeadapter erscheinen. Nun wird \u00fcber die neue Verpackung berichtet.\",\"breadcrumb\":{\"@id\":\"https:\\\/\\\/www.apfelpatient.de\\\/rumors\\\/iphone-12-ohne-zubehoer-verpackung-wird-exquisit#breadcrumb\"},\"inLanguage\":\"en-US\",\"potentialAction\":[{\"@type\":\"ReadAction\",\"target\":[\"https:\\\/\\\/www.apfelpatient.de\\\/rumors\\\/iphone-12-ohne-zubehoer-verpackung-wird-exquisit\"]}]},{\"@type\":\"ImageObject\",\"inLanguage\":\"en-US\",\"@id\":\"https:\\\/\\\/www.apfelpatient.de\\\/rumors\\\/iphone-12-ohne-zubehoer-verpackung-wird-exquisit#primaryimage\",\"url\":\"https:\\\/\\\/www.apfelpatient.de\\\/wp-content\\\/uploads\\\/2020\\\/07\\\/bigstock-Vidalia-Georgia-Usa-Septe-324803500.jpg\",\"contentUrl\":\"https:\\\/\\\/www.apfelpatient.de\\\/wp-content\\\/uploads\\\/2020\\\/07\\\/bigstock-Vidalia-Georgia-Usa-Septe-324803500.jpg\",\"width\":1600,\"height\":1068,\"caption\":\"Vidalia, Georgia \\\/ USA - September 27, 2019: A studio shot of the Apple iPhone 11 Max Pro packaging retail box set on a white background.\"},{\"@type\":\"BreadcrumbList\",\"@id\":\"https:\\\/\\\/www.apfelpatient.de\\\/rumors\\\/iphone-12-ohne-zubehoer-verpackung-wird-exquisit#breadcrumb\",\"itemListElement\":[{\"@type\":\"ListItem\",\"position\":1,\"name\":\"Startseite\",\"item\":\"https:\\\/\\\/www.apfelpatient.de\\\/\"},{\"@type\":\"ListItem\",\"position\":2,\"name\":\"iPhone 12 ohne Zubeh\u00f6r: Verpackung wird &#8222;exquisit&#8220;\"}]},{\"@type\":\"WebSite\",\"@id\":\"https:\\\/\\\/www.apfelpatient.de\\\/#website\",\"url\":\"https:\\\/\\\/www.apfelpatient.de\\\/\",\"name\":\"Apfelpatient\",\"description\":\"Alles rund um Apple!\",\"publisher\":{\"@type\":\"Organization\",\"@id\":\"https:\\\/\\\/www.apfelpatient.de\\\/en\\\/#organization\",\"name\":\"Apfelpatient\",\"url\":\"https:\\\/\\\/www.apfelpatient.de\\\/en\\\/\"},\"alternateName\":\"Apfelpatient\",\"potentialAction\":[{\"@type\":\"SearchAction\",\"target\":{\"@type\":\"EntryPoint\",\"urlTemplate\":\"https:\\\/\\\/www.apfelpatient.de\\\/?s={search_term_string}\"},\"query-input\":{\"@type\":\"PropertyValueSpecification\",\"valueRequired\":true,\"valueName\":\"search_term_string\"}}],\"inLanguage\":\"en-US\"},{\"@type\":[\"Person\",\"Organization\"],\"@id\":\"https:\\\/\\\/www.apfelpatient.de\\\/#\\\/schema\\\/person\\\/7dc56ad6c8e9824b76d2c08d4c140e13\",\"name\":\"Milan\",\"logo\":{\"@id\":\"https:\\\/\\\/www.apfelpatient.de\\\/#\\\/schema\\\/person\\\/image\\\/\"},\"description\":\"Hallo und herzlich willkommen auf meinem Technik-Blog! Als gro\u00dfer Apple-Fan berichte ich hier \u00fcber alles, was mit Apple zu tun hat: von den neuesten News und spannenden Ger\u00fcchten \u00fcber hilfreiche Tipps und Tricks bis hin zu ausf\u00fchrlichen Produkttests. Wenn du genauso technikbegeistert bist wie ich, bist du hier genau richtig!\",\"sameAs\":[\"https:\\\/\\\/www.facebook.com\\\/apfelpatientOfficial\",\"https:\\\/\\\/www.linkedin.com\\\/in\\\/milan-jovicic-42aa0231b\"],\"url\":\"https:\\\/\\\/www.apfelpatient.de\\\/en\\\/author\\\/apfeladmin\"}]}<\/script>\n<!-- \/ Yoast SEO Premium plugin. -->","yoast_head_json":{"title":"iPhone 12 without accessories: Packaging will be &quot;exquisite&quot; Apfelpatient","description":"For example, the iPhone 12 series is expected to be released without EarPods and charging adapters. Now reports are coming about the new packaging.","robots":{"index":"index","follow":"follow","max-snippet":"max-snippet:-1","max-image-preview":"max-image-preview:large","max-video-preview":"max-video-preview:-1"},"canonical":"https:\/\/www.apfelpatient.de\/en\/rumors\/iphone-12-without-accessories-packaging-is-exquisite","og_locale":"en_US","og_type":"article","og_title":"iPhone 12 ohne Zubeh\u00f6r: Verpackung wird \"exquisit\"","og_description":"So soll etwa die iPhone 12 Reihe ohne EarPods und Ladeadapter erscheinen. Nun wird \u00fcber die neue Verpackung berichtet.","og_url":"https:\/\/www.apfelpatient.de\/en\/rumors\/iphone-12-without-accessories-packaging-is-exquisite","og_site_name":"Apfelpatient","article_publisher":"https:\/\/www.facebook.com\/apfelpatientOfficial","article_author":"https:\/\/www.facebook.com\/apfelpatientOfficial","article_published_time":"2020-07-01T10:08:08+00:00","og_image":[{"width":1600,"height":1068,"url":"https:\/\/www.apfelpatient.de\/wp-content\/uploads\/2020\/07\/bigstock-Vidalia-Georgia-Usa-Septe-324803500.jpg","type":"image\/jpeg"}],"author":"Milan","twitter_card":"summary_large_image","twitter_description":"So soll etwa die iPhone 12 Reihe ohne EarPods und Ladeadapter erscheinen. Nun wird \u00fcber die neue Verpackung berichtet.","twitter_misc":{"Written by":"Milan","Est. reading time":"2 minutes"},"schema":{"@context":"https:\/\/schema.org","@graph":[{"@type":"NewsArticle","@id":"https:\/\/www.apfelpatient.de\/rumors\/iphone-12-ohne-zubehoer-verpackung-wird-exquisit#article","isPartOf":{"@id":"https:\/\/www.apfelpatient.de\/rumors\/iphone-12-ohne-zubehoer-verpackung-wird-exquisit"},"author":{"@type":"Organization","@id":"https:\/\/www.apfelpatient.de\/en\/#organization","name":"Apfelpatient","url":"https:\/\/www.apfelpatient.de\/en\/"},"headline":"iPhone 12 ohne Zubeh\u00f6r: Verpackung wird &#8222;exquisit&#8220;","datePublished":"2020-07-01T10:08:08+00:00","mainEntityOfPage":{"@id":"https:\/\/www.apfelpatient.de\/rumors\/iphone-12-ohne-zubehoer-verpackung-wird-exquisit"},"wordCount":309,"publisher":{"@type":"Organization","@id":"https:\/\/www.apfelpatient.de\/en\/#organization","name":"Apfelpatient","url":"https:\/\/www.apfelpatient.de\/en\/"},"image":{"@id":"https:\/\/www.apfelpatient.de\/rumors\/iphone-12-ohne-zubehoer-verpackung-wird-exquisit#primaryimage"},"thumbnailUrl":"https:\/\/www.apfelpatient.de\/wp-content\/uploads\/2020\/07\/bigstock-Vidalia-Georgia-Usa-Septe-324803500.jpg","keywords":["iPhone","iPhone 12","iPhone 2020"],"articleSection":"Rumors","inLanguage":"en-US","copyrightYear":"2020","copyrightHolder":{"@id":"https:\/\/www.apfelpatient.de\/en\/#organization"}},{"@type":"WebPage","@id":"https:\/\/www.apfelpatient.de\/rumors\/iphone-12-ohne-zubehoer-verpackung-wird-exquisit","url":"https:\/\/www.apfelpatient.de\/rumors\/iphone-12-ohne-zubehoer-verpackung-wird-exquisit","name":"iPhone 12 without accessories: Packaging will be &quot;exquisite&quot; Apfelpatient","isPartOf":{"@id":"https:\/\/www.apfelpatient.de\/#website"},"primaryImageOfPage":{"@id":"https:\/\/www.apfelpatient.de\/rumors\/iphone-12-ohne-zubehoer-verpackung-wird-exquisit#primaryimage"},"image":{"@id":"https:\/\/www.apfelpatient.de\/rumors\/iphone-12-ohne-zubehoer-verpackung-wird-exquisit#primaryimage"},"thumbnailUrl":"https:\/\/www.apfelpatient.de\/wp-content\/uploads\/2020\/07\/bigstock-Vidalia-Georgia-Usa-Septe-324803500.jpg","datePublished":"2020-07-01T10:08:08+00:00","description":"For example, the iPhone 12 series is expected to be released without EarPods and charging adapters. Now reports are coming about the new packaging.","breadcrumb":{"@id":"https:\/\/www.apfelpatient.de\/rumors\/iphone-12-ohne-zubehoer-verpackung-wird-exquisit#breadcrumb"},"inLanguage":"en-US","potentialAction":[{"@type":"ReadAction","target":["https:\/\/www.apfelpatient.de\/rumors\/iphone-12-ohne-zubehoer-verpackung-wird-exquisit"]}]},{"@type":"ImageObject","inLanguage":"en-US","@id":"https:\/\/www.apfelpatient.de\/rumors\/iphone-12-ohne-zubehoer-verpackung-wird-exquisit#primaryimage","url":"https:\/\/www.apfelpatient.de\/wp-content\/uploads\/2020\/07\/bigstock-Vidalia-Georgia-Usa-Septe-324803500.jpg","contentUrl":"https:\/\/www.apfelpatient.de\/wp-content\/uploads\/2020\/07\/bigstock-Vidalia-Georgia-Usa-Septe-324803500.jpg","width":1600,"height":1068,"caption":"Vidalia, Georgia \/ USA - September 27, 2019: A studio shot of the Apple iPhone 11 Max Pro packaging retail box set on a white background."},{"@type":"BreadcrumbList","@id":"https:\/\/www.apfelpatient.de\/rumors\/iphone-12-ohne-zubehoer-verpackung-wird-exquisit#breadcrumb","itemListElement":[{"@type":"ListItem","position":1,"name":"Startseite","item":"https:\/\/www.apfelpatient.de\/"},{"@type":"ListItem","position":2,"name":"iPhone 12 ohne Zubeh\u00f6r: Verpackung wird &#8222;exquisit&#8220;"}]},{"@type":"WebSite","@id":"https:\/\/www.apfelpatient.de\/#website","url":"https:\/\/www.apfelpatient.de\/","name":"apple patient","description":"Everything about Apple!","publisher":{"@type":"Organization","@id":"https:\/\/www.apfelpatient.de\/en\/#organization","name":"Apfelpatient","url":"https:\/\/www.apfelpatient.de\/en\/"},"alternateName":"Apfelpatient","potentialAction":[{"@type":"SearchAction","target":{"@type":"EntryPoint","urlTemplate":"https:\/\/www.apfelpatient.de\/?s={search_term_string}"},"query-input":{"@type":"PropertyValueSpecification","valueRequired":true,"valueName":"search_term_string"}}],"inLanguage":"en-US"},{"@type":["Person","Organization"],"@id":"https:\/\/www.apfelpatient.de\/#\/schema\/person\/7dc56ad6c8e9824b76d2c08d4c140e13","name":"Milan","logo":{"@id":"https:\/\/www.apfelpatient.de\/#\/schema\/person\/image\/"},"description":"Hello and welcome to my technology blog! As a big Apple fan, I report on everything to do with Apple: from the latest news and exciting rumors to helpful tips and tricks and detailed product tests. If you are as enthusiastic about technology as I am, you have come to the right place!","sameAs":["https:\/\/www.facebook.com\/apfelpatientOfficial","https:\/\/www.linkedin.com\/in\/milan-jovicic-42aa0231b"],"url":"https:\/\/www.apfelpatient.de\/en\/author\/apfeladmin"}]}},"_links":{"self":[{"href":"https:\/\/www.apfelpatient.de\/en\/wp-json\/wp\/v2\/posts\/13385","targetHints":{"allow":["GET"]}}],"collection":[{"href":"https:\/\/www.apfelpatient.de\/en\/wp-json\/wp\/v2\/posts"}],"about":[{"href":"https:\/\/www.apfelpatient.de\/en\/wp-json\/wp\/v2\/types\/post"}],"author":[{"embeddable":true,"href":"https:\/\/www.apfelpatient.de\/en\/wp-json\/wp\/v2\/users\/2"}],"replies":[{"embeddable":true,"href":"https:\/\/www.apfelpatient.de\/en\/wp-json\/wp\/v2\/comments?post=13385"}],"version-history":[{"count":0,"href":"https:\/\/www.apfelpatient.de\/en\/wp-json\/wp\/v2\/posts\/13385\/revisions"}],"wp:featuredmedia":[{"embeddable":true,"href":"https:\/\/www.apfelpatient.de\/en\/wp-json\/wp\/v2\/media\/13384"}],"wp:attachment":[{"href":"https:\/\/www.apfelpatient.de\/en\/wp-json\/wp\/v2\/media?parent=13385"}],"wp:term":[{"taxonomy":"category","embeddable":true,"href":"https:\/\/www.apfelpatient.de\/en\/wp-json\/wp\/v2\/categories?post=13385"},{"taxonomy":"post_tag","embeddable":true,"href":"https:\/\/www.apfelpatient.de\/en\/wp-json\/wp\/v2\/tags?post=13385"}],"curies":[{"name":"wp","href":"https:\/\/api.w.org\/{rel}","templated":true}]}}