{"id":13373,"date":"2020-06-30T20:33:37","date_gmt":"2020-06-30T18:33:37","guid":{"rendered":"https:\/\/www.apfelpatient.de\/?p=13373"},"modified":"2020-06-30T20:33:37","modified_gmt":"2020-06-30T18:33:37","slug":"facebook-announces-changes-to-the-newsfeed","status":"publish","type":"post","link":"https:\/\/www.apfelpatient.de\/en\/news\/facebook-kuendigt-aenderungen-im-newsfeed-an","title":{"rendered":"Facebook announces changes to the news feed"},"content":{"rendered":"<p class=\"has-drop-cap\"><strong>Facebook announced changes to the news feed in a blog post today. The aim is to further focus on original reporting.<\/strong><\/p>\n\n\n\n<p>Social media giant Facebook has announced changes to its news feed that primarily affect news sites. Posts from transparent authors will be given priority over others. The blog post states:<\/p>\n\n\n\n<blockquote class=\"wp-block-quote is-layout-flow wp-block-quote-is-layout-flow\"><p>Today we&#039;re updating the way news is ranked in News Feed to prioritize original reporting and stories with transparent authorship. These signals are based on user research and were created with input from news publishers and academic experts, and will apply only to news content.<\/p><\/blockquote>\n\n\n\n<p>According to Facebook, news is important to inform people around the world and will ensure that original content is prioritized. It continues:<\/p>\n\n\n\n<blockquote class=\"wp-block-quote is-layout-flow wp-block-quote-is-layout-flow\"><p>We will now prioritize articles in News Feed that we identify as original reporting on a developing story or topic. We do this by looking at groups of articles on a particular story topic and identifying those that are most often cited as an original source.<\/p><\/blockquote>\n\n\n\n<h3 class=\"wp-block-heading\">Transparent authors are rewarded<\/h3>\n\n\n\n\n\n\n\n<p>The changes will first be made to news in English before the whole thing is expanded. However, this optimization will not affect the posts of friends but will only target news sites. But there is another change. In the future, news sites that do not disclose transparent information about the authors will be demoted by Facebook. It says:<\/p>\n\n\n\n<blockquote class=\"wp-block-quote is-layout-flow wp-block-quote-is-layout-flow\"><p>We will review news articles for bylines or a staff page on the publisher&#039;s website that lists the first and last names of reporters or other editors. We&#039;ve found that publishers that don&#039;t include this information often lack credibility with readers and produce content that contains clickbait or ad farms, all content that people tell us they don&#039;t want to see on Facebook.<\/p><\/blockquote>\n\n\n\n<p>These changes should therefore be taken seriously and will ensure more order in the news feed \u2013 if you want to read the entire announcement, you can find the blog post here. <em>(Image: Facebook)<\/em><\/p>\n\n\n\n<ul class=\"wp-block-list\"><li><a href=\"https:\/\/www.apfelpatient.de\/en\/news\/iphone-facebook-rolls-out-dark-mode\" class=\"ek-link\"><a href=\"iPhone: Facebook rollt Dark Mode aus\" class=\"ek-link\"><\/a><span style=\"text-decoration: underline;\" class=\"ek-underline\">iPhone: Facebook rolls out Dark Mode<\/span><\/a><\/li><\/ul>\n\n\n\n<h6 class=\"wp-block-heading translation-block\" id=\"h-kennt-ihr-schon-unsere-amazon-storefront-dort-findet-ihr-eine-handverlesene-auswahl-von-diversen-produkten-f-r-euer-iphone-und-co-viel-spa-beim-st-bern\"><em>Have you already visited our Amazon Storefront? There you&#039;ll find a hand-picked selection of various products for your iPhone and other devices \u2013 <span class=\"has-inline-color has-vivid-red-color\"><a href=\"https:\/\/www.amazon.de\/shop\/apfelpatientofficial\" class=\"ek-link\" data-wpel-link=\"exclude\" rel=\"follow noopener\" target=\"_self\"><span style=\"text-decoration: underline\" class=\"ek-underline\">enjoy browsing<\/span><\/a> !<\/span><\/em><\/h6>\n\n\n\n\n\n<h6 class=\"wp-block-heading translation-block\" id=\"h-der-beitrag-enthalt-partnerlinks\">This post contains <a data-type=\"URL\" data-id=\"https:\/\/www.apfelpatient.de\/partnerprogramm\" href=\"https:\/\/www.apfelpatient.de\/en\/partner-program\" data-wpel-link=\"internal\" target=\"_self\">affiliate links<\/a>.<\/h6>","protected":false},"excerpt":{"rendered":"<p>Facebook announced changes to the news feed in a blog post today. The aim is to further focus on original reporting.<\/p>","protected":false},"author":2,"featured_media":13374,"comment_status":"closed","ping_status":"closed","sticky":false,"template":"","format":"standard","meta":{"jnews-multi-image_gallery":[],"jnews_single_post":{"subtitle":"","format":"standard","video":"","gallery":"","source_name":"","source_url":"","via_name":"","via_url":"","override":[{"single_blog_custom":"","sidebar":"","second_sidebar":"","share_position":"","share_float_style":"","post_date_format":"","post_date_format_custom":"","post_reading_time_wpm":"","zoom_button_out_step":"1","zoom_button_in_step":"1","number_popup_post":"1"}],"image_override":[{"single_post_thumbnail_size":"","single_post_gallery_size":""}],"trending_post_position":"","trending_post_label":"","sponsored_post_label":"","sponsored_post_name":"","sponsored_post_url":"","sponsored_post_logo":"","sponsored_post_desc":""},"jnews_primary_category":{"id":"265"},"footnotes":""},"categories":[9],"tags":[6,142,13],"class_list":["post-13373","post","type-post","status-publish","format-standard","has-post-thumbnail","hentry","category-news","tag-app-store","tag-facebook","tag-techpatient"],"yoast_head":"<!-- This site is optimized with the Yoast SEO Premium plugin v27.5 (Yoast SEO v27.5) - https:\/\/yoast.com\/product\/yoast-seo-premium-wordpress\/ -->\n<title>Facebook k\u00fcndigt \u00c4nderungen im Newsfeed an Apfelpatient<\/title>\n<meta name=\"description\" content=\"Facebook hat heute mittels einem Blog-Beitrag \u00c4nderungen im Newsfeed angek\u00fcndigt. Dabei soll die Originalberichterstattung weiter in den Fokus r\u00fccken.\" \/>\n<meta name=\"robots\" content=\"index, follow, max-snippet:-1, max-image-preview:large, max-video-preview:-1\" \/>\n<link rel=\"canonical\" href=\"https:\/\/www.apfelpatient.de\/en\/news\/facebook-announces-changes-to-the-newsfeed\" \/>\n<meta property=\"og:locale\" content=\"en_US\" \/>\n<meta property=\"og:type\" content=\"article\" \/>\n<meta property=\"og:title\" content=\"Facebook k\u00fcndigt \u00c4nderungen im Newsfeed an\" \/>\n<meta property=\"og:description\" content=\"Facebook hat heute mittels einem Blog-Beitrag \u00c4nderungen im Newsfeed angek\u00fcndigt. Dabei soll die Originalberichterstattung weiter in den Fokus r\u00fccken.\" \/>\n<meta property=\"og:url\" content=\"https:\/\/www.apfelpatient.de\/en\/news\/facebook-announces-changes-to-the-newsfeed\" \/>\n<meta property=\"og:site_name\" content=\"Apfelpatient\" \/>\n<meta property=\"article:publisher\" content=\"https:\/\/www.facebook.com\/apfelpatientOfficial\" \/>\n<meta property=\"article:author\" content=\"https:\/\/www.facebook.com\/apfelpatientOfficial\" \/>\n<meta property=\"article:published_time\" content=\"2020-06-30T18:33:37+00:00\" \/>\n<meta property=\"og:image\" content=\"https:\/\/www.apfelpatient.de\/wp-content\/uploads\/2020\/06\/NRP-Prioritizing_Original_Reporting_on_Facebook_FINAL.jpg\" \/>\n\t<meta property=\"og:image:width\" content=\"4001\" \/>\n\t<meta property=\"og:image:height\" content=\"2251\" \/>\n\t<meta property=\"og:image:type\" content=\"image\/jpeg\" \/>\n<meta name=\"author\" content=\"Milan\" \/>\n<meta name=\"twitter:card\" content=\"summary_large_image\" \/>\n<meta name=\"twitter:description\" content=\"Facebook hat heute mittels einem Blog-Beitrag \u00c4nderungen im Newsfeed angek\u00fcndigt. Dabei soll die Originalberichterstattung weiter in den Fokus r\u00fccken.\" \/>\n<meta name=\"twitter:label1\" content=\"Written by\" \/>\n\t<meta name=\"twitter:data1\" content=\"Milan\" \/>\n\t<meta name=\"twitter:label2\" content=\"Est. reading time\" \/>\n\t<meta name=\"twitter:data2\" content=\"2 minutes\" \/>\n<script type=\"application\/ld+json\" class=\"yoast-schema-graph\">{\"@context\":\"https:\\\/\\\/schema.org\",\"@graph\":[{\"@type\":\"NewsArticle\",\"@id\":\"https:\\\/\\\/www.apfelpatient.de\\\/news\\\/facebook-kuendigt-aenderungen-im-newsfeed-an#article\",\"isPartOf\":{\"@id\":\"https:\\\/\\\/www.apfelpatient.de\\\/news\\\/facebook-kuendigt-aenderungen-im-newsfeed-an\"},\"author\":{\"@type\":\"Organization\",\"@id\":\"https:\\\/\\\/www.apfelpatient.de\\\/en\\\/#organization\",\"name\":\"Apfelpatient\",\"url\":\"https:\\\/\\\/www.apfelpatient.de\\\/en\\\/\"},\"headline\":\"Facebook k\u00fcndigt \u00c4nderungen im Newsfeed an\",\"datePublished\":\"2020-06-30T18:33:37+00:00\",\"mainEntityOfPage\":{\"@id\":\"https:\\\/\\\/www.apfelpatient.de\\\/news\\\/facebook-kuendigt-aenderungen-im-newsfeed-an\"},\"wordCount\":362,\"publisher\":{\"@type\":\"Organization\",\"@id\":\"https:\\\/\\\/www.apfelpatient.de\\\/en\\\/#organization\",\"name\":\"Apfelpatient\",\"url\":\"https:\\\/\\\/www.apfelpatient.de\\\/en\\\/\"},\"image\":{\"@id\":\"https:\\\/\\\/www.apfelpatient.de\\\/news\\\/facebook-kuendigt-aenderungen-im-newsfeed-an#primaryimage\"},\"thumbnailUrl\":\"https:\\\/\\\/www.apfelpatient.de\\\/wp-content\\\/uploads\\\/2020\\\/06\\\/NRP-Prioritizing_Original_Reporting_on_Facebook_FINAL.jpg\",\"keywords\":[\"App Store\",\"Facebook\",\"TechPatient\"],\"articleSection\":\"News\",\"inLanguage\":\"en-US\",\"copyrightYear\":\"2020\",\"copyrightHolder\":{\"@id\":\"https:\\\/\\\/www.apfelpatient.de\\\/en\\\/#organization\"}},{\"@type\":\"WebPage\",\"@id\":\"https:\\\/\\\/www.apfelpatient.de\\\/news\\\/facebook-kuendigt-aenderungen-im-newsfeed-an\",\"url\":\"https:\\\/\\\/www.apfelpatient.de\\\/news\\\/facebook-kuendigt-aenderungen-im-newsfeed-an\",\"name\":\"Facebook k\u00fcndigt \u00c4nderungen im Newsfeed an Apfelpatient\",\"isPartOf\":{\"@id\":\"https:\\\/\\\/www.apfelpatient.de\\\/#website\"},\"primaryImageOfPage\":{\"@id\":\"https:\\\/\\\/www.apfelpatient.de\\\/news\\\/facebook-kuendigt-aenderungen-im-newsfeed-an#primaryimage\"},\"image\":{\"@id\":\"https:\\\/\\\/www.apfelpatient.de\\\/news\\\/facebook-kuendigt-aenderungen-im-newsfeed-an#primaryimage\"},\"thumbnailUrl\":\"https:\\\/\\\/www.apfelpatient.de\\\/wp-content\\\/uploads\\\/2020\\\/06\\\/NRP-Prioritizing_Original_Reporting_on_Facebook_FINAL.jpg\",\"datePublished\":\"2020-06-30T18:33:37+00:00\",\"description\":\"Facebook hat heute mittels einem Blog-Beitrag \u00c4nderungen im Newsfeed angek\u00fcndigt. Dabei soll die Originalberichterstattung weiter in den Fokus r\u00fccken.\",\"breadcrumb\":{\"@id\":\"https:\\\/\\\/www.apfelpatient.de\\\/news\\\/facebook-kuendigt-aenderungen-im-newsfeed-an#breadcrumb\"},\"inLanguage\":\"en-US\",\"potentialAction\":[{\"@type\":\"ReadAction\",\"target\":[\"https:\\\/\\\/www.apfelpatient.de\\\/news\\\/facebook-kuendigt-aenderungen-im-newsfeed-an\"]}]},{\"@type\":\"ImageObject\",\"inLanguage\":\"en-US\",\"@id\":\"https:\\\/\\\/www.apfelpatient.de\\\/news\\\/facebook-kuendigt-aenderungen-im-newsfeed-an#primaryimage\",\"url\":\"https:\\\/\\\/www.apfelpatient.de\\\/wp-content\\\/uploads\\\/2020\\\/06\\\/NRP-Prioritizing_Original_Reporting_on_Facebook_FINAL.jpg\",\"contentUrl\":\"https:\\\/\\\/www.apfelpatient.de\\\/wp-content\\\/uploads\\\/2020\\\/06\\\/NRP-Prioritizing_Original_Reporting_on_Facebook_FINAL.jpg\",\"width\":4001,\"height\":2251,\"caption\":\"Bild: Facebook\"},{\"@type\":\"BreadcrumbList\",\"@id\":\"https:\\\/\\\/www.apfelpatient.de\\\/news\\\/facebook-kuendigt-aenderungen-im-newsfeed-an#breadcrumb\",\"itemListElement\":[{\"@type\":\"ListItem\",\"position\":1,\"name\":\"Startseite\",\"item\":\"https:\\\/\\\/www.apfelpatient.de\\\/\"},{\"@type\":\"ListItem\",\"position\":2,\"name\":\"Facebook k\u00fcndigt \u00c4nderungen im Newsfeed an\"}]},{\"@type\":\"WebSite\",\"@id\":\"https:\\\/\\\/www.apfelpatient.de\\\/#website\",\"url\":\"https:\\\/\\\/www.apfelpatient.de\\\/\",\"name\":\"Apfelpatient\",\"description\":\"Alles rund um Apple!\",\"publisher\":{\"@type\":\"Organization\",\"@id\":\"https:\\\/\\\/www.apfelpatient.de\\\/en\\\/#organization\",\"name\":\"Apfelpatient\",\"url\":\"https:\\\/\\\/www.apfelpatient.de\\\/en\\\/\"},\"alternateName\":\"Apfelpatient\",\"potentialAction\":[{\"@type\":\"SearchAction\",\"target\":{\"@type\":\"EntryPoint\",\"urlTemplate\":\"https:\\\/\\\/www.apfelpatient.de\\\/?s={search_term_string}\"},\"query-input\":{\"@type\":\"PropertyValueSpecification\",\"valueRequired\":true,\"valueName\":\"search_term_string\"}}],\"inLanguage\":\"en-US\"},{\"@type\":[\"Person\",\"Organization\"],\"@id\":\"https:\\\/\\\/www.apfelpatient.de\\\/#\\\/schema\\\/person\\\/35b3ddba5832f2bfc7fff5206d4f6b7b\",\"name\":\"Milan\",\"logo\":{\"@id\":\"https:\\\/\\\/www.apfelpatient.de\\\/#\\\/schema\\\/person\\\/image\\\/\"},\"description\":\"Hallo und herzlich willkommen auf meinem Technik-Blog! Als gro\u00dfer Apple-Fan berichte ich hier \u00fcber alles, was mit Apple zu tun hat: von den neuesten News und spannenden Ger\u00fcchten \u00fcber hilfreiche Tipps und Tricks bis hin zu ausf\u00fchrlichen Produkttests. Wenn du genauso technikbegeistert bist wie ich, bist du hier genau richtig!\",\"sameAs\":[\"https:\\\/\\\/www.facebook.com\\\/apfelpatientOfficial\",\"https:\\\/\\\/www.linkedin.com\\\/in\\\/milan-jovicic-42aa0231b\"],\"url\":\"https:\\\/\\\/www.apfelpatient.de\\\/en\\\/author\\\/apfeladmin\"}]}<\/script>\n<!-- \/ Yoast SEO Premium plugin. -->","yoast_head_json":{"title":"Facebook announces changes to the news feed Apfelpatient","description":"Facebook announced changes to the news feed in a blog post today. The aim is to further focus on original reporting.","robots":{"index":"index","follow":"follow","max-snippet":"max-snippet:-1","max-image-preview":"max-image-preview:large","max-video-preview":"max-video-preview:-1"},"canonical":"https:\/\/www.apfelpatient.de\/en\/news\/facebook-announces-changes-to-the-newsfeed","og_locale":"en_US","og_type":"article","og_title":"Facebook k\u00fcndigt \u00c4nderungen im Newsfeed an","og_description":"Facebook hat heute mittels einem Blog-Beitrag \u00c4nderungen im Newsfeed angek\u00fcndigt. Dabei soll die Originalberichterstattung weiter in den Fokus r\u00fccken.","og_url":"https:\/\/www.apfelpatient.de\/en\/news\/facebook-announces-changes-to-the-newsfeed","og_site_name":"Apfelpatient","article_publisher":"https:\/\/www.facebook.com\/apfelpatientOfficial","article_author":"https:\/\/www.facebook.com\/apfelpatientOfficial","article_published_time":"2020-06-30T18:33:37+00:00","og_image":[{"width":4001,"height":2251,"url":"https:\/\/www.apfelpatient.de\/wp-content\/uploads\/2020\/06\/NRP-Prioritizing_Original_Reporting_on_Facebook_FINAL.jpg","type":"image\/jpeg"}],"author":"Milan","twitter_card":"summary_large_image","twitter_description":"Facebook hat heute mittels einem Blog-Beitrag \u00c4nderungen im Newsfeed angek\u00fcndigt. Dabei soll die Originalberichterstattung weiter in den Fokus r\u00fccken.","twitter_misc":{"Written by":"Milan","Est. reading time":"2 minutes"},"schema":{"@context":"https:\/\/schema.org","@graph":[{"@type":"NewsArticle","@id":"https:\/\/www.apfelpatient.de\/news\/facebook-kuendigt-aenderungen-im-newsfeed-an#article","isPartOf":{"@id":"https:\/\/www.apfelpatient.de\/news\/facebook-kuendigt-aenderungen-im-newsfeed-an"},"author":{"@type":"Organization","@id":"https:\/\/www.apfelpatient.de\/en\/#organization","name":"Apfelpatient","url":"https:\/\/www.apfelpatient.de\/en\/"},"headline":"Facebook k\u00fcndigt \u00c4nderungen im Newsfeed an","datePublished":"2020-06-30T18:33:37+00:00","mainEntityOfPage":{"@id":"https:\/\/www.apfelpatient.de\/news\/facebook-kuendigt-aenderungen-im-newsfeed-an"},"wordCount":362,"publisher":{"@type":"Organization","@id":"https:\/\/www.apfelpatient.de\/en\/#organization","name":"Apfelpatient","url":"https:\/\/www.apfelpatient.de\/en\/"},"image":{"@id":"https:\/\/www.apfelpatient.de\/news\/facebook-kuendigt-aenderungen-im-newsfeed-an#primaryimage"},"thumbnailUrl":"https:\/\/www.apfelpatient.de\/wp-content\/uploads\/2020\/06\/NRP-Prioritizing_Original_Reporting_on_Facebook_FINAL.jpg","keywords":["App Store","Facebook","TechPatient"],"articleSection":"News","inLanguage":"en-US","copyrightYear":"2020","copyrightHolder":{"@id":"https:\/\/www.apfelpatient.de\/en\/#organization"}},{"@type":"WebPage","@id":"https:\/\/www.apfelpatient.de\/news\/facebook-kuendigt-aenderungen-im-newsfeed-an","url":"https:\/\/www.apfelpatient.de\/news\/facebook-kuendigt-aenderungen-im-newsfeed-an","name":"Facebook announces changes to the news feed Apfelpatient","isPartOf":{"@id":"https:\/\/www.apfelpatient.de\/#website"},"primaryImageOfPage":{"@id":"https:\/\/www.apfelpatient.de\/news\/facebook-kuendigt-aenderungen-im-newsfeed-an#primaryimage"},"image":{"@id":"https:\/\/www.apfelpatient.de\/news\/facebook-kuendigt-aenderungen-im-newsfeed-an#primaryimage"},"thumbnailUrl":"https:\/\/www.apfelpatient.de\/wp-content\/uploads\/2020\/06\/NRP-Prioritizing_Original_Reporting_on_Facebook_FINAL.jpg","datePublished":"2020-06-30T18:33:37+00:00","description":"Facebook announced changes to the news feed in a blog post today. The aim is to further focus on original reporting.","breadcrumb":{"@id":"https:\/\/www.apfelpatient.de\/news\/facebook-kuendigt-aenderungen-im-newsfeed-an#breadcrumb"},"inLanguage":"en-US","potentialAction":[{"@type":"ReadAction","target":["https:\/\/www.apfelpatient.de\/news\/facebook-kuendigt-aenderungen-im-newsfeed-an"]}]},{"@type":"ImageObject","inLanguage":"en-US","@id":"https:\/\/www.apfelpatient.de\/news\/facebook-kuendigt-aenderungen-im-newsfeed-an#primaryimage","url":"https:\/\/www.apfelpatient.de\/wp-content\/uploads\/2020\/06\/NRP-Prioritizing_Original_Reporting_on_Facebook_FINAL.jpg","contentUrl":"https:\/\/www.apfelpatient.de\/wp-content\/uploads\/2020\/06\/NRP-Prioritizing_Original_Reporting_on_Facebook_FINAL.jpg","width":4001,"height":2251,"caption":"Bild: Facebook"},{"@type":"BreadcrumbList","@id":"https:\/\/www.apfelpatient.de\/news\/facebook-kuendigt-aenderungen-im-newsfeed-an#breadcrumb","itemListElement":[{"@type":"ListItem","position":1,"name":"Startseite","item":"https:\/\/www.apfelpatient.de\/"},{"@type":"ListItem","position":2,"name":"Facebook k\u00fcndigt \u00c4nderungen im Newsfeed an"}]},{"@type":"WebSite","@id":"https:\/\/www.apfelpatient.de\/#website","url":"https:\/\/www.apfelpatient.de\/","name":"apple patient","description":"Everything about Apple!","publisher":{"@type":"Organization","@id":"https:\/\/www.apfelpatient.de\/en\/#organization","name":"Apfelpatient","url":"https:\/\/www.apfelpatient.de\/en\/"},"alternateName":"Apfelpatient","potentialAction":[{"@type":"SearchAction","target":{"@type":"EntryPoint","urlTemplate":"https:\/\/www.apfelpatient.de\/?s={search_term_string}"},"query-input":{"@type":"PropertyValueSpecification","valueRequired":true,"valueName":"search_term_string"}}],"inLanguage":"en-US"},{"@type":["Person","Organization"],"@id":"https:\/\/www.apfelpatient.de\/#\/schema\/person\/35b3ddba5832f2bfc7fff5206d4f6b7b","name":"Milan","logo":{"@id":"https:\/\/www.apfelpatient.de\/#\/schema\/person\/image\/"},"description":"Hello and welcome to my technology blog! As a big Apple fan, I report on everything to do with Apple: from the latest news and exciting rumors to helpful tips and tricks and detailed product tests. If you are as enthusiastic about technology as I am, you have come to the right place!","sameAs":["https:\/\/www.facebook.com\/apfelpatientOfficial","https:\/\/www.linkedin.com\/in\/milan-jovicic-42aa0231b"],"url":"https:\/\/www.apfelpatient.de\/en\/author\/apfeladmin"}]}},"_links":{"self":[{"href":"https:\/\/www.apfelpatient.de\/en\/wp-json\/wp\/v2\/posts\/13373","targetHints":{"allow":["GET"]}}],"collection":[{"href":"https:\/\/www.apfelpatient.de\/en\/wp-json\/wp\/v2\/posts"}],"about":[{"href":"https:\/\/www.apfelpatient.de\/en\/wp-json\/wp\/v2\/types\/post"}],"author":[{"embeddable":true,"href":"https:\/\/www.apfelpatient.de\/en\/wp-json\/wp\/v2\/users\/2"}],"replies":[{"embeddable":true,"href":"https:\/\/www.apfelpatient.de\/en\/wp-json\/wp\/v2\/comments?post=13373"}],"version-history":[{"count":0,"href":"https:\/\/www.apfelpatient.de\/en\/wp-json\/wp\/v2\/posts\/13373\/revisions"}],"wp:featuredmedia":[{"embeddable":true,"href":"https:\/\/www.apfelpatient.de\/en\/wp-json\/wp\/v2\/media\/13374"}],"wp:attachment":[{"href":"https:\/\/www.apfelpatient.de\/en\/wp-json\/wp\/v2\/media?parent=13373"}],"wp:term":[{"taxonomy":"category","embeddable":true,"href":"https:\/\/www.apfelpatient.de\/en\/wp-json\/wp\/v2\/categories?post=13373"},{"taxonomy":"post_tag","embeddable":true,"href":"https:\/\/www.apfelpatient.de\/en\/wp-json\/wp\/v2\/tags?post=13373"}],"curies":[{"name":"wp","href":"https:\/\/api.w.org\/{rel}","templated":true}]}}