{"id":13327,"date":"2020-06-28T21:02:09","date_gmt":"2020-06-28T19:02:09","guid":{"rendered":"https:\/\/www.apfelpatient.de\/?p=13327"},"modified":"2020-06-28T21:02:09","modified_gmt":"2020-06-28T19:02:09","slug":"iphone-12-bye-bye-charger-headphones","status":"publish","type":"post","link":"https:\/\/www.apfelpatient.de\/en\/rumors\/iphone-12-bye-bye-ladegeraet-kopfhoerer","title":{"rendered":"iPhone 12: Bye Bye Charger &amp; Headphones"},"content":{"rendered":"<p class=\"has-drop-cap\"><strong>Recently we reported on a forecast <a href=\"https:\/\/www.apfelpatient.de\/en\/rumors\/iphone-12-delivered-without-power-adapter\" class=\"ek-link\"><span style=\"text-decoration: underline;\" class=\"ek-underline\">reported<\/span><\/a>that Apple could ship the iPhone 12 without a charger. Now there is a new report that addresses this topic.<\/strong><\/p>\n\n\n\n<p>Reports that Apple plans to drop the EarPods and charger this year and thus only ship the iPhone 12 series with a charging cable are currently dominating the rumor mill. Now the well-known and above all accurate Apple analyst Ming-Chi Kuo has spoken out. He supports the statement by the analysts at Barclays that Apple plans to ship the iPhone 12 series without a charger. According to this, users will have to buy a charging adapter separately. While the Barclays analysts claim that a Lightning to USB-C cable will still be included, Kuo could not confirm the statement.<\/p>\n\n\n\n<h3 class=\"wp-block-heading\">No more 5-watt and 18-watt chargers?<\/h3>\n\n\n\n\n\n\n\n<p>Therefore, it remains uncertain for the time being whether the iPhone may not be able to be released completely without accessories <a href=\"https:\/\/www.apple.com\/de\/iphone\/\" class=\"ek-link\"><span style=\"text-decoration: underline;\" class=\"ek-underline\">delivered<\/span><\/a> For comparison: The Apple Watch Series 3, for example, is only delivered with the charging cable but without the adapter. This means that the Barclays analysts could be right with their forecast. Kuo also discussed the recently discovered 20-watt power adapter. According to this, the new adapter will actually be released but will not be sold in combination with the iPhone 12. This means that Apple will offer the charger separately. In addition, Kuo believes that both the 5-watt and 18-watt chargers will be discontinued in favor of the new 20-watt adapter.<\/p>\n\n\n\n<h3 class=\"wp-block-heading\">New iPad models with power adapter?<\/h3>\n\n\n\n<p>In addition to the iPhone 12, Kuo also commented on the upcoming iPad series. The star analyst believes that Apple will include a charger with the 10.8-inch iPad and the 8.5-inch iPad mini, which are due to be released in the first half of 2021. If Apple decides to ship the new iPhone series without a charger but with a cable, there will certainly be complaints, but these will be limited. In our own community, for example, members are very open to the possible strategy. But if the charging cable is also eliminated, significantly more opposition is likely to be expected. The situation is different with the EarPods - they are hardly used anymore, which is why their elimination is unlikely to interest many people. <span style=\"text-decoration: underline;\" class=\"ek-underline\"><a href=\"https:\/\/www.amazon.de\/shop\/apfelpatientofficial?listId=2SH1KEP4J41TE&amp;ref=cm_sw_em_r_inf_list_own_apfelpatientofficial_dp_ZrWfgRbpxgBlW\" class=\"ek-link\">AirPods Pro on special offer at Amazon \u2013 now available for 219 euros<\/a><\/span>. <em>(Image: svetapple.sk)<\/em><\/p>\n\n\n\n<ul class=\"wp-block-list\"><li><a href=\"https:\/\/www.apfelpatient.de\/en\/rumors\/iphone-12-with-promotional-display\" class=\"ek-link\"><span style=\"text-decoration: underline;\" class=\"ek-underline\">iPhone 12: With ProMotion display after all?<\/span><\/a><\/li><li><a href=\"https:\/\/www.apfelpatient.de\/en\/rumors\/iphone-12-launch-possible-in-september\" class=\"ek-link\"><span style=\"text-decoration: underline;\" class=\"ek-underline\">iPhone 12: Launch possible in September<\/span><\/a><\/li><li><a href=\"https:\/\/www.apfelpatient.de\/en\/rumors\/iphone-12-4k-videos-with-120-fps-and-more\" class=\"ek-link\"><span style=\"text-decoration: underline;\" class=\"ek-underline\">iPhone 12: 4K videos with 120 FPS and more<\/span><\/a><\/li><\/ul>\n\n\n\n<h6 class=\"wp-block-heading translation-block\" id=\"h-kennt-ihr-schon-unsere-amazon-storefront-dort-findet-ihr-eine-handverlesene-auswahl-von-diversen-produkten-f-r-euer-iphone-und-co-viel-spa-beim-st-bern\"><em>Have you already visited our Amazon Storefront? There you&#039;ll find a hand-picked selection of various products for your iPhone and other devices \u2013 <span class=\"has-inline-color has-vivid-red-color\"><a href=\"https:\/\/www.amazon.de\/shop\/apfelpatientofficial\" class=\"ek-link\" data-wpel-link=\"exclude\" rel=\"follow noopener\" target=\"_self\"><span style=\"text-decoration: underline\" class=\"ek-underline\">enjoy browsing<\/span><\/a> !<\/span><\/em><\/h6>\n\n\n\n\n\n<h6 class=\"wp-block-heading translation-block\" id=\"h-der-beitrag-enthalt-partnerlinks\">This post contains <a data-type=\"URL\" data-id=\"https:\/\/www.apfelpatient.de\/partnerprogramm\" href=\"https:\/\/www.apfelpatient.de\/en\/partner-program\" data-wpel-link=\"internal\" target=\"_self\">affiliate links<\/a>.<\/h6>","protected":false},"excerpt":{"rendered":"<p>We recently reported on a prediction that Apple might ship the iPhone 12 without a charger. Now a new report follows.<\/p>","protected":false},"author":2,"featured_media":12953,"comment_status":"closed","ping_status":"closed","sticky":false,"template":"","format":"standard","meta":{"jnews-multi-image_gallery":[],"jnews_single_post":{"subtitle":"","format":"standard","video":"","gallery":"","source_name":"","source_url":"","via_name":"","via_url":"","override":[{"single_blog_custom":"","sidebar":"","second_sidebar":"","share_position":"","share_float_style":"","post_date_format":"","post_date_format_custom":"","post_reading_time_wpm":"","zoom_button_out_step":"1","zoom_button_in_step":"1","number_popup_post":"1"}],"image_override":[{"single_post_thumbnail_size":"","single_post_gallery_size":""}],"trending_post_position":"","trending_post_label":"","sponsored_post_label":"","sponsored_post_name":"","sponsored_post_url":"","sponsored_post_logo":"","sponsored_post_desc":""},"jnews_primary_category":{"id":"274"},"footnotes":""},"categories":[25],"tags":[8,321,254],"class_list":["post-13327","post","type-post","status-publish","format-standard","has-post-thumbnail","hentry","category-rumors","tag-iphone","tag-iphone-12","tag-iphone-2020"],"yoast_head":"<!-- This site is optimized with the Yoast SEO Premium plugin v27.5 (Yoast SEO v27.5) - https:\/\/yoast.com\/product\/yoast-seo-premium-wordpress\/ -->\n<title>iPhone 12: Bye Bye Ladeger\u00e4t &amp; Kopfh\u00f6rer Apfelpatient<\/title>\n<meta name=\"description\" content=\"K\u00fcrzlich haben wir \u00fcber eine Prognose berichtet, wonach Apple das iPhone 12 ohne Ladeger\u00e4t ausliefern k\u00f6nnte. Nun folgt ein neuer Bericht.\" \/>\n<meta name=\"robots\" content=\"index, follow, max-snippet:-1, max-image-preview:large, max-video-preview:-1\" \/>\n<link rel=\"canonical\" href=\"https:\/\/www.apfelpatient.de\/en\/rumors\/iphone-12-bye-bye-charger-headphones\" \/>\n<meta property=\"og:locale\" content=\"en_US\" \/>\n<meta property=\"og:type\" content=\"article\" \/>\n<meta property=\"og:title\" content=\"iPhone 12: Bye Bye Ladeger\u00e4t &amp; Kopfh\u00f6rer\" \/>\n<meta property=\"og:description\" content=\"K\u00fcrzlich haben wir \u00fcber eine Prognose berichtet, wonach Apple das iPhone 12 ohne Ladeger\u00e4t ausliefern k\u00f6nnte. Nun folgt ein neuer Bericht.\" \/>\n<meta property=\"og:url\" content=\"https:\/\/www.apfelpatient.de\/en\/rumors\/iphone-12-bye-bye-charger-headphones\" \/>\n<meta property=\"og:site_name\" content=\"Apfelpatient\" \/>\n<meta property=\"article:publisher\" content=\"https:\/\/www.facebook.com\/apfelpatientOfficial\" \/>\n<meta property=\"article:author\" content=\"https:\/\/www.facebook.com\/apfelpatientOfficial\" \/>\n<meta property=\"article:published_time\" content=\"2020-06-28T19:02:09+00:00\" \/>\n<meta property=\"og:image\" content=\"https:\/\/www.apfelpatient.de\/wp-content\/uploads\/2020\/06\/untitled20.jpg\" \/>\n\t<meta property=\"og:image:width\" content=\"1920\" \/>\n\t<meta property=\"og:image:height\" content=\"1081\" \/>\n\t<meta property=\"og:image:type\" content=\"image\/jpeg\" \/>\n<meta name=\"author\" content=\"Milan\" \/>\n<meta name=\"twitter:card\" content=\"summary_large_image\" \/>\n<meta name=\"twitter:description\" content=\"K\u00fcrzlich haben wir \u00fcber eine Prognose berichtet, wonach Apple das iPhone 12 ohne Ladeger\u00e4t ausliefern k\u00f6nnte. Nun folgt ein neuer Bericht.\" \/>\n<meta name=\"twitter:label1\" content=\"Written by\" \/>\n\t<meta name=\"twitter:data1\" content=\"Milan\" \/>\n\t<meta name=\"twitter:label2\" content=\"Est. reading time\" \/>\n\t<meta name=\"twitter:data2\" content=\"2 minutes\" \/>\n<script type=\"application\/ld+json\" class=\"yoast-schema-graph\">{\"@context\":\"https:\\\/\\\/schema.org\",\"@graph\":[{\"@type\":\"NewsArticle\",\"@id\":\"https:\\\/\\\/www.apfelpatient.de\\\/rumors\\\/iphone-12-bye-bye-ladegeraet-kopfhoerer#article\",\"isPartOf\":{\"@id\":\"https:\\\/\\\/www.apfelpatient.de\\\/rumors\\\/iphone-12-bye-bye-ladegeraet-kopfhoerer\"},\"author\":{\"@type\":\"Organization\",\"@id\":\"https:\\\/\\\/www.apfelpatient.de\\\/en\\\/#organization\",\"name\":\"Apfelpatient\",\"url\":\"https:\\\/\\\/www.apfelpatient.de\\\/en\\\/\"},\"headline\":\"iPhone 12: Bye Bye Ladeger\u00e4t &#038; Kopfh\u00f6rer\",\"datePublished\":\"2020-06-28T19:02:09+00:00\",\"mainEntityOfPage\":{\"@id\":\"https:\\\/\\\/www.apfelpatient.de\\\/rumors\\\/iphone-12-bye-bye-ladegeraet-kopfhoerer\"},\"wordCount\":405,\"publisher\":{\"@type\":\"Organization\",\"@id\":\"https:\\\/\\\/www.apfelpatient.de\\\/en\\\/#organization\",\"name\":\"Apfelpatient\",\"url\":\"https:\\\/\\\/www.apfelpatient.de\\\/en\\\/\"},\"image\":{\"@id\":\"https:\\\/\\\/www.apfelpatient.de\\\/rumors\\\/iphone-12-bye-bye-ladegeraet-kopfhoerer#primaryimage\"},\"thumbnailUrl\":\"https:\\\/\\\/www.apfelpatient.de\\\/wp-content\\\/uploads\\\/2020\\\/06\\\/untitled20.jpg\",\"keywords\":[\"iPhone\",\"iPhone 12\",\"iPhone 2020\"],\"articleSection\":\"Rumors\",\"inLanguage\":\"en-US\",\"copyrightYear\":\"2020\",\"copyrightHolder\":{\"@id\":\"https:\\\/\\\/www.apfelpatient.de\\\/en\\\/#organization\"}},{\"@type\":\"WebPage\",\"@id\":\"https:\\\/\\\/www.apfelpatient.de\\\/rumors\\\/iphone-12-bye-bye-ladegeraet-kopfhoerer\",\"url\":\"https:\\\/\\\/www.apfelpatient.de\\\/rumors\\\/iphone-12-bye-bye-ladegeraet-kopfhoerer\",\"name\":\"iPhone 12: Bye Bye Ladeger\u00e4t & Kopfh\u00f6rer Apfelpatient\",\"isPartOf\":{\"@id\":\"https:\\\/\\\/www.apfelpatient.de\\\/#website\"},\"primaryImageOfPage\":{\"@id\":\"https:\\\/\\\/www.apfelpatient.de\\\/rumors\\\/iphone-12-bye-bye-ladegeraet-kopfhoerer#primaryimage\"},\"image\":{\"@id\":\"https:\\\/\\\/www.apfelpatient.de\\\/rumors\\\/iphone-12-bye-bye-ladegeraet-kopfhoerer#primaryimage\"},\"thumbnailUrl\":\"https:\\\/\\\/www.apfelpatient.de\\\/wp-content\\\/uploads\\\/2020\\\/06\\\/untitled20.jpg\",\"datePublished\":\"2020-06-28T19:02:09+00:00\",\"description\":\"K\u00fcrzlich haben wir \u00fcber eine Prognose berichtet, wonach Apple das iPhone 12 ohne Ladeger\u00e4t ausliefern k\u00f6nnte. Nun folgt ein neuer Bericht.\",\"breadcrumb\":{\"@id\":\"https:\\\/\\\/www.apfelpatient.de\\\/rumors\\\/iphone-12-bye-bye-ladegeraet-kopfhoerer#breadcrumb\"},\"inLanguage\":\"en-US\",\"potentialAction\":[{\"@type\":\"ReadAction\",\"target\":[\"https:\\\/\\\/www.apfelpatient.de\\\/rumors\\\/iphone-12-bye-bye-ladegeraet-kopfhoerer\"]}]},{\"@type\":\"ImageObject\",\"inLanguage\":\"en-US\",\"@id\":\"https:\\\/\\\/www.apfelpatient.de\\\/rumors\\\/iphone-12-bye-bye-ladegeraet-kopfhoerer#primaryimage\",\"url\":\"https:\\\/\\\/www.apfelpatient.de\\\/wp-content\\\/uploads\\\/2020\\\/06\\\/untitled20.jpg\",\"contentUrl\":\"https:\\\/\\\/www.apfelpatient.de\\\/wp-content\\\/uploads\\\/2020\\\/06\\\/untitled20.jpg\",\"width\":1920,\"height\":1081,\"caption\":\"Bild: svetapple.sk\"},{\"@type\":\"BreadcrumbList\",\"@id\":\"https:\\\/\\\/www.apfelpatient.de\\\/rumors\\\/iphone-12-bye-bye-ladegeraet-kopfhoerer#breadcrumb\",\"itemListElement\":[{\"@type\":\"ListItem\",\"position\":1,\"name\":\"Startseite\",\"item\":\"https:\\\/\\\/www.apfelpatient.de\\\/\"},{\"@type\":\"ListItem\",\"position\":2,\"name\":\"iPhone 12: Bye Bye Ladeger\u00e4t &#038; Kopfh\u00f6rer\"}]},{\"@type\":\"WebSite\",\"@id\":\"https:\\\/\\\/www.apfelpatient.de\\\/#website\",\"url\":\"https:\\\/\\\/www.apfelpatient.de\\\/\",\"name\":\"Apfelpatient\",\"description\":\"Alles rund um Apple!\",\"publisher\":{\"@type\":\"Organization\",\"@id\":\"https:\\\/\\\/www.apfelpatient.de\\\/en\\\/#organization\",\"name\":\"Apfelpatient\",\"url\":\"https:\\\/\\\/www.apfelpatient.de\\\/en\\\/\"},\"alternateName\":\"Apfelpatient\",\"potentialAction\":[{\"@type\":\"SearchAction\",\"target\":{\"@type\":\"EntryPoint\",\"urlTemplate\":\"https:\\\/\\\/www.apfelpatient.de\\\/?s={search_term_string}\"},\"query-input\":{\"@type\":\"PropertyValueSpecification\",\"valueRequired\":true,\"valueName\":\"search_term_string\"}}],\"inLanguage\":\"en-US\"},{\"@type\":[\"Person\",\"Organization\"],\"@id\":\"https:\\\/\\\/www.apfelpatient.de\\\/#\\\/schema\\\/person\\\/7dc56ad6c8e9824b76d2c08d4c140e13\",\"name\":\"Milan\",\"logo\":{\"@id\":\"https:\\\/\\\/www.apfelpatient.de\\\/#\\\/schema\\\/person\\\/image\\\/\"},\"description\":\"Hallo und herzlich willkommen auf meinem Technik-Blog! Als gro\u00dfer Apple-Fan berichte ich hier \u00fcber alles, was mit Apple zu tun hat: von den neuesten News und spannenden Ger\u00fcchten \u00fcber hilfreiche Tipps und Tricks bis hin zu ausf\u00fchrlichen Produkttests. Wenn du genauso technikbegeistert bist wie ich, bist du hier genau richtig!\",\"sameAs\":[\"https:\\\/\\\/www.facebook.com\\\/apfelpatientOfficial\",\"https:\\\/\\\/www.linkedin.com\\\/in\\\/milan-jovicic-42aa0231b\"],\"url\":\"https:\\\/\\\/www.apfelpatient.de\\\/en\\\/author\\\/apfeladmin\"}]}<\/script>\n<!-- \/ Yoast SEO Premium plugin. -->","yoast_head_json":{"title":"iPhone 12: Bye Bye Charger &amp; Headphones Apfelpatient","description":"We recently reported on a prediction that Apple might ship the iPhone 12 without a charger. Now a new report follows.","robots":{"index":"index","follow":"follow","max-snippet":"max-snippet:-1","max-image-preview":"max-image-preview:large","max-video-preview":"max-video-preview:-1"},"canonical":"https:\/\/www.apfelpatient.de\/en\/rumors\/iphone-12-bye-bye-charger-headphones","og_locale":"en_US","og_type":"article","og_title":"iPhone 12: Bye Bye Ladeger\u00e4t & Kopfh\u00f6rer","og_description":"K\u00fcrzlich haben wir \u00fcber eine Prognose berichtet, wonach Apple das iPhone 12 ohne Ladeger\u00e4t ausliefern k\u00f6nnte. Nun folgt ein neuer Bericht.","og_url":"https:\/\/www.apfelpatient.de\/en\/rumors\/iphone-12-bye-bye-charger-headphones","og_site_name":"Apfelpatient","article_publisher":"https:\/\/www.facebook.com\/apfelpatientOfficial","article_author":"https:\/\/www.facebook.com\/apfelpatientOfficial","article_published_time":"2020-06-28T19:02:09+00:00","og_image":[{"width":1920,"height":1081,"url":"https:\/\/www.apfelpatient.de\/wp-content\/uploads\/2020\/06\/untitled20.jpg","type":"image\/jpeg"}],"author":"Milan","twitter_card":"summary_large_image","twitter_description":"K\u00fcrzlich haben wir \u00fcber eine Prognose berichtet, wonach Apple das iPhone 12 ohne Ladeger\u00e4t ausliefern k\u00f6nnte. Nun folgt ein neuer Bericht.","twitter_misc":{"Written by":"Milan","Est. reading time":"2 minutes"},"schema":{"@context":"https:\/\/schema.org","@graph":[{"@type":"NewsArticle","@id":"https:\/\/www.apfelpatient.de\/rumors\/iphone-12-bye-bye-ladegeraet-kopfhoerer#article","isPartOf":{"@id":"https:\/\/www.apfelpatient.de\/rumors\/iphone-12-bye-bye-ladegeraet-kopfhoerer"},"author":{"@type":"Organization","@id":"https:\/\/www.apfelpatient.de\/en\/#organization","name":"Apfelpatient","url":"https:\/\/www.apfelpatient.de\/en\/"},"headline":"iPhone 12: Bye Bye Ladeger\u00e4t &#038; Kopfh\u00f6rer","datePublished":"2020-06-28T19:02:09+00:00","mainEntityOfPage":{"@id":"https:\/\/www.apfelpatient.de\/rumors\/iphone-12-bye-bye-ladegeraet-kopfhoerer"},"wordCount":405,"publisher":{"@type":"Organization","@id":"https:\/\/www.apfelpatient.de\/en\/#organization","name":"Apfelpatient","url":"https:\/\/www.apfelpatient.de\/en\/"},"image":{"@id":"https:\/\/www.apfelpatient.de\/rumors\/iphone-12-bye-bye-ladegeraet-kopfhoerer#primaryimage"},"thumbnailUrl":"https:\/\/www.apfelpatient.de\/wp-content\/uploads\/2020\/06\/untitled20.jpg","keywords":["iPhone","iPhone 12","iPhone 2020"],"articleSection":"Rumors","inLanguage":"en-US","copyrightYear":"2020","copyrightHolder":{"@id":"https:\/\/www.apfelpatient.de\/en\/#organization"}},{"@type":"WebPage","@id":"https:\/\/www.apfelpatient.de\/rumors\/iphone-12-bye-bye-ladegeraet-kopfhoerer","url":"https:\/\/www.apfelpatient.de\/rumors\/iphone-12-bye-bye-ladegeraet-kopfhoerer","name":"iPhone 12: Bye Bye Charger &amp; Headphones Apfelpatient","isPartOf":{"@id":"https:\/\/www.apfelpatient.de\/#website"},"primaryImageOfPage":{"@id":"https:\/\/www.apfelpatient.de\/rumors\/iphone-12-bye-bye-ladegeraet-kopfhoerer#primaryimage"},"image":{"@id":"https:\/\/www.apfelpatient.de\/rumors\/iphone-12-bye-bye-ladegeraet-kopfhoerer#primaryimage"},"thumbnailUrl":"https:\/\/www.apfelpatient.de\/wp-content\/uploads\/2020\/06\/untitled20.jpg","datePublished":"2020-06-28T19:02:09+00:00","description":"We recently reported on a prediction that Apple might ship the iPhone 12 without a charger. Now a new report follows.","breadcrumb":{"@id":"https:\/\/www.apfelpatient.de\/rumors\/iphone-12-bye-bye-ladegeraet-kopfhoerer#breadcrumb"},"inLanguage":"en-US","potentialAction":[{"@type":"ReadAction","target":["https:\/\/www.apfelpatient.de\/rumors\/iphone-12-bye-bye-ladegeraet-kopfhoerer"]}]},{"@type":"ImageObject","inLanguage":"en-US","@id":"https:\/\/www.apfelpatient.de\/rumors\/iphone-12-bye-bye-ladegeraet-kopfhoerer#primaryimage","url":"https:\/\/www.apfelpatient.de\/wp-content\/uploads\/2020\/06\/untitled20.jpg","contentUrl":"https:\/\/www.apfelpatient.de\/wp-content\/uploads\/2020\/06\/untitled20.jpg","width":1920,"height":1081,"caption":"Bild: svetapple.sk"},{"@type":"BreadcrumbList","@id":"https:\/\/www.apfelpatient.de\/rumors\/iphone-12-bye-bye-ladegeraet-kopfhoerer#breadcrumb","itemListElement":[{"@type":"ListItem","position":1,"name":"Startseite","item":"https:\/\/www.apfelpatient.de\/"},{"@type":"ListItem","position":2,"name":"iPhone 12: Bye Bye Ladeger\u00e4t &#038; Kopfh\u00f6rer"}]},{"@type":"WebSite","@id":"https:\/\/www.apfelpatient.de\/#website","url":"https:\/\/www.apfelpatient.de\/","name":"apple patient","description":"Everything about Apple!","publisher":{"@type":"Organization","@id":"https:\/\/www.apfelpatient.de\/en\/#organization","name":"Apfelpatient","url":"https:\/\/www.apfelpatient.de\/en\/"},"alternateName":"Apfelpatient","potentialAction":[{"@type":"SearchAction","target":{"@type":"EntryPoint","urlTemplate":"https:\/\/www.apfelpatient.de\/?s={search_term_string}"},"query-input":{"@type":"PropertyValueSpecification","valueRequired":true,"valueName":"search_term_string"}}],"inLanguage":"en-US"},{"@type":["Person","Organization"],"@id":"https:\/\/www.apfelpatient.de\/#\/schema\/person\/7dc56ad6c8e9824b76d2c08d4c140e13","name":"Milan","logo":{"@id":"https:\/\/www.apfelpatient.de\/#\/schema\/person\/image\/"},"description":"Hello and welcome to my technology blog! As a big Apple fan, I report on everything to do with Apple: from the latest news and exciting rumors to helpful tips and tricks and detailed product tests. If you are as enthusiastic about technology as I am, you have come to the right place!","sameAs":["https:\/\/www.facebook.com\/apfelpatientOfficial","https:\/\/www.linkedin.com\/in\/milan-jovicic-42aa0231b"],"url":"https:\/\/www.apfelpatient.de\/en\/author\/apfeladmin"}]}},"_links":{"self":[{"href":"https:\/\/www.apfelpatient.de\/en\/wp-json\/wp\/v2\/posts\/13327","targetHints":{"allow":["GET"]}}],"collection":[{"href":"https:\/\/www.apfelpatient.de\/en\/wp-json\/wp\/v2\/posts"}],"about":[{"href":"https:\/\/www.apfelpatient.de\/en\/wp-json\/wp\/v2\/types\/post"}],"author":[{"embeddable":true,"href":"https:\/\/www.apfelpatient.de\/en\/wp-json\/wp\/v2\/users\/2"}],"replies":[{"embeddable":true,"href":"https:\/\/www.apfelpatient.de\/en\/wp-json\/wp\/v2\/comments?post=13327"}],"version-history":[{"count":0,"href":"https:\/\/www.apfelpatient.de\/en\/wp-json\/wp\/v2\/posts\/13327\/revisions"}],"wp:featuredmedia":[{"embeddable":true,"href":"https:\/\/www.apfelpatient.de\/en\/wp-json\/wp\/v2\/media\/12953"}],"wp:attachment":[{"href":"https:\/\/www.apfelpatient.de\/en\/wp-json\/wp\/v2\/media?parent=13327"}],"wp:term":[{"taxonomy":"category","embeddable":true,"href":"https:\/\/www.apfelpatient.de\/en\/wp-json\/wp\/v2\/categories?post=13327"},{"taxonomy":"post_tag","embeddable":true,"href":"https:\/\/www.apfelpatient.de\/en\/wp-json\/wp\/v2\/tags?post=13327"}],"curies":[{"name":"wp","href":"https:\/\/api.w.org\/{rel}","templated":true}]}}