{"id":13304,"date":"2020-06-27T01:24:04","date_gmt":"2020-06-26T23:24:04","guid":{"rendered":"https:\/\/www.apfelpatient.de\/?p=13304"},"modified":"2020-06-27T01:24:04","modified_gmt":"2020-06-26T23:24:04","slug":"iphone-facebook-rolls-out-dark-mode","status":"publish","type":"post","link":"https:\/\/www.apfelpatient.de\/en\/news\/iphone-facebook-rollt-dark-mode-aus","title":{"rendered":"iPhone: Facebook rolls out Dark Mode"},"content":{"rendered":"<p class=\"has-drop-cap\"><strong>It&#039;s unbelievable but true. Facebook has quietly started rolling out Dark Mode for iPhone users.<\/strong><\/p>\n\n\n\n<p>Facebook Messenger, WhatsApp and Instagram already support dark mode. Facebook&#039;s main application, however, does not - until now. When will Facebook be available in dark mode? We have been reading this question for many months. Now the time has come. The social media <a href=\"https:\/\/www.facebook.com\" class=\"ek-link\"><span style=\"text-decoration: underline;\" class=\"ek-underline\">giant<\/span><\/a> has started rolling out the new look. We ourselves don&#039;t have access to the night mode yet. But thanks to an attentive Apfelpatienten, the whole thing has now been noticed. It can be assumed that the dark mode will soon be available across the board. Unlike WhatsApp and Instagram, this can be controlled in the Facebook app. From now on, the menu item &quot;Night mode&quot; can be found under Settings and Privacy.<\/p>\n\n\n\n<h3 class=\"wp-block-heading\">Facebook in Dark Mode: The color tone remains strange<\/h3>\n\n\n\n\n\n\n\n<p>The new appearance can be permanently activated or deactivated or linked to the system settings. So far, the company has not made a statement - so it remains to be seen how long the rollout will actually last. The color tone remains strange. As can be seen from the pictures, the dark mode appears to be slightly gray. When the whole thing was <a href=\"https:\/\/www.apfelpatient.de\/en\/news\/this-is-what-the-dark-mode-looks-like-in-the-facebook-app\" class=\"ek-link\"><span style=\"text-decoration: underline;\" class=\"ek-underline\">April<\/span><\/a> When it was first leaked, some thought it was a mistake. Apparently, however, it was intended that way - but thanks anyway, Mr. Zuckerberg.<em> (Photo by Denys Prykhodov \/ Bigstockphoto)<\/em><\/p>\n\n\n\n<figure class=\"wp-block-image size-large\"><img decoding=\"async\" src=\"https:\/\/www.apfelpatient.de\/wp-content\/uploads\/2020\/06\/89754C1A-435E-40DE-BCB3-622F9F7F6EF5-1024x536.png\" alt=\"\" class=\"wp-image-13305\"\/><figcaption>Thanks Mathis<\/figcaption><\/figure>\n\n\n\n<ul class=\"wp-block-list\"><li><a href=\"https:\/\/www.apfelpatient.de\/en\/news\/facebook-messenger-gets-face-id-touch-id\" class=\"ek-link\"><span style=\"text-decoration: underline;\" class=\"ek-underline\">Facebook Messenger gets Face ID \/ Touch ID<\/span><\/a><\/li><\/ul>\n\n\n\n<h6 class=\"wp-block-heading translation-block\" id=\"h-kennt-ihr-schon-unsere-amazon-storefront-dort-findet-ihr-eine-handverlesene-auswahl-von-diversen-produkten-f-r-euer-iphone-und-co-viel-spa-beim-st-bern\"><em>Have you already visited our Amazon Storefront? There you&#039;ll find a hand-picked selection of various products for your iPhone and other devices \u2013 <span class=\"has-inline-color has-vivid-red-color\"><a href=\"https:\/\/www.amazon.de\/shop\/apfelpatientofficial\" class=\"ek-link\" data-wpel-link=\"exclude\" rel=\"follow noopener\" target=\"_self\"><span style=\"text-decoration: underline\" class=\"ek-underline\">enjoy browsing<\/span><\/a> !<\/span><\/em><\/h6>\n\n\n\n\n\n<h6 class=\"wp-block-heading translation-block\" id=\"h-der-beitrag-enthalt-partnerlinks\">This post contains <a data-type=\"URL\" data-id=\"https:\/\/www.apfelpatient.de\/partnerprogramm\" href=\"https:\/\/www.apfelpatient.de\/en\/partner-program\" data-wpel-link=\"internal\" target=\"_self\">affiliate links<\/a>.<\/h6>","protected":false},"excerpt":{"rendered":"<p>It&#039;s unbelievable but true. Facebook has quietly started rolling out Dark Mode for iPhone users.<\/p>","protected":false},"author":2,"featured_media":10407,"comment_status":"closed","ping_status":"open","sticky":false,"template":"","format":"standard","meta":{"jnews-multi-image_gallery":[],"jnews_single_post":{"subtitle":"","format":"standard","video":"","gallery":"","source_name":"","source_url":"","via_name":"","via_url":"","override":[{"single_blog_custom":"","sidebar":"","second_sidebar":"","share_position":"","share_float_style":"","post_date_format":"","post_date_format_custom":"","post_reading_time_wpm":"","zoom_button_out_step":"1","zoom_button_in_step":"1","number_popup_post":"1"}],"image_override":[{"single_post_thumbnail_size":"","single_post_gallery_size":""}],"trending_post_position":"","trending_post_label":"","sponsored_post_label":"","sponsored_post_name":"","sponsored_post_url":"","sponsored_post_logo":"","sponsored_post_desc":""},"jnews_primary_category":{"id":"265"},"footnotes":""},"categories":[9],"tags":[6,142,3,8],"class_list":["post-13304","post","type-post","status-publish","format-standard","has-post-thumbnail","hentry","category-news","tag-app-store","tag-facebook","tag-ios","tag-iphone"],"yoast_head":"<!-- This site is optimized with the Yoast SEO Premium plugin v27.5 (Yoast SEO v27.5) - https:\/\/yoast.com\/product\/yoast-seo-premium-wordpress\/ -->\n<title>iPhone: Facebook rollt Dark Mode aus Apfelpatient<\/title>\n<meta name=\"description\" content=\"Es ist unglaublich aber wahr. Facebook hat still und heimlich damit angefangen, den Dark Mode f\u00fcr iPhone Nutzer auszurollen.\" \/>\n<meta name=\"robots\" content=\"index, follow, max-snippet:-1, max-image-preview:large, max-video-preview:-1\" \/>\n<link rel=\"canonical\" href=\"https:\/\/www.apfelpatient.de\/en\/news\/iphone-facebook-rolls-out-dark-mode\" \/>\n<meta property=\"og:locale\" content=\"en_US\" \/>\n<meta property=\"og:type\" content=\"article\" \/>\n<meta property=\"og:title\" content=\"iPhone: Facebook rollt Dark Mode aus\" \/>\n<meta property=\"og:description\" content=\"Es ist unglaublich aber wahr. Facebook hat still und heimlich damit angefangen, den Dark Mode f\u00fcr iPhone Nutzer auszurollen.\" \/>\n<meta property=\"og:url\" content=\"https:\/\/www.apfelpatient.de\/en\/news\/iphone-facebook-rolls-out-dark-mode\" \/>\n<meta property=\"og:site_name\" content=\"Apfelpatient\" \/>\n<meta property=\"article:publisher\" content=\"https:\/\/www.facebook.com\/apfelpatientOfficial\" \/>\n<meta property=\"article:author\" content=\"https:\/\/www.facebook.com\/apfelpatientOfficial\" \/>\n<meta property=\"article:published_time\" content=\"2020-06-26T23:24:04+00:00\" \/>\n<meta property=\"og:image\" content=\"https:\/\/www.apfelpatient.de\/wp-content\/uploads\/2020\/02\/bigstock-Anapa-Russia-July-331367698.jpg\" \/>\n\t<meta property=\"og:image:width\" content=\"1600\" \/>\n\t<meta property=\"og:image:height\" content=\"1067\" \/>\n\t<meta property=\"og:image:type\" content=\"image\/jpeg\" \/>\n<meta name=\"author\" content=\"Milan\" \/>\n<meta name=\"twitter:card\" content=\"summary_large_image\" \/>\n<meta name=\"twitter:description\" content=\"Es ist unglaublich aber wahr. Facebook hat still und heimlich damit angefangen, den Dark Mode f\u00fcr iPhone Nutzer auszurollen.\" \/>\n<meta name=\"twitter:label1\" content=\"Written by\" \/>\n\t<meta name=\"twitter:data1\" content=\"Milan\" \/>\n\t<meta name=\"twitter:label2\" content=\"Est. reading time\" \/>\n\t<meta name=\"twitter:data2\" content=\"1 minute\" \/>\n<script type=\"application\/ld+json\" class=\"yoast-schema-graph\">{\"@context\":\"https:\\\/\\\/schema.org\",\"@graph\":[{\"@type\":\"NewsArticle\",\"@id\":\"https:\\\/\\\/www.apfelpatient.de\\\/news\\\/iphone-facebook-rollt-dark-mode-aus#article\",\"isPartOf\":{\"@id\":\"https:\\\/\\\/www.apfelpatient.de\\\/news\\\/iphone-facebook-rollt-dark-mode-aus\"},\"author\":{\"@type\":\"Organization\",\"@id\":\"https:\\\/\\\/www.apfelpatient.de\\\/en\\\/#organization\",\"name\":\"Apfelpatient\",\"url\":\"https:\\\/\\\/www.apfelpatient.de\\\/en\\\/\"},\"headline\":\"iPhone: Facebook rollt Dark Mode aus\",\"datePublished\":\"2020-06-26T23:24:04+00:00\",\"mainEntityOfPage\":{\"@id\":\"https:\\\/\\\/www.apfelpatient.de\\\/news\\\/iphone-facebook-rollt-dark-mode-aus\"},\"wordCount\":248,\"publisher\":{\"@type\":\"Organization\",\"@id\":\"https:\\\/\\\/www.apfelpatient.de\\\/en\\\/#organization\",\"name\":\"Apfelpatient\",\"url\":\"https:\\\/\\\/www.apfelpatient.de\\\/en\\\/\"},\"image\":{\"@id\":\"https:\\\/\\\/www.apfelpatient.de\\\/news\\\/iphone-facebook-rollt-dark-mode-aus#primaryimage\"},\"thumbnailUrl\":\"https:\\\/\\\/www.apfelpatient.de\\\/wp-content\\\/uploads\\\/2020\\\/02\\\/bigstock-Anapa-Russia-July-331367698.jpg\",\"keywords\":[\"App Store\",\"Facebook\",\"iOS\",\"iPhone\"],\"articleSection\":\"News\",\"inLanguage\":\"en-US\",\"copyrightYear\":\"2020\",\"copyrightHolder\":{\"@id\":\"https:\\\/\\\/www.apfelpatient.de\\\/en\\\/#organization\"}},{\"@type\":\"WebPage\",\"@id\":\"https:\\\/\\\/www.apfelpatient.de\\\/news\\\/iphone-facebook-rollt-dark-mode-aus\",\"url\":\"https:\\\/\\\/www.apfelpatient.de\\\/news\\\/iphone-facebook-rollt-dark-mode-aus\",\"name\":\"iPhone: Facebook rollt Dark Mode aus Apfelpatient\",\"isPartOf\":{\"@id\":\"https:\\\/\\\/www.apfelpatient.de\\\/#website\"},\"primaryImageOfPage\":{\"@id\":\"https:\\\/\\\/www.apfelpatient.de\\\/news\\\/iphone-facebook-rollt-dark-mode-aus#primaryimage\"},\"image\":{\"@id\":\"https:\\\/\\\/www.apfelpatient.de\\\/news\\\/iphone-facebook-rollt-dark-mode-aus#primaryimage\"},\"thumbnailUrl\":\"https:\\\/\\\/www.apfelpatient.de\\\/wp-content\\\/uploads\\\/2020\\\/02\\\/bigstock-Anapa-Russia-July-331367698.jpg\",\"datePublished\":\"2020-06-26T23:24:04+00:00\",\"description\":\"Es ist unglaublich aber wahr. Facebook hat still und heimlich damit angefangen, den Dark Mode f\u00fcr iPhone Nutzer auszurollen.\",\"breadcrumb\":{\"@id\":\"https:\\\/\\\/www.apfelpatient.de\\\/news\\\/iphone-facebook-rollt-dark-mode-aus#breadcrumb\"},\"inLanguage\":\"en-US\",\"potentialAction\":[{\"@type\":\"ReadAction\",\"target\":[\"https:\\\/\\\/www.apfelpatient.de\\\/news\\\/iphone-facebook-rollt-dark-mode-aus\"]}]},{\"@type\":\"ImageObject\",\"inLanguage\":\"en-US\",\"@id\":\"https:\\\/\\\/www.apfelpatient.de\\\/news\\\/iphone-facebook-rollt-dark-mode-aus#primaryimage\",\"url\":\"https:\\\/\\\/www.apfelpatient.de\\\/wp-content\\\/uploads\\\/2020\\\/02\\\/bigstock-Anapa-Russia-July-331367698.jpg\",\"contentUrl\":\"https:\\\/\\\/www.apfelpatient.de\\\/wp-content\\\/uploads\\\/2020\\\/02\\\/bigstock-Anapa-Russia-July-331367698.jpg\",\"width\":1600,\"height\":1067,\"caption\":\"Anapa, Russia - July 22, 2019: Woman holding iPhone X with social networking service Facebook on the screen. iPhone was created and developed by the Apple inc.\"},{\"@type\":\"BreadcrumbList\",\"@id\":\"https:\\\/\\\/www.apfelpatient.de\\\/news\\\/iphone-facebook-rollt-dark-mode-aus#breadcrumb\",\"itemListElement\":[{\"@type\":\"ListItem\",\"position\":1,\"name\":\"Startseite\",\"item\":\"https:\\\/\\\/www.apfelpatient.de\\\/\"},{\"@type\":\"ListItem\",\"position\":2,\"name\":\"iPhone: Facebook rollt Dark Mode aus\"}]},{\"@type\":\"WebSite\",\"@id\":\"https:\\\/\\\/www.apfelpatient.de\\\/#website\",\"url\":\"https:\\\/\\\/www.apfelpatient.de\\\/\",\"name\":\"Apfelpatient\",\"description\":\"Alles rund um Apple!\",\"publisher\":{\"@type\":\"Organization\",\"@id\":\"https:\\\/\\\/www.apfelpatient.de\\\/en\\\/#organization\",\"name\":\"Apfelpatient\",\"url\":\"https:\\\/\\\/www.apfelpatient.de\\\/en\\\/\"},\"alternateName\":\"Apfelpatient\",\"potentialAction\":[{\"@type\":\"SearchAction\",\"target\":{\"@type\":\"EntryPoint\",\"urlTemplate\":\"https:\\\/\\\/www.apfelpatient.de\\\/?s={search_term_string}\"},\"query-input\":{\"@type\":\"PropertyValueSpecification\",\"valueRequired\":true,\"valueName\":\"search_term_string\"}}],\"inLanguage\":\"en-US\"},{\"@type\":[\"Person\",\"Organization\"],\"@id\":\"https:\\\/\\\/www.apfelpatient.de\\\/#\\\/schema\\\/person\\\/35b3ddba5832f2bfc7fff5206d4f6b7b\",\"name\":\"Milan\",\"logo\":{\"@id\":\"https:\\\/\\\/www.apfelpatient.de\\\/#\\\/schema\\\/person\\\/image\\\/\"},\"description\":\"Hallo und herzlich willkommen auf meinem Technik-Blog! Als gro\u00dfer Apple-Fan berichte ich hier \u00fcber alles, was mit Apple zu tun hat: von den neuesten News und spannenden Ger\u00fcchten \u00fcber hilfreiche Tipps und Tricks bis hin zu ausf\u00fchrlichen Produkttests. Wenn du genauso technikbegeistert bist wie ich, bist du hier genau richtig!\",\"sameAs\":[\"https:\\\/\\\/www.facebook.com\\\/apfelpatientOfficial\",\"https:\\\/\\\/www.linkedin.com\\\/in\\\/milan-jovicic-42aa0231b\"],\"url\":\"https:\\\/\\\/www.apfelpatient.de\\\/en\\\/author\\\/apfeladmin\"}]}<\/script>\n<!-- \/ Yoast SEO Premium plugin. -->","yoast_head_json":{"title":"iPhone: Facebook rolls out Dark Mode Apfelpatient","description":"It&#039;s unbelievable but true. Facebook has quietly started rolling out Dark Mode for iPhone users.","robots":{"index":"index","follow":"follow","max-snippet":"max-snippet:-1","max-image-preview":"max-image-preview:large","max-video-preview":"max-video-preview:-1"},"canonical":"https:\/\/www.apfelpatient.de\/en\/news\/iphone-facebook-rolls-out-dark-mode","og_locale":"en_US","og_type":"article","og_title":"iPhone: Facebook rollt Dark Mode aus","og_description":"Es ist unglaublich aber wahr. Facebook hat still und heimlich damit angefangen, den Dark Mode f\u00fcr iPhone Nutzer auszurollen.","og_url":"https:\/\/www.apfelpatient.de\/en\/news\/iphone-facebook-rolls-out-dark-mode","og_site_name":"Apfelpatient","article_publisher":"https:\/\/www.facebook.com\/apfelpatientOfficial","article_author":"https:\/\/www.facebook.com\/apfelpatientOfficial","article_published_time":"2020-06-26T23:24:04+00:00","og_image":[{"width":1600,"height":1067,"url":"https:\/\/www.apfelpatient.de\/wp-content\/uploads\/2020\/02\/bigstock-Anapa-Russia-July-331367698.jpg","type":"image\/jpeg"}],"author":"Milan","twitter_card":"summary_large_image","twitter_description":"Es ist unglaublich aber wahr. Facebook hat still und heimlich damit angefangen, den Dark Mode f\u00fcr iPhone Nutzer auszurollen.","twitter_misc":{"Written by":"Milan","Est. reading time":"1 minute"},"schema":{"@context":"https:\/\/schema.org","@graph":[{"@type":"NewsArticle","@id":"https:\/\/www.apfelpatient.de\/news\/iphone-facebook-rollt-dark-mode-aus#article","isPartOf":{"@id":"https:\/\/www.apfelpatient.de\/news\/iphone-facebook-rollt-dark-mode-aus"},"author":{"@type":"Organization","@id":"https:\/\/www.apfelpatient.de\/en\/#organization","name":"Apfelpatient","url":"https:\/\/www.apfelpatient.de\/en\/"},"headline":"iPhone: Facebook rollt Dark Mode aus","datePublished":"2020-06-26T23:24:04+00:00","mainEntityOfPage":{"@id":"https:\/\/www.apfelpatient.de\/news\/iphone-facebook-rollt-dark-mode-aus"},"wordCount":248,"publisher":{"@type":"Organization","@id":"https:\/\/www.apfelpatient.de\/en\/#organization","name":"Apfelpatient","url":"https:\/\/www.apfelpatient.de\/en\/"},"image":{"@id":"https:\/\/www.apfelpatient.de\/news\/iphone-facebook-rollt-dark-mode-aus#primaryimage"},"thumbnailUrl":"https:\/\/www.apfelpatient.de\/wp-content\/uploads\/2020\/02\/bigstock-Anapa-Russia-July-331367698.jpg","keywords":["App Store","Facebook","iOS","iPhone"],"articleSection":"News","inLanguage":"en-US","copyrightYear":"2020","copyrightHolder":{"@id":"https:\/\/www.apfelpatient.de\/en\/#organization"}},{"@type":"WebPage","@id":"https:\/\/www.apfelpatient.de\/news\/iphone-facebook-rollt-dark-mode-aus","url":"https:\/\/www.apfelpatient.de\/news\/iphone-facebook-rollt-dark-mode-aus","name":"iPhone: Facebook rolls out Dark Mode Apfelpatient","isPartOf":{"@id":"https:\/\/www.apfelpatient.de\/#website"},"primaryImageOfPage":{"@id":"https:\/\/www.apfelpatient.de\/news\/iphone-facebook-rollt-dark-mode-aus#primaryimage"},"image":{"@id":"https:\/\/www.apfelpatient.de\/news\/iphone-facebook-rollt-dark-mode-aus#primaryimage"},"thumbnailUrl":"https:\/\/www.apfelpatient.de\/wp-content\/uploads\/2020\/02\/bigstock-Anapa-Russia-July-331367698.jpg","datePublished":"2020-06-26T23:24:04+00:00","description":"It&#039;s unbelievable but true. Facebook has quietly started rolling out Dark Mode for iPhone users.","breadcrumb":{"@id":"https:\/\/www.apfelpatient.de\/news\/iphone-facebook-rollt-dark-mode-aus#breadcrumb"},"inLanguage":"en-US","potentialAction":[{"@type":"ReadAction","target":["https:\/\/www.apfelpatient.de\/news\/iphone-facebook-rollt-dark-mode-aus"]}]},{"@type":"ImageObject","inLanguage":"en-US","@id":"https:\/\/www.apfelpatient.de\/news\/iphone-facebook-rollt-dark-mode-aus#primaryimage","url":"https:\/\/www.apfelpatient.de\/wp-content\/uploads\/2020\/02\/bigstock-Anapa-Russia-July-331367698.jpg","contentUrl":"https:\/\/www.apfelpatient.de\/wp-content\/uploads\/2020\/02\/bigstock-Anapa-Russia-July-331367698.jpg","width":1600,"height":1067,"caption":"Anapa, Russia - July 22, 2019: Woman holding iPhone X with social networking service Facebook on the screen. iPhone was created and developed by the Apple inc."},{"@type":"BreadcrumbList","@id":"https:\/\/www.apfelpatient.de\/news\/iphone-facebook-rollt-dark-mode-aus#breadcrumb","itemListElement":[{"@type":"ListItem","position":1,"name":"Startseite","item":"https:\/\/www.apfelpatient.de\/"},{"@type":"ListItem","position":2,"name":"iPhone: Facebook rollt Dark Mode aus"}]},{"@type":"WebSite","@id":"https:\/\/www.apfelpatient.de\/#website","url":"https:\/\/www.apfelpatient.de\/","name":"apple patient","description":"Everything about Apple!","publisher":{"@type":"Organization","@id":"https:\/\/www.apfelpatient.de\/en\/#organization","name":"Apfelpatient","url":"https:\/\/www.apfelpatient.de\/en\/"},"alternateName":"Apfelpatient","potentialAction":[{"@type":"SearchAction","target":{"@type":"EntryPoint","urlTemplate":"https:\/\/www.apfelpatient.de\/?s={search_term_string}"},"query-input":{"@type":"PropertyValueSpecification","valueRequired":true,"valueName":"search_term_string"}}],"inLanguage":"en-US"},{"@type":["Person","Organization"],"@id":"https:\/\/www.apfelpatient.de\/#\/schema\/person\/35b3ddba5832f2bfc7fff5206d4f6b7b","name":"Milan","logo":{"@id":"https:\/\/www.apfelpatient.de\/#\/schema\/person\/image\/"},"description":"Hello and welcome to my technology blog! As a big Apple fan, I report on everything to do with Apple: from the latest news and exciting rumors to helpful tips and tricks and detailed product tests. If you are as enthusiastic about technology as I am, you have come to the right place!","sameAs":["https:\/\/www.facebook.com\/apfelpatientOfficial","https:\/\/www.linkedin.com\/in\/milan-jovicic-42aa0231b"],"url":"https:\/\/www.apfelpatient.de\/en\/author\/apfeladmin"}]}},"_links":{"self":[{"href":"https:\/\/www.apfelpatient.de\/en\/wp-json\/wp\/v2\/posts\/13304","targetHints":{"allow":["GET"]}}],"collection":[{"href":"https:\/\/www.apfelpatient.de\/en\/wp-json\/wp\/v2\/posts"}],"about":[{"href":"https:\/\/www.apfelpatient.de\/en\/wp-json\/wp\/v2\/types\/post"}],"author":[{"embeddable":true,"href":"https:\/\/www.apfelpatient.de\/en\/wp-json\/wp\/v2\/users\/2"}],"replies":[{"embeddable":true,"href":"https:\/\/www.apfelpatient.de\/en\/wp-json\/wp\/v2\/comments?post=13304"}],"version-history":[{"count":0,"href":"https:\/\/www.apfelpatient.de\/en\/wp-json\/wp\/v2\/posts\/13304\/revisions"}],"wp:featuredmedia":[{"embeddable":true,"href":"https:\/\/www.apfelpatient.de\/en\/wp-json\/wp\/v2\/media\/10407"}],"wp:attachment":[{"href":"https:\/\/www.apfelpatient.de\/en\/wp-json\/wp\/v2\/media?parent=13304"}],"wp:term":[{"taxonomy":"category","embeddable":true,"href":"https:\/\/www.apfelpatient.de\/en\/wp-json\/wp\/v2\/categories?post=13304"},{"taxonomy":"post_tag","embeddable":true,"href":"https:\/\/www.apfelpatient.de\/en\/wp-json\/wp\/v2\/tags?post=13304"}],"curies":[{"name":"wp","href":"https:\/\/api.w.org\/{rel}","templated":true}]}}