{"id":13165,"date":"2020-06-22T23:22:23","date_gmt":"2020-06-22T21:22:23","guid":{"rendered":"https:\/\/www.apfelpatient.de\/?p=13165"},"modified":"2020-06-22T23:22:23","modified_gmt":"2020-06-22T21:22:23","slug":"wwdc-2020-so-apple-plans-the-transition-to-arm-macs","status":"publish","type":"post","link":"https:\/\/www.apfelpatient.de\/en\/news\/wwdc-2020-so-plant-apple-den-uebergang-zu-arm-macs","title":{"rendered":"WWDC 2020: How Apple plans the transition to ARM Macs"},"content":{"rendered":"<p class=\"has-drop-cap\"><strong>At WWDC 2020, Apple has now officially announced the transition from Intel to ARM chips \u2013 Apple Silicon is coming.<\/strong><\/p>\n\n\n\n<p>For several years we have been accompanied by rumors that a switch from Intel to ARM would take place. Now it is official. Apple has unveiled the first ARM chip at WWDC 2020. This is what the <a href=\"https:\/\/www.apple.com\/newsroom\/2020\/06\/apple-announces-mac-transition-to-apple-silicon\/\" class=\"ek-link\"><span style=\"text-decoration: underline;\" class=\"ek-underline\">press release<\/span><\/a>:<\/p>\n\n\n\n<blockquote class=\"wp-block-quote is-layout-flow wp-block-quote-is-layout-flow\"><p>In a historic day for the Mac, Apple today announced that it will transition the Mac to its premium custom Apple silicon to deliver industry-leading performance and powerful new technologies. Developers can now begin updating their applications to take advantage of the advanced capabilities of Apple silicon in the Mac. This transition also creates a common architecture across all Apple products, making it much easier for developers to write and optimize their applications for the entire ecosystem.<\/p><\/blockquote>\n\n\n\n<figure class=\"wp-block-image size-large\"><img decoding=\"async\" src=\"https:\/\/www.apfelpatient.de\/wp-content\/uploads\/2020\/06\/apple_apple-silicon_xcode-alert_06222020-1024x655.jpg\" alt=\"\" class=\"wp-image-13164\"\/><figcaption>Image: Apple<\/figcaption><\/figure>\n\n\n\n<h3 class=\"wp-block-heading\">First ARM Mac will be delivered before the end of the year<\/h3>\n\n\n\n<p>This means that Apple is now designing its own chips for iOS devices and its Mac desktop and laptops. According to Apple, the first ARM-based Mac will ship before the end of the year. The transition from Intel to ARM will be completed within two years - according to the company. Apple&#039;s chips will combine custom CPU, GPU, SSD controller and many other components. In addition, Apple silicon will include the Neural Engine for machine learning applications.&nbsp;<\/p>\n\n\n\n<h3 class=\"wp-block-heading\">Adobe and Microsoft are already working on transition<\/h3>\n\n\n\n\n\n\n\n<p>With macOS Big Sur, Apple has already updated its own applications to natively support the new Apple chips, including Final Cut Pro. Third-party developers can get started by recompiling their applications in the new version of Xcode. Apple also announced that key partners, including Adobe and Microsoft, have already made many of their applications run on ARM.<\/p>\n\n\n\n<h3 class=\"wp-block-heading\">Rosetta is back<\/h3>\n\n\n\n<p>In addition, Apple is reviving the Rosetta brand, Rosetta 2, as a new option for emulation. Emulation will be required for applications that have not been updated to run natively. Apple explained that Rosetta 2 offers fast performance and is transparent to users, although of course applications with native code are preferred. New virtualization options will be available for developers who need to run virtual machines on their computer.<\/p>\n\n\n\n<h3 class=\"wp-block-heading\">Mac Mini as ARM developer kit<\/h3>\n\n\n\n<p>To help developers transition their Intel Mac applications to future ARM Macs, Apple is offering a new Developer Transition Kit, which is Mac mini hardware with an A12X CPU. Apple will begin shipping these developer kits later this week, the company has officially confirmed. <em>(Image: Apple)<\/em><\/p>\n\n\n\n<ul class=\"wp-block-list\"><li><a href=\"https:\/\/www.apfelpatient.de\/en\/news\/wwdc-2020-apple-introduces-ios-14-ipados-14\" class=\"ek-link\"><span style=\"text-decoration: underline;\" class=\"ek-underline\">WWDC 2020: Apple introduces iOS 14 \/ iPadOS 14<\/span><\/a><\/li><li><a href=\"https:\/\/www.apfelpatient.de\/en\/news\/wwdc-2020-apple-introduces-watchos-7\" class=\"ek-link\"><span style=\"text-decoration: underline;\" class=\"ek-underline\">WWDC 2020: Apple introduces watchOS 7<\/span><\/a><\/li><li><a href=\"https:\/\/www.apfelpatient.de\/en\/news\/wwdc-2020-apple-introduces-watchos-7\" class=\"ek-link\"><span style=\"text-decoration: underline;\" class=\"ek-underline\">WWDC 2020: Apple introduces macOS 11 Big Sur<\/span><\/a><\/li><li><a href=\"https:\/\/www.apfelpatient.de\/en\/news\/wwdc-2020-apple-introduces-tvos-14\" class=\"ek-link\"><span style=\"text-decoration: underline;\" class=\"ek-underline\">WWDC 2020: Apple introduces tvOS 14<\/span><\/a><\/li><\/ul>\n\n\n\n<h6 class=\"wp-block-heading translation-block\" id=\"h-kennt-ihr-schon-unsere-amazon-storefront-dort-findet-ihr-eine-handverlesene-auswahl-von-diversen-produkten-f-r-euer-iphone-und-co-viel-spa-beim-st-bern\"><em>Have you already visited our Amazon Storefront? There you&#039;ll find a hand-picked selection of various products for your iPhone and other devices \u2013 <span class=\"has-inline-color has-vivid-red-color\"><a href=\"https:\/\/www.amazon.de\/shop\/apfelpatientofficial\" class=\"ek-link\" data-wpel-link=\"exclude\" rel=\"follow noopener\" target=\"_self\"><span style=\"text-decoration: underline\" class=\"ek-underline\">enjoy browsing<\/span><\/a> !<\/span><\/em><\/h6>\n\n\n\n\n\n<h6 class=\"wp-block-heading translation-block\" id=\"h-der-beitrag-enthalt-partnerlinks\">This post contains <a data-type=\"URL\" data-id=\"https:\/\/www.apfelpatient.de\/partnerprogramm\" href=\"https:\/\/www.apfelpatient.de\/en\/partner-program\" data-wpel-link=\"internal\" target=\"_self\">affiliate links<\/a>.<\/h6>","protected":false},"excerpt":{"rendered":"<p>At WWDC 2020, Apple has now officially announced the transition from Intel to ARM chips \u2013 Apple Silicon is coming.<\/p>","protected":false},"author":2,"featured_media":13163,"comment_status":"closed","ping_status":"closed","sticky":false,"template":"","format":"standard","meta":{"jnews-multi-image_gallery":[],"jnews_single_post":{"subtitle":"","format":"standard","video":"","gallery":"","source_name":"","source_url":"","via_name":"","via_url":"","override":[{"single_blog_custom":"","sidebar":"","second_sidebar":"","share_position":"","share_float_style":"","post_date_format":"","post_date_format_custom":"","post_reading_time_wpm":"","zoom_button_out_step":"1","zoom_button_in_step":"1","number_popup_post":"1"}],"image_override":[{"single_post_thumbnail_size":"","single_post_gallery_size":""}],"trending_post_position":"","trending_post_label":"","sponsored_post_label":"","sponsored_post_name":"","sponsored_post_url":"","sponsored_post_logo":"","sponsored_post_desc":""},"jnews_primary_category":{"id":"265"},"footnotes":""},"categories":[9],"tags":[420,40,4,419,203,320],"class_list":["post-13165","post","type-post","status-publish","format-standard","has-post-thumbnail","hentry","category-news","tag-apple-silicon","tag-mac","tag-macos","tag-macos-big-sur","tag-wwdc","tag-wwdc-2020"],"yoast_head":"<!-- This site is optimized with the Yoast SEO Premium plugin v27.5 (Yoast SEO v27.5) - https:\/\/yoast.com\/product\/yoast-seo-premium-wordpress\/ -->\n<title>WWDC 2020: So plant Apple den \u00dcbergang zu ARM-Macs Apfelpatient<\/title>\n<meta name=\"description\" content=\"Im Rahmen der WWDC 2020 hat Apple nun offiziell den \u00dcbergang von Intel zu ARM-Chips angek\u00fcndigt - Apple-Silicon kommt.\" \/>\n<meta name=\"robots\" content=\"index, follow, max-snippet:-1, max-image-preview:large, max-video-preview:-1\" \/>\n<link rel=\"canonical\" href=\"https:\/\/www.apfelpatient.de\/en\/news\/wwdc-2020-so-apple-plans-the-transition-to-arm-macs\" \/>\n<meta property=\"og:locale\" content=\"en_US\" \/>\n<meta property=\"og:type\" content=\"article\" \/>\n<meta property=\"og:title\" content=\"WWDC 2020: So plant Apple den \u00dcbergang zu ARM-Macs\" \/>\n<meta property=\"og:description\" content=\"Im Rahmen der WWDC 2020 hat Apple nun offiziell den \u00dcbergang von Intel zu ARM-Chips angek\u00fcndigt - Apple-Silicon kommt.\" \/>\n<meta property=\"og:url\" content=\"https:\/\/www.apfelpatient.de\/en\/news\/wwdc-2020-so-apple-plans-the-transition-to-arm-macs\" \/>\n<meta property=\"og:site_name\" content=\"Apfelpatient\" \/>\n<meta property=\"article:publisher\" content=\"https:\/\/www.facebook.com\/apfelpatientOfficial\" \/>\n<meta property=\"article:author\" content=\"https:\/\/www.facebook.com\/apfelpatientOfficial\" \/>\n<meta property=\"article:published_time\" content=\"2020-06-22T21:22:23+00:00\" \/>\n<meta property=\"og:image\" content=\"https:\/\/www.apfelpatient.de\/wp-content\/uploads\/2020\/06\/apple_apple-silicon_3rd-party_06222020.jpg\" \/>\n\t<meta property=\"og:image:width\" content=\"4000\" \/>\n\t<meta property=\"og:image:height\" content=\"2559\" \/>\n\t<meta property=\"og:image:type\" content=\"image\/jpeg\" \/>\n<meta name=\"author\" content=\"Milan\" \/>\n<meta name=\"twitter:card\" content=\"summary_large_image\" \/>\n<meta name=\"twitter:description\" content=\"Im Rahmen der WWDC 2020 hat Apple nun offiziell den \u00dcbergang von Intel zu ARM-Chips angek\u00fcndigt - Apple-Silicon kommt.\" \/>\n<meta name=\"twitter:label1\" content=\"Written by\" \/>\n\t<meta name=\"twitter:data1\" content=\"Milan\" \/>\n\t<meta name=\"twitter:label2\" content=\"Est. reading time\" \/>\n\t<meta name=\"twitter:data2\" content=\"2 minutes\" \/>\n<script type=\"application\/ld+json\" class=\"yoast-schema-graph\">{\"@context\":\"https:\\\/\\\/schema.org\",\"@graph\":[{\"@type\":\"NewsArticle\",\"@id\":\"https:\\\/\\\/www.apfelpatient.de\\\/news\\\/wwdc-2020-so-plant-apple-den-uebergang-zu-arm-macs#article\",\"isPartOf\":{\"@id\":\"https:\\\/\\\/www.apfelpatient.de\\\/news\\\/wwdc-2020-so-plant-apple-den-uebergang-zu-arm-macs\"},\"author\":{\"@type\":\"Organization\",\"@id\":\"https:\\\/\\\/www.apfelpatient.de\\\/en\\\/#organization\",\"name\":\"Apfelpatient\",\"url\":\"https:\\\/\\\/www.apfelpatient.de\\\/en\\\/\"},\"headline\":\"WWDC 2020: So plant Apple den \u00dcbergang zu ARM-Macs\",\"datePublished\":\"2020-06-22T21:22:23+00:00\",\"mainEntityOfPage\":{\"@id\":\"https:\\\/\\\/www.apfelpatient.de\\\/news\\\/wwdc-2020-so-plant-apple-den-uebergang-zu-arm-macs\"},\"wordCount\":486,\"publisher\":{\"@type\":\"Organization\",\"@id\":\"https:\\\/\\\/www.apfelpatient.de\\\/en\\\/#organization\",\"name\":\"Apfelpatient\",\"url\":\"https:\\\/\\\/www.apfelpatient.de\\\/en\\\/\"},\"image\":{\"@id\":\"https:\\\/\\\/www.apfelpatient.de\\\/news\\\/wwdc-2020-so-plant-apple-den-uebergang-zu-arm-macs#primaryimage\"},\"thumbnailUrl\":\"https:\\\/\\\/www.apfelpatient.de\\\/wp-content\\\/uploads\\\/2020\\\/06\\\/apple_apple-silicon_3rd-party_06222020.jpg\",\"keywords\":[\"Apple Silicon\",\"Mac\",\"macOS\",\"macOS 11 Big Sur\",\"WWDC\",\"WWDC 2020\"],\"articleSection\":\"News\",\"inLanguage\":\"en-US\",\"copyrightYear\":\"2020\",\"copyrightHolder\":{\"@id\":\"https:\\\/\\\/www.apfelpatient.de\\\/en\\\/#organization\"}},{\"@type\":\"WebPage\",\"@id\":\"https:\\\/\\\/www.apfelpatient.de\\\/news\\\/wwdc-2020-so-plant-apple-den-uebergang-zu-arm-macs\",\"url\":\"https:\\\/\\\/www.apfelpatient.de\\\/news\\\/wwdc-2020-so-plant-apple-den-uebergang-zu-arm-macs\",\"name\":\"WWDC 2020: So plant Apple den \u00dcbergang zu ARM-Macs Apfelpatient\",\"isPartOf\":{\"@id\":\"https:\\\/\\\/www.apfelpatient.de\\\/#website\"},\"primaryImageOfPage\":{\"@id\":\"https:\\\/\\\/www.apfelpatient.de\\\/news\\\/wwdc-2020-so-plant-apple-den-uebergang-zu-arm-macs#primaryimage\"},\"image\":{\"@id\":\"https:\\\/\\\/www.apfelpatient.de\\\/news\\\/wwdc-2020-so-plant-apple-den-uebergang-zu-arm-macs#primaryimage\"},\"thumbnailUrl\":\"https:\\\/\\\/www.apfelpatient.de\\\/wp-content\\\/uploads\\\/2020\\\/06\\\/apple_apple-silicon_3rd-party_06222020.jpg\",\"datePublished\":\"2020-06-22T21:22:23+00:00\",\"description\":\"Im Rahmen der WWDC 2020 hat Apple nun offiziell den \u00dcbergang von Intel zu ARM-Chips angek\u00fcndigt - Apple-Silicon kommt.\",\"breadcrumb\":{\"@id\":\"https:\\\/\\\/www.apfelpatient.de\\\/news\\\/wwdc-2020-so-plant-apple-den-uebergang-zu-arm-macs#breadcrumb\"},\"inLanguage\":\"en-US\",\"potentialAction\":[{\"@type\":\"ReadAction\",\"target\":[\"https:\\\/\\\/www.apfelpatient.de\\\/news\\\/wwdc-2020-so-plant-apple-den-uebergang-zu-arm-macs\"]}]},{\"@type\":\"ImageObject\",\"inLanguage\":\"en-US\",\"@id\":\"https:\\\/\\\/www.apfelpatient.de\\\/news\\\/wwdc-2020-so-plant-apple-den-uebergang-zu-arm-macs#primaryimage\",\"url\":\"https:\\\/\\\/www.apfelpatient.de\\\/wp-content\\\/uploads\\\/2020\\\/06\\\/apple_apple-silicon_3rd-party_06222020.jpg\",\"contentUrl\":\"https:\\\/\\\/www.apfelpatient.de\\\/wp-content\\\/uploads\\\/2020\\\/06\\\/apple_apple-silicon_3rd-party_06222020.jpg\",\"width\":4000,\"height\":2559,\"caption\":\"Bild: Apple\"},{\"@type\":\"BreadcrumbList\",\"@id\":\"https:\\\/\\\/www.apfelpatient.de\\\/news\\\/wwdc-2020-so-plant-apple-den-uebergang-zu-arm-macs#breadcrumb\",\"itemListElement\":[{\"@type\":\"ListItem\",\"position\":1,\"name\":\"Startseite\",\"item\":\"https:\\\/\\\/www.apfelpatient.de\\\/\"},{\"@type\":\"ListItem\",\"position\":2,\"name\":\"WWDC 2020: So plant Apple den \u00dcbergang zu ARM-Macs\"}]},{\"@type\":\"WebSite\",\"@id\":\"https:\\\/\\\/www.apfelpatient.de\\\/#website\",\"url\":\"https:\\\/\\\/www.apfelpatient.de\\\/\",\"name\":\"Apfelpatient\",\"description\":\"Alles rund um Apple!\",\"publisher\":{\"@type\":\"Organization\",\"@id\":\"https:\\\/\\\/www.apfelpatient.de\\\/en\\\/#organization\",\"name\":\"Apfelpatient\",\"url\":\"https:\\\/\\\/www.apfelpatient.de\\\/en\\\/\"},\"alternateName\":\"Apfelpatient\",\"potentialAction\":[{\"@type\":\"SearchAction\",\"target\":{\"@type\":\"EntryPoint\",\"urlTemplate\":\"https:\\\/\\\/www.apfelpatient.de\\\/?s={search_term_string}\"},\"query-input\":{\"@type\":\"PropertyValueSpecification\",\"valueRequired\":true,\"valueName\":\"search_term_string\"}}],\"inLanguage\":\"en-US\"},{\"@type\":[\"Person\",\"Organization\"],\"@id\":\"https:\\\/\\\/www.apfelpatient.de\\\/#\\\/schema\\\/person\\\/7dc56ad6c8e9824b76d2c08d4c140e13\",\"name\":\"Milan\",\"logo\":{\"@id\":\"https:\\\/\\\/www.apfelpatient.de\\\/#\\\/schema\\\/person\\\/image\\\/\"},\"description\":\"Hallo und herzlich willkommen auf meinem Technik-Blog! Als gro\u00dfer Apple-Fan berichte ich hier \u00fcber alles, was mit Apple zu tun hat: von den neuesten News und spannenden Ger\u00fcchten \u00fcber hilfreiche Tipps und Tricks bis hin zu ausf\u00fchrlichen Produkttests. Wenn du genauso technikbegeistert bist wie ich, bist du hier genau richtig!\",\"sameAs\":[\"https:\\\/\\\/www.facebook.com\\\/apfelpatientOfficial\",\"https:\\\/\\\/www.linkedin.com\\\/in\\\/milan-jovicic-42aa0231b\"],\"url\":\"https:\\\/\\\/www.apfelpatient.de\\\/en\\\/author\\\/apfeladmin\"}]}<\/script>\n<!-- \/ Yoast SEO Premium plugin. -->","yoast_head_json":{"title":"WWDC 2020: How Apple plans the transition to ARM Macs Apfelpatient","description":"At WWDC 2020, Apple has now officially announced the transition from Intel to ARM chips - Apple Silicon is coming.","robots":{"index":"index","follow":"follow","max-snippet":"max-snippet:-1","max-image-preview":"max-image-preview:large","max-video-preview":"max-video-preview:-1"},"canonical":"https:\/\/www.apfelpatient.de\/en\/news\/wwdc-2020-so-apple-plans-the-transition-to-arm-macs","og_locale":"en_US","og_type":"article","og_title":"WWDC 2020: So plant Apple den \u00dcbergang zu ARM-Macs","og_description":"Im Rahmen der WWDC 2020 hat Apple nun offiziell den \u00dcbergang von Intel zu ARM-Chips angek\u00fcndigt - Apple-Silicon kommt.","og_url":"https:\/\/www.apfelpatient.de\/en\/news\/wwdc-2020-so-apple-plans-the-transition-to-arm-macs","og_site_name":"Apfelpatient","article_publisher":"https:\/\/www.facebook.com\/apfelpatientOfficial","article_author":"https:\/\/www.facebook.com\/apfelpatientOfficial","article_published_time":"2020-06-22T21:22:23+00:00","og_image":[{"width":4000,"height":2559,"url":"https:\/\/www.apfelpatient.de\/wp-content\/uploads\/2020\/06\/apple_apple-silicon_3rd-party_06222020.jpg","type":"image\/jpeg"}],"author":"Milan","twitter_card":"summary_large_image","twitter_description":"Im Rahmen der WWDC 2020 hat Apple nun offiziell den \u00dcbergang von Intel zu ARM-Chips angek\u00fcndigt - Apple-Silicon kommt.","twitter_misc":{"Written by":"Milan","Est. reading time":"2 minutes"},"schema":{"@context":"https:\/\/schema.org","@graph":[{"@type":"NewsArticle","@id":"https:\/\/www.apfelpatient.de\/news\/wwdc-2020-so-plant-apple-den-uebergang-zu-arm-macs#article","isPartOf":{"@id":"https:\/\/www.apfelpatient.de\/news\/wwdc-2020-so-plant-apple-den-uebergang-zu-arm-macs"},"author":{"@type":"Organization","@id":"https:\/\/www.apfelpatient.de\/en\/#organization","name":"Apfelpatient","url":"https:\/\/www.apfelpatient.de\/en\/"},"headline":"WWDC 2020: So plant Apple den \u00dcbergang zu ARM-Macs","datePublished":"2020-06-22T21:22:23+00:00","mainEntityOfPage":{"@id":"https:\/\/www.apfelpatient.de\/news\/wwdc-2020-so-plant-apple-den-uebergang-zu-arm-macs"},"wordCount":486,"publisher":{"@type":"Organization","@id":"https:\/\/www.apfelpatient.de\/en\/#organization","name":"Apfelpatient","url":"https:\/\/www.apfelpatient.de\/en\/"},"image":{"@id":"https:\/\/www.apfelpatient.de\/news\/wwdc-2020-so-plant-apple-den-uebergang-zu-arm-macs#primaryimage"},"thumbnailUrl":"https:\/\/www.apfelpatient.de\/wp-content\/uploads\/2020\/06\/apple_apple-silicon_3rd-party_06222020.jpg","keywords":["Apple Silicon","Mac","macOS","macOS 11 Big Sur","WWDC","WWDC 2020"],"articleSection":"News","inLanguage":"en-US","copyrightYear":"2020","copyrightHolder":{"@id":"https:\/\/www.apfelpatient.de\/en\/#organization"}},{"@type":"WebPage","@id":"https:\/\/www.apfelpatient.de\/news\/wwdc-2020-so-plant-apple-den-uebergang-zu-arm-macs","url":"https:\/\/www.apfelpatient.de\/news\/wwdc-2020-so-plant-apple-den-uebergang-zu-arm-macs","name":"WWDC 2020: How Apple plans the transition to ARM Macs Apfelpatient","isPartOf":{"@id":"https:\/\/www.apfelpatient.de\/#website"},"primaryImageOfPage":{"@id":"https:\/\/www.apfelpatient.de\/news\/wwdc-2020-so-plant-apple-den-uebergang-zu-arm-macs#primaryimage"},"image":{"@id":"https:\/\/www.apfelpatient.de\/news\/wwdc-2020-so-plant-apple-den-uebergang-zu-arm-macs#primaryimage"},"thumbnailUrl":"https:\/\/www.apfelpatient.de\/wp-content\/uploads\/2020\/06\/apple_apple-silicon_3rd-party_06222020.jpg","datePublished":"2020-06-22T21:22:23+00:00","description":"At WWDC 2020, Apple has now officially announced the transition from Intel to ARM chips - Apple Silicon is coming.","breadcrumb":{"@id":"https:\/\/www.apfelpatient.de\/news\/wwdc-2020-so-plant-apple-den-uebergang-zu-arm-macs#breadcrumb"},"inLanguage":"en-US","potentialAction":[{"@type":"ReadAction","target":["https:\/\/www.apfelpatient.de\/news\/wwdc-2020-so-plant-apple-den-uebergang-zu-arm-macs"]}]},{"@type":"ImageObject","inLanguage":"en-US","@id":"https:\/\/www.apfelpatient.de\/news\/wwdc-2020-so-plant-apple-den-uebergang-zu-arm-macs#primaryimage","url":"https:\/\/www.apfelpatient.de\/wp-content\/uploads\/2020\/06\/apple_apple-silicon_3rd-party_06222020.jpg","contentUrl":"https:\/\/www.apfelpatient.de\/wp-content\/uploads\/2020\/06\/apple_apple-silicon_3rd-party_06222020.jpg","width":4000,"height":2559,"caption":"Bild: Apple"},{"@type":"BreadcrumbList","@id":"https:\/\/www.apfelpatient.de\/news\/wwdc-2020-so-plant-apple-den-uebergang-zu-arm-macs#breadcrumb","itemListElement":[{"@type":"ListItem","position":1,"name":"Startseite","item":"https:\/\/www.apfelpatient.de\/"},{"@type":"ListItem","position":2,"name":"WWDC 2020: So plant Apple den \u00dcbergang zu ARM-Macs"}]},{"@type":"WebSite","@id":"https:\/\/www.apfelpatient.de\/#website","url":"https:\/\/www.apfelpatient.de\/","name":"apple patient","description":"Everything about Apple!","publisher":{"@type":"Organization","@id":"https:\/\/www.apfelpatient.de\/en\/#organization","name":"Apfelpatient","url":"https:\/\/www.apfelpatient.de\/en\/"},"alternateName":"Apfelpatient","potentialAction":[{"@type":"SearchAction","target":{"@type":"EntryPoint","urlTemplate":"https:\/\/www.apfelpatient.de\/?s={search_term_string}"},"query-input":{"@type":"PropertyValueSpecification","valueRequired":true,"valueName":"search_term_string"}}],"inLanguage":"en-US"},{"@type":["Person","Organization"],"@id":"https:\/\/www.apfelpatient.de\/#\/schema\/person\/7dc56ad6c8e9824b76d2c08d4c140e13","name":"Milan","logo":{"@id":"https:\/\/www.apfelpatient.de\/#\/schema\/person\/image\/"},"description":"Hello and welcome to my technology blog! As a big Apple fan, I report on everything to do with Apple: from the latest news and exciting rumors to helpful tips and tricks and detailed product tests. If you are as enthusiastic about technology as I am, you have come to the right place!","sameAs":["https:\/\/www.facebook.com\/apfelpatientOfficial","https:\/\/www.linkedin.com\/in\/milan-jovicic-42aa0231b"],"url":"https:\/\/www.apfelpatient.de\/en\/author\/apfeladmin"}]}},"_links":{"self":[{"href":"https:\/\/www.apfelpatient.de\/en\/wp-json\/wp\/v2\/posts\/13165","targetHints":{"allow":["GET"]}}],"collection":[{"href":"https:\/\/www.apfelpatient.de\/en\/wp-json\/wp\/v2\/posts"}],"about":[{"href":"https:\/\/www.apfelpatient.de\/en\/wp-json\/wp\/v2\/types\/post"}],"author":[{"embeddable":true,"href":"https:\/\/www.apfelpatient.de\/en\/wp-json\/wp\/v2\/users\/2"}],"replies":[{"embeddable":true,"href":"https:\/\/www.apfelpatient.de\/en\/wp-json\/wp\/v2\/comments?post=13165"}],"version-history":[{"count":0,"href":"https:\/\/www.apfelpatient.de\/en\/wp-json\/wp\/v2\/posts\/13165\/revisions"}],"wp:featuredmedia":[{"embeddable":true,"href":"https:\/\/www.apfelpatient.de\/en\/wp-json\/wp\/v2\/media\/13163"}],"wp:attachment":[{"href":"https:\/\/www.apfelpatient.de\/en\/wp-json\/wp\/v2\/media?parent=13165"}],"wp:term":[{"taxonomy":"category","embeddable":true,"href":"https:\/\/www.apfelpatient.de\/en\/wp-json\/wp\/v2\/categories?post=13165"},{"taxonomy":"post_tag","embeddable":true,"href":"https:\/\/www.apfelpatient.de\/en\/wp-json\/wp\/v2\/tags?post=13165"}],"curies":[{"name":"wp","href":"https:\/\/api.w.org\/{rel}","templated":true}]}}