{"id":13102,"date":"2020-06-21T20:18:14","date_gmt":"2020-06-21T18:18:14","guid":{"rendered":"https:\/\/www.apfelpatient.de\/?p=13102"},"modified":"2020-06-21T20:18:14","modified_gmt":"2020-06-21T18:18:14","slug":"wwdc-2020-thats-what-apple-plans-to-announce","status":"publish","type":"post","link":"https:\/\/www.apfelpatient.de\/en\/rumors\/wwdc-2020-das-plant-apple-anzukuendigen","title":{"rendered":"WWDC 2020: What Apple plans to announce"},"content":{"rendered":"<p class=\"has-drop-cap\"><strong>This year&#039;s WWDC 2020 will open in less than 24 hours. But what exactly will Apple present to us during the keynote? Bloomberg wants to know the answer.<\/strong><\/p>\n\n\n\n<p>In a new Bloomberg <span style=\"text-decoration: underline;\" class=\"ek-underline\"><a href=\"https:\/\/www.bloomberg.com\/europe\" class=\"ek-link\">report<\/a><\/span> explains what Apple will actually present at this year&#039;s World Wide Developer Conference and what it will not. While the well-known analyst Ming-Chi Kuo has just confirmed that Apple wants to present the first ARM-based chip, Bloomberg has repeated the same. According to this, Apple wants to unveil the new processor but not present Mac devices. According to Bloomberg, Apple wants to give developers more time to prepare for the changeover and adapt their applications to the new ARM technology. The first ARM Mac devices are to follow at the end of 2020 or the beginning of 2021 - Kuo has already confirmed this too. <a href=\"https:\/\/www.apfelpatient.de\/en\/rumors\/new-details-on-imac-2020-launch-and-more\" class=\"ek-link\"><span style=\"text-decoration: underline;\" class=\"ek-underline\">promised<\/span><\/a>It goes on to say that the next generation of macOS \u2013 macOS 10.16 \u2013 will greatly improve the porting of iOS updates to Mac devices.&nbsp;<\/p>\n\n\n\n<h3 class=\"wp-block-heading\">New Apple TV and HomePod to follow later<\/h3>\n\n\n\n\n\n\n\n<p>Apple unveiled Project Calayst last year, which aims to bridge the gap between Mac and iOS platforms by making it easier for developers to create Mac apps based on the iPad version. Apart from that, tvOS 14 is planned to be unveiled, but the new Apple TV itself is expected to follow later this year. This claim is in line with previous rumors that the sixth-generation Apple TV will feature an A12 or A12X Bionic chip to improve the gaming experience. In addition, Gurman also confirmed rumors that watchOS 7 will feature new watch faces, a kids mode, and a sleep monitoring app. Regarding the HomePod, he said that a new - cheaper - model will also be released later this year.&nbsp;<\/p>\n\n\n\n<h3 class=\"wp-block-heading\">WWDC 2020: Software is in focus<\/h3>\n\n\n\n<p>But in the area of software, Apple could unveil some innovations tomorrow, including the ability to link other streaming services in addition to Apple Music. In general, iOS 14, iPadOS 14, tvOS 14, watchOS 7 and macOS 10.16 as well as the first ARM chip are to be presented tomorrow. New hardware products are not to be expected, according to Bloomberg. Well-known leakers such as Max Weinnbach and Jon Prosser also believe in a pure software event, as they have now announced via Twitter. This would mean that neither the AirTags nor the brand new AirPods Studio will be presented. At least that is what some rumors have suggested. Of course, the possibility of a surprise should not be ruled out, but the chances do not seem particularly good. You can find out how you can follow WWDC 2020 in this article. <a href=\"https:\/\/www.apfelpatient.de\/en\/news\/tvos-apple-events-app-migrates-to-tv-app\" class=\"ek-link\"><span style=\"text-decoration: underline;\" class=\"ek-underline\">Article<\/span><\/a>As usual, we will report on all the latest news and more - if you don&#039;t want to miss anything, you should subscribe to our Telegram channel - see below. <em>(Image: Apple)<\/em><\/p>\n\n\n\n<p><em><strong>By the way<\/strong> \u2013 Our Apfelpatient News app will be released this summer. New information about the features and more will follow soon \u2013 stay tuned and don&#039;t miss anything!&nbsp;<\/em><\/p>\n\n\n\n<h6 class=\"wp-block-heading translation-block\" id=\"h-kennt-ihr-schon-unsere-amazon-storefront-dort-findet-ihr-eine-handverlesene-auswahl-von-diversen-produkten-f-r-euer-iphone-und-co-viel-spa-beim-st-bern\"><em>Have you already visited our Amazon Storefront? There you&#039;ll find a hand-picked selection of various products for your iPhone and other devices \u2013 <span class=\"has-inline-color has-vivid-red-color\"><a href=\"https:\/\/www.amazon.de\/shop\/apfelpatientofficial\" class=\"ek-link\" data-wpel-link=\"exclude\" rel=\"follow noopener\" target=\"_self\"><span style=\"text-decoration: underline\" class=\"ek-underline\">enjoy browsing<\/span><\/a> !<\/span><\/em><\/h6>\n\n\n\n\n\n<h6 class=\"wp-block-heading translation-block\" id=\"h-der-beitrag-enthalt-partnerlinks\">This post contains <a data-type=\"URL\" data-id=\"https:\/\/www.apfelpatient.de\/partnerprogramm\" href=\"https:\/\/www.apfelpatient.de\/en\/partner-program\" data-wpel-link=\"internal\" target=\"_self\">affiliate links<\/a>.<\/h6>","protected":false},"excerpt":{"rendered":"<p>This year&#039;s WWDC 2020 will open in less than 24 hours. But what exactly will Apple present to us during the keynote?<\/p>","protected":false},"author":2,"featured_media":4648,"comment_status":"closed","ping_status":"closed","sticky":false,"template":"","format":"standard","meta":{"jnews-multi-image_gallery":[],"jnews_single_post":{"subtitle":"","format":"standard","video":"","gallery":"","source_name":"","source_url":"","via_name":"","via_url":"","override":[{"single_blog_custom":"","sidebar":"","second_sidebar":"","share_position":"","share_float_style":"","post_date_format":"","post_date_format_custom":"","post_reading_time_wpm":"","zoom_button_out_step":"1","zoom_button_in_step":"1","number_popup_post":"1"}],"image_override":[{"single_post_thumbnail_size":"","single_post_gallery_size":""}],"trending_post_position":"","trending_post_label":"","sponsored_post_label":"","sponsored_post_name":"","sponsored_post_url":"","sponsored_post_logo":"","sponsored_post_desc":""},"jnews_primary_category":{"id":"274"},"footnotes":""},"categories":[25],"tags":[156,85,3,15,40,203,320],"class_list":["post-13102","post","type-post","status-publish","format-standard","has-post-thumbnail","hentry","category-rumors","tag-apple-tv","tag-homepod","tag-ios","tag-ios-14","tag-mac","tag-wwdc","tag-wwdc-2020"],"yoast_head":"<!-- This site is optimized with the Yoast SEO Premium plugin v27.5 (Yoast SEO v27.5) - https:\/\/yoast.com\/product\/yoast-seo-premium-wordpress\/ -->\n<title>WWDC 2020: Das plant Apple anzuk\u00fcndigen Apfelpatient<\/title>\n<meta name=\"description\" content=\"Die diesj\u00e4hrige WWDC 2020 wird in weniger als 24 Stunden er\u00f6ffnet. Doch was genau wird uns Apple w\u00e4hrend der Keynote pr\u00e4sentieren?\" \/>\n<meta name=\"robots\" content=\"index, follow, max-snippet:-1, max-image-preview:large, max-video-preview:-1\" \/>\n<link rel=\"canonical\" href=\"https:\/\/www.apfelpatient.de\/en\/rumors\/wwdc-2020-thats-what-apple-plans-to-announce\" \/>\n<meta property=\"og:locale\" content=\"en_US\" \/>\n<meta property=\"og:type\" content=\"article\" \/>\n<meta property=\"og:title\" content=\"WWDC 2020: Das plant Apple anzuk\u00fcndigen\" \/>\n<meta property=\"og:description\" content=\"Die diesj\u00e4hrige WWDC 2020 wird in weniger als 24 Stunden er\u00f6ffnet. Doch was genau wird uns Apple w\u00e4hrend der Keynote pr\u00e4sentieren?\" \/>\n<meta property=\"og:url\" content=\"https:\/\/www.apfelpatient.de\/en\/rumors\/wwdc-2020-thats-what-apple-plans-to-announce\" \/>\n<meta property=\"og:site_name\" content=\"Apfelpatient\" \/>\n<meta property=\"article:publisher\" content=\"https:\/\/www.facebook.com\/apfelpatientOfficial\" \/>\n<meta property=\"article:author\" content=\"https:\/\/www.facebook.com\/apfelpatientOfficial\" \/>\n<meta property=\"article:published_time\" content=\"2020-06-21T18:18:14+00:00\" \/>\n<meta property=\"og:image\" content=\"https:\/\/www.apfelpatient.de\/wp-content\/uploads\/2019\/06\/Apple-highlights-from-wwdc19-Craig-Federighi-unveils-iOS13-06032019.jpg\" \/>\n\t<meta property=\"og:image:width\" content=\"1024\" \/>\n\t<meta property=\"og:image:height\" content=\"683\" \/>\n\t<meta property=\"og:image:type\" content=\"image\/jpeg\" \/>\n<meta name=\"author\" content=\"Milan\" \/>\n<meta name=\"twitter:card\" content=\"summary_large_image\" \/>\n<meta name=\"twitter:description\" content=\"Die diesj\u00e4hrige WWDC 2020 wird in weniger als 24 Stunden er\u00f6ffnet. Doch was genau wird uns Apple w\u00e4hrend der Keynote pr\u00e4sentieren?\" \/>\n<meta name=\"twitter:label1\" content=\"Written by\" \/>\n\t<meta name=\"twitter:data1\" content=\"Milan\" \/>\n\t<meta name=\"twitter:label2\" content=\"Est. reading time\" \/>\n\t<meta name=\"twitter:data2\" content=\"2 minutes\" \/>\n<script type=\"application\/ld+json\" class=\"yoast-schema-graph\">{\"@context\":\"https:\\\/\\\/schema.org\",\"@graph\":[{\"@type\":\"NewsArticle\",\"@id\":\"https:\\\/\\\/www.apfelpatient.de\\\/rumors\\\/wwdc-2020-das-plant-apple-anzukuendigen#article\",\"isPartOf\":{\"@id\":\"https:\\\/\\\/www.apfelpatient.de\\\/rumors\\\/wwdc-2020-das-plant-apple-anzukuendigen\"},\"author\":{\"@type\":\"Organization\",\"@id\":\"https:\\\/\\\/www.apfelpatient.de\\\/en\\\/#organization\",\"name\":\"Apfelpatient\",\"url\":\"https:\\\/\\\/www.apfelpatient.de\\\/en\\\/\"},\"headline\":\"WWDC 2020: Das plant Apple anzuk\u00fcndigen\",\"datePublished\":\"2020-06-21T18:18:14+00:00\",\"mainEntityOfPage\":{\"@id\":\"https:\\\/\\\/www.apfelpatient.de\\\/rumors\\\/wwdc-2020-das-plant-apple-anzukuendigen\"},\"wordCount\":504,\"publisher\":{\"@type\":\"Organization\",\"@id\":\"https:\\\/\\\/www.apfelpatient.de\\\/en\\\/#organization\",\"name\":\"Apfelpatient\",\"url\":\"https:\\\/\\\/www.apfelpatient.de\\\/en\\\/\"},\"image\":{\"@id\":\"https:\\\/\\\/www.apfelpatient.de\\\/rumors\\\/wwdc-2020-das-plant-apple-anzukuendigen#primaryimage\"},\"thumbnailUrl\":\"https:\\\/\\\/www.apfelpatient.de\\\/wp-content\\\/uploads\\\/2019\\\/06\\\/Apple-highlights-from-wwdc19-Craig-Federighi-unveils-iOS13-06032019.jpg\",\"keywords\":[\"Apple TV\",\"HomePod\",\"iOS\",\"iOS 14\",\"Mac\",\"WWDC\",\"WWDC 2020\"],\"articleSection\":\"Rumors\",\"inLanguage\":\"en-US\",\"copyrightYear\":\"2020\",\"copyrightHolder\":{\"@id\":\"https:\\\/\\\/www.apfelpatient.de\\\/en\\\/#organization\"}},{\"@type\":\"WebPage\",\"@id\":\"https:\\\/\\\/www.apfelpatient.de\\\/rumors\\\/wwdc-2020-das-plant-apple-anzukuendigen\",\"url\":\"https:\\\/\\\/www.apfelpatient.de\\\/rumors\\\/wwdc-2020-das-plant-apple-anzukuendigen\",\"name\":\"WWDC 2020: Das plant Apple anzuk\u00fcndigen Apfelpatient\",\"isPartOf\":{\"@id\":\"https:\\\/\\\/www.apfelpatient.de\\\/#website\"},\"primaryImageOfPage\":{\"@id\":\"https:\\\/\\\/www.apfelpatient.de\\\/rumors\\\/wwdc-2020-das-plant-apple-anzukuendigen#primaryimage\"},\"image\":{\"@id\":\"https:\\\/\\\/www.apfelpatient.de\\\/rumors\\\/wwdc-2020-das-plant-apple-anzukuendigen#primaryimage\"},\"thumbnailUrl\":\"https:\\\/\\\/www.apfelpatient.de\\\/wp-content\\\/uploads\\\/2019\\\/06\\\/Apple-highlights-from-wwdc19-Craig-Federighi-unveils-iOS13-06032019.jpg\",\"datePublished\":\"2020-06-21T18:18:14+00:00\",\"description\":\"Die diesj\u00e4hrige WWDC 2020 wird in weniger als 24 Stunden er\u00f6ffnet. Doch was genau wird uns Apple w\u00e4hrend der Keynote pr\u00e4sentieren?\",\"breadcrumb\":{\"@id\":\"https:\\\/\\\/www.apfelpatient.de\\\/rumors\\\/wwdc-2020-das-plant-apple-anzukuendigen#breadcrumb\"},\"inLanguage\":\"en-US\",\"potentialAction\":[{\"@type\":\"ReadAction\",\"target\":[\"https:\\\/\\\/www.apfelpatient.de\\\/rumors\\\/wwdc-2020-das-plant-apple-anzukuendigen\"]}]},{\"@type\":\"ImageObject\",\"inLanguage\":\"en-US\",\"@id\":\"https:\\\/\\\/www.apfelpatient.de\\\/rumors\\\/wwdc-2020-das-plant-apple-anzukuendigen#primaryimage\",\"url\":\"https:\\\/\\\/www.apfelpatient.de\\\/wp-content\\\/uploads\\\/2019\\\/06\\\/Apple-highlights-from-wwdc19-Craig-Federighi-unveils-iOS13-06032019.jpg\",\"contentUrl\":\"https:\\\/\\\/www.apfelpatient.de\\\/wp-content\\\/uploads\\\/2019\\\/06\\\/Apple-highlights-from-wwdc19-Craig-Federighi-unveils-iOS13-06032019.jpg\",\"width\":5000,\"height\":3333,\"caption\":\"Bild: Apple\"},{\"@type\":\"BreadcrumbList\",\"@id\":\"https:\\\/\\\/www.apfelpatient.de\\\/rumors\\\/wwdc-2020-das-plant-apple-anzukuendigen#breadcrumb\",\"itemListElement\":[{\"@type\":\"ListItem\",\"position\":1,\"name\":\"Startseite\",\"item\":\"https:\\\/\\\/www.apfelpatient.de\\\/\"},{\"@type\":\"ListItem\",\"position\":2,\"name\":\"WWDC 2020: Das plant Apple anzuk\u00fcndigen\"}]},{\"@type\":\"WebSite\",\"@id\":\"https:\\\/\\\/www.apfelpatient.de\\\/#website\",\"url\":\"https:\\\/\\\/www.apfelpatient.de\\\/\",\"name\":\"Apfelpatient\",\"description\":\"Alles rund um Apple!\",\"publisher\":{\"@type\":\"Organization\",\"@id\":\"https:\\\/\\\/www.apfelpatient.de\\\/en\\\/#organization\",\"name\":\"Apfelpatient\",\"url\":\"https:\\\/\\\/www.apfelpatient.de\\\/en\\\/\"},\"alternateName\":\"Apfelpatient\",\"potentialAction\":[{\"@type\":\"SearchAction\",\"target\":{\"@type\":\"EntryPoint\",\"urlTemplate\":\"https:\\\/\\\/www.apfelpatient.de\\\/?s={search_term_string}\"},\"query-input\":{\"@type\":\"PropertyValueSpecification\",\"valueRequired\":true,\"valueName\":\"search_term_string\"}}],\"inLanguage\":\"en-US\"},{\"@type\":[\"Person\",\"Organization\"],\"@id\":\"https:\\\/\\\/www.apfelpatient.de\\\/#\\\/schema\\\/person\\\/35b3ddba5832f2bfc7fff5206d4f6b7b\",\"name\":\"Milan\",\"logo\":{\"@id\":\"https:\\\/\\\/www.apfelpatient.de\\\/#\\\/schema\\\/person\\\/image\\\/\"},\"description\":\"Hallo und herzlich willkommen auf meinem Technik-Blog! Als gro\u00dfer Apple-Fan berichte ich hier \u00fcber alles, was mit Apple zu tun hat: von den neuesten News und spannenden Ger\u00fcchten \u00fcber hilfreiche Tipps und Tricks bis hin zu ausf\u00fchrlichen Produkttests. Wenn du genauso technikbegeistert bist wie ich, bist du hier genau richtig!\",\"sameAs\":[\"https:\\\/\\\/www.facebook.com\\\/apfelpatientOfficial\",\"https:\\\/\\\/www.linkedin.com\\\/in\\\/milan-jovicic-42aa0231b\"],\"url\":\"https:\\\/\\\/www.apfelpatient.de\\\/en\\\/author\\\/apfeladmin\"}]}<\/script>\n<!-- \/ Yoast SEO Premium plugin. -->","yoast_head_json":{"title":"WWDC 2020: What Apple plans to announce Apfelpatient","description":"This year&#039;s WWDC 2020 will open in less than 24 hours. But what exactly will Apple present to us during the keynote?","robots":{"index":"index","follow":"follow","max-snippet":"max-snippet:-1","max-image-preview":"max-image-preview:large","max-video-preview":"max-video-preview:-1"},"canonical":"https:\/\/www.apfelpatient.de\/en\/rumors\/wwdc-2020-thats-what-apple-plans-to-announce","og_locale":"en_US","og_type":"article","og_title":"WWDC 2020: Das plant Apple anzuk\u00fcndigen","og_description":"Die diesj\u00e4hrige WWDC 2020 wird in weniger als 24 Stunden er\u00f6ffnet. Doch was genau wird uns Apple w\u00e4hrend der Keynote pr\u00e4sentieren?","og_url":"https:\/\/www.apfelpatient.de\/en\/rumors\/wwdc-2020-thats-what-apple-plans-to-announce","og_site_name":"Apfelpatient","article_publisher":"https:\/\/www.facebook.com\/apfelpatientOfficial","article_author":"https:\/\/www.facebook.com\/apfelpatientOfficial","article_published_time":"2020-06-21T18:18:14+00:00","og_image":[{"url":"https:\/\/www.apfelpatient.de\/wp-content\/uploads\/2019\/06\/Apple-highlights-from-wwdc19-Craig-Federighi-unveils-iOS13-06032019.jpg","width":1024,"height":683,"type":"image\/jpeg"}],"author":"Milan","twitter_card":"summary_large_image","twitter_description":"Die diesj\u00e4hrige WWDC 2020 wird in weniger als 24 Stunden er\u00f6ffnet. Doch was genau wird uns Apple w\u00e4hrend der Keynote pr\u00e4sentieren?","twitter_misc":{"Written by":"Milan","Est. reading time":"2 minutes"},"schema":{"@context":"https:\/\/schema.org","@graph":[{"@type":"NewsArticle","@id":"https:\/\/www.apfelpatient.de\/rumors\/wwdc-2020-das-plant-apple-anzukuendigen#article","isPartOf":{"@id":"https:\/\/www.apfelpatient.de\/rumors\/wwdc-2020-das-plant-apple-anzukuendigen"},"author":{"@type":"Organization","@id":"https:\/\/www.apfelpatient.de\/en\/#organization","name":"Apfelpatient","url":"https:\/\/www.apfelpatient.de\/en\/"},"headline":"WWDC 2020: Das plant Apple anzuk\u00fcndigen","datePublished":"2020-06-21T18:18:14+00:00","mainEntityOfPage":{"@id":"https:\/\/www.apfelpatient.de\/rumors\/wwdc-2020-das-plant-apple-anzukuendigen"},"wordCount":504,"publisher":{"@type":"Organization","@id":"https:\/\/www.apfelpatient.de\/en\/#organization","name":"Apfelpatient","url":"https:\/\/www.apfelpatient.de\/en\/"},"image":{"@id":"https:\/\/www.apfelpatient.de\/rumors\/wwdc-2020-das-plant-apple-anzukuendigen#primaryimage"},"thumbnailUrl":"https:\/\/www.apfelpatient.de\/wp-content\/uploads\/2019\/06\/Apple-highlights-from-wwdc19-Craig-Federighi-unveils-iOS13-06032019.jpg","keywords":["Apple TV","HomePod","iOS","iOS 14","Mac","WWDC","WWDC 2020"],"articleSection":"Rumors","inLanguage":"en-US","copyrightYear":"2020","copyrightHolder":{"@id":"https:\/\/www.apfelpatient.de\/en\/#organization"}},{"@type":"WebPage","@id":"https:\/\/www.apfelpatient.de\/rumors\/wwdc-2020-das-plant-apple-anzukuendigen","url":"https:\/\/www.apfelpatient.de\/rumors\/wwdc-2020-das-plant-apple-anzukuendigen","name":"WWDC 2020: What Apple plans to announce Apfelpatient","isPartOf":{"@id":"https:\/\/www.apfelpatient.de\/#website"},"primaryImageOfPage":{"@id":"https:\/\/www.apfelpatient.de\/rumors\/wwdc-2020-das-plant-apple-anzukuendigen#primaryimage"},"image":{"@id":"https:\/\/www.apfelpatient.de\/rumors\/wwdc-2020-das-plant-apple-anzukuendigen#primaryimage"},"thumbnailUrl":"https:\/\/www.apfelpatient.de\/wp-content\/uploads\/2019\/06\/Apple-highlights-from-wwdc19-Craig-Federighi-unveils-iOS13-06032019.jpg","datePublished":"2020-06-21T18:18:14+00:00","description":"This year&#039;s WWDC 2020 will open in less than 24 hours. But what exactly will Apple present to us during the keynote?","breadcrumb":{"@id":"https:\/\/www.apfelpatient.de\/rumors\/wwdc-2020-das-plant-apple-anzukuendigen#breadcrumb"},"inLanguage":"en-US","potentialAction":[{"@type":"ReadAction","target":["https:\/\/www.apfelpatient.de\/rumors\/wwdc-2020-das-plant-apple-anzukuendigen"]}]},{"@type":"ImageObject","inLanguage":"en-US","@id":"https:\/\/www.apfelpatient.de\/rumors\/wwdc-2020-das-plant-apple-anzukuendigen#primaryimage","url":"https:\/\/www.apfelpatient.de\/wp-content\/uploads\/2019\/06\/Apple-highlights-from-wwdc19-Craig-Federighi-unveils-iOS13-06032019.jpg","contentUrl":"https:\/\/www.apfelpatient.de\/wp-content\/uploads\/2019\/06\/Apple-highlights-from-wwdc19-Craig-Federighi-unveils-iOS13-06032019.jpg","width":5000,"height":3333,"caption":"Bild: Apple"},{"@type":"BreadcrumbList","@id":"https:\/\/www.apfelpatient.de\/rumors\/wwdc-2020-das-plant-apple-anzukuendigen#breadcrumb","itemListElement":[{"@type":"ListItem","position":1,"name":"Startseite","item":"https:\/\/www.apfelpatient.de\/"},{"@type":"ListItem","position":2,"name":"WWDC 2020: Das plant Apple anzuk\u00fcndigen"}]},{"@type":"WebSite","@id":"https:\/\/www.apfelpatient.de\/#website","url":"https:\/\/www.apfelpatient.de\/","name":"apple patient","description":"Everything about Apple!","publisher":{"@type":"Organization","@id":"https:\/\/www.apfelpatient.de\/en\/#organization","name":"Apfelpatient","url":"https:\/\/www.apfelpatient.de\/en\/"},"alternateName":"Apfelpatient","potentialAction":[{"@type":"SearchAction","target":{"@type":"EntryPoint","urlTemplate":"https:\/\/www.apfelpatient.de\/?s={search_term_string}"},"query-input":{"@type":"PropertyValueSpecification","valueRequired":true,"valueName":"search_term_string"}}],"inLanguage":"en-US"},{"@type":["Person","Organization"],"@id":"https:\/\/www.apfelpatient.de\/#\/schema\/person\/35b3ddba5832f2bfc7fff5206d4f6b7b","name":"Milan","logo":{"@id":"https:\/\/www.apfelpatient.de\/#\/schema\/person\/image\/"},"description":"Hello and welcome to my technology blog! As a big Apple fan, I report on everything to do with Apple: from the latest news and exciting rumors to helpful tips and tricks and detailed product tests. If you are as enthusiastic about technology as I am, you have come to the right place!","sameAs":["https:\/\/www.facebook.com\/apfelpatientOfficial","https:\/\/www.linkedin.com\/in\/milan-jovicic-42aa0231b"],"url":"https:\/\/www.apfelpatient.de\/en\/author\/apfeladmin"}]}},"_links":{"self":[{"href":"https:\/\/www.apfelpatient.de\/en\/wp-json\/wp\/v2\/posts\/13102","targetHints":{"allow":["GET"]}}],"collection":[{"href":"https:\/\/www.apfelpatient.de\/en\/wp-json\/wp\/v2\/posts"}],"about":[{"href":"https:\/\/www.apfelpatient.de\/en\/wp-json\/wp\/v2\/types\/post"}],"author":[{"embeddable":true,"href":"https:\/\/www.apfelpatient.de\/en\/wp-json\/wp\/v2\/users\/2"}],"replies":[{"embeddable":true,"href":"https:\/\/www.apfelpatient.de\/en\/wp-json\/wp\/v2\/comments?post=13102"}],"version-history":[{"count":0,"href":"https:\/\/www.apfelpatient.de\/en\/wp-json\/wp\/v2\/posts\/13102\/revisions"}],"wp:featuredmedia":[{"embeddable":true,"href":"https:\/\/www.apfelpatient.de\/en\/wp-json\/wp\/v2\/media\/4648"}],"wp:attachment":[{"href":"https:\/\/www.apfelpatient.de\/en\/wp-json\/wp\/v2\/media?parent=13102"}],"wp:term":[{"taxonomy":"category","embeddable":true,"href":"https:\/\/www.apfelpatient.de\/en\/wp-json\/wp\/v2\/categories?post=13102"},{"taxonomy":"post_tag","embeddable":true,"href":"https:\/\/www.apfelpatient.de\/en\/wp-json\/wp\/v2\/tags?post=13102"}],"curies":[{"name":"wp","href":"https:\/\/api.w.org\/{rel}","templated":true}]}}