{"id":13099,"date":"2020-06-21T19:31:35","date_gmt":"2020-06-21T17:31:35","guid":{"rendered":"https:\/\/www.apfelpatient.de\/?p=13099"},"modified":"2020-06-21T19:31:35","modified_gmt":"2020-06-21T17:31:35","slug":"new-details-on-imac-2020-launch-and-more","status":"publish","type":"post","link":"https:\/\/www.apfelpatient.de\/en\/rumors\/neue-details-zu-imac-2020-markteinfuehrung-und-mehr","title":{"rendered":"New details on iMac 2020 launch and more"},"content":{"rendered":"<p class=\"has-drop-cap\"><strong>Apple will officially open WWDC 2020 tomorrow with a keynote. In addition to software, the first ARM chip will also be unveiled. Now there is a report that sheds light on Apple&#039;s plans for the 2020 iMac and more.&nbsp;<\/strong><\/p>\n\n\n\n<p>The well-known and accurate Apple analyst Ming-Chi Kuo has published a new note to investors today, in which Apple&#039;s plans regarding ARM-based Macs are highlighted. According to this, Apple is indeed planning to launch the first ARM chip tomorrow evening. <a href=\"https:\/\/www.apple.com\/apple-events\/\" class=\"ek-link\"><span style=\"text-decoration: underline;\" class=\"ek-underline\">reveal<\/span><\/a>Kuo thus confirms an earlier report from Bloomberg. In addition, Apple&#039;s schedule for the introduction of the ARM Macs is now set. This means that a MacBook Pro 13&quot; with an ARM chip will be introduced first, followed by an iMac with a brand new design. The devices could go on sale in late 2020 or early 2021. The note states:<\/p>\n\n\n\n<blockquote class=\"wp-block-quote is-layout-flow wp-block-quote-is-layout-flow\"><p><strong>ARM 13.3-inch MacBook Pro: <\/strong>The form factor of the new model will be similar to that of the existing Intel 13.3-inch MacBook Pro. Apple will discontinue production of the Intel 13.3-inch MacBook Pro after the launch of the ARM 13.3-inch MacBook Pro.<\/p><p><strong>ARM iMac:<\/strong> The ARM iMac will feature the all-new form factor design and a 24-inch screen. Apple will introduce the refresh of the existing Intel iMac in 3Q20, before the ARM iMac launches.<\/p><\/blockquote>\n\n\n\n<h3 class=\"wp-block-heading\">MacBook: MiniLED and new design<\/h3>\n\n\n\n\n\n\n\n<p>According to this, the introduction of the ARM MacBook Pro 13&quot; will mean the end of the Intel version. In the iMac range, a 24&quot; device is to be expected. But before the ARM model appears, Apple is planning a final update of the Intel version. This is planned for the third quarter. Rumors currently suggest that the device could be unveiled as part of WWDC 2020. Finally, Kuo explained that all Mac models will be switched to ARM from 2021 - it could take a total of 18 months until the entire Mac range runs on ARM. In addition, Apple&#039;s roadmap calls for the introduction of a MacBook model with a miniLED display in the first half of 2021, while a MacBook with a brand new design is to be released in the second half of 2021. As always, it remains to be seen whether the analyst will be right with his forecast. However, given his excellent hit rate so far, there is no doubt about it at the moment.&nbsp;<em>(Photo by AS Photo Project \/ Bigstockphot)<\/em><\/p>\n\n\n\n<p><strong>By the way:<\/strong>&nbsp;<em>Apfelpatient News App \u2013 After WWDC 2020 there is first information about the features.<\/em><\/p>\n\n\n\n<ul class=\"wp-block-list\"><li><a href=\"https:\/\/www.apfelpatient.de\/en\/news\/tvos-apple-events-app-migrates-to-tv-app\" class=\"ek-link\"><span style=\"text-decoration: underline;\" class=\"ek-underline\">tvOS: Apple Events app migrates to TV app<\/span><\/a><\/li><\/ul>\n\n\n\n<h6 class=\"wp-block-heading translation-block\" id=\"h-kennt-ihr-schon-unsere-amazon-storefront-dort-findet-ihr-eine-handverlesene-auswahl-von-diversen-produkten-f-r-euer-iphone-und-co-viel-spa-beim-st-bern\"><em>Have you already visited our Amazon Storefront? There you&#039;ll find a hand-picked selection of various products for your iPhone and other devices \u2013 <span class=\"has-inline-color has-vivid-red-color\"><a href=\"https:\/\/www.amazon.de\/shop\/apfelpatientofficial\" class=\"ek-link\" data-wpel-link=\"exclude\" rel=\"follow noopener\" target=\"_self\"><span style=\"text-decoration: underline\" class=\"ek-underline\">enjoy browsing<\/span><\/a> !<\/span><\/em><\/h6>\n\n\n\n\n\n<h6 class=\"wp-block-heading translation-block\" id=\"h-der-beitrag-enthalt-partnerlinks\">This post contains <a data-type=\"URL\" data-id=\"https:\/\/www.apfelpatient.de\/partnerprogramm\" href=\"https:\/\/www.apfelpatient.de\/en\/partner-program\" data-wpel-link=\"internal\" target=\"_self\">affiliate links<\/a>.<\/h6>","protected":false},"excerpt":{"rendered":"<p>Apple will officially open WWDC 2020 tomorrow with a keynote. In addition to software, the first ARM chip will also be unveiled.<\/p>","protected":false},"author":2,"featured_media":7067,"comment_status":"closed","ping_status":"closed","sticky":false,"template":"","format":"standard","meta":{"jnews-multi-image_gallery":[],"jnews_single_post":{"subtitle":"","format":"standard","video":"","gallery":"","source_name":"","source_url":"","via_name":"","via_url":"","override":[{"single_blog_custom":"","sidebar":"","second_sidebar":"","share_position":"","share_float_style":"","post_date_format":"","post_date_format_custom":"","post_reading_time_wpm":"","zoom_button_out_step":"1","zoom_button_in_step":"1","number_popup_post":"1"}],"image_override":[{"single_post_thumbnail_size":"","single_post_gallery_size":""}],"trending_post_position":"","trending_post_label":"","sponsored_post_label":"","sponsored_post_name":"","sponsored_post_url":"","sponsored_post_logo":"","sponsored_post_desc":""},"jnews_primary_category":{"id":"274"},"footnotes":""},"categories":[25],"tags":[40,203,320],"class_list":["post-13099","post","type-post","status-publish","format-standard","has-post-thumbnail","hentry","category-rumors","tag-mac","tag-wwdc","tag-wwdc-2020"],"yoast_head":"<!-- This site is optimized with the Yoast SEO Premium plugin v27.5 (Yoast SEO v27.5) - https:\/\/yoast.com\/product\/yoast-seo-premium-wordpress\/ -->\n<title>Neue Details zu iMac 2020 Markteinf\u00fchrung und mehr Apfelpatient<\/title>\n<meta name=\"description\" content=\"Apple wird morgen die WWDC 2020 offiziell mit einer Keynote er\u00f6ffnen. Neben Software soll auch der erste ARM-Chip enth\u00fcllt werden.\" \/>\n<meta name=\"robots\" content=\"index, follow, max-snippet:-1, max-image-preview:large, max-video-preview:-1\" \/>\n<link rel=\"canonical\" href=\"https:\/\/www.apfelpatient.de\/en\/rumors\/new-details-on-imac-2020-launch-and-more\" \/>\n<meta property=\"og:locale\" content=\"en_US\" \/>\n<meta property=\"og:type\" content=\"article\" \/>\n<meta property=\"og:title\" content=\"Neue Details zu iMac 2020 Markteinf\u00fchrung und mehr\" \/>\n<meta property=\"og:description\" content=\"Apple wird morgen die WWDC 2020 offiziell mit einer Keynote er\u00f6ffnen. Neben Software soll auch der erste ARM-Chip enth\u00fcllt werden.\" \/>\n<meta property=\"og:url\" content=\"https:\/\/www.apfelpatient.de\/en\/rumors\/new-details-on-imac-2020-launch-and-more\" \/>\n<meta property=\"og:site_name\" content=\"Apfelpatient\" \/>\n<meta property=\"article:publisher\" content=\"https:\/\/www.facebook.com\/apfelpatientOfficial\" \/>\n<meta property=\"article:author\" content=\"https:\/\/www.facebook.com\/apfelpatientOfficial\" \/>\n<meta property=\"article:published_time\" content=\"2020-06-21T17:31:35+00:00\" \/>\n<meta property=\"og:image\" content=\"https:\/\/www.apfelpatient.de\/wp-content\/uploads\/2019\/10\/bigstock-Kyiv-Ukraine-January-309662248.jpg\" \/>\n\t<meta property=\"og:image:width\" content=\"1600\" \/>\n\t<meta property=\"og:image:height\" content=\"1065\" \/>\n\t<meta property=\"og:image:type\" content=\"image\/jpeg\" \/>\n<meta name=\"author\" content=\"Milan\" \/>\n<meta name=\"twitter:card\" content=\"summary_large_image\" \/>\n<meta name=\"twitter:description\" content=\"Apple wird morgen die WWDC 2020 offiziell mit einer Keynote er\u00f6ffnen. Neben Software soll auch der erste ARM-Chip enth\u00fcllt werden.\" \/>\n<meta name=\"twitter:label1\" content=\"Written by\" \/>\n\t<meta name=\"twitter:data1\" content=\"Milan\" \/>\n\t<meta name=\"twitter:label2\" content=\"Est. reading time\" \/>\n\t<meta name=\"twitter:data2\" content=\"2 minutes\" \/>\n<script type=\"application\/ld+json\" class=\"yoast-schema-graph\">{\"@context\":\"https:\\\/\\\/schema.org\",\"@graph\":[{\"@type\":\"NewsArticle\",\"@id\":\"https:\\\/\\\/www.apfelpatient.de\\\/rumors\\\/neue-details-zu-imac-2020-markteinfuehrung-und-mehr#article\",\"isPartOf\":{\"@id\":\"https:\\\/\\\/www.apfelpatient.de\\\/rumors\\\/neue-details-zu-imac-2020-markteinfuehrung-und-mehr\"},\"author\":{\"@type\":\"Organization\",\"@id\":\"https:\\\/\\\/www.apfelpatient.de\\\/en\\\/#organization\",\"name\":\"Apfelpatient\",\"url\":\"https:\\\/\\\/www.apfelpatient.de\\\/en\\\/\"},\"headline\":\"Neue Details zu iMac 2020 Markteinf\u00fchrung und mehr\",\"datePublished\":\"2020-06-21T17:31:35+00:00\",\"mainEntityOfPage\":{\"@id\":\"https:\\\/\\\/www.apfelpatient.de\\\/rumors\\\/neue-details-zu-imac-2020-markteinfuehrung-und-mehr\"},\"wordCount\":410,\"publisher\":{\"@type\":\"Organization\",\"@id\":\"https:\\\/\\\/www.apfelpatient.de\\\/en\\\/#organization\",\"name\":\"Apfelpatient\",\"url\":\"https:\\\/\\\/www.apfelpatient.de\\\/en\\\/\"},\"image\":{\"@id\":\"https:\\\/\\\/www.apfelpatient.de\\\/rumors\\\/neue-details-zu-imac-2020-markteinfuehrung-und-mehr#primaryimage\"},\"thumbnailUrl\":\"https:\\\/\\\/www.apfelpatient.de\\\/wp-content\\\/uploads\\\/2019\\\/10\\\/bigstock-Kyiv-Ukraine-January-309662248.jpg\",\"keywords\":[\"Mac\",\"WWDC\",\"WWDC 2020\"],\"articleSection\":\"Rumors\",\"inLanguage\":\"en-US\",\"copyrightYear\":\"2020\",\"copyrightHolder\":{\"@id\":\"https:\\\/\\\/www.apfelpatient.de\\\/en\\\/#organization\"}},{\"@type\":\"WebPage\",\"@id\":\"https:\\\/\\\/www.apfelpatient.de\\\/rumors\\\/neue-details-zu-imac-2020-markteinfuehrung-und-mehr\",\"url\":\"https:\\\/\\\/www.apfelpatient.de\\\/rumors\\\/neue-details-zu-imac-2020-markteinfuehrung-und-mehr\",\"name\":\"Neue Details zu iMac 2020 Markteinf\u00fchrung und mehr Apfelpatient\",\"isPartOf\":{\"@id\":\"https:\\\/\\\/www.apfelpatient.de\\\/#website\"},\"primaryImageOfPage\":{\"@id\":\"https:\\\/\\\/www.apfelpatient.de\\\/rumors\\\/neue-details-zu-imac-2020-markteinfuehrung-und-mehr#primaryimage\"},\"image\":{\"@id\":\"https:\\\/\\\/www.apfelpatient.de\\\/rumors\\\/neue-details-zu-imac-2020-markteinfuehrung-und-mehr#primaryimage\"},\"thumbnailUrl\":\"https:\\\/\\\/www.apfelpatient.de\\\/wp-content\\\/uploads\\\/2019\\\/10\\\/bigstock-Kyiv-Ukraine-January-309662248.jpg\",\"datePublished\":\"2020-06-21T17:31:35+00:00\",\"description\":\"Apple wird morgen die WWDC 2020 offiziell mit einer Keynote er\u00f6ffnen. Neben Software soll auch der erste ARM-Chip enth\u00fcllt werden.\",\"breadcrumb\":{\"@id\":\"https:\\\/\\\/www.apfelpatient.de\\\/rumors\\\/neue-details-zu-imac-2020-markteinfuehrung-und-mehr#breadcrumb\"},\"inLanguage\":\"en-US\",\"potentialAction\":[{\"@type\":\"ReadAction\",\"target\":[\"https:\\\/\\\/www.apfelpatient.de\\\/rumors\\\/neue-details-zu-imac-2020-markteinfuehrung-und-mehr\"]}]},{\"@type\":\"ImageObject\",\"inLanguage\":\"en-US\",\"@id\":\"https:\\\/\\\/www.apfelpatient.de\\\/rumors\\\/neue-details-zu-imac-2020-markteinfuehrung-und-mehr#primaryimage\",\"url\":\"https:\\\/\\\/www.apfelpatient.de\\\/wp-content\\\/uploads\\\/2019\\\/10\\\/bigstock-Kyiv-Ukraine-January-309662248.jpg\",\"contentUrl\":\"https:\\\/\\\/www.apfelpatient.de\\\/wp-content\\\/uploads\\\/2019\\\/10\\\/bigstock-Kyiv-Ukraine-January-309662248.jpg\",\"width\":1600,\"height\":1065,\"caption\":\"Kyiv, Ukraine - January 20, 2018: Girl sitting against Apple imac in office and looking You Tube music.\"},{\"@type\":\"BreadcrumbList\",\"@id\":\"https:\\\/\\\/www.apfelpatient.de\\\/rumors\\\/neue-details-zu-imac-2020-markteinfuehrung-und-mehr#breadcrumb\",\"itemListElement\":[{\"@type\":\"ListItem\",\"position\":1,\"name\":\"Startseite\",\"item\":\"https:\\\/\\\/www.apfelpatient.de\\\/\"},{\"@type\":\"ListItem\",\"position\":2,\"name\":\"Neue Details zu iMac 2020 Markteinf\u00fchrung und mehr\"}]},{\"@type\":\"WebSite\",\"@id\":\"https:\\\/\\\/www.apfelpatient.de\\\/#website\",\"url\":\"https:\\\/\\\/www.apfelpatient.de\\\/\",\"name\":\"Apfelpatient\",\"description\":\"Alles rund um Apple!\",\"publisher\":{\"@type\":\"Organization\",\"@id\":\"https:\\\/\\\/www.apfelpatient.de\\\/en\\\/#organization\",\"name\":\"Apfelpatient\",\"url\":\"https:\\\/\\\/www.apfelpatient.de\\\/en\\\/\"},\"alternateName\":\"Apfelpatient\",\"potentialAction\":[{\"@type\":\"SearchAction\",\"target\":{\"@type\":\"EntryPoint\",\"urlTemplate\":\"https:\\\/\\\/www.apfelpatient.de\\\/?s={search_term_string}\"},\"query-input\":{\"@type\":\"PropertyValueSpecification\",\"valueRequired\":true,\"valueName\":\"search_term_string\"}}],\"inLanguage\":\"en-US\"},{\"@type\":[\"Person\",\"Organization\"],\"@id\":\"https:\\\/\\\/www.apfelpatient.de\\\/#\\\/schema\\\/person\\\/35b3ddba5832f2bfc7fff5206d4f6b7b\",\"name\":\"Milan\",\"logo\":{\"@id\":\"https:\\\/\\\/www.apfelpatient.de\\\/#\\\/schema\\\/person\\\/image\\\/\"},\"description\":\"Hallo und herzlich willkommen auf meinem Technik-Blog! Als gro\u00dfer Apple-Fan berichte ich hier \u00fcber alles, was mit Apple zu tun hat: von den neuesten News und spannenden Ger\u00fcchten \u00fcber hilfreiche Tipps und Tricks bis hin zu ausf\u00fchrlichen Produkttests. Wenn du genauso technikbegeistert bist wie ich, bist du hier genau richtig!\",\"sameAs\":[\"https:\\\/\\\/www.facebook.com\\\/apfelpatientOfficial\",\"https:\\\/\\\/www.linkedin.com\\\/in\\\/milan-jovicic-42aa0231b\"],\"url\":\"https:\\\/\\\/www.apfelpatient.de\\\/en\\\/author\\\/apfeladmin\"}]}<\/script>\n<!-- \/ Yoast SEO Premium plugin. -->","yoast_head_json":{"title":"New details on iMac 2020 launch and more Apfelpatient","description":"Apple will officially open WWDC 2020 tomorrow with a keynote. In addition to software, the first ARM chip will also be unveiled.","robots":{"index":"index","follow":"follow","max-snippet":"max-snippet:-1","max-image-preview":"max-image-preview:large","max-video-preview":"max-video-preview:-1"},"canonical":"https:\/\/www.apfelpatient.de\/en\/rumors\/new-details-on-imac-2020-launch-and-more","og_locale":"en_US","og_type":"article","og_title":"Neue Details zu iMac 2020 Markteinf\u00fchrung und mehr","og_description":"Apple wird morgen die WWDC 2020 offiziell mit einer Keynote er\u00f6ffnen. Neben Software soll auch der erste ARM-Chip enth\u00fcllt werden.","og_url":"https:\/\/www.apfelpatient.de\/en\/rumors\/new-details-on-imac-2020-launch-and-more","og_site_name":"Apfelpatient","article_publisher":"https:\/\/www.facebook.com\/apfelpatientOfficial","article_author":"https:\/\/www.facebook.com\/apfelpatientOfficial","article_published_time":"2020-06-21T17:31:35+00:00","og_image":[{"width":1600,"height":1065,"url":"https:\/\/www.apfelpatient.de\/wp-content\/uploads\/2019\/10\/bigstock-Kyiv-Ukraine-January-309662248.jpg","type":"image\/jpeg"}],"author":"Milan","twitter_card":"summary_large_image","twitter_description":"Apple wird morgen die WWDC 2020 offiziell mit einer Keynote er\u00f6ffnen. Neben Software soll auch der erste ARM-Chip enth\u00fcllt werden.","twitter_misc":{"Written by":"Milan","Est. reading time":"2 minutes"},"schema":{"@context":"https:\/\/schema.org","@graph":[{"@type":"NewsArticle","@id":"https:\/\/www.apfelpatient.de\/rumors\/neue-details-zu-imac-2020-markteinfuehrung-und-mehr#article","isPartOf":{"@id":"https:\/\/www.apfelpatient.de\/rumors\/neue-details-zu-imac-2020-markteinfuehrung-und-mehr"},"author":{"@type":"Organization","@id":"https:\/\/www.apfelpatient.de\/en\/#organization","name":"Apfelpatient","url":"https:\/\/www.apfelpatient.de\/en\/"},"headline":"Neue Details zu iMac 2020 Markteinf\u00fchrung und mehr","datePublished":"2020-06-21T17:31:35+00:00","mainEntityOfPage":{"@id":"https:\/\/www.apfelpatient.de\/rumors\/neue-details-zu-imac-2020-markteinfuehrung-und-mehr"},"wordCount":410,"publisher":{"@type":"Organization","@id":"https:\/\/www.apfelpatient.de\/en\/#organization","name":"Apfelpatient","url":"https:\/\/www.apfelpatient.de\/en\/"},"image":{"@id":"https:\/\/www.apfelpatient.de\/rumors\/neue-details-zu-imac-2020-markteinfuehrung-und-mehr#primaryimage"},"thumbnailUrl":"https:\/\/www.apfelpatient.de\/wp-content\/uploads\/2019\/10\/bigstock-Kyiv-Ukraine-January-309662248.jpg","keywords":["Mac","WWDC","WWDC 2020"],"articleSection":"Rumors","inLanguage":"en-US","copyrightYear":"2020","copyrightHolder":{"@id":"https:\/\/www.apfelpatient.de\/en\/#organization"}},{"@type":"WebPage","@id":"https:\/\/www.apfelpatient.de\/rumors\/neue-details-zu-imac-2020-markteinfuehrung-und-mehr","url":"https:\/\/www.apfelpatient.de\/rumors\/neue-details-zu-imac-2020-markteinfuehrung-und-mehr","name":"New details on iMac 2020 launch and more Apfelpatient","isPartOf":{"@id":"https:\/\/www.apfelpatient.de\/#website"},"primaryImageOfPage":{"@id":"https:\/\/www.apfelpatient.de\/rumors\/neue-details-zu-imac-2020-markteinfuehrung-und-mehr#primaryimage"},"image":{"@id":"https:\/\/www.apfelpatient.de\/rumors\/neue-details-zu-imac-2020-markteinfuehrung-und-mehr#primaryimage"},"thumbnailUrl":"https:\/\/www.apfelpatient.de\/wp-content\/uploads\/2019\/10\/bigstock-Kyiv-Ukraine-January-309662248.jpg","datePublished":"2020-06-21T17:31:35+00:00","description":"Apple will officially open WWDC 2020 tomorrow with a keynote. In addition to software, the first ARM chip will also be unveiled.","breadcrumb":{"@id":"https:\/\/www.apfelpatient.de\/rumors\/neue-details-zu-imac-2020-markteinfuehrung-und-mehr#breadcrumb"},"inLanguage":"en-US","potentialAction":[{"@type":"ReadAction","target":["https:\/\/www.apfelpatient.de\/rumors\/neue-details-zu-imac-2020-markteinfuehrung-und-mehr"]}]},{"@type":"ImageObject","inLanguage":"en-US","@id":"https:\/\/www.apfelpatient.de\/rumors\/neue-details-zu-imac-2020-markteinfuehrung-und-mehr#primaryimage","url":"https:\/\/www.apfelpatient.de\/wp-content\/uploads\/2019\/10\/bigstock-Kyiv-Ukraine-January-309662248.jpg","contentUrl":"https:\/\/www.apfelpatient.de\/wp-content\/uploads\/2019\/10\/bigstock-Kyiv-Ukraine-January-309662248.jpg","width":1600,"height":1065,"caption":"Kyiv, Ukraine - January 20, 2018: Girl sitting against Apple imac in office and looking You Tube music."},{"@type":"BreadcrumbList","@id":"https:\/\/www.apfelpatient.de\/rumors\/neue-details-zu-imac-2020-markteinfuehrung-und-mehr#breadcrumb","itemListElement":[{"@type":"ListItem","position":1,"name":"Startseite","item":"https:\/\/www.apfelpatient.de\/"},{"@type":"ListItem","position":2,"name":"Neue Details zu iMac 2020 Markteinf\u00fchrung und mehr"}]},{"@type":"WebSite","@id":"https:\/\/www.apfelpatient.de\/#website","url":"https:\/\/www.apfelpatient.de\/","name":"apple patient","description":"Everything about Apple!","publisher":{"@type":"Organization","@id":"https:\/\/www.apfelpatient.de\/en\/#organization","name":"Apfelpatient","url":"https:\/\/www.apfelpatient.de\/en\/"},"alternateName":"Apfelpatient","potentialAction":[{"@type":"SearchAction","target":{"@type":"EntryPoint","urlTemplate":"https:\/\/www.apfelpatient.de\/?s={search_term_string}"},"query-input":{"@type":"PropertyValueSpecification","valueRequired":true,"valueName":"search_term_string"}}],"inLanguage":"en-US"},{"@type":["Person","Organization"],"@id":"https:\/\/www.apfelpatient.de\/#\/schema\/person\/35b3ddba5832f2bfc7fff5206d4f6b7b","name":"Milan","logo":{"@id":"https:\/\/www.apfelpatient.de\/#\/schema\/person\/image\/"},"description":"Hello and welcome to my technology blog! As a big Apple fan, I report on everything to do with Apple: from the latest news and exciting rumors to helpful tips and tricks and detailed product tests. If you are as enthusiastic about technology as I am, you have come to the right place!","sameAs":["https:\/\/www.facebook.com\/apfelpatientOfficial","https:\/\/www.linkedin.com\/in\/milan-jovicic-42aa0231b"],"url":"https:\/\/www.apfelpatient.de\/en\/author\/apfeladmin"}]}},"_links":{"self":[{"href":"https:\/\/www.apfelpatient.de\/en\/wp-json\/wp\/v2\/posts\/13099","targetHints":{"allow":["GET"]}}],"collection":[{"href":"https:\/\/www.apfelpatient.de\/en\/wp-json\/wp\/v2\/posts"}],"about":[{"href":"https:\/\/www.apfelpatient.de\/en\/wp-json\/wp\/v2\/types\/post"}],"author":[{"embeddable":true,"href":"https:\/\/www.apfelpatient.de\/en\/wp-json\/wp\/v2\/users\/2"}],"replies":[{"embeddable":true,"href":"https:\/\/www.apfelpatient.de\/en\/wp-json\/wp\/v2\/comments?post=13099"}],"version-history":[{"count":0,"href":"https:\/\/www.apfelpatient.de\/en\/wp-json\/wp\/v2\/posts\/13099\/revisions"}],"wp:featuredmedia":[{"embeddable":true,"href":"https:\/\/www.apfelpatient.de\/en\/wp-json\/wp\/v2\/media\/7067"}],"wp:attachment":[{"href":"https:\/\/www.apfelpatient.de\/en\/wp-json\/wp\/v2\/media?parent=13099"}],"wp:term":[{"taxonomy":"category","embeddable":true,"href":"https:\/\/www.apfelpatient.de\/en\/wp-json\/wp\/v2\/categories?post=13099"},{"taxonomy":"post_tag","embeddable":true,"href":"https:\/\/www.apfelpatient.de\/en\/wp-json\/wp\/v2\/tags?post=13099"}],"curies":[{"name":"wp","href":"https:\/\/api.w.org\/{rel}","templated":true}]}}