{"id":13048,"date":"2020-06-18T19:51:55","date_gmt":"2020-06-18T17:51:55","guid":{"rendered":"https:\/\/www.apfelpatient.de\/?p=13048"},"modified":"2020-06-18T19:51:55","modified_gmt":"2020-06-18T17:51:55","slug":"wwdc-2020-apple-returns-to-iphone-os","status":"publish","type":"post","link":"https:\/\/www.apfelpatient.de\/en\/rumors\/wwdc-2020-kehrt-apple-zu-iphone-os-zurueck","title":{"rendered":"WWDC 2020: Is Apple returning to \u201ciPhone OS\u201d?"},"content":{"rendered":"<p class=\"has-drop-cap\"><strong>The next World Wide Developer Conference will start on Monday, June 22, 2020. Now a leaker has brought the term \u201ciPhone OS\u201d into play.&nbsp;<\/strong><\/p>\n\n\n\n<p>New versions of iOS, tvOS, watchOS and macOS are presented at a WWDC. Last year, Apple caused a big surprise when it unveiled iPadOS 13. Although it is based on iOS, it is entirely focused on the advantages of the iPad. Now Apple could switch from iOS 14 to &quot;iPhone OS&quot; this year. The name is not new, however. When the first iPhone was introduced in 2007, the operating system was called &quot;iPhone OS&quot;. The transition to iOS was only paved in 2010 with the introduction of the first iPad model.&nbsp;<\/p>\n\n\n\n<h3 class=\"wp-block-heading\">iOS 14 = iPhone OS 14 &amp; iPadOS 14?<\/h3>\n\n\n\n\n\n\n\n<p>Now Jon Prosser, an Apple leaker, has a new <a href=\"https:\/\/twitter.com\/jon_prosser\/status\/1273639086939611136?s=20\" class=\"ek-link\"><span style=\"text-decoration: underline;\" class=\"ek-underline\">Tweet<\/span><\/a> with the content &quot;iPhone OS&quot;. That is enough for a lot of speculation. Will Apple now return to the old name this year? Given the &quot;iPadOS&quot; branding, that would only be fair. So iOS 14 could specifically include &quot;iPhone OS 14&quot; and iPadOS 14&quot;. But what exactly will happen to the iPod touch? Will it run iPhone OS? Prosser unfortunately did not give any further information on this. So it remains to be seen what Apple will actually show us on Monday. <a href=\"https:\/\/www.apple.com\/apple-events\/\" class=\"ek-link\"><span style=\"text-decoration: underline;\" class=\"ek-underline\">present<\/span><\/a> becomes.&nbsp;<em>(Photo by rstavila \/ Bigstockphoto)<\/em><\/p>\n\n\n\n<p><em><strong>Don&#039;t forget<\/strong>: Apple News &amp; more on a whole new level. The Apfelpatient app \u2013 soon available in the App Store!<\/em><\/p>\n\n\n\n<ul class=\"wp-block-list\"><li><a href=\"https:\/\/www.apfelpatient.de\/en\/generally\/wwdc-2020-everything-we-know-about-ios-14\" class=\"ek-link\"><span style=\"text-decoration: underline;\" class=\"ek-underline\">WWDC 2020: Everything we know about iOS 14<\/span><\/a><\/li><li><a href=\"https:\/\/www.apfelpatient.de\/en\/generally\/wwdc-2020-everything-we-know-about-watchos-7\" class=\"ek-link\"><span style=\"text-decoration: underline;\" class=\"ek-underline\">WWDC 2020: Everything we know about watchOS 7<\/span><\/a><\/li><\/ul>\n\n\n\n<h6 class=\"wp-block-heading translation-block\" id=\"h-kennt-ihr-schon-unsere-amazon-storefront-dort-findet-ihr-eine-handverlesene-auswahl-von-diversen-produkten-f-r-euer-iphone-und-co-viel-spa-beim-st-bern\"><em>Have you already visited our Amazon Storefront? There you&#039;ll find a hand-picked selection of various products for your iPhone and other devices \u2013 <span class=\"has-inline-color has-vivid-red-color\"><a href=\"https:\/\/www.amazon.de\/shop\/apfelpatientofficial\" class=\"ek-link\" data-wpel-link=\"exclude\" rel=\"follow noopener\" target=\"_self\"><span style=\"text-decoration: underline\" class=\"ek-underline\">enjoy browsing<\/span><\/a> !<\/span><\/em><\/h6>\n\n\n\n\n\n<h6 class=\"wp-block-heading translation-block\" id=\"h-der-beitrag-enthalt-partnerlinks\">This post contains <a data-type=\"URL\" data-id=\"https:\/\/www.apfelpatient.de\/partnerprogramm\" href=\"https:\/\/www.apfelpatient.de\/en\/partner-program\" data-wpel-link=\"internal\" target=\"_self\">affiliate links<\/a>.<\/h6>","protected":false},"excerpt":{"rendered":"<p>The next WWDC will kick off on Monday, June 22, 2020. Now a leaker has suggested the term &quot;iPhone OS.&quot; <\/p>","protected":false},"author":2,"featured_media":13046,"comment_status":"closed","ping_status":"closed","sticky":false,"template":"","format":"standard","meta":{"jnews-multi-image_gallery":[],"jnews_single_post":{"subtitle":"","format":"standard","video":"","gallery":"","source_name":"","source_url":"","via_name":"","via_url":"","override":[{"single_blog_custom":"","sidebar":"","second_sidebar":"","share_position":"","share_float_style":"","post_date_format":"","post_date_format_custom":"","post_reading_time_wpm":"","zoom_button_out_step":"1","zoom_button_in_step":"1","number_popup_post":"1"}],"image_override":[{"single_post_thumbnail_size":"","single_post_gallery_size":""}],"trending_post_position":"","trending_post_label":"","sponsored_post_label":"","sponsored_post_name":"","sponsored_post_url":"","sponsored_post_logo":"","sponsored_post_desc":""},"jnews_primary_category":{"id":"274"},"footnotes":""},"categories":[25],"tags":[3,15,33,203,320],"class_list":["post-13048","post","type-post","status-publish","format-standard","has-post-thumbnail","hentry","category-rumors","tag-ios","tag-ios-14","tag-ipados","tag-wwdc","tag-wwdc-2020"],"yoast_head":"<!-- This site is optimized with the Yoast SEO Premium plugin v27.5 (Yoast SEO v27.5) - https:\/\/yoast.com\/product\/yoast-seo-premium-wordpress\/ -->\n<title>WWDC 2020: Kehrt Apple zu &quot;iPhone OS&quot; zur\u00fcck? Apfelpatient<\/title>\n<meta name=\"description\" content=\"Am Montag den 22. Juni 2020 wird die n\u00e4chste WWDC gestartet. Nun hat ein Leaker die Bezeichnung &quot;iPhone OS&quot; ins Spiel gebracht.\" \/>\n<meta name=\"robots\" content=\"index, follow, max-snippet:-1, max-image-preview:large, max-video-preview:-1\" \/>\n<link rel=\"canonical\" href=\"https:\/\/www.apfelpatient.de\/en\/rumors\/wwdc-2020-apple-returns-to-iphone-os\" \/>\n<meta property=\"og:locale\" content=\"en_US\" \/>\n<meta property=\"og:type\" content=\"article\" \/>\n<meta property=\"og:title\" content=\"WWDC 2020: Kehrt Apple zu &quot;iPhone OS&quot; zur\u00fcck?\" \/>\n<meta property=\"og:description\" content=\"Am Montag den 22. Juni 2020 wird die n\u00e4chste WWDC gestartet. Nun hat ein Leaker die Bezeichnung &quot;iPhone OS&quot; ins Spiel gebracht.\" \/>\n<meta property=\"og:url\" content=\"https:\/\/www.apfelpatient.de\/en\/rumors\/wwdc-2020-apple-returns-to-iphone-os\" \/>\n<meta property=\"og:site_name\" content=\"Apfelpatient\" \/>\n<meta property=\"article:publisher\" content=\"https:\/\/www.facebook.com\/apfelpatientOfficial\" \/>\n<meta property=\"article:author\" content=\"https:\/\/www.facebook.com\/apfelpatientOfficial\" \/>\n<meta property=\"article:published_time\" content=\"2020-06-18T17:51:55+00:00\" \/>\n<meta property=\"og:image\" content=\"https:\/\/www.apfelpatient.de\/wp-content\/uploads\/2020\/06\/bigstock-Germany-Hamm-Bla-351983795.jpg\" \/>\n\t<meta property=\"og:image:width\" content=\"1600\" \/>\n\t<meta property=\"og:image:height\" content=\"849\" \/>\n\t<meta property=\"og:image:type\" content=\"image\/jpeg\" \/>\n<meta name=\"author\" content=\"Milan\" \/>\n<meta name=\"twitter:card\" content=\"summary_large_image\" \/>\n<meta name=\"twitter:description\" content=\"Am Montag den 22. Juni 2020 wird die n\u00e4chste WWDC gestartet. Nun hat ein Leaker die Bezeichnung &quot;iPhone OS&quot; ins Spiel gebracht.\" \/>\n<meta name=\"twitter:label1\" content=\"Written by\" \/>\n\t<meta name=\"twitter:data1\" content=\"Milan\" \/>\n\t<meta name=\"twitter:label2\" content=\"Est. reading time\" \/>\n\t<meta name=\"twitter:data2\" content=\"1 minute\" \/>\n<script type=\"application\/ld+json\" class=\"yoast-schema-graph\">{\"@context\":\"https:\\\/\\\/schema.org\",\"@graph\":[{\"@type\":\"NewsArticle\",\"@id\":\"https:\\\/\\\/www.apfelpatient.de\\\/rumors\\\/wwdc-2020-kehrt-apple-zu-iphone-os-zurueck#article\",\"isPartOf\":{\"@id\":\"https:\\\/\\\/www.apfelpatient.de\\\/rumors\\\/wwdc-2020-kehrt-apple-zu-iphone-os-zurueck\"},\"author\":{\"@type\":\"Organization\",\"@id\":\"https:\\\/\\\/www.apfelpatient.de\\\/en\\\/#organization\",\"name\":\"Apfelpatient\",\"url\":\"https:\\\/\\\/www.apfelpatient.de\\\/en\\\/\"},\"headline\":\"WWDC 2020: Kehrt Apple zu &#8222;iPhone OS&#8220; zur\u00fcck?\",\"datePublished\":\"2020-06-18T17:51:55+00:00\",\"mainEntityOfPage\":{\"@id\":\"https:\\\/\\\/www.apfelpatient.de\\\/rumors\\\/wwdc-2020-kehrt-apple-zu-iphone-os-zurueck\"},\"wordCount\":266,\"publisher\":{\"@type\":\"Organization\",\"@id\":\"https:\\\/\\\/www.apfelpatient.de\\\/en\\\/#organization\",\"name\":\"Apfelpatient\",\"url\":\"https:\\\/\\\/www.apfelpatient.de\\\/en\\\/\"},\"image\":{\"@id\":\"https:\\\/\\\/www.apfelpatient.de\\\/rumors\\\/wwdc-2020-kehrt-apple-zu-iphone-os-zurueck#primaryimage\"},\"thumbnailUrl\":\"https:\\\/\\\/www.apfelpatient.de\\\/wp-content\\\/uploads\\\/2020\\\/06\\\/bigstock-Germany-Hamm-Bla-351983795.jpg\",\"keywords\":[\"iOS\",\"iOS 14\",\"iPadOS\",\"WWDC\",\"WWDC 2020\"],\"articleSection\":\"Rumors\",\"inLanguage\":\"en-US\",\"copyrightYear\":\"2020\",\"copyrightHolder\":{\"@id\":\"https:\\\/\\\/www.apfelpatient.de\\\/en\\\/#organization\"}},{\"@type\":\"WebPage\",\"@id\":\"https:\\\/\\\/www.apfelpatient.de\\\/rumors\\\/wwdc-2020-kehrt-apple-zu-iphone-os-zurueck\",\"url\":\"https:\\\/\\\/www.apfelpatient.de\\\/rumors\\\/wwdc-2020-kehrt-apple-zu-iphone-os-zurueck\",\"name\":\"WWDC 2020: Kehrt Apple zu \\\"iPhone OS\\\" zur\u00fcck? Apfelpatient\",\"isPartOf\":{\"@id\":\"https:\\\/\\\/www.apfelpatient.de\\\/#website\"},\"primaryImageOfPage\":{\"@id\":\"https:\\\/\\\/www.apfelpatient.de\\\/rumors\\\/wwdc-2020-kehrt-apple-zu-iphone-os-zurueck#primaryimage\"},\"image\":{\"@id\":\"https:\\\/\\\/www.apfelpatient.de\\\/rumors\\\/wwdc-2020-kehrt-apple-zu-iphone-os-zurueck#primaryimage\"},\"thumbnailUrl\":\"https:\\\/\\\/www.apfelpatient.de\\\/wp-content\\\/uploads\\\/2020\\\/06\\\/bigstock-Germany-Hamm-Bla-351983795.jpg\",\"datePublished\":\"2020-06-18T17:51:55+00:00\",\"description\":\"Am Montag den 22. Juni 2020 wird die n\u00e4chste WWDC gestartet. Nun hat ein Leaker die Bezeichnung \\\"iPhone OS\\\" ins Spiel gebracht.\",\"breadcrumb\":{\"@id\":\"https:\\\/\\\/www.apfelpatient.de\\\/rumors\\\/wwdc-2020-kehrt-apple-zu-iphone-os-zurueck#breadcrumb\"},\"inLanguage\":\"en-US\",\"potentialAction\":[{\"@type\":\"ReadAction\",\"target\":[\"https:\\\/\\\/www.apfelpatient.de\\\/rumors\\\/wwdc-2020-kehrt-apple-zu-iphone-os-zurueck\"]}]},{\"@type\":\"ImageObject\",\"inLanguage\":\"en-US\",\"@id\":\"https:\\\/\\\/www.apfelpatient.de\\\/rumors\\\/wwdc-2020-kehrt-apple-zu-iphone-os-zurueck#primaryimage\",\"url\":\"https:\\\/\\\/www.apfelpatient.de\\\/wp-content\\\/uploads\\\/2020\\\/06\\\/bigstock-Germany-Hamm-Bla-351983795.jpg\",\"contentUrl\":\"https:\\\/\\\/www.apfelpatient.de\\\/wp-content\\\/uploads\\\/2020\\\/06\\\/bigstock-Germany-Hamm-Bla-351983795.jpg\",\"width\":1600,\"height\":849,\"caption\":\"GERMANY, HAMM, 20.02.2020: Black iPhone X logo, back panel with logo.\"},{\"@type\":\"BreadcrumbList\",\"@id\":\"https:\\\/\\\/www.apfelpatient.de\\\/rumors\\\/wwdc-2020-kehrt-apple-zu-iphone-os-zurueck#breadcrumb\",\"itemListElement\":[{\"@type\":\"ListItem\",\"position\":1,\"name\":\"Startseite\",\"item\":\"https:\\\/\\\/www.apfelpatient.de\\\/\"},{\"@type\":\"ListItem\",\"position\":2,\"name\":\"WWDC 2020: Kehrt Apple zu &#8222;iPhone OS&#8220; zur\u00fcck?\"}]},{\"@type\":\"WebSite\",\"@id\":\"https:\\\/\\\/www.apfelpatient.de\\\/#website\",\"url\":\"https:\\\/\\\/www.apfelpatient.de\\\/\",\"name\":\"Apfelpatient\",\"description\":\"Alles rund um Apple!\",\"publisher\":{\"@type\":\"Organization\",\"@id\":\"https:\\\/\\\/www.apfelpatient.de\\\/en\\\/#organization\",\"name\":\"Apfelpatient\",\"url\":\"https:\\\/\\\/www.apfelpatient.de\\\/en\\\/\"},\"alternateName\":\"Apfelpatient\",\"potentialAction\":[{\"@type\":\"SearchAction\",\"target\":{\"@type\":\"EntryPoint\",\"urlTemplate\":\"https:\\\/\\\/www.apfelpatient.de\\\/?s={search_term_string}\"},\"query-input\":{\"@type\":\"PropertyValueSpecification\",\"valueRequired\":true,\"valueName\":\"search_term_string\"}}],\"inLanguage\":\"en-US\"},{\"@type\":[\"Person\",\"Organization\"],\"@id\":\"https:\\\/\\\/www.apfelpatient.de\\\/#\\\/schema\\\/person\\\/7dc56ad6c8e9824b76d2c08d4c140e13\",\"name\":\"Milan\",\"logo\":{\"@id\":\"https:\\\/\\\/www.apfelpatient.de\\\/#\\\/schema\\\/person\\\/image\\\/\"},\"description\":\"Hallo und herzlich willkommen auf meinem Technik-Blog! Als gro\u00dfer Apple-Fan berichte ich hier \u00fcber alles, was mit Apple zu tun hat: von den neuesten News und spannenden Ger\u00fcchten \u00fcber hilfreiche Tipps und Tricks bis hin zu ausf\u00fchrlichen Produkttests. Wenn du genauso technikbegeistert bist wie ich, bist du hier genau richtig!\",\"sameAs\":[\"https:\\\/\\\/www.facebook.com\\\/apfelpatientOfficial\",\"https:\\\/\\\/www.linkedin.com\\\/in\\\/milan-jovicic-42aa0231b\"],\"url\":\"https:\\\/\\\/www.apfelpatient.de\\\/en\\\/author\\\/apfeladmin\"}]}<\/script>\n<!-- \/ Yoast SEO Premium plugin. -->","yoast_head_json":{"title":"WWDC 2020: Is Apple returning to &quot;iPhone OS&quot;? Apfelpatient","description":"The next WWDC will start on Monday, June 22, 2020. Now a leaker has brought the term &quot;iPhone OS&quot; into play.","robots":{"index":"index","follow":"follow","max-snippet":"max-snippet:-1","max-image-preview":"max-image-preview:large","max-video-preview":"max-video-preview:-1"},"canonical":"https:\/\/www.apfelpatient.de\/en\/rumors\/wwdc-2020-apple-returns-to-iphone-os","og_locale":"en_US","og_type":"article","og_title":"WWDC 2020: Kehrt Apple zu \"iPhone OS\" zur\u00fcck?","og_description":"Am Montag den 22. Juni 2020 wird die n\u00e4chste WWDC gestartet. Nun hat ein Leaker die Bezeichnung \"iPhone OS\" ins Spiel gebracht.","og_url":"https:\/\/www.apfelpatient.de\/en\/rumors\/wwdc-2020-apple-returns-to-iphone-os","og_site_name":"Apfelpatient","article_publisher":"https:\/\/www.facebook.com\/apfelpatientOfficial","article_author":"https:\/\/www.facebook.com\/apfelpatientOfficial","article_published_time":"2020-06-18T17:51:55+00:00","og_image":[{"width":1600,"height":849,"url":"https:\/\/www.apfelpatient.de\/wp-content\/uploads\/2020\/06\/bigstock-Germany-Hamm-Bla-351983795.jpg","type":"image\/jpeg"}],"author":"Milan","twitter_card":"summary_large_image","twitter_description":"Am Montag den 22. Juni 2020 wird die n\u00e4chste WWDC gestartet. Nun hat ein Leaker die Bezeichnung \"iPhone OS\" ins Spiel gebracht.","twitter_misc":{"Written by":"Milan","Est. reading time":"1 minute"},"schema":{"@context":"https:\/\/schema.org","@graph":[{"@type":"NewsArticle","@id":"https:\/\/www.apfelpatient.de\/rumors\/wwdc-2020-kehrt-apple-zu-iphone-os-zurueck#article","isPartOf":{"@id":"https:\/\/www.apfelpatient.de\/rumors\/wwdc-2020-kehrt-apple-zu-iphone-os-zurueck"},"author":{"@type":"Organization","@id":"https:\/\/www.apfelpatient.de\/en\/#organization","name":"Apfelpatient","url":"https:\/\/www.apfelpatient.de\/en\/"},"headline":"WWDC 2020: Kehrt Apple zu &#8222;iPhone OS&#8220; zur\u00fcck?","datePublished":"2020-06-18T17:51:55+00:00","mainEntityOfPage":{"@id":"https:\/\/www.apfelpatient.de\/rumors\/wwdc-2020-kehrt-apple-zu-iphone-os-zurueck"},"wordCount":266,"publisher":{"@type":"Organization","@id":"https:\/\/www.apfelpatient.de\/en\/#organization","name":"Apfelpatient","url":"https:\/\/www.apfelpatient.de\/en\/"},"image":{"@id":"https:\/\/www.apfelpatient.de\/rumors\/wwdc-2020-kehrt-apple-zu-iphone-os-zurueck#primaryimage"},"thumbnailUrl":"https:\/\/www.apfelpatient.de\/wp-content\/uploads\/2020\/06\/bigstock-Germany-Hamm-Bla-351983795.jpg","keywords":["iOS","iOS 14","iPadOS","WWDC","WWDC 2020"],"articleSection":"Rumors","inLanguage":"en-US","copyrightYear":"2020","copyrightHolder":{"@id":"https:\/\/www.apfelpatient.de\/en\/#organization"}},{"@type":"WebPage","@id":"https:\/\/www.apfelpatient.de\/rumors\/wwdc-2020-kehrt-apple-zu-iphone-os-zurueck","url":"https:\/\/www.apfelpatient.de\/rumors\/wwdc-2020-kehrt-apple-zu-iphone-os-zurueck","name":"WWDC 2020: Is Apple returning to &quot;iPhone OS&quot;? Apfelpatient","isPartOf":{"@id":"https:\/\/www.apfelpatient.de\/#website"},"primaryImageOfPage":{"@id":"https:\/\/www.apfelpatient.de\/rumors\/wwdc-2020-kehrt-apple-zu-iphone-os-zurueck#primaryimage"},"image":{"@id":"https:\/\/www.apfelpatient.de\/rumors\/wwdc-2020-kehrt-apple-zu-iphone-os-zurueck#primaryimage"},"thumbnailUrl":"https:\/\/www.apfelpatient.de\/wp-content\/uploads\/2020\/06\/bigstock-Germany-Hamm-Bla-351983795.jpg","datePublished":"2020-06-18T17:51:55+00:00","description":"The next WWDC will start on Monday, June 22, 2020. Now a leaker has brought the term &quot;iPhone OS&quot; into play.","breadcrumb":{"@id":"https:\/\/www.apfelpatient.de\/rumors\/wwdc-2020-kehrt-apple-zu-iphone-os-zurueck#breadcrumb"},"inLanguage":"en-US","potentialAction":[{"@type":"ReadAction","target":["https:\/\/www.apfelpatient.de\/rumors\/wwdc-2020-kehrt-apple-zu-iphone-os-zurueck"]}]},{"@type":"ImageObject","inLanguage":"en-US","@id":"https:\/\/www.apfelpatient.de\/rumors\/wwdc-2020-kehrt-apple-zu-iphone-os-zurueck#primaryimage","url":"https:\/\/www.apfelpatient.de\/wp-content\/uploads\/2020\/06\/bigstock-Germany-Hamm-Bla-351983795.jpg","contentUrl":"https:\/\/www.apfelpatient.de\/wp-content\/uploads\/2020\/06\/bigstock-Germany-Hamm-Bla-351983795.jpg","width":1600,"height":849,"caption":"GERMANY, HAMM, 20.02.2020: Black iPhone X logo, back panel with logo."},{"@type":"BreadcrumbList","@id":"https:\/\/www.apfelpatient.de\/rumors\/wwdc-2020-kehrt-apple-zu-iphone-os-zurueck#breadcrumb","itemListElement":[{"@type":"ListItem","position":1,"name":"Startseite","item":"https:\/\/www.apfelpatient.de\/"},{"@type":"ListItem","position":2,"name":"WWDC 2020: Kehrt Apple zu &#8222;iPhone OS&#8220; zur\u00fcck?"}]},{"@type":"WebSite","@id":"https:\/\/www.apfelpatient.de\/#website","url":"https:\/\/www.apfelpatient.de\/","name":"apple patient","description":"Everything about Apple!","publisher":{"@type":"Organization","@id":"https:\/\/www.apfelpatient.de\/en\/#organization","name":"Apfelpatient","url":"https:\/\/www.apfelpatient.de\/en\/"},"alternateName":"Apfelpatient","potentialAction":[{"@type":"SearchAction","target":{"@type":"EntryPoint","urlTemplate":"https:\/\/www.apfelpatient.de\/?s={search_term_string}"},"query-input":{"@type":"PropertyValueSpecification","valueRequired":true,"valueName":"search_term_string"}}],"inLanguage":"en-US"},{"@type":["Person","Organization"],"@id":"https:\/\/www.apfelpatient.de\/#\/schema\/person\/7dc56ad6c8e9824b76d2c08d4c140e13","name":"Milan","logo":{"@id":"https:\/\/www.apfelpatient.de\/#\/schema\/person\/image\/"},"description":"Hello and welcome to my technology blog! As a big Apple fan, I report on everything to do with Apple: from the latest news and exciting rumors to helpful tips and tricks and detailed product tests. If you are as enthusiastic about technology as I am, you have come to the right place!","sameAs":["https:\/\/www.facebook.com\/apfelpatientOfficial","https:\/\/www.linkedin.com\/in\/milan-jovicic-42aa0231b"],"url":"https:\/\/www.apfelpatient.de\/en\/author\/apfeladmin"}]}},"_links":{"self":[{"href":"https:\/\/www.apfelpatient.de\/en\/wp-json\/wp\/v2\/posts\/13048","targetHints":{"allow":["GET"]}}],"collection":[{"href":"https:\/\/www.apfelpatient.de\/en\/wp-json\/wp\/v2\/posts"}],"about":[{"href":"https:\/\/www.apfelpatient.de\/en\/wp-json\/wp\/v2\/types\/post"}],"author":[{"embeddable":true,"href":"https:\/\/www.apfelpatient.de\/en\/wp-json\/wp\/v2\/users\/2"}],"replies":[{"embeddable":true,"href":"https:\/\/www.apfelpatient.de\/en\/wp-json\/wp\/v2\/comments?post=13048"}],"version-history":[{"count":0,"href":"https:\/\/www.apfelpatient.de\/en\/wp-json\/wp\/v2\/posts\/13048\/revisions"}],"wp:featuredmedia":[{"embeddable":true,"href":"https:\/\/www.apfelpatient.de\/en\/wp-json\/wp\/v2\/media\/13046"}],"wp:attachment":[{"href":"https:\/\/www.apfelpatient.de\/en\/wp-json\/wp\/v2\/media?parent=13048"}],"wp:term":[{"taxonomy":"category","embeddable":true,"href":"https:\/\/www.apfelpatient.de\/en\/wp-json\/wp\/v2\/categories?post=13048"},{"taxonomy":"post_tag","embeddable":true,"href":"https:\/\/www.apfelpatient.de\/en\/wp-json\/wp\/v2\/tags?post=13048"}],"curies":[{"name":"wp","href":"https:\/\/api.w.org\/{rel}","templated":true}]}}