{"id":13025,"date":"2020-06-17T23:46:50","date_gmt":"2020-06-17T21:46:50","guid":{"rendered":"https:\/\/www.apfelpatient.de\/?p=13025"},"modified":"2020-06-17T23:46:50","modified_gmt":"2020-06-17T21:46:50","slug":"macbook-pro-air-2020-problems-with-usb-2-0-accessories","status":"publish","type":"post","link":"https:\/\/www.apfelpatient.de\/en\/news\/macbook-pro-air-2020-probleme-mit-usb-2-0-zubehoer","title":{"rendered":"MacBook Pro &amp; Air 2020: Problems with USB 2.0 accessories"},"content":{"rendered":"<p class=\"has-drop-cap\"><strong>Apple updated the MacBook Air and the MacBook Pro 13\u2033 this year. Now reports are being documented that users are having problems with USB 2.0 accessories.<\/strong><\/p>\n\n\n\n<p>Earlier this year, Apple launched both the MacBook Air and the MacBook Pro 13\u2033 <a href=\"https:\/\/www.apfelpatient.de\/en\/news\/officially-apple-announces-new-macbook-pro-13\" class=\"ek-link\"><span style=\"text-decoration: underline;\" class=\"ek-underline\">updated<\/span><\/a>But apparently there is a strange problem. Users on <a href=\"https:\/\/www.reddit.com\/r\/mac\/comments\/gp5b1z\/usb_20_issues_on_new_macbook_pro_13_2020\/\" class=\"ek-link\"><span style=\"text-decoration: underline;\" class=\"ek-underline\">Reddit<\/span><\/a> as well as Apple&#039;s <a href=\"https:\/\/discussions.apple.com\/thread\/251356598\" class=\"ek-link\"><span style=\"text-decoration: underline;\" class=\"ek-underline\">support website <\/span><\/a>report a bug with USB 2.0 accessories that are connected to one of the two devices via a hub or adapter. Strictly speaking, the accessories are not recognized in most cases. The descriptions sometimes differ greatly from one another, which is why a pattern cannot be recognized - except that it only occurs with USB 2.0. The bug also seems to occur randomly at different times.&nbsp;<\/p>\n\n\n\n<h3 class=\"wp-block-heading\">A bug in macOS?<\/h3>\n\n\n\n\n\n\n\n<p>All kinds of devices that use USB-A are affected, including mice, keyboards and more. A fault with the hubs can be ruled out, as they are all equally affected. There doesn&#039;t seem to be a solution. Resetting the SMC, safe mode, repairing the disk utility, various user logins and reinstalling the operating system have not helped. Replacing the devices doesn&#039;t seem to help either, as some users report. It can therefore be assumed that this is a bug on the macOS side that Apple can fix in a future update.\u00a0<em>(Image: Apple)<\/em><\/p>\n\n\n\n<p><em><strong>Don&#039;t forget:<\/strong>\u00a0Apple News &amp; more on a whole new level. The Apfelpatient app \u2013 soon available in the App Store! <\/em><\/p>\n\n\n\n<h6 class=\"wp-block-heading translation-block\" id=\"h-kennt-ihr-schon-unsere-amazon-storefront-dort-findet-ihr-eine-handverlesene-auswahl-von-diversen-produkten-f-r-euer-iphone-und-co-viel-spa-beim-st-bern\"><em>Have you already visited our Amazon Storefront? There you&#039;ll find a hand-picked selection of various products for your iPhone and other devices \u2013 <span class=\"has-inline-color has-vivid-red-color\"><a href=\"https:\/\/www.amazon.de\/shop\/apfelpatientofficial\" class=\"ek-link\" data-wpel-link=\"exclude\" rel=\"follow noopener\" target=\"_self\"><span style=\"text-decoration: underline\" class=\"ek-underline\">enjoy browsing<\/span><\/a> !<\/span><\/em><\/h6>\n\n\n\n\n\n<h6 class=\"wp-block-heading translation-block\" id=\"h-der-beitrag-enthalt-partnerlinks\">This post contains <a data-type=\"URL\" data-id=\"https:\/\/www.apfelpatient.de\/partnerprogramm\" href=\"https:\/\/www.apfelpatient.de\/en\/partner-program\" data-wpel-link=\"internal\" target=\"_self\">affiliate links<\/a>.<\/h6>","protected":false},"excerpt":{"rendered":"<p>Apple updated both the MacBook Air and the MacBook Pro 13&quot; earlier this year. But there seems to be a strange problem.<\/p>","protected":false},"author":2,"featured_media":12067,"comment_status":"closed","ping_status":"closed","sticky":false,"template":"","format":"standard","meta":{"jnews-multi-image_gallery":[],"jnews_single_post":{"subtitle":"","format":"standard","video":"","gallery":"","source_name":"","source_url":"","via_name":"","via_url":"","override":[{"single_blog_custom":"","sidebar":"","second_sidebar":"","share_position":"","share_float_style":"","post_date_format":"","post_date_format_custom":"","post_reading_time_wpm":"","zoom_button_out_step":"1","zoom_button_in_step":"1","number_popup_post":"1"}],"image_override":[{"single_post_thumbnail_size":"","single_post_gallery_size":""}],"trending_post_position":"","trending_post_label":"","sponsored_post_label":"","sponsored_post_name":"","sponsored_post_url":"","sponsored_post_logo":"","sponsored_post_desc":""},"jnews_primary_category":{"id":"265"},"footnotes":""},"categories":[9],"tags":[40,4],"class_list":["post-13025","post","type-post","status-publish","format-standard","has-post-thumbnail","hentry","category-news","tag-mac","tag-macos"],"yoast_head":"<!-- This site is optimized with the Yoast SEO Premium plugin v27.5 (Yoast SEO v27.5) - https:\/\/yoast.com\/product\/yoast-seo-premium-wordpress\/ -->\n<title>MacBook Pro &amp; Air 2020: Probleme mit USB 2.0-Zubeh\u00f6r Apfelpatient<\/title>\n<meta name=\"description\" content=\"Apple hat Anfang des Jahres sowohl das MacBook Air als auch das MacBook Pro 13&quot; aktualisiert. Doch scheinbar gibt es ein seltsames Problem.\" \/>\n<meta name=\"robots\" content=\"index, follow, max-snippet:-1, max-image-preview:large, max-video-preview:-1\" \/>\n<link rel=\"canonical\" href=\"https:\/\/www.apfelpatient.de\/en\/news\/macbook-pro-air-2020-problems-with-usb-2-0-accessories\" \/>\n<meta property=\"og:locale\" content=\"en_US\" \/>\n<meta property=\"og:type\" content=\"article\" \/>\n<meta property=\"og:title\" content=\"MacBook Pro &amp; Air 2020: Probleme mit USB 2.0-Zubeh\u00f6r\" \/>\n<meta property=\"og:description\" content=\"Apple hat Anfang des Jahres sowohl das MacBook Air als auch das MacBook Pro 13&quot; aktualisiert. Doch scheinbar gibt es ein seltsames Problem.\" \/>\n<meta property=\"og:url\" content=\"https:\/\/www.apfelpatient.de\/en\/news\/macbook-pro-air-2020-problems-with-usb-2-0-accessories\" \/>\n<meta property=\"og:site_name\" content=\"Apfelpatient\" \/>\n<meta property=\"article:publisher\" content=\"https:\/\/www.facebook.com\/apfelpatientOfficial\" \/>\n<meta property=\"article:author\" content=\"https:\/\/www.facebook.com\/apfelpatientOfficial\" \/>\n<meta property=\"article:published_time\" content=\"2020-06-17T21:46:50+00:00\" \/>\n<meta property=\"og:image\" content=\"https:\/\/www.apfelpatient.de\/wp-content\/uploads\/2020\/05\/Apple_macbookpro-13-inch_screen_05042020.jpg\" \/>\n\t<meta property=\"og:image:width\" content=\"1960\" \/>\n\t<meta property=\"og:image:height\" content=\"1102\" \/>\n\t<meta property=\"og:image:type\" content=\"image\/jpeg\" \/>\n<meta name=\"author\" content=\"Milan\" \/>\n<meta name=\"twitter:card\" content=\"summary_large_image\" \/>\n<meta name=\"twitter:description\" content=\"Apple hat Anfang des Jahres sowohl das MacBook Air als auch das MacBook Pro 13&quot; aktualisiert. Doch scheinbar gibt es ein seltsames Problem.\" \/>\n<meta name=\"twitter:label1\" content=\"Written by\" \/>\n\t<meta name=\"twitter:data1\" content=\"Milan\" \/>\n\t<meta name=\"twitter:label2\" content=\"Est. reading time\" \/>\n\t<meta name=\"twitter:data2\" content=\"1 minute\" \/>\n<script type=\"application\/ld+json\" class=\"yoast-schema-graph\">{\"@context\":\"https:\\\/\\\/schema.org\",\"@graph\":[{\"@type\":\"NewsArticle\",\"@id\":\"https:\\\/\\\/www.apfelpatient.de\\\/en\\\/news\\\/macbook-pro-air-2020-probleme-mit-usb-2-0-zubehoer#article\",\"isPartOf\":{\"@id\":\"https:\\\/\\\/www.apfelpatient.de\\\/en\\\/news\\\/macbook-pro-air-2020-probleme-mit-usb-2-0-zubehoer\"},\"author\":{\"@type\":\"Organization\",\"@id\":\"https:\\\/\\\/www.apfelpatient.de\\\/en\\\/#organization\",\"name\":\"Apfelpatient\",\"url\":\"https:\\\/\\\/www.apfelpatient.de\\\/en\\\/\"},\"headline\":\"MacBook Pro &#038; Air 2020: Probleme mit USB 2.0-Zubeh\u00f6r\",\"datePublished\":\"2020-06-17T21:46:50+00:00\",\"mainEntityOfPage\":{\"@id\":\"https:\\\/\\\/www.apfelpatient.de\\\/en\\\/news\\\/macbook-pro-air-2020-probleme-mit-usb-2-0-zubehoer\"},\"wordCount\":268,\"publisher\":{\"@type\":\"Organization\",\"@id\":\"https:\\\/\\\/www.apfelpatient.de\\\/en\\\/#organization\",\"name\":\"Apfelpatient\",\"url\":\"https:\\\/\\\/www.apfelpatient.de\\\/en\\\/\"},\"image\":{\"@id\":\"https:\\\/\\\/www.apfelpatient.de\\\/en\\\/news\\\/macbook-pro-air-2020-probleme-mit-usb-2-0-zubehoer#primaryimage\"},\"thumbnailUrl\":\"https:\\\/\\\/www.apfelpatient.de\\\/wp-content\\\/uploads\\\/2020\\\/05\\\/Apple_macbookpro-13-inch_screen_05042020.jpg\",\"keywords\":[\"Mac\",\"macOS\"],\"articleSection\":\"News\",\"inLanguage\":\"en-US\",\"copyrightYear\":\"2020\",\"copyrightHolder\":{\"@id\":\"https:\\\/\\\/www.apfelpatient.de\\\/en\\\/#organization\"}},{\"@type\":\"WebPage\",\"@id\":\"https:\\\/\\\/www.apfelpatient.de\\\/en\\\/news\\\/macbook-pro-air-2020-probleme-mit-usb-2-0-zubehoer\",\"url\":\"https:\\\/\\\/www.apfelpatient.de\\\/en\\\/news\\\/macbook-pro-air-2020-probleme-mit-usb-2-0-zubehoer\",\"name\":\"MacBook Pro & Air 2020: Probleme mit USB 2.0-Zubeh\u00f6r Apfelpatient\",\"isPartOf\":{\"@id\":\"https:\\\/\\\/www.apfelpatient.de\\\/#website\"},\"primaryImageOfPage\":{\"@id\":\"https:\\\/\\\/www.apfelpatient.de\\\/en\\\/news\\\/macbook-pro-air-2020-probleme-mit-usb-2-0-zubehoer#primaryimage\"},\"image\":{\"@id\":\"https:\\\/\\\/www.apfelpatient.de\\\/en\\\/news\\\/macbook-pro-air-2020-probleme-mit-usb-2-0-zubehoer#primaryimage\"},\"thumbnailUrl\":\"https:\\\/\\\/www.apfelpatient.de\\\/wp-content\\\/uploads\\\/2020\\\/05\\\/Apple_macbookpro-13-inch_screen_05042020.jpg\",\"datePublished\":\"2020-06-17T21:46:50+00:00\",\"description\":\"Apple hat Anfang des Jahres sowohl das MacBook Air als auch das MacBook Pro 13\\\" aktualisiert. Doch scheinbar gibt es ein seltsames Problem.\",\"breadcrumb\":{\"@id\":\"https:\\\/\\\/www.apfelpatient.de\\\/en\\\/news\\\/macbook-pro-air-2020-probleme-mit-usb-2-0-zubehoer#breadcrumb\"},\"inLanguage\":\"en-US\",\"potentialAction\":[{\"@type\":\"ReadAction\",\"target\":[\"https:\\\/\\\/www.apfelpatient.de\\\/en\\\/news\\\/macbook-pro-air-2020-probleme-mit-usb-2-0-zubehoer\"]}]},{\"@type\":\"ImageObject\",\"inLanguage\":\"en-US\",\"@id\":\"https:\\\/\\\/www.apfelpatient.de\\\/en\\\/news\\\/macbook-pro-air-2020-probleme-mit-usb-2-0-zubehoer#primaryimage\",\"url\":\"https:\\\/\\\/www.apfelpatient.de\\\/wp-content\\\/uploads\\\/2020\\\/05\\\/Apple_macbookpro-13-inch_screen_05042020.jpg\",\"contentUrl\":\"https:\\\/\\\/www.apfelpatient.de\\\/wp-content\\\/uploads\\\/2020\\\/05\\\/Apple_macbookpro-13-inch_screen_05042020.jpg\",\"width\":1960,\"height\":1102,\"caption\":\"Bild: Apple\"},{\"@type\":\"BreadcrumbList\",\"@id\":\"https:\\\/\\\/www.apfelpatient.de\\\/en\\\/news\\\/macbook-pro-air-2020-probleme-mit-usb-2-0-zubehoer#breadcrumb\",\"itemListElement\":[{\"@type\":\"ListItem\",\"position\":1,\"name\":\"Startseite\",\"item\":\"https:\\\/\\\/www.apfelpatient.de\\\/\"},{\"@type\":\"ListItem\",\"position\":2,\"name\":\"MacBook Pro &#038; Air 2020: Probleme mit USB 2.0-Zubeh\u00f6r\"}]},{\"@type\":\"WebSite\",\"@id\":\"https:\\\/\\\/www.apfelpatient.de\\\/#website\",\"url\":\"https:\\\/\\\/www.apfelpatient.de\\\/\",\"name\":\"Apfelpatient\",\"description\":\"Alles rund um Apple!\",\"publisher\":{\"@type\":\"Organization\",\"@id\":\"https:\\\/\\\/www.apfelpatient.de\\\/en\\\/#organization\",\"name\":\"Apfelpatient\",\"url\":\"https:\\\/\\\/www.apfelpatient.de\\\/en\\\/\"},\"alternateName\":\"Apfelpatient\",\"potentialAction\":[{\"@type\":\"SearchAction\",\"target\":{\"@type\":\"EntryPoint\",\"urlTemplate\":\"https:\\\/\\\/www.apfelpatient.de\\\/?s={search_term_string}\"},\"query-input\":{\"@type\":\"PropertyValueSpecification\",\"valueRequired\":true,\"valueName\":\"search_term_string\"}}],\"inLanguage\":\"en-US\"},{\"@type\":[\"Person\",\"Organization\"],\"@id\":\"https:\\\/\\\/www.apfelpatient.de\\\/#\\\/schema\\\/person\\\/7dc56ad6c8e9824b76d2c08d4c140e13\",\"name\":\"Milan\",\"logo\":{\"@id\":\"https:\\\/\\\/www.apfelpatient.de\\\/#\\\/schema\\\/person\\\/image\\\/\"},\"description\":\"Hallo und herzlich willkommen auf meinem Technik-Blog! Als gro\u00dfer Apple-Fan berichte ich hier \u00fcber alles, was mit Apple zu tun hat: von den neuesten News und spannenden Ger\u00fcchten \u00fcber hilfreiche Tipps und Tricks bis hin zu ausf\u00fchrlichen Produkttests. Wenn du genauso technikbegeistert bist wie ich, bist du hier genau richtig!\",\"sameAs\":[\"https:\\\/\\\/www.facebook.com\\\/apfelpatientOfficial\",\"https:\\\/\\\/www.linkedin.com\\\/in\\\/milan-jovicic-42aa0231b\"],\"url\":\"https:\\\/\\\/www.apfelpatient.de\\\/en\\\/author\\\/apfeladmin\"}]}<\/script>\n<!-- \/ Yoast SEO Premium plugin. -->","yoast_head_json":{"title":"MacBook Pro &amp; Air 2020: Problems with USB 2.0 accessories Apfelpatient","description":"Apple updated both the MacBook Air and the MacBook Pro 13&quot; earlier this year. But there seems to be a strange problem.","robots":{"index":"index","follow":"follow","max-snippet":"max-snippet:-1","max-image-preview":"max-image-preview:large","max-video-preview":"max-video-preview:-1"},"canonical":"https:\/\/www.apfelpatient.de\/en\/news\/macbook-pro-air-2020-problems-with-usb-2-0-accessories","og_locale":"en_US","og_type":"article","og_title":"MacBook Pro & Air 2020: Probleme mit USB 2.0-Zubeh\u00f6r","og_description":"Apple hat Anfang des Jahres sowohl das MacBook Air als auch das MacBook Pro 13\" aktualisiert. Doch scheinbar gibt es ein seltsames Problem.","og_url":"https:\/\/www.apfelpatient.de\/en\/news\/macbook-pro-air-2020-problems-with-usb-2-0-accessories","og_site_name":"Apfelpatient","article_publisher":"https:\/\/www.facebook.com\/apfelpatientOfficial","article_author":"https:\/\/www.facebook.com\/apfelpatientOfficial","article_published_time":"2020-06-17T21:46:50+00:00","og_image":[{"width":1960,"height":1102,"url":"https:\/\/www.apfelpatient.de\/wp-content\/uploads\/2020\/05\/Apple_macbookpro-13-inch_screen_05042020.jpg","type":"image\/jpeg"}],"author":"Milan","twitter_card":"summary_large_image","twitter_description":"Apple hat Anfang des Jahres sowohl das MacBook Air als auch das MacBook Pro 13\" aktualisiert. Doch scheinbar gibt es ein seltsames Problem.","twitter_misc":{"Written by":"Milan","Est. reading time":"1 minute"},"schema":{"@context":"https:\/\/schema.org","@graph":[{"@type":"NewsArticle","@id":"https:\/\/www.apfelpatient.de\/en\/news\/macbook-pro-air-2020-probleme-mit-usb-2-0-zubehoer#article","isPartOf":{"@id":"https:\/\/www.apfelpatient.de\/en\/news\/macbook-pro-air-2020-probleme-mit-usb-2-0-zubehoer"},"author":{"@type":"Organization","@id":"https:\/\/www.apfelpatient.de\/en\/#organization","name":"Apfelpatient","url":"https:\/\/www.apfelpatient.de\/en\/"},"headline":"MacBook Pro &#038; Air 2020: Probleme mit USB 2.0-Zubeh\u00f6r","datePublished":"2020-06-17T21:46:50+00:00","mainEntityOfPage":{"@id":"https:\/\/www.apfelpatient.de\/en\/news\/macbook-pro-air-2020-probleme-mit-usb-2-0-zubehoer"},"wordCount":268,"publisher":{"@type":"Organization","@id":"https:\/\/www.apfelpatient.de\/en\/#organization","name":"Apfelpatient","url":"https:\/\/www.apfelpatient.de\/en\/"},"image":{"@id":"https:\/\/www.apfelpatient.de\/en\/news\/macbook-pro-air-2020-probleme-mit-usb-2-0-zubehoer#primaryimage"},"thumbnailUrl":"https:\/\/www.apfelpatient.de\/wp-content\/uploads\/2020\/05\/Apple_macbookpro-13-inch_screen_05042020.jpg","keywords":["Mac","macOS"],"articleSection":"News","inLanguage":"en-US","copyrightYear":"2020","copyrightHolder":{"@id":"https:\/\/www.apfelpatient.de\/en\/#organization"}},{"@type":"WebPage","@id":"https:\/\/www.apfelpatient.de\/en\/news\/macbook-pro-air-2020-probleme-mit-usb-2-0-zubehoer","url":"https:\/\/www.apfelpatient.de\/en\/news\/macbook-pro-air-2020-probleme-mit-usb-2-0-zubehoer","name":"MacBook Pro &amp; Air 2020: Problems with USB 2.0 accessories Apfelpatient","isPartOf":{"@id":"https:\/\/www.apfelpatient.de\/#website"},"primaryImageOfPage":{"@id":"https:\/\/www.apfelpatient.de\/en\/news\/macbook-pro-air-2020-probleme-mit-usb-2-0-zubehoer#primaryimage"},"image":{"@id":"https:\/\/www.apfelpatient.de\/en\/news\/macbook-pro-air-2020-probleme-mit-usb-2-0-zubehoer#primaryimage"},"thumbnailUrl":"https:\/\/www.apfelpatient.de\/wp-content\/uploads\/2020\/05\/Apple_macbookpro-13-inch_screen_05042020.jpg","datePublished":"2020-06-17T21:46:50+00:00","description":"Apple updated both the MacBook Air and the MacBook Pro 13&quot; earlier this year. But there seems to be a strange problem.","breadcrumb":{"@id":"https:\/\/www.apfelpatient.de\/en\/news\/macbook-pro-air-2020-probleme-mit-usb-2-0-zubehoer#breadcrumb"},"inLanguage":"en-US","potentialAction":[{"@type":"ReadAction","target":["https:\/\/www.apfelpatient.de\/en\/news\/macbook-pro-air-2020-probleme-mit-usb-2-0-zubehoer"]}]},{"@type":"ImageObject","inLanguage":"en-US","@id":"https:\/\/www.apfelpatient.de\/en\/news\/macbook-pro-air-2020-probleme-mit-usb-2-0-zubehoer#primaryimage","url":"https:\/\/www.apfelpatient.de\/wp-content\/uploads\/2020\/05\/Apple_macbookpro-13-inch_screen_05042020.jpg","contentUrl":"https:\/\/www.apfelpatient.de\/wp-content\/uploads\/2020\/05\/Apple_macbookpro-13-inch_screen_05042020.jpg","width":1960,"height":1102,"caption":"Bild: Apple"},{"@type":"BreadcrumbList","@id":"https:\/\/www.apfelpatient.de\/en\/news\/macbook-pro-air-2020-probleme-mit-usb-2-0-zubehoer#breadcrumb","itemListElement":[{"@type":"ListItem","position":1,"name":"Startseite","item":"https:\/\/www.apfelpatient.de\/"},{"@type":"ListItem","position":2,"name":"MacBook Pro &#038; Air 2020: Probleme mit USB 2.0-Zubeh\u00f6r"}]},{"@type":"WebSite","@id":"https:\/\/www.apfelpatient.de\/#website","url":"https:\/\/www.apfelpatient.de\/","name":"apple patient","description":"Everything about Apple!","publisher":{"@type":"Organization","@id":"https:\/\/www.apfelpatient.de\/en\/#organization","name":"Apfelpatient","url":"https:\/\/www.apfelpatient.de\/en\/"},"alternateName":"Apfelpatient","potentialAction":[{"@type":"SearchAction","target":{"@type":"EntryPoint","urlTemplate":"https:\/\/www.apfelpatient.de\/?s={search_term_string}"},"query-input":{"@type":"PropertyValueSpecification","valueRequired":true,"valueName":"search_term_string"}}],"inLanguage":"en-US"},{"@type":["Person","Organization"],"@id":"https:\/\/www.apfelpatient.de\/#\/schema\/person\/7dc56ad6c8e9824b76d2c08d4c140e13","name":"Milan","logo":{"@id":"https:\/\/www.apfelpatient.de\/#\/schema\/person\/image\/"},"description":"Hello and welcome to my technology blog! As a big Apple fan, I report on everything to do with Apple: from the latest news and exciting rumors to helpful tips and tricks and detailed product tests. If you are as enthusiastic about technology as I am, you have come to the right place!","sameAs":["https:\/\/www.facebook.com\/apfelpatientOfficial","https:\/\/www.linkedin.com\/in\/milan-jovicic-42aa0231b"],"url":"https:\/\/www.apfelpatient.de\/en\/author\/apfeladmin"}]}},"_links":{"self":[{"href":"https:\/\/www.apfelpatient.de\/en\/wp-json\/wp\/v2\/posts\/13025","targetHints":{"allow":["GET"]}}],"collection":[{"href":"https:\/\/www.apfelpatient.de\/en\/wp-json\/wp\/v2\/posts"}],"about":[{"href":"https:\/\/www.apfelpatient.de\/en\/wp-json\/wp\/v2\/types\/post"}],"author":[{"embeddable":true,"href":"https:\/\/www.apfelpatient.de\/en\/wp-json\/wp\/v2\/users\/2"}],"replies":[{"embeddable":true,"href":"https:\/\/www.apfelpatient.de\/en\/wp-json\/wp\/v2\/comments?post=13025"}],"version-history":[{"count":0,"href":"https:\/\/www.apfelpatient.de\/en\/wp-json\/wp\/v2\/posts\/13025\/revisions"}],"wp:featuredmedia":[{"embeddable":true,"href":"https:\/\/www.apfelpatient.de\/en\/wp-json\/wp\/v2\/media\/12067"}],"wp:attachment":[{"href":"https:\/\/www.apfelpatient.de\/en\/wp-json\/wp\/v2\/media?parent=13025"}],"wp:term":[{"taxonomy":"category","embeddable":true,"href":"https:\/\/www.apfelpatient.de\/en\/wp-json\/wp\/v2\/categories?post=13025"},{"taxonomy":"post_tag","embeddable":true,"href":"https:\/\/www.apfelpatient.de\/en\/wp-json\/wp\/v2\/tags?post=13025"}],"curies":[{"name":"wp","href":"https:\/\/api.w.org\/{rel}","templated":true}]}}