{"id":12997,"date":"2020-06-16T14:24:18","date_gmt":"2020-06-16T12:24:18","guid":{"rendered":"https:\/\/www.apfelpatient.de\/?p=12997"},"modified":"2026-03-27T08:08:18","modified_gmt":"2026-03-27T07:08:18","slug":"eu-announces-two-investigations-against-apple","status":"publish","type":"post","link":"https:\/\/www.apfelpatient.de\/en\/news\/eu-kuendigt-zwei-untersuchungen-gegen-apple-an","title":{"rendered":"EU announces two investigations against Apple"},"content":{"rendered":"<p class=\"has-drop-cap\"><strong>The European Commission announced today that it has opened two formal antitrust investigations into Apple\u2019s App Store and its mobile payment system Apple Pay.<\/strong><\/p>\n\n\n\n<p>The first investigation focuses on whether Apple&#039;s requirements for app developers to distribute apps via the App Store violate EU competition rules. In particular, the in-app purchase system will be analyzed. The investigation will also focus on the restrictions on the options for developers to offer their iPhone and iPad users purchase options outside of the App Store. The opening of the investigation follows two complaints filed by Spotify and the e-book distributor Kobo. The <a href=\"https:\/\/ec.europa.eu\/commission\/presscorner\/detail\/en\/ip_20_1075\" class=\"ek-link\"><span style=\"text-decoration: underline;\" class=\"ek-underline\">press release<\/span><\/a>:<\/p>\n\n\n\n<blockquote class=\"wp-block-quote is-layout-flow wp-block-quote-is-layout-flow\"><p>Margrethe Vestager, Executive Vice-President in charge of competition policy, said: &quot;Mobile applications have fundamentally changed the way we access content. Apple sets the rules for distributing apps to iPhone and iPad users. It seems that Apple has been given a &#039;gatekeeper&#039; role when it comes to distributing apps and content to users of Apple&#039;s popular devices. We need to ensure that Apple&#039;s rules do not distort competition in markets where Apple competes with other app developers, for example with its music streaming service Apple Music or with Apple Books. I have therefore decided to take a close look at Apple&#039;s App Store rules and their compliance with EU competition rules.&quot;<\/p><\/blockquote>\n\n\n\n<h3 class=\"wp-block-heading\">Apple Pay is also in the sights of the EU Commission<\/h3>\n\n\n\n\n\n\n\n<p>In addition to the App Store, the mobile payment service Apple Pay is also set to be closely examined. According to the report, the European Commission will investigate Apple Pay due to concerns about its terms and conditions. In addition, the European Commission notes that Apple Pay is the only mobile payment solution on an Apple device with NFC technology. In response to the announcements, an Apple spokesperson issued the following statement:<\/p>\n\n\n\n<blockquote class=\"wp-block-quote is-layout-flow wp-block-quote-is-layout-flow\"><p>We designed the App Store with two goals in mind: to be a safe and trusted place for customers to discover and download apps, and a great business opportunity for entrepreneurs and developers.<\/p><p>We are deeply proud of the countless developers who have innovated and achieved success through our platform. And as we have grown together, we have continued to deliver innovative new services \u2013 like Apple Pay \u2013 that provide the best customer experience while meeting industry-leading standards for privacy and security.<\/p><p>It is disappointing that the European Commission is fielding unfounded complaints from a handful of companies who simply want a free ride and don&#039;t want to play by the same rules as everyone else. We don&#039;t think this is right - we want to maintain a level playing field where anyone with determination and a great idea can succeed.&quot;<\/p><\/blockquote>\n\n\n\n<p>What conclusion the EU Commission will reach remains uncertain for the time being. Since no legal deadline has been set for the completion of the antitrust investigation, this process could take even longer.&nbsp;<em>(Photo by Andrey_Kuzmin \/ Bigstockphoto)<\/em><\/p>\n\n\n\n<ul class=\"wp-block-list\"><li><a href=\"https:\/\/www.apfelpatient.de\/en\/news\/airtags-tile-relies-on-eu-commission-against-apple\" class=\"ek-link\"><span style=\"text-decoration: underline;\" class=\"ek-underline\">AirTags: Tile relies on EU Commission against Apple<\/span><\/a><\/li><\/ul>\n\n\n\n<h6 class=\"wp-block-heading translation-block\" id=\"h-kennt-ihr-schon-unsere-amazon-storefront-dort-findet-ihr-eine-handverlesene-auswahl-von-diversen-produkten-f-r-euer-iphone-und-co-viel-spa-beim-st-bern\"><em>Have you already visited our Amazon Storefront? There you&#039;ll find a hand-picked selection of various products for your iPhone and other devices \u2013 <span class=\"has-inline-color has-vivid-red-color\"><a href=\"https:\/\/www.amazon.de\/shop\/apfelpatientofficial\" class=\"ek-link\" data-wpel-link=\"exclude\" rel=\"follow noopener\" target=\"_self\"><span style=\"text-decoration: underline\" class=\"ek-underline\">enjoy browsing<\/span><\/a> !<\/span><\/em><\/h6>\n\n\n\n\n\n<h6 class=\"wp-block-heading translation-block\" id=\"h-der-beitrag-enthalt-partnerlinks\">This post contains <a data-type=\"URL\" data-id=\"https:\/\/www.apfelpatient.de\/partnerprogramm\" href=\"https:\/\/www.apfelpatient.de\/en\/partner-program\" data-wpel-link=\"internal\" target=\"_self\">affiliate links<\/a>.<\/h6>","protected":false},"excerpt":{"rendered":"<p>The EU Commission announced today that two formal antitrust investigations have been launched against Apple.<\/p>","protected":false},"author":2,"featured_media":12996,"comment_status":"closed","ping_status":"closed","sticky":false,"template":"","format":"standard","meta":{"jnews-multi-image_gallery":[],"jnews_single_post":{"subtitle":"Apple Pay & App Store im Fokus","format":"standard","video":"","gallery":"","source_name":"","source_url":"","via_name":"","via_url":"","override":[{"single_blog_custom":"","sidebar":"","second_sidebar":"","share_position":"","share_float_style":"","post_date_format":"","post_date_format_custom":"","post_reading_time_wpm":"","zoom_button_out_step":"1","zoom_button_in_step":"1","number_popup_post":"1"}],"image_override":[{"single_post_thumbnail_size":"","single_post_gallery_size":""}],"trending_post_position":"","trending_post_label":"","sponsored_post_label":"","sponsored_post_name":"","sponsored_post_url":"","sponsored_post_logo":"","sponsored_post_desc":""},"jnews_primary_category":{"id":"265"},"footnotes":""},"categories":[9],"tags":[6,34,35,313],"class_list":["post-12997","post","type-post","status-publish","format-standard","has-post-thumbnail","hentry","category-news","tag-app-store","tag-apple-dienste","tag-apple-pay","tag-europa"],"yoast_head":"<!-- This site is optimized with the Yoast SEO Premium plugin v27.5 (Yoast SEO v27.5) - https:\/\/yoast.com\/product\/yoast-seo-premium-wordpress\/ -->\n<title>EU k\u00fcndigt zwei Untersuchungen gegen Apple an Apfelpatient<\/title>\n<meta name=\"description\" content=\"Die EU-Kommission hat heute mitgeteilt, dass zwei formelle kartellrechtliche Untersuchungen gegen Apple eingeleitet wurden.\" \/>\n<meta name=\"robots\" content=\"index, follow, max-snippet:-1, max-image-preview:large, max-video-preview:-1\" \/>\n<link rel=\"canonical\" href=\"https:\/\/www.apfelpatient.de\/en\/news\/eu-announces-two-investigations-against-apple\" \/>\n<meta property=\"og:locale\" content=\"en_US\" \/>\n<meta property=\"og:type\" content=\"article\" \/>\n<meta property=\"og:title\" content=\"EU k\u00fcndigt zwei Untersuchungen gegen Apple an\" \/>\n<meta property=\"og:description\" content=\"Die EU-Kommission hat heute mitgeteilt, dass zwei formelle kartellrechtliche Untersuchungen gegen Apple eingeleitet wurden.\" \/>\n<meta property=\"og:url\" content=\"https:\/\/www.apfelpatient.de\/en\/news\/eu-announces-two-investigations-against-apple\" \/>\n<meta property=\"og:site_name\" content=\"Apfelpatient\" \/>\n<meta property=\"article:publisher\" content=\"https:\/\/www.facebook.com\/apfelpatientOfficial\" \/>\n<meta property=\"article:author\" content=\"https:\/\/www.facebook.com\/apfelpatientOfficial\" \/>\n<meta property=\"article:published_time\" content=\"2020-06-16T12:24:18+00:00\" \/>\n<meta property=\"article:modified_time\" content=\"2026-03-27T07:08:18+00:00\" \/>\n<meta property=\"og:image\" content=\"https:\/\/www.apfelpatient.de\/wp-content\/uploads\/2020\/06\/bigstock-EU-flags-in-front-of-European-235923730.jpg\" \/>\n\t<meta property=\"og:image:width\" content=\"1600\" \/>\n\t<meta property=\"og:image:height\" content=\"1067\" \/>\n\t<meta property=\"og:image:type\" content=\"image\/jpeg\" \/>\n<meta name=\"author\" content=\"Milan\" \/>\n<meta name=\"twitter:card\" content=\"summary_large_image\" \/>\n<meta name=\"twitter:description\" content=\"Die EU-Kommission hat heute mitgeteilt, dass zwei formelle kartellrechtliche Untersuchungen gegen Apple eingeleitet wurden.\" \/>\n<meta name=\"twitter:label1\" content=\"Written by\" \/>\n\t<meta name=\"twitter:data1\" content=\"Milan\" \/>\n\t<meta name=\"twitter:label2\" content=\"Est. reading time\" \/>\n\t<meta name=\"twitter:data2\" content=\"6 minutes\" \/>\n<script type=\"application\/ld+json\" class=\"yoast-schema-graph\">{\"@context\":\"https:\\\/\\\/schema.org\",\"@graph\":[{\"@type\":\"NewsArticle\",\"@id\":\"https:\\\/\\\/www.apfelpatient.de\\\/news\\\/eu-kuendigt-zwei-untersuchungen-gegen-apple-an#article\",\"isPartOf\":{\"@id\":\"https:\\\/\\\/www.apfelpatient.de\\\/news\\\/eu-kuendigt-zwei-untersuchungen-gegen-apple-an\"},\"author\":{\"@type\":\"Organization\",\"@id\":\"https:\\\/\\\/www.apfelpatient.de\\\/en\\\/#organization\",\"name\":\"Apfelpatient\",\"url\":\"https:\\\/\\\/www.apfelpatient.de\\\/en\\\/\"},\"headline\":\"EU k\u00fcndigt zwei Untersuchungen gegen Apple an\",\"datePublished\":\"2020-06-16T12:24:18+00:00\",\"dateModified\":\"2026-03-27T07:08:18+00:00\",\"mainEntityOfPage\":{\"@id\":\"https:\\\/\\\/www.apfelpatient.de\\\/news\\\/eu-kuendigt-zwei-untersuchungen-gegen-apple-an\"},\"wordCount\":528,\"publisher\":{\"@type\":\"Organization\",\"@id\":\"https:\\\/\\\/www.apfelpatient.de\\\/en\\\/#organization\",\"name\":\"Apfelpatient\",\"url\":\"https:\\\/\\\/www.apfelpatient.de\\\/en\\\/\"},\"image\":{\"@id\":\"https:\\\/\\\/www.apfelpatient.de\\\/news\\\/eu-kuendigt-zwei-untersuchungen-gegen-apple-an#primaryimage\"},\"thumbnailUrl\":\"https:\\\/\\\/www.apfelpatient.de\\\/wp-content\\\/uploads\\\/2020\\\/06\\\/bigstock-EU-flags-in-front-of-European-235923730.jpg\",\"keywords\":[\"App Store\",\"Apple Dienste\",\"Apple Pay\",\"Europa\"],\"articleSection\":\"News\",\"inLanguage\":\"en-US\",\"copyrightYear\":\"2020\",\"copyrightHolder\":{\"@id\":\"https:\\\/\\\/www.apfelpatient.de\\\/en\\\/#organization\"}},{\"@type\":\"WebPage\",\"@id\":\"https:\\\/\\\/www.apfelpatient.de\\\/news\\\/eu-kuendigt-zwei-untersuchungen-gegen-apple-an\",\"url\":\"https:\\\/\\\/www.apfelpatient.de\\\/news\\\/eu-kuendigt-zwei-untersuchungen-gegen-apple-an\",\"name\":\"EU k\u00fcndigt zwei Untersuchungen gegen Apple an Apfelpatient\",\"isPartOf\":{\"@id\":\"https:\\\/\\\/www.apfelpatient.de\\\/#website\"},\"primaryImageOfPage\":{\"@id\":\"https:\\\/\\\/www.apfelpatient.de\\\/news\\\/eu-kuendigt-zwei-untersuchungen-gegen-apple-an#primaryimage\"},\"image\":{\"@id\":\"https:\\\/\\\/www.apfelpatient.de\\\/news\\\/eu-kuendigt-zwei-untersuchungen-gegen-apple-an#primaryimage\"},\"thumbnailUrl\":\"https:\\\/\\\/www.apfelpatient.de\\\/wp-content\\\/uploads\\\/2020\\\/06\\\/bigstock-EU-flags-in-front-of-European-235923730.jpg\",\"datePublished\":\"2020-06-16T12:24:18+00:00\",\"dateModified\":\"2026-03-27T07:08:18+00:00\",\"description\":\"Die EU-Kommission hat heute mitgeteilt, dass zwei formelle kartellrechtliche Untersuchungen gegen Apple eingeleitet wurden.\",\"breadcrumb\":{\"@id\":\"https:\\\/\\\/www.apfelpatient.de\\\/news\\\/eu-kuendigt-zwei-untersuchungen-gegen-apple-an#breadcrumb\"},\"inLanguage\":\"en-US\",\"potentialAction\":[{\"@type\":\"ReadAction\",\"target\":[\"https:\\\/\\\/www.apfelpatient.de\\\/news\\\/eu-kuendigt-zwei-untersuchungen-gegen-apple-an\"]}]},{\"@type\":\"ImageObject\",\"inLanguage\":\"en-US\",\"@id\":\"https:\\\/\\\/www.apfelpatient.de\\\/news\\\/eu-kuendigt-zwei-untersuchungen-gegen-apple-an#primaryimage\",\"url\":\"https:\\\/\\\/www.apfelpatient.de\\\/wp-content\\\/uploads\\\/2020\\\/06\\\/bigstock-EU-flags-in-front-of-European-235923730.jpg\",\"contentUrl\":\"https:\\\/\\\/www.apfelpatient.de\\\/wp-content\\\/uploads\\\/2020\\\/06\\\/bigstock-EU-flags-in-front-of-European-235923730.jpg\",\"width\":1600,\"height\":1067,\"caption\":\"EU flags in front of European Commission building in Brussels\"},{\"@type\":\"BreadcrumbList\",\"@id\":\"https:\\\/\\\/www.apfelpatient.de\\\/news\\\/eu-kuendigt-zwei-untersuchungen-gegen-apple-an#breadcrumb\",\"itemListElement\":[{\"@type\":\"ListItem\",\"position\":1,\"name\":\"Startseite\",\"item\":\"https:\\\/\\\/www.apfelpatient.de\\\/\"},{\"@type\":\"ListItem\",\"position\":2,\"name\":\"EU k\u00fcndigt zwei Untersuchungen gegen Apple an\"}]},{\"@type\":\"WebSite\",\"@id\":\"https:\\\/\\\/www.apfelpatient.de\\\/#website\",\"url\":\"https:\\\/\\\/www.apfelpatient.de\\\/\",\"name\":\"Apfelpatient\",\"description\":\"Alles rund um Apple!\",\"publisher\":{\"@type\":\"Organization\",\"@id\":\"https:\\\/\\\/www.apfelpatient.de\\\/en\\\/#organization\",\"name\":\"Apfelpatient\",\"url\":\"https:\\\/\\\/www.apfelpatient.de\\\/en\\\/\"},\"alternateName\":\"Apfelpatient\",\"potentialAction\":[{\"@type\":\"SearchAction\",\"target\":{\"@type\":\"EntryPoint\",\"urlTemplate\":\"https:\\\/\\\/www.apfelpatient.de\\\/?s={search_term_string}\"},\"query-input\":{\"@type\":\"PropertyValueSpecification\",\"valueRequired\":true,\"valueName\":\"search_term_string\"}}],\"inLanguage\":\"en-US\"},{\"@type\":[\"Person\",\"Organization\"],\"@id\":\"https:\\\/\\\/www.apfelpatient.de\\\/#\\\/schema\\\/person\\\/7dc56ad6c8e9824b76d2c08d4c140e13\",\"name\":\"Milan\",\"logo\":{\"@id\":\"https:\\\/\\\/www.apfelpatient.de\\\/#\\\/schema\\\/person\\\/image\\\/\"},\"description\":\"Hallo und herzlich willkommen auf meinem Technik-Blog! Als gro\u00dfer Apple-Fan berichte ich hier \u00fcber alles, was mit Apple zu tun hat: von den neuesten News und spannenden Ger\u00fcchten \u00fcber hilfreiche Tipps und Tricks bis hin zu ausf\u00fchrlichen Produkttests. Wenn du genauso technikbegeistert bist wie ich, bist du hier genau richtig!\",\"sameAs\":[\"https:\\\/\\\/www.facebook.com\\\/apfelpatientOfficial\",\"https:\\\/\\\/www.linkedin.com\\\/in\\\/milan-jovicic-42aa0231b\"],\"url\":\"https:\\\/\\\/www.apfelpatient.de\\\/en\\\/author\\\/apfeladmin\"}]}<\/script>\n<!-- \/ Yoast SEO Premium plugin. -->","yoast_head_json":{"title":"EU announces two investigations against Apple Apfelpatient","description":"The EU Commission announced today that two formal antitrust investigations have been launched against Apple.","robots":{"index":"index","follow":"follow","max-snippet":"max-snippet:-1","max-image-preview":"max-image-preview:large","max-video-preview":"max-video-preview:-1"},"canonical":"https:\/\/www.apfelpatient.de\/en\/news\/eu-announces-two-investigations-against-apple","og_locale":"en_US","og_type":"article","og_title":"EU k\u00fcndigt zwei Untersuchungen gegen Apple an","og_description":"Die EU-Kommission hat heute mitgeteilt, dass zwei formelle kartellrechtliche Untersuchungen gegen Apple eingeleitet wurden.","og_url":"https:\/\/www.apfelpatient.de\/en\/news\/eu-announces-two-investigations-against-apple","og_site_name":"Apfelpatient","article_publisher":"https:\/\/www.facebook.com\/apfelpatientOfficial","article_author":"https:\/\/www.facebook.com\/apfelpatientOfficial","article_published_time":"2020-06-16T12:24:18+00:00","article_modified_time":"2026-03-27T07:08:18+00:00","og_image":[{"width":1600,"height":1067,"url":"https:\/\/www.apfelpatient.de\/wp-content\/uploads\/2020\/06\/bigstock-EU-flags-in-front-of-European-235923730.jpg","type":"image\/jpeg"}],"author":"Milan","twitter_card":"summary_large_image","twitter_description":"Die EU-Kommission hat heute mitgeteilt, dass zwei formelle kartellrechtliche Untersuchungen gegen Apple eingeleitet wurden.","twitter_misc":{"Written by":"Milan","Est. reading time":"6 minutes"},"schema":{"@context":"https:\/\/schema.org","@graph":[{"@type":"NewsArticle","@id":"https:\/\/www.apfelpatient.de\/news\/eu-kuendigt-zwei-untersuchungen-gegen-apple-an#article","isPartOf":{"@id":"https:\/\/www.apfelpatient.de\/news\/eu-kuendigt-zwei-untersuchungen-gegen-apple-an"},"author":{"@type":"Organization","@id":"https:\/\/www.apfelpatient.de\/en\/#organization","name":"Apfelpatient","url":"https:\/\/www.apfelpatient.de\/en\/"},"headline":"EU k\u00fcndigt zwei Untersuchungen gegen Apple an","datePublished":"2020-06-16T12:24:18+00:00","dateModified":"2026-03-27T07:08:18+00:00","mainEntityOfPage":{"@id":"https:\/\/www.apfelpatient.de\/news\/eu-kuendigt-zwei-untersuchungen-gegen-apple-an"},"wordCount":528,"publisher":{"@type":"Organization","@id":"https:\/\/www.apfelpatient.de\/en\/#organization","name":"Apfelpatient","url":"https:\/\/www.apfelpatient.de\/en\/"},"image":{"@id":"https:\/\/www.apfelpatient.de\/news\/eu-kuendigt-zwei-untersuchungen-gegen-apple-an#primaryimage"},"thumbnailUrl":"https:\/\/www.apfelpatient.de\/wp-content\/uploads\/2020\/06\/bigstock-EU-flags-in-front-of-European-235923730.jpg","keywords":["App Store","Apple Dienste","Apple Pay","Europa"],"articleSection":"News","inLanguage":"en-US","copyrightYear":"2020","copyrightHolder":{"@id":"https:\/\/www.apfelpatient.de\/en\/#organization"}},{"@type":"WebPage","@id":"https:\/\/www.apfelpatient.de\/news\/eu-kuendigt-zwei-untersuchungen-gegen-apple-an","url":"https:\/\/www.apfelpatient.de\/news\/eu-kuendigt-zwei-untersuchungen-gegen-apple-an","name":"EU announces two investigations against Apple Apfelpatient","isPartOf":{"@id":"https:\/\/www.apfelpatient.de\/#website"},"primaryImageOfPage":{"@id":"https:\/\/www.apfelpatient.de\/news\/eu-kuendigt-zwei-untersuchungen-gegen-apple-an#primaryimage"},"image":{"@id":"https:\/\/www.apfelpatient.de\/news\/eu-kuendigt-zwei-untersuchungen-gegen-apple-an#primaryimage"},"thumbnailUrl":"https:\/\/www.apfelpatient.de\/wp-content\/uploads\/2020\/06\/bigstock-EU-flags-in-front-of-European-235923730.jpg","datePublished":"2020-06-16T12:24:18+00:00","dateModified":"2026-03-27T07:08:18+00:00","description":"The EU Commission announced today that two formal antitrust investigations have been launched against Apple.","breadcrumb":{"@id":"https:\/\/www.apfelpatient.de\/news\/eu-kuendigt-zwei-untersuchungen-gegen-apple-an#breadcrumb"},"inLanguage":"en-US","potentialAction":[{"@type":"ReadAction","target":["https:\/\/www.apfelpatient.de\/news\/eu-kuendigt-zwei-untersuchungen-gegen-apple-an"]}]},{"@type":"ImageObject","inLanguage":"en-US","@id":"https:\/\/www.apfelpatient.de\/news\/eu-kuendigt-zwei-untersuchungen-gegen-apple-an#primaryimage","url":"https:\/\/www.apfelpatient.de\/wp-content\/uploads\/2020\/06\/bigstock-EU-flags-in-front-of-European-235923730.jpg","contentUrl":"https:\/\/www.apfelpatient.de\/wp-content\/uploads\/2020\/06\/bigstock-EU-flags-in-front-of-European-235923730.jpg","width":1600,"height":1067,"caption":"EU flags in front of European Commission building in Brussels"},{"@type":"BreadcrumbList","@id":"https:\/\/www.apfelpatient.de\/news\/eu-kuendigt-zwei-untersuchungen-gegen-apple-an#breadcrumb","itemListElement":[{"@type":"ListItem","position":1,"name":"Startseite","item":"https:\/\/www.apfelpatient.de\/"},{"@type":"ListItem","position":2,"name":"EU k\u00fcndigt zwei Untersuchungen gegen Apple an"}]},{"@type":"WebSite","@id":"https:\/\/www.apfelpatient.de\/#website","url":"https:\/\/www.apfelpatient.de\/","name":"apple patient","description":"Everything about Apple!","publisher":{"@type":"Organization","@id":"https:\/\/www.apfelpatient.de\/en\/#organization","name":"Apfelpatient","url":"https:\/\/www.apfelpatient.de\/en\/"},"alternateName":"Apfelpatient","potentialAction":[{"@type":"SearchAction","target":{"@type":"EntryPoint","urlTemplate":"https:\/\/www.apfelpatient.de\/?s={search_term_string}"},"query-input":{"@type":"PropertyValueSpecification","valueRequired":true,"valueName":"search_term_string"}}],"inLanguage":"en-US"},{"@type":["Person","Organization"],"@id":"https:\/\/www.apfelpatient.de\/#\/schema\/person\/7dc56ad6c8e9824b76d2c08d4c140e13","name":"Milan","logo":{"@id":"https:\/\/www.apfelpatient.de\/#\/schema\/person\/image\/"},"description":"Hello and welcome to my technology blog! As a big Apple fan, I report on everything to do with Apple: from the latest news and exciting rumors to helpful tips and tricks and detailed product tests. If you are as enthusiastic about technology as I am, you have come to the right place!","sameAs":["https:\/\/www.facebook.com\/apfelpatientOfficial","https:\/\/www.linkedin.com\/in\/milan-jovicic-42aa0231b"],"url":"https:\/\/www.apfelpatient.de\/en\/author\/apfeladmin"}]}},"_links":{"self":[{"href":"https:\/\/www.apfelpatient.de\/en\/wp-json\/wp\/v2\/posts\/12997","targetHints":{"allow":["GET"]}}],"collection":[{"href":"https:\/\/www.apfelpatient.de\/en\/wp-json\/wp\/v2\/posts"}],"about":[{"href":"https:\/\/www.apfelpatient.de\/en\/wp-json\/wp\/v2\/types\/post"}],"author":[{"embeddable":true,"href":"https:\/\/www.apfelpatient.de\/en\/wp-json\/wp\/v2\/users\/2"}],"replies":[{"embeddable":true,"href":"https:\/\/www.apfelpatient.de\/en\/wp-json\/wp\/v2\/comments?post=12997"}],"version-history":[{"count":2,"href":"https:\/\/www.apfelpatient.de\/en\/wp-json\/wp\/v2\/posts\/12997\/revisions"}],"predecessor-version":[{"id":65846,"href":"https:\/\/www.apfelpatient.de\/en\/wp-json\/wp\/v2\/posts\/12997\/revisions\/65846"}],"wp:featuredmedia":[{"embeddable":true,"href":"https:\/\/www.apfelpatient.de\/en\/wp-json\/wp\/v2\/media\/12996"}],"wp:attachment":[{"href":"https:\/\/www.apfelpatient.de\/en\/wp-json\/wp\/v2\/media?parent=12997"}],"wp:term":[{"taxonomy":"category","embeddable":true,"href":"https:\/\/www.apfelpatient.de\/en\/wp-json\/wp\/v2\/categories?post=12997"},{"taxonomy":"post_tag","embeddable":true,"href":"https:\/\/www.apfelpatient.de\/en\/wp-json\/wp\/v2\/tags?post=12997"}],"curies":[{"name":"wp","href":"https:\/\/api.w.org\/{rel}","templated":true}]}}