{"id":12976,"date":"2020-06-16T00:46:43","date_gmt":"2020-06-15T22:46:43","guid":{"rendered":"https:\/\/www.apfelpatient.de\/?p=12976"},"modified":"2020-06-16T00:46:43","modified_gmt":"2020-06-15T22:46:43","slug":"leak-this-is-what-the-brand-new-imac-2020-could-look-like","status":"publish","type":"post","link":"https:\/\/www.apfelpatient.de\/en\/news\/leak-so-koennte-der-brandneue-imac-2020-aussehen","title":{"rendered":"Leak: This is what the brand new iMac 2020 could look like"},"content":{"rendered":"<p><strong>According to recent rumors, Apple is planning a brand new iMac at WWDC 2020 <a href=\"https:\/\/www.apple.com\/apple-events\/\" class=\"ek-link\"><span style=\"text-decoration: underline;\" class=\"ek-underline\">to introduce<\/span><\/a>The device is supposed to be reminiscent of the iPad Pro. Now an image has been discovered in iOS 14.&nbsp;<\/strong><\/p>\n\n\n\n<p>About a week ago, the <a href=\"https:\/\/www.apfelpatient.de\/en\/news\/imac-2020-in-new-design-new-hint-discovered-at-apple\" class=\"ek-link\"><span style=\"text-decoration: underline;\" class=\"ek-underline\">rumor<\/span><\/a> announced that Apple plans to present an iMac with a brand new design at WWDC 2020. The device is said to have narrow display bezels and be based on the iPad Pro. In addition, the new iMac 2020 is expected to have the T2 security chip and a pure SSD configuration. In the area of processors, Intel&#039;s newly introduced &quot;Comet Lake&quot; chips could be used. If previous rumors are to be believed, the iMac 2020 will use graphics processors from AMD&#039;s Navi family. Now an image has been discovered in the code of iOS 14 that confirms the design.&nbsp;<\/p>\n\n\n\n<h3 class=\"wp-block-heading\">iMac 2020 could get Face ID<\/h3>\n\n\n\n\n\n\n\n<p>The concept designer iFinder has <a href=\"https:\/\/twitter.com\/iFinder_rus\/status\/1272179730599591936?s=20\" class=\"ek-link\"><span style=\"text-decoration: underline;\" class=\"ek-underline\">Twitter<\/span><\/a> shared the discovery and created a final graphic based on the iMac icon. The new iMac could look like a gigantic iPad Pro.&nbsp;<\/p>\n\n\n\n<blockquote class=\"wp-block-quote is-layout-flow wp-block-quote-is-layout-flow\"><p>A schematic image of the new generation iMac was found in the iOS 14 code. And as far as I&#039;m concerned, it looks amazing.<\/p><\/blockquote>\n\n\n\n<p>There are currently indications that the new iMac could also have Face ID. Whether this will actually happen in the end remains to be seen. In less than a <a class=\"ek-link\" href=\"https:\/\/www.apfelpatient.de\/en\/news\/wwdc-2020-apple-sends-invitations\"><span class=\"ek-underline\" style=\"text-decoration: underline;\">Week<\/span><\/a> we should have certainty.&nbsp;<em>(via iFinder)<\/em><\/p>\n\n\n\n<figure class=\"wp-block-image size-large\"><img decoding=\"async\" width=\"809\" height=\"324\" src=\"https:\/\/www.apfelpatient.de\/wp-content\/uploads\/2020\/06\/EaewByZXgAAiKqL.jpeg\" alt=\"iMac 2020\" class=\"wp-image-12973\"\/><figcaption>via iFinder<\/figcaption><\/figure>\n\n\n\n<figure class=\"wp-block-image size-large\"><img decoding=\"async\" src=\"https:\/\/www.apfelpatient.de\/wp-content\/uploads\/2020\/06\/EaewR9GWAAYoYpn-1024x768.jpeg\" alt=\"iMac 2020\" class=\"wp-image-12974\"\/><figcaption>via iFinder<\/figcaption><\/figure>\n\n\n\n<h6 class=\"wp-block-heading translation-block\" id=\"h-kennt-ihr-schon-unsere-amazon-storefront-dort-findet-ihr-eine-handverlesene-auswahl-von-diversen-produkten-f-r-euer-iphone-und-co-viel-spa-beim-st-bern\"><em>Have you already visited our Amazon Storefront? There you&#039;ll find a hand-picked selection of various products for your iPhone and other devices \u2013 <span class=\"has-inline-color has-vivid-red-color\"><a href=\"https:\/\/www.amazon.de\/shop\/apfelpatientofficial\" class=\"ek-link\" data-wpel-link=\"exclude\" rel=\"follow noopener\" target=\"_self\"><span style=\"text-decoration: underline\" class=\"ek-underline\">enjoy browsing<\/span><\/a> !<\/span><\/em><\/h6>\n\n\n\n\n\n<h6 class=\"wp-block-heading translation-block\" id=\"h-der-beitrag-enthalt-partnerlinks\">This post contains <a data-type=\"URL\" data-id=\"https:\/\/www.apfelpatient.de\/partnerprogramm\" href=\"https:\/\/www.apfelpatient.de\/en\/partner-program\" data-wpel-link=\"internal\" target=\"_self\">affiliate links<\/a>.<\/h6>","protected":false},"excerpt":{"rendered":"<p>About a week ago, a rumor emerged that Apple would be introducing an iMac with a brand new design at WWDC 2020.<\/p>","protected":false},"author":2,"featured_media":12974,"comment_status":"closed","ping_status":"closed","sticky":false,"template":"","format":"standard","meta":{"jnews-multi-image_gallery":[],"jnews_single_post":{"subtitle":"","format":"standard","video":"","gallery":"","source_name":"","source_url":"","via_name":"","via_url":"","override":[{"single_blog_custom":"","sidebar":"","second_sidebar":"","share_position":"","share_float_style":"","post_date_format":"","post_date_format_custom":"","post_reading_time_wpm":"","zoom_button_out_step":"1","zoom_button_in_step":"1","number_popup_post":"1"}],"image_override":[{"single_post_thumbnail_size":"","single_post_gallery_size":""}],"trending_post_position":"","trending_post_label":"","sponsored_post_label":"","sponsored_post_name":"","sponsored_post_url":"","sponsored_post_logo":"","sponsored_post_desc":""},"jnews_primary_category":{"id":"265"},"footnotes":""},"categories":[9],"tags":[15,40,203,320],"class_list":["post-12976","post","type-post","status-publish","format-standard","has-post-thumbnail","hentry","category-news","tag-ios-14","tag-mac","tag-wwdc","tag-wwdc-2020"],"yoast_head":"<!-- This site is optimized with the Yoast SEO Premium plugin v27.5 (Yoast SEO v27.5) - https:\/\/yoast.com\/product\/yoast-seo-premium-wordpress\/ -->\n<title>Leak: So k\u00f6nnte der brandneue iMac 2020 aussehen Apfelpatient<\/title>\n<meta name=\"description\" content=\"Vor rund einer Woche wurde das Ger\u00fccht bekannt, wonach Apple im Rahmen der WWDC 2020 einen iMac in brandneuem Design vorstellen m\u00f6chte.\" \/>\n<meta name=\"robots\" content=\"index, follow, max-snippet:-1, max-image-preview:large, max-video-preview:-1\" \/>\n<link rel=\"canonical\" href=\"https:\/\/www.apfelpatient.de\/en\/news\/leak-this-is-what-the-brand-new-imac-2020-could-look-like\" \/>\n<meta property=\"og:locale\" content=\"en_US\" \/>\n<meta property=\"og:type\" content=\"article\" \/>\n<meta property=\"og:title\" content=\"Leak: So k\u00f6nnte der brandneue iMac 2020 aussehen\" \/>\n<meta property=\"og:description\" content=\"Vor rund einer Woche wurde das Ger\u00fccht bekannt, wonach Apple im Rahmen der WWDC 2020 einen iMac in brandneuem Design vorstellen m\u00f6chte.\" \/>\n<meta property=\"og:url\" content=\"https:\/\/www.apfelpatient.de\/en\/news\/leak-this-is-what-the-brand-new-imac-2020-could-look-like\" \/>\n<meta property=\"og:site_name\" content=\"Apfelpatient\" \/>\n<meta property=\"article:publisher\" content=\"https:\/\/www.facebook.com\/apfelpatientOfficial\" \/>\n<meta property=\"article:author\" content=\"https:\/\/www.facebook.com\/apfelpatientOfficial\" \/>\n<meta property=\"article:published_time\" content=\"2020-06-15T22:46:43+00:00\" \/>\n<meta property=\"og:image\" content=\"https:\/\/www.apfelpatient.de\/wp-content\/uploads\/2020\/06\/EaewR9GWAAYoYpn.jpeg\" \/>\n\t<meta property=\"og:image:width\" content=\"1726\" \/>\n\t<meta property=\"og:image:height\" content=\"1294\" \/>\n\t<meta property=\"og:image:type\" content=\"image\/jpeg\" \/>\n<meta name=\"author\" content=\"Milan\" \/>\n<meta name=\"twitter:card\" content=\"summary_large_image\" \/>\n<meta name=\"twitter:description\" content=\"Vor rund einer Woche wurde das Ger\u00fccht bekannt, wonach Apple im Rahmen der WWDC 2020 einen iMac in brandneuem Design vorstellen m\u00f6chte.\" \/>\n<meta name=\"twitter:label1\" content=\"Written by\" \/>\n\t<meta name=\"twitter:data1\" content=\"Milan\" \/>\n\t<meta name=\"twitter:label2\" content=\"Est. reading time\" \/>\n\t<meta name=\"twitter:data2\" content=\"1 minute\" \/>\n<script type=\"application\/ld+json\" class=\"yoast-schema-graph\">{\"@context\":\"https:\\\/\\\/schema.org\",\"@graph\":[{\"@type\":\"NewsArticle\",\"@id\":\"https:\\\/\\\/www.apfelpatient.de\\\/news\\\/leak-so-koennte-der-brandneue-imac-2020-aussehen#article\",\"isPartOf\":{\"@id\":\"https:\\\/\\\/www.apfelpatient.de\\\/news\\\/leak-so-koennte-der-brandneue-imac-2020-aussehen\"},\"author\":{\"@type\":\"Organization\",\"@id\":\"https:\\\/\\\/www.apfelpatient.de\\\/en\\\/#organization\",\"name\":\"Apfelpatient\",\"url\":\"https:\\\/\\\/www.apfelpatient.de\\\/en\\\/\"},\"headline\":\"Leak: So k\u00f6nnte der brandneue iMac 2020 aussehen\",\"datePublished\":\"2020-06-15T22:46:43+00:00\",\"mainEntityOfPage\":{\"@id\":\"https:\\\/\\\/www.apfelpatient.de\\\/news\\\/leak-so-koennte-der-brandneue-imac-2020-aussehen\"},\"wordCount\":251,\"publisher\":{\"@type\":\"Organization\",\"@id\":\"https:\\\/\\\/www.apfelpatient.de\\\/en\\\/#organization\",\"name\":\"Apfelpatient\",\"url\":\"https:\\\/\\\/www.apfelpatient.de\\\/en\\\/\"},\"image\":{\"@id\":\"https:\\\/\\\/www.apfelpatient.de\\\/news\\\/leak-so-koennte-der-brandneue-imac-2020-aussehen#primaryimage\"},\"thumbnailUrl\":\"https:\\\/\\\/www.apfelpatient.de\\\/wp-content\\\/uploads\\\/2020\\\/06\\\/EaewR9GWAAYoYpn.jpeg\",\"keywords\":[\"iOS 14\",\"Mac\",\"WWDC\",\"WWDC 2020\"],\"articleSection\":\"News\",\"inLanguage\":\"en-US\",\"copyrightYear\":\"2020\",\"copyrightHolder\":{\"@id\":\"https:\\\/\\\/www.apfelpatient.de\\\/en\\\/#organization\"}},{\"@type\":\"WebPage\",\"@id\":\"https:\\\/\\\/www.apfelpatient.de\\\/news\\\/leak-so-koennte-der-brandneue-imac-2020-aussehen\",\"url\":\"https:\\\/\\\/www.apfelpatient.de\\\/news\\\/leak-so-koennte-der-brandneue-imac-2020-aussehen\",\"name\":\"Leak: So k\u00f6nnte der brandneue iMac 2020 aussehen Apfelpatient\",\"isPartOf\":{\"@id\":\"https:\\\/\\\/www.apfelpatient.de\\\/#website\"},\"primaryImageOfPage\":{\"@id\":\"https:\\\/\\\/www.apfelpatient.de\\\/news\\\/leak-so-koennte-der-brandneue-imac-2020-aussehen#primaryimage\"},\"image\":{\"@id\":\"https:\\\/\\\/www.apfelpatient.de\\\/news\\\/leak-so-koennte-der-brandneue-imac-2020-aussehen#primaryimage\"},\"thumbnailUrl\":\"https:\\\/\\\/www.apfelpatient.de\\\/wp-content\\\/uploads\\\/2020\\\/06\\\/EaewR9GWAAYoYpn.jpeg\",\"datePublished\":\"2020-06-15T22:46:43+00:00\",\"description\":\"Vor rund einer Woche wurde das Ger\u00fccht bekannt, wonach Apple im Rahmen der WWDC 2020 einen iMac in brandneuem Design vorstellen m\u00f6chte.\",\"breadcrumb\":{\"@id\":\"https:\\\/\\\/www.apfelpatient.de\\\/news\\\/leak-so-koennte-der-brandneue-imac-2020-aussehen#breadcrumb\"},\"inLanguage\":\"en-US\",\"potentialAction\":[{\"@type\":\"ReadAction\",\"target\":[\"https:\\\/\\\/www.apfelpatient.de\\\/news\\\/leak-so-koennte-der-brandneue-imac-2020-aussehen\"]}]},{\"@type\":\"ImageObject\",\"inLanguage\":\"en-US\",\"@id\":\"https:\\\/\\\/www.apfelpatient.de\\\/news\\\/leak-so-koennte-der-brandneue-imac-2020-aussehen#primaryimage\",\"url\":\"https:\\\/\\\/www.apfelpatient.de\\\/wp-content\\\/uploads\\\/2020\\\/06\\\/EaewR9GWAAYoYpn.jpeg\",\"contentUrl\":\"https:\\\/\\\/www.apfelpatient.de\\\/wp-content\\\/uploads\\\/2020\\\/06\\\/EaewR9GWAAYoYpn.jpeg\",\"width\":1726,\"height\":1294,\"caption\":\"via iFinder\"},{\"@type\":\"BreadcrumbList\",\"@id\":\"https:\\\/\\\/www.apfelpatient.de\\\/news\\\/leak-so-koennte-der-brandneue-imac-2020-aussehen#breadcrumb\",\"itemListElement\":[{\"@type\":\"ListItem\",\"position\":1,\"name\":\"Startseite\",\"item\":\"https:\\\/\\\/www.apfelpatient.de\\\/\"},{\"@type\":\"ListItem\",\"position\":2,\"name\":\"Leak: So k\u00f6nnte der brandneue iMac 2020 aussehen\"}]},{\"@type\":\"WebSite\",\"@id\":\"https:\\\/\\\/www.apfelpatient.de\\\/#website\",\"url\":\"https:\\\/\\\/www.apfelpatient.de\\\/\",\"name\":\"Apfelpatient\",\"description\":\"Alles rund um Apple!\",\"publisher\":{\"@type\":\"Organization\",\"@id\":\"https:\\\/\\\/www.apfelpatient.de\\\/en\\\/#organization\",\"name\":\"Apfelpatient\",\"url\":\"https:\\\/\\\/www.apfelpatient.de\\\/en\\\/\"},\"alternateName\":\"Apfelpatient\",\"potentialAction\":[{\"@type\":\"SearchAction\",\"target\":{\"@type\":\"EntryPoint\",\"urlTemplate\":\"https:\\\/\\\/www.apfelpatient.de\\\/?s={search_term_string}\"},\"query-input\":{\"@type\":\"PropertyValueSpecification\",\"valueRequired\":true,\"valueName\":\"search_term_string\"}}],\"inLanguage\":\"en-US\"},{\"@type\":[\"Person\",\"Organization\"],\"@id\":\"https:\\\/\\\/www.apfelpatient.de\\\/#\\\/schema\\\/person\\\/7dc56ad6c8e9824b76d2c08d4c140e13\",\"name\":\"Milan\",\"logo\":{\"@id\":\"https:\\\/\\\/www.apfelpatient.de\\\/#\\\/schema\\\/person\\\/image\\\/\"},\"description\":\"Hallo und herzlich willkommen auf meinem Technik-Blog! Als gro\u00dfer Apple-Fan berichte ich hier \u00fcber alles, was mit Apple zu tun hat: von den neuesten News und spannenden Ger\u00fcchten \u00fcber hilfreiche Tipps und Tricks bis hin zu ausf\u00fchrlichen Produkttests. Wenn du genauso technikbegeistert bist wie ich, bist du hier genau richtig!\",\"sameAs\":[\"https:\\\/\\\/www.facebook.com\\\/apfelpatientOfficial\",\"https:\\\/\\\/www.linkedin.com\\\/in\\\/milan-jovicic-42aa0231b\"],\"url\":\"https:\\\/\\\/www.apfelpatient.de\\\/en\\\/author\\\/apfeladmin\"}]}<\/script>\n<!-- \/ Yoast SEO Premium plugin. -->","yoast_head_json":{"title":"Leak: This is what the brand new iMac 2020 could look like Apfelpatient","description":"About a week ago, a rumor emerged that Apple would be introducing an iMac with a brand new design at WWDC 2020.","robots":{"index":"index","follow":"follow","max-snippet":"max-snippet:-1","max-image-preview":"max-image-preview:large","max-video-preview":"max-video-preview:-1"},"canonical":"https:\/\/www.apfelpatient.de\/en\/news\/leak-this-is-what-the-brand-new-imac-2020-could-look-like","og_locale":"en_US","og_type":"article","og_title":"Leak: So k\u00f6nnte der brandneue iMac 2020 aussehen","og_description":"Vor rund einer Woche wurde das Ger\u00fccht bekannt, wonach Apple im Rahmen der WWDC 2020 einen iMac in brandneuem Design vorstellen m\u00f6chte.","og_url":"https:\/\/www.apfelpatient.de\/en\/news\/leak-this-is-what-the-brand-new-imac-2020-could-look-like","og_site_name":"Apfelpatient","article_publisher":"https:\/\/www.facebook.com\/apfelpatientOfficial","article_author":"https:\/\/www.facebook.com\/apfelpatientOfficial","article_published_time":"2020-06-15T22:46:43+00:00","og_image":[{"width":1726,"height":1294,"url":"https:\/\/www.apfelpatient.de\/wp-content\/uploads\/2020\/06\/EaewR9GWAAYoYpn.jpeg","type":"image\/jpeg"}],"author":"Milan","twitter_card":"summary_large_image","twitter_description":"Vor rund einer Woche wurde das Ger\u00fccht bekannt, wonach Apple im Rahmen der WWDC 2020 einen iMac in brandneuem Design vorstellen m\u00f6chte.","twitter_misc":{"Written by":"Milan","Est. reading time":"1 minute"},"schema":{"@context":"https:\/\/schema.org","@graph":[{"@type":"NewsArticle","@id":"https:\/\/www.apfelpatient.de\/news\/leak-so-koennte-der-brandneue-imac-2020-aussehen#article","isPartOf":{"@id":"https:\/\/www.apfelpatient.de\/news\/leak-so-koennte-der-brandneue-imac-2020-aussehen"},"author":{"@type":"Organization","@id":"https:\/\/www.apfelpatient.de\/en\/#organization","name":"Apfelpatient","url":"https:\/\/www.apfelpatient.de\/en\/"},"headline":"Leak: So k\u00f6nnte der brandneue iMac 2020 aussehen","datePublished":"2020-06-15T22:46:43+00:00","mainEntityOfPage":{"@id":"https:\/\/www.apfelpatient.de\/news\/leak-so-koennte-der-brandneue-imac-2020-aussehen"},"wordCount":251,"publisher":{"@type":"Organization","@id":"https:\/\/www.apfelpatient.de\/en\/#organization","name":"Apfelpatient","url":"https:\/\/www.apfelpatient.de\/en\/"},"image":{"@id":"https:\/\/www.apfelpatient.de\/news\/leak-so-koennte-der-brandneue-imac-2020-aussehen#primaryimage"},"thumbnailUrl":"https:\/\/www.apfelpatient.de\/wp-content\/uploads\/2020\/06\/EaewR9GWAAYoYpn.jpeg","keywords":["iOS 14","Mac","WWDC","WWDC 2020"],"articleSection":"News","inLanguage":"en-US","copyrightYear":"2020","copyrightHolder":{"@id":"https:\/\/www.apfelpatient.de\/en\/#organization"}},{"@type":"WebPage","@id":"https:\/\/www.apfelpatient.de\/news\/leak-so-koennte-der-brandneue-imac-2020-aussehen","url":"https:\/\/www.apfelpatient.de\/news\/leak-so-koennte-der-brandneue-imac-2020-aussehen","name":"Leak: This is what the brand new iMac 2020 could look like Apfelpatient","isPartOf":{"@id":"https:\/\/www.apfelpatient.de\/#website"},"primaryImageOfPage":{"@id":"https:\/\/www.apfelpatient.de\/news\/leak-so-koennte-der-brandneue-imac-2020-aussehen#primaryimage"},"image":{"@id":"https:\/\/www.apfelpatient.de\/news\/leak-so-koennte-der-brandneue-imac-2020-aussehen#primaryimage"},"thumbnailUrl":"https:\/\/www.apfelpatient.de\/wp-content\/uploads\/2020\/06\/EaewR9GWAAYoYpn.jpeg","datePublished":"2020-06-15T22:46:43+00:00","description":"About a week ago, a rumor emerged that Apple would be introducing an iMac with a brand new design at WWDC 2020.","breadcrumb":{"@id":"https:\/\/www.apfelpatient.de\/news\/leak-so-koennte-der-brandneue-imac-2020-aussehen#breadcrumb"},"inLanguage":"en-US","potentialAction":[{"@type":"ReadAction","target":["https:\/\/www.apfelpatient.de\/news\/leak-so-koennte-der-brandneue-imac-2020-aussehen"]}]},{"@type":"ImageObject","inLanguage":"en-US","@id":"https:\/\/www.apfelpatient.de\/news\/leak-so-koennte-der-brandneue-imac-2020-aussehen#primaryimage","url":"https:\/\/www.apfelpatient.de\/wp-content\/uploads\/2020\/06\/EaewR9GWAAYoYpn.jpeg","contentUrl":"https:\/\/www.apfelpatient.de\/wp-content\/uploads\/2020\/06\/EaewR9GWAAYoYpn.jpeg","width":1726,"height":1294,"caption":"via iFinder"},{"@type":"BreadcrumbList","@id":"https:\/\/www.apfelpatient.de\/news\/leak-so-koennte-der-brandneue-imac-2020-aussehen#breadcrumb","itemListElement":[{"@type":"ListItem","position":1,"name":"Startseite","item":"https:\/\/www.apfelpatient.de\/"},{"@type":"ListItem","position":2,"name":"Leak: So k\u00f6nnte der brandneue iMac 2020 aussehen"}]},{"@type":"WebSite","@id":"https:\/\/www.apfelpatient.de\/#website","url":"https:\/\/www.apfelpatient.de\/","name":"apple patient","description":"Everything about Apple!","publisher":{"@type":"Organization","@id":"https:\/\/www.apfelpatient.de\/en\/#organization","name":"Apfelpatient","url":"https:\/\/www.apfelpatient.de\/en\/"},"alternateName":"Apfelpatient","potentialAction":[{"@type":"SearchAction","target":{"@type":"EntryPoint","urlTemplate":"https:\/\/www.apfelpatient.de\/?s={search_term_string}"},"query-input":{"@type":"PropertyValueSpecification","valueRequired":true,"valueName":"search_term_string"}}],"inLanguage":"en-US"},{"@type":["Person","Organization"],"@id":"https:\/\/www.apfelpatient.de\/#\/schema\/person\/7dc56ad6c8e9824b76d2c08d4c140e13","name":"Milan","logo":{"@id":"https:\/\/www.apfelpatient.de\/#\/schema\/person\/image\/"},"description":"Hello and welcome to my technology blog! As a big Apple fan, I report on everything to do with Apple: from the latest news and exciting rumors to helpful tips and tricks and detailed product tests. If you are as enthusiastic about technology as I am, you have come to the right place!","sameAs":["https:\/\/www.facebook.com\/apfelpatientOfficial","https:\/\/www.linkedin.com\/in\/milan-jovicic-42aa0231b"],"url":"https:\/\/www.apfelpatient.de\/en\/author\/apfeladmin"}]}},"_links":{"self":[{"href":"https:\/\/www.apfelpatient.de\/en\/wp-json\/wp\/v2\/posts\/12976","targetHints":{"allow":["GET"]}}],"collection":[{"href":"https:\/\/www.apfelpatient.de\/en\/wp-json\/wp\/v2\/posts"}],"about":[{"href":"https:\/\/www.apfelpatient.de\/en\/wp-json\/wp\/v2\/types\/post"}],"author":[{"embeddable":true,"href":"https:\/\/www.apfelpatient.de\/en\/wp-json\/wp\/v2\/users\/2"}],"replies":[{"embeddable":true,"href":"https:\/\/www.apfelpatient.de\/en\/wp-json\/wp\/v2\/comments?post=12976"}],"version-history":[{"count":0,"href":"https:\/\/www.apfelpatient.de\/en\/wp-json\/wp\/v2\/posts\/12976\/revisions"}],"wp:featuredmedia":[{"embeddable":true,"href":"https:\/\/www.apfelpatient.de\/en\/wp-json\/wp\/v2\/media\/12974"}],"wp:attachment":[{"href":"https:\/\/www.apfelpatient.de\/en\/wp-json\/wp\/v2\/media?parent=12976"}],"wp:term":[{"taxonomy":"category","embeddable":true,"href":"https:\/\/www.apfelpatient.de\/en\/wp-json\/wp\/v2\/categories?post=12976"},{"taxonomy":"post_tag","embeddable":true,"href":"https:\/\/www.apfelpatient.de\/en\/wp-json\/wp\/v2\/tags?post=12976"}],"curies":[{"name":"wp","href":"https:\/\/api.w.org\/{rel}","templated":true}]}}