{"id":12966,"date":"2020-06-15T21:26:16","date_gmt":"2020-06-15T19:26:16","guid":{"rendered":"https:\/\/www.apfelpatient.de\/?p=12966"},"modified":"2025-04-09T09:23:59","modified_gmt":"2025-04-09T07:23:59","slug":"apple-confirms-annual-apple-design-awards-more","status":"publish","type":"post","link":"https:\/\/www.apfelpatient.de\/en\/news\/apple-bestaetigt-alljaehrliche-apple-design-awards-mehr","title":{"rendered":"Apple confirms annual Apple Design Awards &amp; more"},"content":{"rendered":"<p class=\"has-drop-cap\"><strong>Apple today officially sent out invitations to the digital WWDC 2020 keynote and updated the Developer app in the App Store. The company also announced further details about the 1-on-1 Labs.<\/strong><\/p>\n\n\n\n<p>As part of today&#039;s updates, Cupertino has announced the annual Apple Design Awards for June 29. A post states:&nbsp;<\/p>\n\n\n\n<blockquote class=\"wp-block-quote is-layout-flow wp-block-quote-is-layout-flow\"><p>Apps and games created by millions of developers around the world have positively impacted people&#039;s daily lives. Join us in celebrating the developers who used their ingenuity, intelligence, and wit to build this year&#039;s Apple Design Award winners.<\/p><\/blockquote>\n\n\n\n<p>The company also announced further details regarding the 1-on-1 labs that are offered every year during WWDC week. They will also be held this year. The sessions will last between 10 and 55 minutes and will be conducted via a Webex audio call. Registered developers can submit requests and receive a confirmation by email. <span style=\"text-decoration: underline;\" class=\"ek-underline\">in addition<\/span>:<\/p>\n\n\n\n<h3 class=\"wp-block-heading\">iOS 14, iPadOS 14, tvOS 14, watchOS 7 and macOS 10.16 are coming<\/h3>\n\n\n\n\n\n\n\n<blockquote class=\"wp-block-quote is-layout-flow wp-block-quote-is-layout-flow\"><p>Requests for next-day appointments are accepted and can be made by members of the Apple Developer Program, Apple Developer Enterprise Program, or Swift Student Challenge winners. You can submit a request Monday from 3:30 p.m. to 6:00 p.m. and Tuesday through Thursday from 6:00 a.m. to 6:00 p.m. PDT.<\/p><p>Your appointment confirmation email will include the time and duration of your appointment (between 10 and 55 minutes, depending on the lab). It will also include a link to a Webex audio call where you can connect to an Apple technician and share your screen if you wish. Recordings are not allowed; be prepared to take notes. Please do not share any confidential information during your appointment.<\/p><\/blockquote>\n\n\n\n<p>Apple seems to be trying to hold the WWDC in full, as it does every year, even if it now has to be held entirely digitally. You can find out below what new features we can expect in iOS 14 and watchOS 7.<em> (Image: Apple)<\/em><\/p>\n\n\n\n<ul class=\"wp-block-list\"><li><a href=\"https:\/\/www.apfelpatient.de\/en\/generally\/wwdc-2020-everything-we-know-about-ios-14\" class=\"ek-link\"><span style=\"text-decoration: underline;\" class=\"ek-underline\">WWDC 2020: Everything we know about iOS 14<\/span><\/a><\/li><li><a href=\"https:\/\/www.apfelpatient.de\/en\/tips-tricks\/macbook-memoji-create-with-stickers-how-to-do-it\" class=\"ek-link\"><span style=\"text-decoration: underline;\" class=\"ek-underline\">Create Macbook Memoji with stickers \u2013 here&#039;s how<\/span><\/a><\/li><\/ul>\n\n\n\n<h6 class=\"wp-block-heading translation-block\" id=\"h-kennt-ihr-schon-unsere-amazon-storefront-dort-findet-ihr-eine-handverlesene-auswahl-von-diversen-produkten-f-r-euer-iphone-und-co-viel-spa-beim-st-bern\"><em>Have you already visited our Amazon Storefront? There you&#039;ll find a hand-picked selection of various products for your iPhone and other devices \u2013 <span class=\"has-inline-color has-vivid-red-color\"><a href=\"https:\/\/www.amazon.de\/shop\/apfelpatientofficial\" class=\"ek-link\" data-wpel-link=\"exclude\" rel=\"follow noopener\" target=\"_self\"><span style=\"text-decoration: underline\" class=\"ek-underline\">enjoy browsing<\/span><\/a> !<\/span><\/em><\/h6>\n\n\n\n\n\n<h6 class=\"wp-block-heading translation-block\" id=\"h-der-beitrag-enthalt-partnerlinks\">This post contains <a data-type=\"URL\" data-id=\"https:\/\/www.apfelpatient.de\/partnerprogramm\" href=\"https:\/\/www.apfelpatient.de\/en\/partner-program\" data-wpel-link=\"internal\" target=\"_self\">affiliate links<\/a>.<\/h6>","protected":false},"excerpt":{"rendered":"<p>Apple today officially sent out invitations to the digital WWDC 2020 keynote and updated the Developer app in the App Store.<\/p>","protected":false},"author":2,"featured_media":12873,"comment_status":"closed","ping_status":"closed","sticky":false,"template":"","format":"standard","meta":{"jnews-multi-image_gallery":[],"jnews_single_post":{"subtitle":"","format":"standard","video":"","gallery":"","source_name":"","source_url":"","via_name":"","via_url":"","override":[{"single_blog_custom":"","sidebar":"","second_sidebar":"","share_position":"","share_float_style":"","post_date_format":"","post_date_format_custom":"","post_reading_time_wpm":"","zoom_button_out_step":"1","zoom_button_in_step":"1","number_popup_post":"1"}],"image_override":[{"single_post_thumbnail_size":"","single_post_gallery_size":""}],"trending_post_position":"","trending_post_label":"","sponsored_post_label":"","sponsored_post_name":"","sponsored_post_url":"","sponsored_post_logo":"","sponsored_post_desc":""},"jnews_primary_category":{"id":"265"},"footnotes":""},"categories":[9],"tags":[6,3,203,320],"class_list":["post-12966","post","type-post","status-publish","format-standard","has-post-thumbnail","hentry","category-news","tag-app-store","tag-ios","tag-wwdc","tag-wwdc-2020"],"yoast_head":"<!-- This site is optimized with the Yoast SEO Premium plugin v27.5 (Yoast SEO v27.5) - https:\/\/yoast.com\/product\/yoast-seo-premium-wordpress\/ -->\n<title>Apple best\u00e4tigt allj\u00e4hrliche Apple Design Awards &amp; mehr Apfelpatient<\/title>\n<meta name=\"description\" content=\"Apple hat heute offiziell Einladungen zur digitalen WWDC 2020 Keynote verschickt und die Developer App im App Store aktualisiert.\" \/>\n<meta name=\"robots\" content=\"index, follow, max-snippet:-1, max-image-preview:large, max-video-preview:-1\" \/>\n<link rel=\"canonical\" href=\"https:\/\/www.apfelpatient.de\/en\/news\/apple-confirms-annual-apple-design-awards-more\" \/>\n<meta property=\"og:locale\" content=\"en_US\" \/>\n<meta property=\"og:type\" content=\"article\" \/>\n<meta property=\"og:title\" content=\"Apple best\u00e4tigt allj\u00e4hrliche Apple Design Awards &amp; mehr\" \/>\n<meta property=\"og:description\" content=\"Apple hat heute offiziell Einladungen zur digitalen WWDC 2020 Keynote verschickt und die Developer App im App Store aktualisiert.\" \/>\n<meta property=\"og:url\" content=\"https:\/\/www.apfelpatient.de\/en\/news\/apple-confirms-annual-apple-design-awards-more\" \/>\n<meta property=\"og:site_name\" content=\"Apfelpatient\" \/>\n<meta property=\"article:publisher\" content=\"https:\/\/www.facebook.com\/apfelpatientOfficial\" \/>\n<meta property=\"article:author\" content=\"https:\/\/www.facebook.com\/apfelpatientOfficial\" \/>\n<meta property=\"article:published_time\" content=\"2020-06-15T19:26:16+00:00\" \/>\n<meta property=\"article:modified_time\" content=\"2025-04-09T07:23:59+00:00\" \/>\n<meta property=\"og:image\" content=\"https:\/\/www.apfelpatient.de\/wp-content\/uploads\/2020\/06\/Apple_details-for-WWDC2020_06022020.jpg\" \/>\n\t<meta property=\"og:image:width\" content=\"1960\" \/>\n\t<meta property=\"og:image:height\" content=\"1104\" \/>\n\t<meta property=\"og:image:type\" content=\"image\/jpeg\" \/>\n<meta name=\"author\" content=\"Milan\" \/>\n<meta name=\"twitter:card\" content=\"summary_large_image\" \/>\n<meta name=\"twitter:description\" content=\"Apple hat heute offiziell Einladungen zur digitalen WWDC 2020 Keynote verschickt und die Developer App im App Store aktualisiert.\" \/>\n<meta name=\"twitter:label1\" content=\"Written by\" \/>\n\t<meta name=\"twitter:data1\" content=\"Milan\" \/>\n\t<meta name=\"twitter:label2\" content=\"Est. reading time\" \/>\n\t<meta name=\"twitter:data2\" content=\"2 minutes\" \/>\n<script type=\"application\/ld+json\" class=\"yoast-schema-graph\">{\"@context\":\"https:\\\/\\\/schema.org\",\"@graph\":[{\"@type\":\"NewsArticle\",\"@id\":\"https:\\\/\\\/www.apfelpatient.de\\\/news\\\/apple-bestaetigt-alljaehrliche-apple-design-awards-mehr#article\",\"isPartOf\":{\"@id\":\"https:\\\/\\\/www.apfelpatient.de\\\/news\\\/apple-bestaetigt-alljaehrliche-apple-design-awards-mehr\"},\"author\":{\"@type\":\"Organization\",\"@id\":\"https:\\\/\\\/www.apfelpatient.de\\\/en\\\/#organization\",\"name\":\"Apfelpatient\",\"url\":\"https:\\\/\\\/www.apfelpatient.de\\\/en\\\/\"},\"headline\":\"Apple best\u00e4tigt allj\u00e4hrliche Apple Design Awards &#038; mehr\",\"datePublished\":\"2020-06-15T19:26:16+00:00\",\"dateModified\":\"2025-04-09T07:23:59+00:00\",\"mainEntityOfPage\":{\"@id\":\"https:\\\/\\\/www.apfelpatient.de\\\/news\\\/apple-bestaetigt-alljaehrliche-apple-design-awards-mehr\"},\"wordCount\":369,\"publisher\":{\"@type\":\"Organization\",\"@id\":\"https:\\\/\\\/www.apfelpatient.de\\\/en\\\/#organization\",\"name\":\"Apfelpatient\",\"url\":\"https:\\\/\\\/www.apfelpatient.de\\\/en\\\/\"},\"image\":{\"@id\":\"https:\\\/\\\/www.apfelpatient.de\\\/news\\\/apple-bestaetigt-alljaehrliche-apple-design-awards-mehr#primaryimage\"},\"thumbnailUrl\":\"https:\\\/\\\/www.apfelpatient.de\\\/wp-content\\\/uploads\\\/2020\\\/06\\\/Apple_details-for-WWDC2020_06022020.jpg\",\"keywords\":[\"App Store\",\"iOS\",\"WWDC\",\"WWDC 2020\"],\"articleSection\":\"News\",\"inLanguage\":\"en-US\",\"copyrightYear\":\"2020\",\"copyrightHolder\":{\"@id\":\"https:\\\/\\\/www.apfelpatient.de\\\/en\\\/#organization\"}},{\"@type\":\"WebPage\",\"@id\":\"https:\\\/\\\/www.apfelpatient.de\\\/news\\\/apple-bestaetigt-alljaehrliche-apple-design-awards-mehr\",\"url\":\"https:\\\/\\\/www.apfelpatient.de\\\/news\\\/apple-bestaetigt-alljaehrliche-apple-design-awards-mehr\",\"name\":\"Apple best\u00e4tigt allj\u00e4hrliche Apple Design Awards & mehr Apfelpatient\",\"isPartOf\":{\"@id\":\"https:\\\/\\\/www.apfelpatient.de\\\/#website\"},\"primaryImageOfPage\":{\"@id\":\"https:\\\/\\\/www.apfelpatient.de\\\/news\\\/apple-bestaetigt-alljaehrliche-apple-design-awards-mehr#primaryimage\"},\"image\":{\"@id\":\"https:\\\/\\\/www.apfelpatient.de\\\/news\\\/apple-bestaetigt-alljaehrliche-apple-design-awards-mehr#primaryimage\"},\"thumbnailUrl\":\"https:\\\/\\\/www.apfelpatient.de\\\/wp-content\\\/uploads\\\/2020\\\/06\\\/Apple_details-for-WWDC2020_06022020.jpg\",\"datePublished\":\"2020-06-15T19:26:16+00:00\",\"dateModified\":\"2025-04-09T07:23:59+00:00\",\"description\":\"Apple hat heute offiziell Einladungen zur digitalen WWDC 2020 Keynote verschickt und die Developer App im App Store aktualisiert.\",\"breadcrumb\":{\"@id\":\"https:\\\/\\\/www.apfelpatient.de\\\/news\\\/apple-bestaetigt-alljaehrliche-apple-design-awards-mehr#breadcrumb\"},\"inLanguage\":\"en-US\",\"potentialAction\":[{\"@type\":\"ReadAction\",\"target\":[\"https:\\\/\\\/www.apfelpatient.de\\\/news\\\/apple-bestaetigt-alljaehrliche-apple-design-awards-mehr\"]}]},{\"@type\":\"ImageObject\",\"inLanguage\":\"en-US\",\"@id\":\"https:\\\/\\\/www.apfelpatient.de\\\/news\\\/apple-bestaetigt-alljaehrliche-apple-design-awards-mehr#primaryimage\",\"url\":\"https:\\\/\\\/www.apfelpatient.de\\\/wp-content\\\/uploads\\\/2020\\\/06\\\/Apple_details-for-WWDC2020_06022020.jpg\",\"contentUrl\":\"https:\\\/\\\/www.apfelpatient.de\\\/wp-content\\\/uploads\\\/2020\\\/06\\\/Apple_details-for-WWDC2020_06022020.jpg\",\"width\":1960,\"height\":1104,\"caption\":\"Bild: Apple\"},{\"@type\":\"BreadcrumbList\",\"@id\":\"https:\\\/\\\/www.apfelpatient.de\\\/news\\\/apple-bestaetigt-alljaehrliche-apple-design-awards-mehr#breadcrumb\",\"itemListElement\":[{\"@type\":\"ListItem\",\"position\":1,\"name\":\"Startseite\",\"item\":\"https:\\\/\\\/www.apfelpatient.de\\\/\"},{\"@type\":\"ListItem\",\"position\":2,\"name\":\"Apple best\u00e4tigt allj\u00e4hrliche Apple Design Awards &#038; mehr\"}]},{\"@type\":\"WebSite\",\"@id\":\"https:\\\/\\\/www.apfelpatient.de\\\/#website\",\"url\":\"https:\\\/\\\/www.apfelpatient.de\\\/\",\"name\":\"Apfelpatient\",\"description\":\"Alles rund um Apple!\",\"publisher\":{\"@type\":\"Organization\",\"@id\":\"https:\\\/\\\/www.apfelpatient.de\\\/en\\\/#organization\",\"name\":\"Apfelpatient\",\"url\":\"https:\\\/\\\/www.apfelpatient.de\\\/en\\\/\"},\"alternateName\":\"Apfelpatient\",\"potentialAction\":[{\"@type\":\"SearchAction\",\"target\":{\"@type\":\"EntryPoint\",\"urlTemplate\":\"https:\\\/\\\/www.apfelpatient.de\\\/?s={search_term_string}\"},\"query-input\":{\"@type\":\"PropertyValueSpecification\",\"valueRequired\":true,\"valueName\":\"search_term_string\"}}],\"inLanguage\":\"en-US\"},{\"@type\":[\"Person\",\"Organization\"],\"@id\":\"https:\\\/\\\/www.apfelpatient.de\\\/#\\\/schema\\\/person\\\/7dc56ad6c8e9824b76d2c08d4c140e13\",\"name\":\"Milan\",\"logo\":{\"@id\":\"https:\\\/\\\/www.apfelpatient.de\\\/#\\\/schema\\\/person\\\/image\\\/\"},\"description\":\"Hallo und herzlich willkommen auf meinem Technik-Blog! Als gro\u00dfer Apple-Fan berichte ich hier \u00fcber alles, was mit Apple zu tun hat: von den neuesten News und spannenden Ger\u00fcchten \u00fcber hilfreiche Tipps und Tricks bis hin zu ausf\u00fchrlichen Produkttests. Wenn du genauso technikbegeistert bist wie ich, bist du hier genau richtig!\",\"sameAs\":[\"https:\\\/\\\/www.facebook.com\\\/apfelpatientOfficial\",\"https:\\\/\\\/www.linkedin.com\\\/in\\\/milan-jovicic-42aa0231b\"],\"url\":\"https:\\\/\\\/www.apfelpatient.de\\\/en\\\/author\\\/apfeladmin\"}]}<\/script>\n<!-- \/ Yoast SEO Premium plugin. -->","yoast_head_json":{"title":"Apple confirms annual Apple Design Awards &amp; more Apfelpatient","description":"Apple today officially sent out invitations to the digital WWDC 2020 keynote and updated the Developer app in the App Store.","robots":{"index":"index","follow":"follow","max-snippet":"max-snippet:-1","max-image-preview":"max-image-preview:large","max-video-preview":"max-video-preview:-1"},"canonical":"https:\/\/www.apfelpatient.de\/en\/news\/apple-confirms-annual-apple-design-awards-more","og_locale":"en_US","og_type":"article","og_title":"Apple best\u00e4tigt allj\u00e4hrliche Apple Design Awards & mehr","og_description":"Apple hat heute offiziell Einladungen zur digitalen WWDC 2020 Keynote verschickt und die Developer App im App Store aktualisiert.","og_url":"https:\/\/www.apfelpatient.de\/en\/news\/apple-confirms-annual-apple-design-awards-more","og_site_name":"Apfelpatient","article_publisher":"https:\/\/www.facebook.com\/apfelpatientOfficial","article_author":"https:\/\/www.facebook.com\/apfelpatientOfficial","article_published_time":"2020-06-15T19:26:16+00:00","article_modified_time":"2025-04-09T07:23:59+00:00","og_image":[{"width":1960,"height":1104,"url":"https:\/\/www.apfelpatient.de\/wp-content\/uploads\/2020\/06\/Apple_details-for-WWDC2020_06022020.jpg","type":"image\/jpeg"}],"author":"Milan","twitter_card":"summary_large_image","twitter_description":"Apple hat heute offiziell Einladungen zur digitalen WWDC 2020 Keynote verschickt und die Developer App im App Store aktualisiert.","twitter_misc":{"Written by":"Milan","Est. reading time":"2 minutes"},"schema":{"@context":"https:\/\/schema.org","@graph":[{"@type":"NewsArticle","@id":"https:\/\/www.apfelpatient.de\/news\/apple-bestaetigt-alljaehrliche-apple-design-awards-mehr#article","isPartOf":{"@id":"https:\/\/www.apfelpatient.de\/news\/apple-bestaetigt-alljaehrliche-apple-design-awards-mehr"},"author":{"@type":"Organization","@id":"https:\/\/www.apfelpatient.de\/en\/#organization","name":"Apfelpatient","url":"https:\/\/www.apfelpatient.de\/en\/"},"headline":"Apple best\u00e4tigt allj\u00e4hrliche Apple Design Awards &#038; mehr","datePublished":"2020-06-15T19:26:16+00:00","dateModified":"2025-04-09T07:23:59+00:00","mainEntityOfPage":{"@id":"https:\/\/www.apfelpatient.de\/news\/apple-bestaetigt-alljaehrliche-apple-design-awards-mehr"},"wordCount":369,"publisher":{"@type":"Organization","@id":"https:\/\/www.apfelpatient.de\/en\/#organization","name":"Apfelpatient","url":"https:\/\/www.apfelpatient.de\/en\/"},"image":{"@id":"https:\/\/www.apfelpatient.de\/news\/apple-bestaetigt-alljaehrliche-apple-design-awards-mehr#primaryimage"},"thumbnailUrl":"https:\/\/www.apfelpatient.de\/wp-content\/uploads\/2020\/06\/Apple_details-for-WWDC2020_06022020.jpg","keywords":["App Store","iOS","WWDC","WWDC 2020"],"articleSection":"News","inLanguage":"en-US","copyrightYear":"2020","copyrightHolder":{"@id":"https:\/\/www.apfelpatient.de\/en\/#organization"}},{"@type":"WebPage","@id":"https:\/\/www.apfelpatient.de\/news\/apple-bestaetigt-alljaehrliche-apple-design-awards-mehr","url":"https:\/\/www.apfelpatient.de\/news\/apple-bestaetigt-alljaehrliche-apple-design-awards-mehr","name":"Apple confirms annual Apple Design Awards &amp; more Apfelpatient","isPartOf":{"@id":"https:\/\/www.apfelpatient.de\/#website"},"primaryImageOfPage":{"@id":"https:\/\/www.apfelpatient.de\/news\/apple-bestaetigt-alljaehrliche-apple-design-awards-mehr#primaryimage"},"image":{"@id":"https:\/\/www.apfelpatient.de\/news\/apple-bestaetigt-alljaehrliche-apple-design-awards-mehr#primaryimage"},"thumbnailUrl":"https:\/\/www.apfelpatient.de\/wp-content\/uploads\/2020\/06\/Apple_details-for-WWDC2020_06022020.jpg","datePublished":"2020-06-15T19:26:16+00:00","dateModified":"2025-04-09T07:23:59+00:00","description":"Apple today officially sent out invitations to the digital WWDC 2020 keynote and updated the Developer app in the App Store.","breadcrumb":{"@id":"https:\/\/www.apfelpatient.de\/news\/apple-bestaetigt-alljaehrliche-apple-design-awards-mehr#breadcrumb"},"inLanguage":"en-US","potentialAction":[{"@type":"ReadAction","target":["https:\/\/www.apfelpatient.de\/news\/apple-bestaetigt-alljaehrliche-apple-design-awards-mehr"]}]},{"@type":"ImageObject","inLanguage":"en-US","@id":"https:\/\/www.apfelpatient.de\/news\/apple-bestaetigt-alljaehrliche-apple-design-awards-mehr#primaryimage","url":"https:\/\/www.apfelpatient.de\/wp-content\/uploads\/2020\/06\/Apple_details-for-WWDC2020_06022020.jpg","contentUrl":"https:\/\/www.apfelpatient.de\/wp-content\/uploads\/2020\/06\/Apple_details-for-WWDC2020_06022020.jpg","width":1960,"height":1104,"caption":"Bild: Apple"},{"@type":"BreadcrumbList","@id":"https:\/\/www.apfelpatient.de\/news\/apple-bestaetigt-alljaehrliche-apple-design-awards-mehr#breadcrumb","itemListElement":[{"@type":"ListItem","position":1,"name":"Startseite","item":"https:\/\/www.apfelpatient.de\/"},{"@type":"ListItem","position":2,"name":"Apple best\u00e4tigt allj\u00e4hrliche Apple Design Awards &#038; mehr"}]},{"@type":"WebSite","@id":"https:\/\/www.apfelpatient.de\/#website","url":"https:\/\/www.apfelpatient.de\/","name":"apple patient","description":"Everything about Apple!","publisher":{"@type":"Organization","@id":"https:\/\/www.apfelpatient.de\/en\/#organization","name":"Apfelpatient","url":"https:\/\/www.apfelpatient.de\/en\/"},"alternateName":"Apfelpatient","potentialAction":[{"@type":"SearchAction","target":{"@type":"EntryPoint","urlTemplate":"https:\/\/www.apfelpatient.de\/?s={search_term_string}"},"query-input":{"@type":"PropertyValueSpecification","valueRequired":true,"valueName":"search_term_string"}}],"inLanguage":"en-US"},{"@type":["Person","Organization"],"@id":"https:\/\/www.apfelpatient.de\/#\/schema\/person\/7dc56ad6c8e9824b76d2c08d4c140e13","name":"Milan","logo":{"@id":"https:\/\/www.apfelpatient.de\/#\/schema\/person\/image\/"},"description":"Hello and welcome to my technology blog! As a big Apple fan, I report on everything to do with Apple: from the latest news and exciting rumors to helpful tips and tricks and detailed product tests. If you are as enthusiastic about technology as I am, you have come to the right place!","sameAs":["https:\/\/www.facebook.com\/apfelpatientOfficial","https:\/\/www.linkedin.com\/in\/milan-jovicic-42aa0231b"],"url":"https:\/\/www.apfelpatient.de\/en\/author\/apfeladmin"}]}},"_links":{"self":[{"href":"https:\/\/www.apfelpatient.de\/en\/wp-json\/wp\/v2\/posts\/12966","targetHints":{"allow":["GET"]}}],"collection":[{"href":"https:\/\/www.apfelpatient.de\/en\/wp-json\/wp\/v2\/posts"}],"about":[{"href":"https:\/\/www.apfelpatient.de\/en\/wp-json\/wp\/v2\/types\/post"}],"author":[{"embeddable":true,"href":"https:\/\/www.apfelpatient.de\/en\/wp-json\/wp\/v2\/users\/2"}],"replies":[{"embeddable":true,"href":"https:\/\/www.apfelpatient.de\/en\/wp-json\/wp\/v2\/comments?post=12966"}],"version-history":[{"count":0,"href":"https:\/\/www.apfelpatient.de\/en\/wp-json\/wp\/v2\/posts\/12966\/revisions"}],"wp:featuredmedia":[{"embeddable":true,"href":"https:\/\/www.apfelpatient.de\/en\/wp-json\/wp\/v2\/media\/12873"}],"wp:attachment":[{"href":"https:\/\/www.apfelpatient.de\/en\/wp-json\/wp\/v2\/media?parent=12966"}],"wp:term":[{"taxonomy":"category","embeddable":true,"href":"https:\/\/www.apfelpatient.de\/en\/wp-json\/wp\/v2\/categories?post=12966"},{"taxonomy":"post_tag","embeddable":true,"href":"https:\/\/www.apfelpatient.de\/en\/wp-json\/wp\/v2\/tags?post=12966"}],"curies":[{"name":"wp","href":"https:\/\/api.w.org\/{rel}","templated":true}]}}