{"id":1295,"date":"2018-07-26T13:50:30","date_gmt":"2018-07-26T11:50:30","guid":{"rendered":"https:\/\/www.apfelpatient.de\/?p=1295"},"modified":"2025-02-06T07:04:37","modified_gmt":"2025-02-06T06:04:37","slug":"the-lcd-iphone-comes-later","status":"publish","type":"post","link":"https:\/\/www.apfelpatient.de\/en\/rumors\/kommt-das-lcd-iphone-spaeter","title":{"rendered":"Will the LCD iPhone come later?"},"content":{"rendered":"<p><strong>According to rumors, the 6.1&quot; device will be the successor to the iPhone 8 and will be the new entry-level model. In addition, two OLED devices, each measuring 5.8&quot; and 6.5&quot;, will most likely be released, Apple&#039;s flagship.<\/strong><\/p>\n<p>Due to problems with the backlight, the LCD iPhone will not be available until October, writes the well-informed analyst Katy Huberty, from the Morgan Stanley bank, in her <a rel=\"nofollow\" href=\"https:\/\/www.barrons.com\/articles\/apple-the-quant-view-shows-a-weak-september-1532463945\">recent report<\/a> to investors.<\/p>\n<p><em>&quot;We currently see no delay in the run-up to Apple&#039;s upcoming flagship OLED iPhones,&quot; said the analyst. &quot;However, suspected problems with the LED backlight have led to a one-month delay in mass production of the 6.1-inch LCD iPhone.&quot; The original forecast had been as high as six weeks.<\/em><\/p>\n<p>This delay could have a negative impact on Apple&#039;s fourth fiscal quarter, which ends in September.<\/p>\n<p>&nbsp;<\/p>\n<h6 class=\"entry-title\"><a href=\"https:\/\/www.apfelpatient.de\/en\">Rumor: Colorful, More Colorful \u2013 iPhones 2018<\/a><\/h6>","protected":false},"excerpt":{"rendered":"<p>Den Ger\u00fcchten zufolge soll das 6.1\u201c Ger\u00e4t die Nachfolge des iPhone 8 einnehmen und das neue Einsteiger-Modell darstellen. Zus\u00e4tzlich werden h\u00f6chstwahrscheinlich zwei OLED Ger\u00e4te mit je 5.8\u201c und 6.5\u201c erscheinen, Apples Flagschiff. Wegen Problemen mit der Hintergrundbeleuchtung soll das LCD-iPhone erst ab Oktober erh\u00e4ltlich sein, dass schreibt die gut informierte Analystin Katy Huberty, vom Bankhaus [&hellip;]<\/p>\n","protected":false},"author":2,"featured_media":1297,"comment_status":"open","ping_status":"open","sticky":false,"template":"","format":"standard","meta":{"jnews-multi-image_gallery":[],"jnews_single_post":{"subtitle":"","format":"standard","video":"","gallery":"","source_name":"","source_url":"","via_name":"","via_url":"","override_template":"0","override":[{"template":"4","single_blog_custom":"","parallax":"1","fullscreen":"1","layout":"right-sidebar","sidebar":"default-sidebar","second_sidebar":"default-sidebar","sticky_sidebar":"1","share_position":"top","share_float_style":"share-monocrhome","show_share_counter":"0","show_view_counter":"0","show_featured":"1","show_post_meta":"1","show_post_author":"1","show_post_author_image":"1","show_post_date":"1","post_date_format":"default","post_date_format_custom":"Y\/m\/d","show_post_category":"1","show_post_reading_time":"0","post_reading_time_wpm":"300","show_zoom_button":"0","zoom_button_out_step":"2","zoom_button_in_step":"3","show_post_tag":"1","show_prev_next_post":"1","show_popup_post":"1","number_popup_post":"1","show_author_box":"0","show_post_related":"0","show_inline_post_related":"0"}],"override_image_size":"0","image_override":[{"single_post_thumbnail_size":"crop-500","single_post_gallery_size":"crop-500"}],"trending_post":"0","trending_post_position":"meta","trending_post_label":"Trending","sponsored_post":"0","sponsored_post_label":"Sponsored by","sponsored_post_name":"","sponsored_post_url":"","sponsored_post_logo_enable":"0","sponsored_post_logo":"","sponsored_post_desc":"","disable_ad":"0"},"jnews_primary_category":{"id":"","hide":""},"footnotes":""},"categories":[25],"tags":[8,62],"class_list":["post-1295","post","type-post","status-publish","format-standard","has-post-thumbnail","hentry","category-rumors","tag-iphone","tag-iphone-2018"],"yoast_head":"<!-- This site is optimized with the Yoast SEO Premium plugin v27.5 (Yoast SEO v27.5) - https:\/\/yoast.com\/product\/yoast-seo-premium-wordpress\/ -->\n<title>Kommt das LCD-iPhone sp\u00e4ter? Apfelpatient<\/title>\n<meta name=\"description\" content=\"Den Ger\u00fcchten zufolge soll das 6.1\u201c Ger\u00e4t die Nachfolge des iPhone 8 einnehmen und das neue Einsteiger-Modell darstellen. Zus\u00e4tzlich werden\" \/>\n<meta name=\"robots\" content=\"index, follow, max-snippet:-1, max-image-preview:large, max-video-preview:-1\" \/>\n<link rel=\"canonical\" href=\"https:\/\/www.apfelpatient.de\/en\/rumors\/the-lcd-iphone-comes-later\" \/>\n<meta property=\"og:locale\" content=\"en_US\" \/>\n<meta property=\"og:type\" content=\"article\" \/>\n<meta property=\"og:title\" content=\"Kommt das LCD-iPhone sp\u00e4ter?\" \/>\n<meta property=\"og:description\" content=\"Den Ger\u00fcchten zufolge soll das 6.1\u201c Ger\u00e4t die Nachfolge des iPhone 8 einnehmen und das neue Einsteiger-Modell darstellen. Zus\u00e4tzlich werden\" \/>\n<meta property=\"og:url\" content=\"https:\/\/www.apfelpatient.de\/en\/rumors\/the-lcd-iphone-comes-later\" \/>\n<meta property=\"og:site_name\" content=\"Apfelpatient\" \/>\n<meta property=\"article:publisher\" content=\"https:\/\/www.facebook.com\/apfelpatientOfficial\" \/>\n<meta property=\"article:author\" content=\"https:\/\/www.facebook.com\/apfelpatientOfficial\" \/>\n<meta property=\"article:published_time\" content=\"2018-07-26T11:50:30+00:00\" \/>\n<meta property=\"article:modified_time\" content=\"2025-02-06T06:04:37+00:00\" \/>\n<meta property=\"og:image\" content=\"https:\/\/www.apfelpatient.de\/wp-content\/uploads\/2018\/07\/iphonex-front-crop-top-corner-splash.jpg\" \/>\n\t<meta property=\"og:image:width\" content=\"1142\" \/>\n\t<meta property=\"og:image:height\" content=\"695\" \/>\n\t<meta property=\"og:image:type\" content=\"image\/jpeg\" \/>\n<meta name=\"author\" content=\"Milan\" \/>\n<meta name=\"twitter:card\" content=\"summary_large_image\" \/>\n<meta name=\"twitter:label1\" content=\"Written by\" \/>\n\t<meta name=\"twitter:data1\" content=\"Milan\" \/>\n\t<meta name=\"twitter:label2\" content=\"Est. reading time\" \/>\n\t<meta name=\"twitter:data2\" content=\"1 minute\" \/>\n<script type=\"application\/ld+json\" class=\"yoast-schema-graph\">{\"@context\":\"https:\\\/\\\/schema.org\",\"@graph\":[{\"@type\":\"NewsArticle\",\"@id\":\"https:\\\/\\\/www.apfelpatient.de\\\/rumors\\\/kommt-das-lcd-iphone-spaeter#article\",\"isPartOf\":{\"@id\":\"https:\\\/\\\/www.apfelpatient.de\\\/rumors\\\/kommt-das-lcd-iphone-spaeter\"},\"author\":{\"@type\":\"Organization\",\"@id\":\"https:\\\/\\\/www.apfelpatient.de\\\/en\\\/#organization\",\"name\":\"Apfelpatient\",\"url\":\"https:\\\/\\\/www.apfelpatient.de\\\/en\\\/\"},\"headline\":\"Kommt das LCD-iPhone sp\u00e4ter?\",\"datePublished\":\"2018-07-26T11:50:30+00:00\",\"dateModified\":\"2025-02-06T06:04:37+00:00\",\"mainEntityOfPage\":{\"@id\":\"https:\\\/\\\/www.apfelpatient.de\\\/rumors\\\/kommt-das-lcd-iphone-spaeter\"},\"wordCount\":137,\"commentCount\":0,\"publisher\":{\"@type\":\"Organization\",\"@id\":\"https:\\\/\\\/www.apfelpatient.de\\\/en\\\/#organization\",\"name\":\"Apfelpatient\",\"url\":\"https:\\\/\\\/www.apfelpatient.de\\\/en\\\/\"},\"image\":{\"@id\":\"https:\\\/\\\/www.apfelpatient.de\\\/rumors\\\/kommt-das-lcd-iphone-spaeter#primaryimage\"},\"thumbnailUrl\":\"https:\\\/\\\/www.apfelpatient.de\\\/wp-content\\\/uploads\\\/2018\\\/07\\\/iphonex-front-crop-top-corner-splash.jpg\",\"keywords\":[\"iPhone\",\"iPhone 2018\"],\"articleSection\":\"Rumors\",\"inLanguage\":\"en-US\",\"potentialAction\":[{\"@type\":\"CommentAction\",\"name\":\"Comment\",\"target\":[\"https:\\\/\\\/www.apfelpatient.de\\\/rumors\\\/kommt-das-lcd-iphone-spaeter#respond\"]}],\"copyrightYear\":\"2018\",\"copyrightHolder\":{\"@id\":\"https:\\\/\\\/www.apfelpatient.de\\\/en\\\/#organization\"}},{\"@type\":\"WebPage\",\"@id\":\"https:\\\/\\\/www.apfelpatient.de\\\/rumors\\\/kommt-das-lcd-iphone-spaeter\",\"url\":\"https:\\\/\\\/www.apfelpatient.de\\\/rumors\\\/kommt-das-lcd-iphone-spaeter\",\"name\":\"Kommt das LCD-iPhone sp\u00e4ter? Apfelpatient\",\"isPartOf\":{\"@id\":\"https:\\\/\\\/www.apfelpatient.de\\\/#website\"},\"primaryImageOfPage\":{\"@id\":\"https:\\\/\\\/www.apfelpatient.de\\\/rumors\\\/kommt-das-lcd-iphone-spaeter#primaryimage\"},\"image\":{\"@id\":\"https:\\\/\\\/www.apfelpatient.de\\\/rumors\\\/kommt-das-lcd-iphone-spaeter#primaryimage\"},\"thumbnailUrl\":\"https:\\\/\\\/www.apfelpatient.de\\\/wp-content\\\/uploads\\\/2018\\\/07\\\/iphonex-front-crop-top-corner-splash.jpg\",\"datePublished\":\"2018-07-26T11:50:30+00:00\",\"dateModified\":\"2025-02-06T06:04:37+00:00\",\"description\":\"Den Ger\u00fcchten zufolge soll das 6.1\u201c Ger\u00e4t die Nachfolge des iPhone 8 einnehmen und das neue Einsteiger-Modell darstellen. Zus\u00e4tzlich werden\",\"breadcrumb\":{\"@id\":\"https:\\\/\\\/www.apfelpatient.de\\\/rumors\\\/kommt-das-lcd-iphone-spaeter#breadcrumb\"},\"inLanguage\":\"en-US\",\"potentialAction\":[{\"@type\":\"ReadAction\",\"target\":[\"https:\\\/\\\/www.apfelpatient.de\\\/rumors\\\/kommt-das-lcd-iphone-spaeter\"]}]},{\"@type\":\"ImageObject\",\"inLanguage\":\"en-US\",\"@id\":\"https:\\\/\\\/www.apfelpatient.de\\\/rumors\\\/kommt-das-lcd-iphone-spaeter#primaryimage\",\"url\":\"https:\\\/\\\/www.apfelpatient.de\\\/wp-content\\\/uploads\\\/2018\\\/07\\\/iphonex-front-crop-top-corner-splash.jpg\",\"contentUrl\":\"https:\\\/\\\/www.apfelpatient.de\\\/wp-content\\\/uploads\\\/2018\\\/07\\\/iphonex-front-crop-top-corner-splash.jpg\",\"width\":1142,\"height\":695,\"caption\":\"Bild: Apple\"},{\"@type\":\"BreadcrumbList\",\"@id\":\"https:\\\/\\\/www.apfelpatient.de\\\/rumors\\\/kommt-das-lcd-iphone-spaeter#breadcrumb\",\"itemListElement\":[{\"@type\":\"ListItem\",\"position\":1,\"name\":\"Startseite\",\"item\":\"https:\\\/\\\/www.apfelpatient.de\\\/\"},{\"@type\":\"ListItem\",\"position\":2,\"name\":\"Kommt das LCD-iPhone sp\u00e4ter?\"}]},{\"@type\":\"WebSite\",\"@id\":\"https:\\\/\\\/www.apfelpatient.de\\\/#website\",\"url\":\"https:\\\/\\\/www.apfelpatient.de\\\/\",\"name\":\"Apfelpatient\",\"description\":\"Alles rund um Apple!\",\"publisher\":{\"@type\":\"Organization\",\"@id\":\"https:\\\/\\\/www.apfelpatient.de\\\/en\\\/#organization\",\"name\":\"Apfelpatient\",\"url\":\"https:\\\/\\\/www.apfelpatient.de\\\/en\\\/\"},\"alternateName\":\"Apfelpatient\",\"potentialAction\":[{\"@type\":\"SearchAction\",\"target\":{\"@type\":\"EntryPoint\",\"urlTemplate\":\"https:\\\/\\\/www.apfelpatient.de\\\/?s={search_term_string}\"},\"query-input\":{\"@type\":\"PropertyValueSpecification\",\"valueRequired\":true,\"valueName\":\"search_term_string\"}}],\"inLanguage\":\"en-US\"},{\"@type\":[\"Person\",\"Organization\"],\"@id\":\"https:\\\/\\\/www.apfelpatient.de\\\/#\\\/schema\\\/person\\\/7dc56ad6c8e9824b76d2c08d4c140e13\",\"name\":\"Milan\",\"logo\":{\"@id\":\"https:\\\/\\\/www.apfelpatient.de\\\/#\\\/schema\\\/person\\\/image\\\/\"},\"description\":\"Hallo und herzlich willkommen auf meinem Technik-Blog! Als gro\u00dfer Apple-Fan berichte ich hier \u00fcber alles, was mit Apple zu tun hat: von den neuesten News und spannenden Ger\u00fcchten \u00fcber hilfreiche Tipps und Tricks bis hin zu ausf\u00fchrlichen Produkttests. Wenn du genauso technikbegeistert bist wie ich, bist du hier genau richtig!\",\"sameAs\":[\"https:\\\/\\\/www.facebook.com\\\/apfelpatientOfficial\",\"https:\\\/\\\/www.linkedin.com\\\/in\\\/milan-jovicic-42aa0231b\"],\"url\":\"https:\\\/\\\/www.apfelpatient.de\\\/en\\\/author\\\/apfeladmin\"}]}<\/script>\n<!-- \/ Yoast SEO Premium plugin. -->","yoast_head_json":{"title":"Will the LCD iPhone come later? Apfelpatient","description":"According to rumors, the 6.1&quot; device will be the successor to the iPhone 8 and will be the new entry-level model. In addition,","robots":{"index":"index","follow":"follow","max-snippet":"max-snippet:-1","max-image-preview":"max-image-preview:large","max-video-preview":"max-video-preview:-1"},"canonical":"https:\/\/www.apfelpatient.de\/en\/rumors\/the-lcd-iphone-comes-later","og_locale":"en_US","og_type":"article","og_title":"Kommt das LCD-iPhone sp\u00e4ter?","og_description":"Den Ger\u00fcchten zufolge soll das 6.1\u201c Ger\u00e4t die Nachfolge des iPhone 8 einnehmen und das neue Einsteiger-Modell darstellen. Zus\u00e4tzlich werden","og_url":"https:\/\/www.apfelpatient.de\/en\/rumors\/the-lcd-iphone-comes-later","og_site_name":"Apfelpatient","article_publisher":"https:\/\/www.facebook.com\/apfelpatientOfficial","article_author":"https:\/\/www.facebook.com\/apfelpatientOfficial","article_published_time":"2018-07-26T11:50:30+00:00","article_modified_time":"2025-02-06T06:04:37+00:00","og_image":[{"width":1142,"height":695,"url":"https:\/\/www.apfelpatient.de\/wp-content\/uploads\/2018\/07\/iphonex-front-crop-top-corner-splash.jpg","type":"image\/jpeg"}],"author":"Milan","twitter_card":"summary_large_image","twitter_misc":{"Written by":"Milan","Est. reading time":"1 minute"},"schema":{"@context":"https:\/\/schema.org","@graph":[{"@type":"NewsArticle","@id":"https:\/\/www.apfelpatient.de\/rumors\/kommt-das-lcd-iphone-spaeter#article","isPartOf":{"@id":"https:\/\/www.apfelpatient.de\/rumors\/kommt-das-lcd-iphone-spaeter"},"author":{"@type":"Organization","@id":"https:\/\/www.apfelpatient.de\/en\/#organization","name":"Apfelpatient","url":"https:\/\/www.apfelpatient.de\/en\/"},"headline":"Kommt das LCD-iPhone sp\u00e4ter?","datePublished":"2018-07-26T11:50:30+00:00","dateModified":"2025-02-06T06:04:37+00:00","mainEntityOfPage":{"@id":"https:\/\/www.apfelpatient.de\/rumors\/kommt-das-lcd-iphone-spaeter"},"wordCount":137,"commentCount":0,"publisher":{"@type":"Organization","@id":"https:\/\/www.apfelpatient.de\/en\/#organization","name":"Apfelpatient","url":"https:\/\/www.apfelpatient.de\/en\/"},"image":{"@id":"https:\/\/www.apfelpatient.de\/rumors\/kommt-das-lcd-iphone-spaeter#primaryimage"},"thumbnailUrl":"https:\/\/www.apfelpatient.de\/wp-content\/uploads\/2018\/07\/iphonex-front-crop-top-corner-splash.jpg","keywords":["iPhone","iPhone 2018"],"articleSection":"Rumors","inLanguage":"en-US","potentialAction":[{"@type":"CommentAction","name":"Comment","target":["https:\/\/www.apfelpatient.de\/rumors\/kommt-das-lcd-iphone-spaeter#respond"]}],"copyrightYear":"2018","copyrightHolder":{"@id":"https:\/\/www.apfelpatient.de\/en\/#organization"}},{"@type":"WebPage","@id":"https:\/\/www.apfelpatient.de\/rumors\/kommt-das-lcd-iphone-spaeter","url":"https:\/\/www.apfelpatient.de\/rumors\/kommt-das-lcd-iphone-spaeter","name":"Will the LCD iPhone come later? Apfelpatient","isPartOf":{"@id":"https:\/\/www.apfelpatient.de\/#website"},"primaryImageOfPage":{"@id":"https:\/\/www.apfelpatient.de\/rumors\/kommt-das-lcd-iphone-spaeter#primaryimage"},"image":{"@id":"https:\/\/www.apfelpatient.de\/rumors\/kommt-das-lcd-iphone-spaeter#primaryimage"},"thumbnailUrl":"https:\/\/www.apfelpatient.de\/wp-content\/uploads\/2018\/07\/iphonex-front-crop-top-corner-splash.jpg","datePublished":"2018-07-26T11:50:30+00:00","dateModified":"2025-02-06T06:04:37+00:00","description":"According to rumors, the 6.1&quot; device will be the successor to the iPhone 8 and will be the new entry-level model. In addition,","breadcrumb":{"@id":"https:\/\/www.apfelpatient.de\/rumors\/kommt-das-lcd-iphone-spaeter#breadcrumb"},"inLanguage":"en-US","potentialAction":[{"@type":"ReadAction","target":["https:\/\/www.apfelpatient.de\/rumors\/kommt-das-lcd-iphone-spaeter"]}]},{"@type":"ImageObject","inLanguage":"en-US","@id":"https:\/\/www.apfelpatient.de\/rumors\/kommt-das-lcd-iphone-spaeter#primaryimage","url":"https:\/\/www.apfelpatient.de\/wp-content\/uploads\/2018\/07\/iphonex-front-crop-top-corner-splash.jpg","contentUrl":"https:\/\/www.apfelpatient.de\/wp-content\/uploads\/2018\/07\/iphonex-front-crop-top-corner-splash.jpg","width":1142,"height":695,"caption":"Bild: Apple"},{"@type":"BreadcrumbList","@id":"https:\/\/www.apfelpatient.de\/rumors\/kommt-das-lcd-iphone-spaeter#breadcrumb","itemListElement":[{"@type":"ListItem","position":1,"name":"Startseite","item":"https:\/\/www.apfelpatient.de\/"},{"@type":"ListItem","position":2,"name":"Kommt das LCD-iPhone sp\u00e4ter?"}]},{"@type":"WebSite","@id":"https:\/\/www.apfelpatient.de\/#website","url":"https:\/\/www.apfelpatient.de\/","name":"apple patient","description":"Everything about Apple!","publisher":{"@type":"Organization","@id":"https:\/\/www.apfelpatient.de\/en\/#organization","name":"Apfelpatient","url":"https:\/\/www.apfelpatient.de\/en\/"},"alternateName":"Apfelpatient","potentialAction":[{"@type":"SearchAction","target":{"@type":"EntryPoint","urlTemplate":"https:\/\/www.apfelpatient.de\/?s={search_term_string}"},"query-input":{"@type":"PropertyValueSpecification","valueRequired":true,"valueName":"search_term_string"}}],"inLanguage":"en-US"},{"@type":["Person","Organization"],"@id":"https:\/\/www.apfelpatient.de\/#\/schema\/person\/7dc56ad6c8e9824b76d2c08d4c140e13","name":"Milan","logo":{"@id":"https:\/\/www.apfelpatient.de\/#\/schema\/person\/image\/"},"description":"Hello and welcome to my technology blog! As a big Apple fan, I report on everything to do with Apple: from the latest news and exciting rumors to helpful tips and tricks and detailed product tests. If you are as enthusiastic about technology as I am, you have come to the right place!","sameAs":["https:\/\/www.facebook.com\/apfelpatientOfficial","https:\/\/www.linkedin.com\/in\/milan-jovicic-42aa0231b"],"url":"https:\/\/www.apfelpatient.de\/en\/author\/apfeladmin"}]}},"_links":{"self":[{"href":"https:\/\/www.apfelpatient.de\/en\/wp-json\/wp\/v2\/posts\/1295","targetHints":{"allow":["GET"]}}],"collection":[{"href":"https:\/\/www.apfelpatient.de\/en\/wp-json\/wp\/v2\/posts"}],"about":[{"href":"https:\/\/www.apfelpatient.de\/en\/wp-json\/wp\/v2\/types\/post"}],"author":[{"embeddable":true,"href":"https:\/\/www.apfelpatient.de\/en\/wp-json\/wp\/v2\/users\/2"}],"replies":[{"embeddable":true,"href":"https:\/\/www.apfelpatient.de\/en\/wp-json\/wp\/v2\/comments?post=1295"}],"version-history":[{"count":0,"href":"https:\/\/www.apfelpatient.de\/en\/wp-json\/wp\/v2\/posts\/1295\/revisions"}],"wp:featuredmedia":[{"embeddable":true,"href":"https:\/\/www.apfelpatient.de\/en\/wp-json\/wp\/v2\/media\/1297"}],"wp:attachment":[{"href":"https:\/\/www.apfelpatient.de\/en\/wp-json\/wp\/v2\/media?parent=1295"}],"wp:term":[{"taxonomy":"category","embeddable":true,"href":"https:\/\/www.apfelpatient.de\/en\/wp-json\/wp\/v2\/categories?post=1295"},{"taxonomy":"post_tag","embeddable":true,"href":"https:\/\/www.apfelpatient.de\/en\/wp-json\/wp\/v2\/tags?post=1295"}],"curies":[{"name":"wp","href":"https:\/\/api.w.org\/{rel}","templated":true}]}}