{"id":12909,"date":"2020-06-13T00:39:19","date_gmt":"2020-06-12T22:39:19","guid":{"rendered":"https:\/\/www.apfelpatient.de\/?p=12909"},"modified":"2020-06-13T00:39:19","modified_gmt":"2020-06-12T22:39:19","slug":"the-first-arm-mac-could-be-a-macbook-12","status":"publish","type":"post","link":"https:\/\/www.apfelpatient.de\/en\/rumors\/der-erste-arm-mac-koennte-ein-macbook-12-werden","title":{"rendered":"The first ARM Mac could be a MacBook 12\u2033"},"content":{"rendered":"<p class=\"has-drop-cap\"><strong>Rumors about Apple&#039;s plan to switch Macs to ARM are nothing new. Recently, it was even claimed that the company could present the first ARM chip at WWDC 2020 - now a leaker is speculating.<\/strong><\/p>\n\n\n\n<p>The news channel Bloomberg has <a href=\"https:\/\/www.apfelpatient.de\/en\/rumors\/apple-plans-to-unveil-arm-mac-chip-at-wwdc-2020\" class=\"ek-link\"><span style=\"text-decoration: underline;\" class=\"ek-underline\">recently claimed<\/span><\/a>that Apple will present the first ARM chip on June 22nd - but the first ARM-based Mac is not expected to appear until next year at the earliest. Now Fugde, better known as @choco_bit, has spoken out on Reddit. The anonymous leaker claimed some time ago that Apple could probably present a MacBook 12&quot; as the first Mac with ARM architecture.&nbsp;<\/p>\n\n\n\n<h3 class=\"wp-block-heading\">Apple has not given up on the butterfly keyboard<\/h3>\n\n\n\n\n\n\n\n<p>In a longer <a href=\"https:\/\/www.reddit.com\/r\/apple\/comments\/h7l6d7\/the_next_processor_change_is_within_arms_reach\/\" class=\"ek-link\"><span style=\"text-decoration: underline;\" class=\"ek-underline\">Contribution<\/span><\/a> On Reddit, Fudge speculates about what the transition from Intel to ARM might ultimately look like. He once again brings an updated MacBook 12&quot; into play - the idea is based on rumors from Apple&#039;s supply chain. The notebook would be the first to be equipped with an A14X chip (eight to twelve cores) that was specifically developed for use in a Mac. Fudge also added that Apple has not given up on the butterfly keyboard. According to some rumors, Cupertino is trying to include an updated and much better version of this much-discussed keyboard technology in the ARM Mac. It remains unclear whether the MacBook 12&quot; will be redesigned or will be the same as the 2017 model. In addition, the notebook could be the first Apple MacBook to have a cellular connection in the form of 5G support.<\/p>\n\n\n\n<h3 class=\"wp-block-heading\">Why does Apple want to use ARM?<\/h3>\n\n\n\n<p>Fudge also has some answers to the question of &quot;why&quot;. In contrast to Intel processors, ARM chips would work much more efficiently, which would benefit battery life. Furthermore, the devices could receive a significant increase in performance. In addition, by using ARM processors, Apple could reduce costs and have more control over hardware and software integration. The dependence on Intel&#039;s release schedule would also be a thing of the past. But the highlight would definitely be a &quot;more uniform Apple ecosystem&quot;. From then on, the individual devices would only differ in terms of form factor and performance features. Fudge also addresses the topic of apps later on.&nbsp;<\/p>\n\n\n\n<h3 class=\"wp-block-heading\">Advantages outweigh disadvantages<\/h3>\n\n\n\n\n\n\n\n<p>The leaker believes that apps made available via the Mac App Store will not have any problems - unlike applications available on the open market. These would have to be available as ARM and x86 versions, for example. Emulation would be the alternative. The switch to ARM could also be the temporary end of Apple Boot Camp - according to Fudge. A comeback would probably be possible if Windows becomes more friendly to the ARM architecture. A switch would not necessarily be smooth for everyone - but the bottom line is that the advantages outweigh the disadvantages. It remains to be seen whether Apple will actually present the first ARM processor at WWDC 2020. The <a href=\"https:\/\/www.apfelpatient.de\/en\/news\/apple-announces-more-details-about-wwdc-2020\" class=\"ek-link\"><span style=\"text-decoration: underline;\" class=\"ek-underline\">event<\/span><\/a> will take place on June 22nd at 19:00 CET.&nbsp;<em>(Photo by mariakray \/ Bigstockphoto)<\/em><\/p>\n\n\n\n<ul class=\"wp-block-list\"><li><a href=\"https:\/\/www.apfelpatient.de\/en\/generally\/wwdc-2020-everything-we-know-about-ios-14\" class=\"ek-link\"><span style=\"text-decoration: underline;\" class=\"ek-underline\">WWDC 2020: Everything we know about iOS 14<\/span><\/a><\/li><\/ul>\n\n\n\n<h6 class=\"wp-block-heading translation-block\" id=\"h-kennt-ihr-schon-unsere-amazon-storefront-dort-findet-ihr-eine-handverlesene-auswahl-von-diversen-produkten-f-r-euer-iphone-und-co-viel-spa-beim-st-bern\"><em>Have you already visited our Amazon Storefront? There you&#039;ll find a hand-picked selection of various products for your iPhone and other devices \u2013 <span class=\"has-inline-color has-vivid-red-color\"><a href=\"https:\/\/www.amazon.de\/shop\/apfelpatientofficial\" class=\"ek-link\" data-wpel-link=\"exclude\" rel=\"follow noopener\" target=\"_self\"><span style=\"text-decoration: underline\" class=\"ek-underline\">enjoy browsing<\/span><\/a> !<\/span><\/em><\/h6>\n\n\n\n\n\n<h6 class=\"wp-block-heading translation-block\" id=\"h-der-beitrag-enthalt-partnerlinks\">This post contains <a data-type=\"URL\" data-id=\"https:\/\/www.apfelpatient.de\/partnerprogramm\" href=\"https:\/\/www.apfelpatient.de\/en\/partner-program\" data-wpel-link=\"internal\" target=\"_self\">affiliate links<\/a>.<\/h6>","protected":false},"excerpt":{"rendered":"<p>MacBook 12: Will Apple unveil an ARM chip at WWDC 2020? This is how the transition could happen \u2013 a leaker speculates.<\/p>","protected":false},"author":2,"featured_media":12908,"comment_status":"closed","ping_status":"closed","sticky":false,"template":"","format":"standard","meta":{"jnews-multi-image_gallery":[],"jnews_single_post":{"subtitle":"","format":"standard","video":"","gallery":"","source_name":"Reddit","source_url":"https:\/\/www.reddit.com\/r\/apple\/comments\/h7l6d7\/the_next_processor_change_is_within_arms_reach\/","via_name":"","via_url":"","override":[{"single_blog_custom":"","sidebar":"","second_sidebar":"","share_position":"","share_float_style":"","post_date_format":"","post_date_format_custom":"","post_reading_time_wpm":"","zoom_button_out_step":"1","zoom_button_in_step":"1","number_popup_post":"1"}],"image_override":[{"single_post_thumbnail_size":"","single_post_gallery_size":""}],"trending_post_position":"","trending_post_label":"","sponsored_post_label":"","sponsored_post_name":"","sponsored_post_url":"","sponsored_post_logo":"","sponsored_post_desc":""},"jnews_primary_category":{"id":"274"},"footnotes":""},"categories":[25],"tags":[40],"class_list":["post-12909","post","type-post","status-publish","format-standard","has-post-thumbnail","hentry","category-rumors","tag-mac"],"yoast_head":"<!-- This site is optimized with the Yoast SEO Premium plugin v27.5 (Yoast SEO v27.5) - https:\/\/yoast.com\/product\/yoast-seo-premium-wordpress\/ -->\n<title>Der erste ARM-Mac k\u00f6nnte ein MacBook 12&quot; werden Apfelpatient<\/title>\n<meta name=\"description\" content=\"MacBook 12: Wird Apple im Rahmen der WWDC 2020 einen ARM-Chip vorstellen? So k\u00f6nnte der \u00dcbergang erfolgen - ein Leaker spekuliert.\" \/>\n<meta name=\"robots\" content=\"index, follow, max-snippet:-1, max-image-preview:large, max-video-preview:-1\" \/>\n<link rel=\"canonical\" href=\"https:\/\/www.apfelpatient.de\/en\/rumors\/the-first-arm-mac-could-be-a-macbook-12\" \/>\n<meta property=\"og:locale\" content=\"en_US\" \/>\n<meta property=\"og:type\" content=\"article\" \/>\n<meta property=\"og:title\" content=\"Der erste ARM-Mac k\u00f6nnte ein MacBook 12&quot; werden\" \/>\n<meta property=\"og:description\" content=\"MacBook 12: Wird Apple im Rahmen der WWDC 2020 einen ARM-Chip vorstellen? So k\u00f6nnte der \u00dcbergang erfolgen - ein Leaker spekuliert.\" \/>\n<meta property=\"og:url\" content=\"https:\/\/www.apfelpatient.de\/en\/rumors\/the-first-arm-mac-could-be-a-macbook-12\" \/>\n<meta property=\"og:site_name\" content=\"Apfelpatient\" \/>\n<meta property=\"article:publisher\" content=\"https:\/\/www.facebook.com\/apfelpatientOfficial\" \/>\n<meta property=\"article:author\" content=\"https:\/\/www.facebook.com\/apfelpatientOfficial\" \/>\n<meta property=\"article:published_time\" content=\"2020-06-12T22:39:19+00:00\" \/>\n<meta property=\"og:image\" content=\"https:\/\/www.apfelpatient.de\/wp-content\/uploads\/2020\/06\/bigstock-KIEV-UKRAINE-OCTOBER-222450154.jpg\" \/>\n\t<meta property=\"og:image:width\" content=\"1600\" \/>\n\t<meta property=\"og:image:height\" content=\"1151\" \/>\n\t<meta property=\"og:image:type\" content=\"image\/jpeg\" \/>\n<meta name=\"author\" content=\"Milan\" \/>\n<meta name=\"twitter:card\" content=\"summary_large_image\" \/>\n<meta name=\"twitter:description\" content=\"MacBook 12: Wird Apple im Rahmen der WWDC 2020 einen ARM-Chip vorstellen? So k\u00f6nnte der \u00dcbergang erfolgen - ein Leaker spekuliert.\" \/>\n<meta name=\"twitter:label1\" content=\"Written by\" \/>\n\t<meta name=\"twitter:data1\" content=\"Milan\" \/>\n\t<meta name=\"twitter:label2\" content=\"Est. reading time\" \/>\n\t<meta name=\"twitter:data2\" content=\"3 minutes\" \/>\n<script type=\"application\/ld+json\" class=\"yoast-schema-graph\">{\"@context\":\"https:\\\/\\\/schema.org\",\"@graph\":[{\"@type\":\"NewsArticle\",\"@id\":\"https:\\\/\\\/www.apfelpatient.de\\\/rumors\\\/der-erste-arm-mac-koennte-ein-macbook-12-werden#article\",\"isPartOf\":{\"@id\":\"https:\\\/\\\/www.apfelpatient.de\\\/rumors\\\/der-erste-arm-mac-koennte-ein-macbook-12-werden\"},\"author\":{\"@type\":\"Organization\",\"@id\":\"https:\\\/\\\/www.apfelpatient.de\\\/en\\\/#organization\",\"name\":\"Apfelpatient\",\"url\":\"https:\\\/\\\/www.apfelpatient.de\\\/en\\\/\"},\"headline\":\"Der erste ARM-Mac k\u00f6nnte ein MacBook 12&#8243; werden\",\"datePublished\":\"2020-06-12T22:39:19+00:00\",\"mainEntityOfPage\":{\"@id\":\"https:\\\/\\\/www.apfelpatient.de\\\/rumors\\\/der-erste-arm-mac-koennte-ein-macbook-12-werden\"},\"wordCount\":525,\"publisher\":{\"@type\":\"Organization\",\"@id\":\"https:\\\/\\\/www.apfelpatient.de\\\/en\\\/#organization\",\"name\":\"Apfelpatient\",\"url\":\"https:\\\/\\\/www.apfelpatient.de\\\/en\\\/\"},\"image\":{\"@id\":\"https:\\\/\\\/www.apfelpatient.de\\\/rumors\\\/der-erste-arm-mac-koennte-ein-macbook-12-werden#primaryimage\"},\"thumbnailUrl\":\"https:\\\/\\\/www.apfelpatient.de\\\/wp-content\\\/uploads\\\/2020\\\/06\\\/bigstock-KIEV-UKRAINE-OCTOBER-222450154.jpg\",\"keywords\":[\"Mac\"],\"articleSection\":\"Rumors\",\"inLanguage\":\"en-US\",\"copyrightYear\":\"2020\",\"copyrightHolder\":{\"@id\":\"https:\\\/\\\/www.apfelpatient.de\\\/en\\\/#organization\"}},{\"@type\":\"WebPage\",\"@id\":\"https:\\\/\\\/www.apfelpatient.de\\\/rumors\\\/der-erste-arm-mac-koennte-ein-macbook-12-werden\",\"url\":\"https:\\\/\\\/www.apfelpatient.de\\\/rumors\\\/der-erste-arm-mac-koennte-ein-macbook-12-werden\",\"name\":\"Der erste ARM-Mac k\u00f6nnte ein MacBook 12\\\" werden Apfelpatient\",\"isPartOf\":{\"@id\":\"https:\\\/\\\/www.apfelpatient.de\\\/#website\"},\"primaryImageOfPage\":{\"@id\":\"https:\\\/\\\/www.apfelpatient.de\\\/rumors\\\/der-erste-arm-mac-koennte-ein-macbook-12-werden#primaryimage\"},\"image\":{\"@id\":\"https:\\\/\\\/www.apfelpatient.de\\\/rumors\\\/der-erste-arm-mac-koennte-ein-macbook-12-werden#primaryimage\"},\"thumbnailUrl\":\"https:\\\/\\\/www.apfelpatient.de\\\/wp-content\\\/uploads\\\/2020\\\/06\\\/bigstock-KIEV-UKRAINE-OCTOBER-222450154.jpg\",\"datePublished\":\"2020-06-12T22:39:19+00:00\",\"description\":\"MacBook 12: Wird Apple im Rahmen der WWDC 2020 einen ARM-Chip vorstellen? So k\u00f6nnte der \u00dcbergang erfolgen - ein Leaker spekuliert.\",\"breadcrumb\":{\"@id\":\"https:\\\/\\\/www.apfelpatient.de\\\/rumors\\\/der-erste-arm-mac-koennte-ein-macbook-12-werden#breadcrumb\"},\"inLanguage\":\"en-US\",\"potentialAction\":[{\"@type\":\"ReadAction\",\"target\":[\"https:\\\/\\\/www.apfelpatient.de\\\/rumors\\\/der-erste-arm-mac-koennte-ein-macbook-12-werden\"]}]},{\"@type\":\"ImageObject\",\"inLanguage\":\"en-US\",\"@id\":\"https:\\\/\\\/www.apfelpatient.de\\\/rumors\\\/der-erste-arm-mac-koennte-ein-macbook-12-werden#primaryimage\",\"url\":\"https:\\\/\\\/www.apfelpatient.de\\\/wp-content\\\/uploads\\\/2020\\\/06\\\/bigstock-KIEV-UKRAINE-OCTOBER-222450154.jpg\",\"contentUrl\":\"https:\\\/\\\/www.apfelpatient.de\\\/wp-content\\\/uploads\\\/2020\\\/06\\\/bigstock-KIEV-UKRAINE-OCTOBER-222450154.jpg\",\"width\":1600,\"height\":1151,\"caption\":\"KIEV, UKRAINE - OCTOBER 12, 2017: Apple gold MacBook on white background\"},{\"@type\":\"BreadcrumbList\",\"@id\":\"https:\\\/\\\/www.apfelpatient.de\\\/rumors\\\/der-erste-arm-mac-koennte-ein-macbook-12-werden#breadcrumb\",\"itemListElement\":[{\"@type\":\"ListItem\",\"position\":1,\"name\":\"Startseite\",\"item\":\"https:\\\/\\\/www.apfelpatient.de\\\/\"},{\"@type\":\"ListItem\",\"position\":2,\"name\":\"Der erste ARM-Mac k\u00f6nnte ein MacBook 12&#8243; werden\"}]},{\"@type\":\"WebSite\",\"@id\":\"https:\\\/\\\/www.apfelpatient.de\\\/#website\",\"url\":\"https:\\\/\\\/www.apfelpatient.de\\\/\",\"name\":\"Apfelpatient\",\"description\":\"Alles rund um Apple!\",\"publisher\":{\"@type\":\"Organization\",\"@id\":\"https:\\\/\\\/www.apfelpatient.de\\\/en\\\/#organization\",\"name\":\"Apfelpatient\",\"url\":\"https:\\\/\\\/www.apfelpatient.de\\\/en\\\/\"},\"alternateName\":\"Apfelpatient\",\"potentialAction\":[{\"@type\":\"SearchAction\",\"target\":{\"@type\":\"EntryPoint\",\"urlTemplate\":\"https:\\\/\\\/www.apfelpatient.de\\\/?s={search_term_string}\"},\"query-input\":{\"@type\":\"PropertyValueSpecification\",\"valueRequired\":true,\"valueName\":\"search_term_string\"}}],\"inLanguage\":\"en-US\"},{\"@type\":[\"Person\",\"Organization\"],\"@id\":\"https:\\\/\\\/www.apfelpatient.de\\\/#\\\/schema\\\/person\\\/35b3ddba5832f2bfc7fff5206d4f6b7b\",\"name\":\"Milan\",\"logo\":{\"@id\":\"https:\\\/\\\/www.apfelpatient.de\\\/#\\\/schema\\\/person\\\/image\\\/\"},\"description\":\"Hallo und herzlich willkommen auf meinem Technik-Blog! Als gro\u00dfer Apple-Fan berichte ich hier \u00fcber alles, was mit Apple zu tun hat: von den neuesten News und spannenden Ger\u00fcchten \u00fcber hilfreiche Tipps und Tricks bis hin zu ausf\u00fchrlichen Produkttests. Wenn du genauso technikbegeistert bist wie ich, bist du hier genau richtig!\",\"sameAs\":[\"https:\\\/\\\/www.facebook.com\\\/apfelpatientOfficial\",\"https:\\\/\\\/www.linkedin.com\\\/in\\\/milan-jovicic-42aa0231b\"],\"url\":\"https:\\\/\\\/www.apfelpatient.de\\\/en\\\/author\\\/apfeladmin\"}]}<\/script>\n<!-- \/ Yoast SEO Premium plugin. -->","yoast_head_json":{"title":"The first ARM Mac could be a MacBook 12&quot; Apfelpatient","description":"MacBook 12: Will Apple present an ARM chip at WWDC 2020? This is how the transition could take place - a leaker speculates.","robots":{"index":"index","follow":"follow","max-snippet":"max-snippet:-1","max-image-preview":"max-image-preview:large","max-video-preview":"max-video-preview:-1"},"canonical":"https:\/\/www.apfelpatient.de\/en\/rumors\/the-first-arm-mac-could-be-a-macbook-12","og_locale":"en_US","og_type":"article","og_title":"Der erste ARM-Mac k\u00f6nnte ein MacBook 12\" werden","og_description":"MacBook 12: Wird Apple im Rahmen der WWDC 2020 einen ARM-Chip vorstellen? So k\u00f6nnte der \u00dcbergang erfolgen - ein Leaker spekuliert.","og_url":"https:\/\/www.apfelpatient.de\/en\/rumors\/the-first-arm-mac-could-be-a-macbook-12","og_site_name":"Apfelpatient","article_publisher":"https:\/\/www.facebook.com\/apfelpatientOfficial","article_author":"https:\/\/www.facebook.com\/apfelpatientOfficial","article_published_time":"2020-06-12T22:39:19+00:00","og_image":[{"width":1600,"height":1151,"url":"https:\/\/www.apfelpatient.de\/wp-content\/uploads\/2020\/06\/bigstock-KIEV-UKRAINE-OCTOBER-222450154.jpg","type":"image\/jpeg"}],"author":"Milan","twitter_card":"summary_large_image","twitter_description":"MacBook 12: Wird Apple im Rahmen der WWDC 2020 einen ARM-Chip vorstellen? So k\u00f6nnte der \u00dcbergang erfolgen - ein Leaker spekuliert.","twitter_misc":{"Written by":"Milan","Est. reading time":"3 minutes"},"schema":{"@context":"https:\/\/schema.org","@graph":[{"@type":"NewsArticle","@id":"https:\/\/www.apfelpatient.de\/rumors\/der-erste-arm-mac-koennte-ein-macbook-12-werden#article","isPartOf":{"@id":"https:\/\/www.apfelpatient.de\/rumors\/der-erste-arm-mac-koennte-ein-macbook-12-werden"},"author":{"@type":"Organization","@id":"https:\/\/www.apfelpatient.de\/en\/#organization","name":"Apfelpatient","url":"https:\/\/www.apfelpatient.de\/en\/"},"headline":"Der erste ARM-Mac k\u00f6nnte ein MacBook 12&#8243; werden","datePublished":"2020-06-12T22:39:19+00:00","mainEntityOfPage":{"@id":"https:\/\/www.apfelpatient.de\/rumors\/der-erste-arm-mac-koennte-ein-macbook-12-werden"},"wordCount":525,"publisher":{"@type":"Organization","@id":"https:\/\/www.apfelpatient.de\/en\/#organization","name":"Apfelpatient","url":"https:\/\/www.apfelpatient.de\/en\/"},"image":{"@id":"https:\/\/www.apfelpatient.de\/rumors\/der-erste-arm-mac-koennte-ein-macbook-12-werden#primaryimage"},"thumbnailUrl":"https:\/\/www.apfelpatient.de\/wp-content\/uploads\/2020\/06\/bigstock-KIEV-UKRAINE-OCTOBER-222450154.jpg","keywords":["Mac"],"articleSection":"Rumors","inLanguage":"en-US","copyrightYear":"2020","copyrightHolder":{"@id":"https:\/\/www.apfelpatient.de\/en\/#organization"}},{"@type":"WebPage","@id":"https:\/\/www.apfelpatient.de\/rumors\/der-erste-arm-mac-koennte-ein-macbook-12-werden","url":"https:\/\/www.apfelpatient.de\/rumors\/der-erste-arm-mac-koennte-ein-macbook-12-werden","name":"The first ARM Mac could be a MacBook 12&quot; Apfelpatient","isPartOf":{"@id":"https:\/\/www.apfelpatient.de\/#website"},"primaryImageOfPage":{"@id":"https:\/\/www.apfelpatient.de\/rumors\/der-erste-arm-mac-koennte-ein-macbook-12-werden#primaryimage"},"image":{"@id":"https:\/\/www.apfelpatient.de\/rumors\/der-erste-arm-mac-koennte-ein-macbook-12-werden#primaryimage"},"thumbnailUrl":"https:\/\/www.apfelpatient.de\/wp-content\/uploads\/2020\/06\/bigstock-KIEV-UKRAINE-OCTOBER-222450154.jpg","datePublished":"2020-06-12T22:39:19+00:00","description":"MacBook 12: Will Apple present an ARM chip at WWDC 2020? This is how the transition could take place - a leaker speculates.","breadcrumb":{"@id":"https:\/\/www.apfelpatient.de\/rumors\/der-erste-arm-mac-koennte-ein-macbook-12-werden#breadcrumb"},"inLanguage":"en-US","potentialAction":[{"@type":"ReadAction","target":["https:\/\/www.apfelpatient.de\/rumors\/der-erste-arm-mac-koennte-ein-macbook-12-werden"]}]},{"@type":"ImageObject","inLanguage":"en-US","@id":"https:\/\/www.apfelpatient.de\/rumors\/der-erste-arm-mac-koennte-ein-macbook-12-werden#primaryimage","url":"https:\/\/www.apfelpatient.de\/wp-content\/uploads\/2020\/06\/bigstock-KIEV-UKRAINE-OCTOBER-222450154.jpg","contentUrl":"https:\/\/www.apfelpatient.de\/wp-content\/uploads\/2020\/06\/bigstock-KIEV-UKRAINE-OCTOBER-222450154.jpg","width":1600,"height":1151,"caption":"KIEV, UKRAINE - OCTOBER 12, 2017: Apple gold MacBook on white background"},{"@type":"BreadcrumbList","@id":"https:\/\/www.apfelpatient.de\/rumors\/der-erste-arm-mac-koennte-ein-macbook-12-werden#breadcrumb","itemListElement":[{"@type":"ListItem","position":1,"name":"Startseite","item":"https:\/\/www.apfelpatient.de\/"},{"@type":"ListItem","position":2,"name":"Der erste ARM-Mac k\u00f6nnte ein MacBook 12&#8243; werden"}]},{"@type":"WebSite","@id":"https:\/\/www.apfelpatient.de\/#website","url":"https:\/\/www.apfelpatient.de\/","name":"apple patient","description":"Everything about Apple!","publisher":{"@type":"Organization","@id":"https:\/\/www.apfelpatient.de\/en\/#organization","name":"Apfelpatient","url":"https:\/\/www.apfelpatient.de\/en\/"},"alternateName":"Apfelpatient","potentialAction":[{"@type":"SearchAction","target":{"@type":"EntryPoint","urlTemplate":"https:\/\/www.apfelpatient.de\/?s={search_term_string}"},"query-input":{"@type":"PropertyValueSpecification","valueRequired":true,"valueName":"search_term_string"}}],"inLanguage":"en-US"},{"@type":["Person","Organization"],"@id":"https:\/\/www.apfelpatient.de\/#\/schema\/person\/35b3ddba5832f2bfc7fff5206d4f6b7b","name":"Milan","logo":{"@id":"https:\/\/www.apfelpatient.de\/#\/schema\/person\/image\/"},"description":"Hello and welcome to my technology blog! As a big Apple fan, I report on everything to do with Apple: from the latest news and exciting rumors to helpful tips and tricks and detailed product tests. If you are as enthusiastic about technology as I am, you have come to the right place!","sameAs":["https:\/\/www.facebook.com\/apfelpatientOfficial","https:\/\/www.linkedin.com\/in\/milan-jovicic-42aa0231b"],"url":"https:\/\/www.apfelpatient.de\/en\/author\/apfeladmin"}]}},"_links":{"self":[{"href":"https:\/\/www.apfelpatient.de\/en\/wp-json\/wp\/v2\/posts\/12909","targetHints":{"allow":["GET"]}}],"collection":[{"href":"https:\/\/www.apfelpatient.de\/en\/wp-json\/wp\/v2\/posts"}],"about":[{"href":"https:\/\/www.apfelpatient.de\/en\/wp-json\/wp\/v2\/types\/post"}],"author":[{"embeddable":true,"href":"https:\/\/www.apfelpatient.de\/en\/wp-json\/wp\/v2\/users\/2"}],"replies":[{"embeddable":true,"href":"https:\/\/www.apfelpatient.de\/en\/wp-json\/wp\/v2\/comments?post=12909"}],"version-history":[{"count":0,"href":"https:\/\/www.apfelpatient.de\/en\/wp-json\/wp\/v2\/posts\/12909\/revisions"}],"wp:featuredmedia":[{"embeddable":true,"href":"https:\/\/www.apfelpatient.de\/en\/wp-json\/wp\/v2\/media\/12908"}],"wp:attachment":[{"href":"https:\/\/www.apfelpatient.de\/en\/wp-json\/wp\/v2\/media?parent=12909"}],"wp:term":[{"taxonomy":"category","embeddable":true,"href":"https:\/\/www.apfelpatient.de\/en\/wp-json\/wp\/v2\/categories?post=12909"},{"taxonomy":"post_tag","embeddable":true,"href":"https:\/\/www.apfelpatient.de\/en\/wp-json\/wp\/v2\/tags?post=12909"}],"curies":[{"name":"wp","href":"https:\/\/api.w.org\/{rel}","templated":true}]}}