{"id":12852,"date":"2020-06-10T19:35:37","date_gmt":"2020-06-10T17:35:37","guid":{"rendered":"https:\/\/www.apfelpatient.de\/?p=12852"},"modified":"2020-06-10T19:35:37","modified_gmt":"2020-06-10T17:35:37","slug":"imac-2020-in-new-design-new-hint-discovered-at-apple","status":"publish","type":"post","link":"https:\/\/www.apfelpatient.de\/en\/news\/imac-2020-im-neuen-design-neuer-hinweis-bei-apple-entdeckt","title":{"rendered":"iMac 2020 in new design: New hint discovered at Apple"},"content":{"rendered":"<p class=\"has-drop-cap\"><strong>Yesterday we read a report that Apple is planning to unveil an iMac with a brand new design at this year&#039;s WWDC 2020 - now there are first indications of this - directly from Apple.&nbsp;<\/strong><\/p>\n\n\n\n<p>The iMac 2020 is said to have a brand new design that features accents from the iPad Pro 2018 and 2020 models. The narrow frame is reminiscent of the Apple Pro Display XDR \u2013 according to the <a href=\"https:\/\/www.apfelpatient.de\/en\/rumors\/wwdc-2020-apple-plans-imac-in-new-design\" class=\"ek-link\"><span style=\"text-decoration: underline;\" class=\"ek-underline\">report<\/span><\/a>. Since Cupertino last updated the iMac in 2012, a new design is long overdue. If the case remains the same size, the device should have a larger screen diagonal. In addition, the new iMac 2020 is expected to have the T2 security chip and a pure SSD configuration. In the area of processors, Intel&#039;s newly introduced &quot;Comet Lake&quot; chips are expected to be used. If previous rumors are to be believed, the iMac 2020 could use graphics processors from AMD&#039;s Navi family.&nbsp;<\/p>\n\n\n\n<h3 class=\"wp-block-heading\">Shortage points to iMac 2020<\/h3>\n\n\n\n\n\n\n\n<p>Now some fans have an interesting observation in the Apple Online <a href=\"https:\/\/www.apple.com\/de\/shop\/buy-mac\/imac\/27-zoll\" class=\"ek-link\"><span style=\"text-decoration: underline;\" class=\"ek-underline\">shop<\/span><\/a> made. Anyone who decides to buy an iMac 27&quot; model must plan on waiting at least three weeks for all three versions. This means that according to Apple, delivery should take place between June 26th and July 3rd. This is strange because until recently the devices were delivered the next day. This must therefore be an intentional &quot;shortage&quot;, which is usually not atypical when new models are on the way. Therefore, this observation can be interpreted as an indication that Apple will indeed present a brand new iMac at this year&#039;s WWDC 2020.&nbsp;<em>(Photo by hadrian \/ Bigstockphoto)<\/em><\/p>\n\n\n\n<ul class=\"wp-block-list\"><li><a href=\"https:\/\/www.apfelpatient.de\/en\/generally\/wwdc-2020-everything-we-know-about-ios-14\" class=\"ek-link\"><span style=\"text-decoration: underline;\" class=\"ek-underline\">WWDC 2020: Everything we know about iOS 14<\/span><\/a><\/li><\/ul>\n\n\n\n<h6 class=\"wp-block-heading translation-block\" id=\"h-kennt-ihr-schon-unsere-amazon-storefront-dort-findet-ihr-eine-handverlesene-auswahl-von-diversen-produkten-f-r-euer-iphone-und-co-viel-spa-beim-st-bern\"><em>Have you already visited our Amazon Storefront? There you&#039;ll find a hand-picked selection of various products for your iPhone and other devices \u2013 <span class=\"has-inline-color has-vivid-red-color\"><a href=\"https:\/\/www.amazon.de\/shop\/apfelpatientofficial\" class=\"ek-link\" data-wpel-link=\"exclude\" rel=\"follow noopener\" target=\"_self\"><span style=\"text-decoration: underline\" class=\"ek-underline\">enjoy browsing<\/span><\/a> !<\/span><\/em><\/h6>\n\n\n\n\n\n<h6 class=\"wp-block-heading translation-block\" id=\"h-der-beitrag-enthalt-partnerlinks\">This post contains <a data-type=\"URL\" data-id=\"https:\/\/www.apfelpatient.de\/partnerprogramm\" href=\"https:\/\/www.apfelpatient.de\/en\/partner-program\" data-wpel-link=\"internal\" target=\"_self\">affiliate links<\/a>.<\/h6>","protected":false},"excerpt":{"rendered":"<p>WWDC 2020: The iMac 2020 is said to have a brand new design that features accents from the iPad Pro 2018 and 2020 models.<\/p>","protected":false},"author":2,"featured_media":12851,"comment_status":"closed","ping_status":"closed","sticky":false,"template":"","format":"standard","meta":{"jnews-multi-image_gallery":[],"jnews_single_post":{"subtitle":"","format":"standard","video":"","gallery":"","source_name":"","source_url":"","via_name":"","via_url":"","override":[{"single_blog_custom":"","sidebar":"","second_sidebar":"","share_position":"","share_float_style":"","post_date_format":"","post_date_format_custom":"","post_reading_time_wpm":"","zoom_button_out_step":"1","zoom_button_in_step":"1","number_popup_post":"1"}],"image_override":[{"single_post_thumbnail_size":"","single_post_gallery_size":""}],"trending_post_position":"","trending_post_label":"","sponsored_post_label":"","sponsored_post_name":"","sponsored_post_url":"","sponsored_post_logo":"","sponsored_post_desc":""},"jnews_primary_category":{"id":"265"},"footnotes":""},"categories":[9],"tags":[40,203,320],"class_list":["post-12852","post","type-post","status-publish","format-standard","has-post-thumbnail","hentry","category-news","tag-mac","tag-wwdc","tag-wwdc-2020"],"yoast_head":"<!-- This site is optimized with the Yoast SEO Premium plugin v27.5 (Yoast SEO v27.5) - https:\/\/yoast.com\/product\/yoast-seo-premium-wordpress\/ -->\n<title>iMac 2020 im neuen Design: Neuer Hinweis bei Apple entdeckt -<\/title>\n<meta name=\"description\" content=\"WWDC 2020: Der iMac 2020 soll \u00fcber ein brandneues Design verf\u00fcgen, das Akzente der iPad Pro 2018 bzw. 2020 Modelle vorweist.\" \/>\n<meta name=\"robots\" content=\"index, follow, max-snippet:-1, max-image-preview:large, max-video-preview:-1\" \/>\n<link rel=\"canonical\" href=\"https:\/\/www.apfelpatient.de\/en\/news\/imac-2020-in-new-design-new-hint-discovered-at-apple\" \/>\n<meta property=\"og:locale\" content=\"en_US\" \/>\n<meta property=\"og:type\" content=\"article\" \/>\n<meta property=\"og:title\" content=\"iMac 2020 im neuen Design: Neuer Hinweis bei Apple entdeckt\" \/>\n<meta property=\"og:description\" content=\"WWDC 2020: Der iMac 2020 soll \u00fcber ein brandneues Design verf\u00fcgen, das Akzente der iPad Pro 2018 bzw. 2020 Modelle vorweist.\" \/>\n<meta property=\"og:url\" content=\"https:\/\/www.apfelpatient.de\/en\/news\/imac-2020-in-new-design-new-hint-discovered-at-apple\" \/>\n<meta property=\"og:site_name\" content=\"Apfelpatient\" \/>\n<meta property=\"article:publisher\" content=\"https:\/\/www.facebook.com\/apfelpatientOfficial\" \/>\n<meta property=\"article:author\" content=\"https:\/\/www.facebook.com\/apfelpatientOfficial\" \/>\n<meta property=\"article:published_time\" content=\"2020-06-10T17:35:37+00:00\" \/>\n<meta property=\"og:image\" content=\"https:\/\/www.apfelpatient.de\/wp-content\/uploads\/2020\/06\/bigstock-Paris-France-Nov-A-267637342.jpg\" \/>\n\t<meta property=\"og:image:width\" content=\"1600\" \/>\n\t<meta property=\"og:image:height\" content=\"1006\" \/>\n\t<meta property=\"og:image:type\" content=\"image\/jpeg\" \/>\n<meta name=\"author\" content=\"Milan\" \/>\n<meta name=\"twitter:card\" content=\"summary_large_image\" \/>\n<meta name=\"twitter:description\" content=\"WWDC 2020: Der iMac 2020 soll \u00fcber ein brandneues Design verf\u00fcgen, das Akzente der iPad Pro 2018 bzw. 2020 Modelle vorweist.\" \/>\n<meta name=\"twitter:label1\" content=\"Written by\" \/>\n\t<meta name=\"twitter:data1\" content=\"Milan\" \/>\n\t<meta name=\"twitter:label2\" content=\"Est. reading time\" \/>\n\t<meta name=\"twitter:data2\" content=\"1 minute\" \/>\n<script type=\"application\/ld+json\" class=\"yoast-schema-graph\">{\"@context\":\"https:\\\/\\\/schema.org\",\"@graph\":[{\"@type\":\"NewsArticle\",\"@id\":\"https:\\\/\\\/www.apfelpatient.de\\\/news\\\/imac-2020-im-neuen-design-neuer-hinweis-bei-apple-entdeckt#article\",\"isPartOf\":{\"@id\":\"https:\\\/\\\/www.apfelpatient.de\\\/news\\\/imac-2020-im-neuen-design-neuer-hinweis-bei-apple-entdeckt\"},\"author\":{\"@type\":\"Organization\",\"@id\":\"https:\\\/\\\/www.apfelpatient.de\\\/en\\\/#organization\",\"name\":\"Apfelpatient\",\"url\":\"https:\\\/\\\/www.apfelpatient.de\\\/en\\\/\"},\"headline\":\"iMac 2020 im neuen Design: Neuer Hinweis bei Apple entdeckt\",\"datePublished\":\"2020-06-10T17:35:37+00:00\",\"mainEntityOfPage\":{\"@id\":\"https:\\\/\\\/www.apfelpatient.de\\\/news\\\/imac-2020-im-neuen-design-neuer-hinweis-bei-apple-entdeckt\"},\"wordCount\":293,\"publisher\":{\"@type\":\"Organization\",\"@id\":\"https:\\\/\\\/www.apfelpatient.de\\\/en\\\/#organization\",\"name\":\"Apfelpatient\",\"url\":\"https:\\\/\\\/www.apfelpatient.de\\\/en\\\/\"},\"image\":{\"@id\":\"https:\\\/\\\/www.apfelpatient.de\\\/news\\\/imac-2020-im-neuen-design-neuer-hinweis-bei-apple-entdeckt#primaryimage\"},\"thumbnailUrl\":\"https:\\\/\\\/www.apfelpatient.de\\\/wp-content\\\/uploads\\\/2020\\\/06\\\/bigstock-Paris-France-Nov-A-267637342.jpg\",\"keywords\":[\"Mac\",\"WWDC\",\"WWDC 2020\"],\"articleSection\":\"News\",\"inLanguage\":\"en-US\",\"copyrightYear\":\"2020\",\"copyrightHolder\":{\"@id\":\"https:\\\/\\\/www.apfelpatient.de\\\/en\\\/#organization\"}},{\"@type\":\"WebPage\",\"@id\":\"https:\\\/\\\/www.apfelpatient.de\\\/news\\\/imac-2020-im-neuen-design-neuer-hinweis-bei-apple-entdeckt\",\"url\":\"https:\\\/\\\/www.apfelpatient.de\\\/news\\\/imac-2020-im-neuen-design-neuer-hinweis-bei-apple-entdeckt\",\"name\":\"iMac 2020 im neuen Design: Neuer Hinweis bei Apple entdeckt -\",\"isPartOf\":{\"@id\":\"https:\\\/\\\/www.apfelpatient.de\\\/#website\"},\"primaryImageOfPage\":{\"@id\":\"https:\\\/\\\/www.apfelpatient.de\\\/news\\\/imac-2020-im-neuen-design-neuer-hinweis-bei-apple-entdeckt#primaryimage\"},\"image\":{\"@id\":\"https:\\\/\\\/www.apfelpatient.de\\\/news\\\/imac-2020-im-neuen-design-neuer-hinweis-bei-apple-entdeckt#primaryimage\"},\"thumbnailUrl\":\"https:\\\/\\\/www.apfelpatient.de\\\/wp-content\\\/uploads\\\/2020\\\/06\\\/bigstock-Paris-France-Nov-A-267637342.jpg\",\"datePublished\":\"2020-06-10T17:35:37+00:00\",\"description\":\"WWDC 2020: Der iMac 2020 soll \u00fcber ein brandneues Design verf\u00fcgen, das Akzente der iPad Pro 2018 bzw. 2020 Modelle vorweist.\",\"breadcrumb\":{\"@id\":\"https:\\\/\\\/www.apfelpatient.de\\\/news\\\/imac-2020-im-neuen-design-neuer-hinweis-bei-apple-entdeckt#breadcrumb\"},\"inLanguage\":\"en-US\",\"potentialAction\":[{\"@type\":\"ReadAction\",\"target\":[\"https:\\\/\\\/www.apfelpatient.de\\\/news\\\/imac-2020-im-neuen-design-neuer-hinweis-bei-apple-entdeckt\"]}]},{\"@type\":\"ImageObject\",\"inLanguage\":\"en-US\",\"@id\":\"https:\\\/\\\/www.apfelpatient.de\\\/news\\\/imac-2020-im-neuen-design-neuer-hinweis-bei-apple-entdeckt#primaryimage\",\"url\":\"https:\\\/\\\/www.apfelpatient.de\\\/wp-content\\\/uploads\\\/2020\\\/06\\\/bigstock-Paris-France-Nov-A-267637342.jpg\",\"contentUrl\":\"https:\\\/\\\/www.apfelpatient.de\\\/wp-content\\\/uploads\\\/2020\\\/06\\\/bigstock-Paris-France-Nov-A-267637342.jpg\",\"width\":1600,\"height\":1006,\"caption\":\"PARIS, FRANCE - NOV 7, 2018: Apple Computers iMac range featuring 24, 27, and the Professional iMac Pro computers\"},{\"@type\":\"BreadcrumbList\",\"@id\":\"https:\\\/\\\/www.apfelpatient.de\\\/news\\\/imac-2020-im-neuen-design-neuer-hinweis-bei-apple-entdeckt#breadcrumb\",\"itemListElement\":[{\"@type\":\"ListItem\",\"position\":1,\"name\":\"Startseite\",\"item\":\"https:\\\/\\\/www.apfelpatient.de\\\/\"},{\"@type\":\"ListItem\",\"position\":2,\"name\":\"iMac 2020 im neuen Design: Neuer Hinweis bei Apple entdeckt\"}]},{\"@type\":\"WebSite\",\"@id\":\"https:\\\/\\\/www.apfelpatient.de\\\/#website\",\"url\":\"https:\\\/\\\/www.apfelpatient.de\\\/\",\"name\":\"Apfelpatient\",\"description\":\"Alles rund um Apple!\",\"publisher\":{\"@type\":\"Organization\",\"@id\":\"https:\\\/\\\/www.apfelpatient.de\\\/en\\\/#organization\",\"name\":\"Apfelpatient\",\"url\":\"https:\\\/\\\/www.apfelpatient.de\\\/en\\\/\"},\"alternateName\":\"Apfelpatient\",\"potentialAction\":[{\"@type\":\"SearchAction\",\"target\":{\"@type\":\"EntryPoint\",\"urlTemplate\":\"https:\\\/\\\/www.apfelpatient.de\\\/?s={search_term_string}\"},\"query-input\":{\"@type\":\"PropertyValueSpecification\",\"valueRequired\":true,\"valueName\":\"search_term_string\"}}],\"inLanguage\":\"en-US\"},{\"@type\":[\"Person\",\"Organization\"],\"@id\":\"https:\\\/\\\/www.apfelpatient.de\\\/#\\\/schema\\\/person\\\/7dc56ad6c8e9824b76d2c08d4c140e13\",\"name\":\"Milan\",\"logo\":{\"@id\":\"https:\\\/\\\/www.apfelpatient.de\\\/#\\\/schema\\\/person\\\/image\\\/\"},\"description\":\"Hallo und herzlich willkommen auf meinem Technik-Blog! Als gro\u00dfer Apple-Fan berichte ich hier \u00fcber alles, was mit Apple zu tun hat: von den neuesten News und spannenden Ger\u00fcchten \u00fcber hilfreiche Tipps und Tricks bis hin zu ausf\u00fchrlichen Produkttests. Wenn du genauso technikbegeistert bist wie ich, bist du hier genau richtig!\",\"sameAs\":[\"https:\\\/\\\/www.facebook.com\\\/apfelpatientOfficial\",\"https:\\\/\\\/www.linkedin.com\\\/in\\\/milan-jovicic-42aa0231b\"],\"url\":\"https:\\\/\\\/www.apfelpatient.de\\\/en\\\/author\\\/apfeladmin\"}]}<\/script>\n<!-- \/ Yoast SEO Premium plugin. -->","yoast_head_json":{"title":"iMac 2020 in new design: New hint discovered at Apple -","description":"WWDC 2020: The iMac 2020 is said to have a brand new design that features accents from the iPad Pro 2018 and 2020 models.","robots":{"index":"index","follow":"follow","max-snippet":"max-snippet:-1","max-image-preview":"max-image-preview:large","max-video-preview":"max-video-preview:-1"},"canonical":"https:\/\/www.apfelpatient.de\/en\/news\/imac-2020-in-new-design-new-hint-discovered-at-apple","og_locale":"en_US","og_type":"article","og_title":"iMac 2020 im neuen Design: Neuer Hinweis bei Apple entdeckt","og_description":"WWDC 2020: Der iMac 2020 soll \u00fcber ein brandneues Design verf\u00fcgen, das Akzente der iPad Pro 2018 bzw. 2020 Modelle vorweist.","og_url":"https:\/\/www.apfelpatient.de\/en\/news\/imac-2020-in-new-design-new-hint-discovered-at-apple","og_site_name":"Apfelpatient","article_publisher":"https:\/\/www.facebook.com\/apfelpatientOfficial","article_author":"https:\/\/www.facebook.com\/apfelpatientOfficial","article_published_time":"2020-06-10T17:35:37+00:00","og_image":[{"width":1600,"height":1006,"url":"https:\/\/www.apfelpatient.de\/wp-content\/uploads\/2020\/06\/bigstock-Paris-France-Nov-A-267637342.jpg","type":"image\/jpeg"}],"author":"Milan","twitter_card":"summary_large_image","twitter_description":"WWDC 2020: Der iMac 2020 soll \u00fcber ein brandneues Design verf\u00fcgen, das Akzente der iPad Pro 2018 bzw. 2020 Modelle vorweist.","twitter_misc":{"Written by":"Milan","Est. reading time":"1 minute"},"schema":{"@context":"https:\/\/schema.org","@graph":[{"@type":"NewsArticle","@id":"https:\/\/www.apfelpatient.de\/news\/imac-2020-im-neuen-design-neuer-hinweis-bei-apple-entdeckt#article","isPartOf":{"@id":"https:\/\/www.apfelpatient.de\/news\/imac-2020-im-neuen-design-neuer-hinweis-bei-apple-entdeckt"},"author":{"@type":"Organization","@id":"https:\/\/www.apfelpatient.de\/en\/#organization","name":"Apfelpatient","url":"https:\/\/www.apfelpatient.de\/en\/"},"headline":"iMac 2020 im neuen Design: Neuer Hinweis bei Apple entdeckt","datePublished":"2020-06-10T17:35:37+00:00","mainEntityOfPage":{"@id":"https:\/\/www.apfelpatient.de\/news\/imac-2020-im-neuen-design-neuer-hinweis-bei-apple-entdeckt"},"wordCount":293,"publisher":{"@type":"Organization","@id":"https:\/\/www.apfelpatient.de\/en\/#organization","name":"Apfelpatient","url":"https:\/\/www.apfelpatient.de\/en\/"},"image":{"@id":"https:\/\/www.apfelpatient.de\/news\/imac-2020-im-neuen-design-neuer-hinweis-bei-apple-entdeckt#primaryimage"},"thumbnailUrl":"https:\/\/www.apfelpatient.de\/wp-content\/uploads\/2020\/06\/bigstock-Paris-France-Nov-A-267637342.jpg","keywords":["Mac","WWDC","WWDC 2020"],"articleSection":"News","inLanguage":"en-US","copyrightYear":"2020","copyrightHolder":{"@id":"https:\/\/www.apfelpatient.de\/en\/#organization"}},{"@type":"WebPage","@id":"https:\/\/www.apfelpatient.de\/news\/imac-2020-im-neuen-design-neuer-hinweis-bei-apple-entdeckt","url":"https:\/\/www.apfelpatient.de\/news\/imac-2020-im-neuen-design-neuer-hinweis-bei-apple-entdeckt","name":"iMac 2020 in new design: New hint discovered at Apple -","isPartOf":{"@id":"https:\/\/www.apfelpatient.de\/#website"},"primaryImageOfPage":{"@id":"https:\/\/www.apfelpatient.de\/news\/imac-2020-im-neuen-design-neuer-hinweis-bei-apple-entdeckt#primaryimage"},"image":{"@id":"https:\/\/www.apfelpatient.de\/news\/imac-2020-im-neuen-design-neuer-hinweis-bei-apple-entdeckt#primaryimage"},"thumbnailUrl":"https:\/\/www.apfelpatient.de\/wp-content\/uploads\/2020\/06\/bigstock-Paris-France-Nov-A-267637342.jpg","datePublished":"2020-06-10T17:35:37+00:00","description":"WWDC 2020: The iMac 2020 is said to have a brand new design that features accents from the iPad Pro 2018 and 2020 models.","breadcrumb":{"@id":"https:\/\/www.apfelpatient.de\/news\/imac-2020-im-neuen-design-neuer-hinweis-bei-apple-entdeckt#breadcrumb"},"inLanguage":"en-US","potentialAction":[{"@type":"ReadAction","target":["https:\/\/www.apfelpatient.de\/news\/imac-2020-im-neuen-design-neuer-hinweis-bei-apple-entdeckt"]}]},{"@type":"ImageObject","inLanguage":"en-US","@id":"https:\/\/www.apfelpatient.de\/news\/imac-2020-im-neuen-design-neuer-hinweis-bei-apple-entdeckt#primaryimage","url":"https:\/\/www.apfelpatient.de\/wp-content\/uploads\/2020\/06\/bigstock-Paris-France-Nov-A-267637342.jpg","contentUrl":"https:\/\/www.apfelpatient.de\/wp-content\/uploads\/2020\/06\/bigstock-Paris-France-Nov-A-267637342.jpg","width":1600,"height":1006,"caption":"PARIS, FRANCE - NOV 7, 2018: Apple Computers iMac range featuring 24, 27, and the Professional iMac Pro computers"},{"@type":"BreadcrumbList","@id":"https:\/\/www.apfelpatient.de\/news\/imac-2020-im-neuen-design-neuer-hinweis-bei-apple-entdeckt#breadcrumb","itemListElement":[{"@type":"ListItem","position":1,"name":"Startseite","item":"https:\/\/www.apfelpatient.de\/"},{"@type":"ListItem","position":2,"name":"iMac 2020 im neuen Design: Neuer Hinweis bei Apple entdeckt"}]},{"@type":"WebSite","@id":"https:\/\/www.apfelpatient.de\/#website","url":"https:\/\/www.apfelpatient.de\/","name":"apple patient","description":"Everything about Apple!","publisher":{"@type":"Organization","@id":"https:\/\/www.apfelpatient.de\/en\/#organization","name":"Apfelpatient","url":"https:\/\/www.apfelpatient.de\/en\/"},"alternateName":"Apfelpatient","potentialAction":[{"@type":"SearchAction","target":{"@type":"EntryPoint","urlTemplate":"https:\/\/www.apfelpatient.de\/?s={search_term_string}"},"query-input":{"@type":"PropertyValueSpecification","valueRequired":true,"valueName":"search_term_string"}}],"inLanguage":"en-US"},{"@type":["Person","Organization"],"@id":"https:\/\/www.apfelpatient.de\/#\/schema\/person\/7dc56ad6c8e9824b76d2c08d4c140e13","name":"Milan","logo":{"@id":"https:\/\/www.apfelpatient.de\/#\/schema\/person\/image\/"},"description":"Hello and welcome to my technology blog! As a big Apple fan, I report on everything to do with Apple: from the latest news and exciting rumors to helpful tips and tricks and detailed product tests. If you are as enthusiastic about technology as I am, you have come to the right place!","sameAs":["https:\/\/www.facebook.com\/apfelpatientOfficial","https:\/\/www.linkedin.com\/in\/milan-jovicic-42aa0231b"],"url":"https:\/\/www.apfelpatient.de\/en\/author\/apfeladmin"}]}},"_links":{"self":[{"href":"https:\/\/www.apfelpatient.de\/en\/wp-json\/wp\/v2\/posts\/12852","targetHints":{"allow":["GET"]}}],"collection":[{"href":"https:\/\/www.apfelpatient.de\/en\/wp-json\/wp\/v2\/posts"}],"about":[{"href":"https:\/\/www.apfelpatient.de\/en\/wp-json\/wp\/v2\/types\/post"}],"author":[{"embeddable":true,"href":"https:\/\/www.apfelpatient.de\/en\/wp-json\/wp\/v2\/users\/2"}],"replies":[{"embeddable":true,"href":"https:\/\/www.apfelpatient.de\/en\/wp-json\/wp\/v2\/comments?post=12852"}],"version-history":[{"count":0,"href":"https:\/\/www.apfelpatient.de\/en\/wp-json\/wp\/v2\/posts\/12852\/revisions"}],"wp:featuredmedia":[{"embeddable":true,"href":"https:\/\/www.apfelpatient.de\/en\/wp-json\/wp\/v2\/media\/12851"}],"wp:attachment":[{"href":"https:\/\/www.apfelpatient.de\/en\/wp-json\/wp\/v2\/media?parent=12852"}],"wp:term":[{"taxonomy":"category","embeddable":true,"href":"https:\/\/www.apfelpatient.de\/en\/wp-json\/wp\/v2\/categories?post=12852"},{"taxonomy":"post_tag","embeddable":true,"href":"https:\/\/www.apfelpatient.de\/en\/wp-json\/wp\/v2\/tags?post=12852"}],"curies":[{"name":"wp","href":"https:\/\/api.w.org\/{rel}","templated":true}]}}