{"id":12824,"date":"2020-06-09T18:40:49","date_gmt":"2020-06-09T16:40:49","guid":{"rendered":"https:\/\/www.apfelpatient.de\/?p=12824"},"modified":"2024-10-29T09:42:49","modified_gmt":"2024-10-29T08:42:49","slug":"powerbeats-pro-now-available-in-new-colors","status":"publish","type":"post","link":"https:\/\/www.apfelpatient.de\/en\/news\/powerbeats-pro-ab-sofort-in-neuen-farben-erhaeltlich","title":{"rendered":"Powerbeats Pro now available in new colors"},"content":{"rendered":"<p class=\"has-drop-cap\"><strong>Apple announced at the end of May <a href=\"https:\/\/www.apfelpatient.de\/en\/news\/powerbeats-pro-available-in-four-new-colors\" class=\"ek-link\"><span style=\"text-decoration: underline;\" class=\"ek-underline\">known<\/span><\/a>, to offer Powerbeats Pro in four new colors. The well-known headphones are now available in the new summer colors.&nbsp;<\/strong><\/p>\n\n\n\n<p>The Powerbeats Pro are now available in eight colors, four of which are new:<\/p>\n\n\n\n<ul class=\"wp-block-list\">\n<li>sunny yellow\u00a0<\/li>\n\n\n\n<li>ice blue<\/li>\n\n\n\n<li>Cloud Pink<\/li>\n\n\n\n<li>Lavarot<\/li>\n<\/ul>\n\n\n\n<figure class=\"wp-block-image size-large\"><img decoding=\"async\" src=\"https:\/\/www.apfelpatient.de\/wp-content\/uploads\/2020\/05\/Bildschirmfoto-2020-05-29-um-20.12.30-1024x508.png\" alt=\"Image: Apple\" class=\"wp-image-12626\"\/><figcaption class=\"wp-element-caption\">Image: Apple<\/figcaption><\/figure>\n\n\n\n<p>The accessories are now available in the Apple Store and on the <span style=\"text-decoration: underline;\" class=\"ek-underline\">shop website <\/span>available for around 249.99 euros. The company advertises the earphones with headband as follows:<\/p>\n\n\n\n<h3 class=\"wp-block-heading\" id=\"h-hey-siri-und-mehr\">\u201cHey Siri\u201d and more<\/h3>\n\n\n\n\n\n\n\n<blockquote class=\"wp-block-quote is-layout-flow wp-block-quote-is-layout-flow\">\n<p>Powerbeats Pro will revolutionize your workout. Designed for elite athletes, these headphones have no wires to get in the way. Adjustable ear hooks offer a secure fit and you can customize them with different ear tips for even more comfort - so they stay in place no matter how hard you train. These lightweight headphones deliver performance and are sweat and water resistant so you can take your workout to the next level. With up to 9 hours of playback time for each earbud and powerful, balanced sound, you can always keep your music motivating.<\/p>\n<\/blockquote>\n\n\n\n<p>The ear hooks are available in four sizes. There are physical controls on each earpiece - these buttons are used to regulate the volume and answer phone calls. They also have acceleration sensors like the AirPods - so the Powerbeats Pro can detect whether the user has the earpiece in their ear or not - the music is played or paused accordingly. Inside is the H1 chip (known from the AirPods), which also supports the &quot;Hey Siri&quot; function. Powerbeats Pro offer up to nine hours of power between charges and up to 24 hours of battery life with the included case. They do not offer noise cancellation like the AirPods Pro - but the sound should convince many.&nbsp;<em>(Image: Apple)<\/em><\/p>\n\n\n\n<ul class=\"wp-block-list\">\n<li><a class=\"ek-link\" href=\"https:\/\/www.apfelpatient.de\/en\/news\/apple-releases-new-wristband-cases\"><span class=\"ek-underline\" style=\"text-decoration: underline;\">Apple releases new straps &amp; cases<\/span><\/a><\/li>\n<\/ul>\n\n\n\n<p><a href=\"https:\/\/www.awin1.com\/cread.php?s=2622994&amp;v=11660&amp;q=387604&amp;r=636583\">\n    <img decoding=\"async\" alt=\"Awin1 Banner Add\" src=\"https:\/\/www.awin1.com\/cshow.php?s=2622994&amp;v=11660&amp;q=387604&amp;r=636583\" border=\"0\">\n<\/a><\/p>\n\n\n\n<h6 class=\"wp-block-heading translation-block\" id=\"h-kennt-ihr-schon-unsere-amazon-storefront-dort-findet-ihr-eine-handverlesene-auswahl-von-diversen-produkten-f-r-euer-iphone-und-co-viel-spa-beim-st-bern\"><em>Have you already visited our Amazon Storefront? There you&#039;ll find a hand-picked selection of various products for your iPhone and other devices \u2013 <span class=\"has-inline-color has-vivid-red-color\"><a href=\"https:\/\/www.amazon.de\/shop\/apfelpatientofficial\" class=\"ek-link\" data-wpel-link=\"exclude\" rel=\"follow noopener\" target=\"_self\"><span style=\"text-decoration: underline\" class=\"ek-underline\">enjoy browsing<\/span><\/a> !<\/span><\/em><\/h6>\n\n\n\n\n\n<h6 class=\"wp-block-heading translation-block\" id=\"h-der-beitrag-enthalt-partnerlinks\">This post contains <a data-type=\"URL\" data-id=\"https:\/\/www.apfelpatient.de\/partnerprogramm\" href=\"https:\/\/www.apfelpatient.de\/en\/partner-program\" data-wpel-link=\"internal\" target=\"_self\">affiliate links<\/a>.<\/h6>","protected":false},"excerpt":{"rendered":"<p>At the end of May, Apple announced that it would be offering Powerbeats Pro in four new colors. The well-known headphones are now available in the new summer colors.<\/p>","protected":false},"author":2,"featured_media":12627,"comment_status":"closed","ping_status":"closed","sticky":false,"template":"","format":"standard","meta":{"jnews-multi-image_gallery":[],"jnews_single_post":{"subtitle":"","format":"standard","video":"","gallery":"","source_name":"","source_url":"","via_name":"","via_url":"","override_template":"0","override":[{"template":"4","single_blog_custom":"","parallax":"1","fullscreen":"1","layout":"right-sidebar","sidebar":"","second_sidebar":"","sticky_sidebar":"1","share_position":"","share_float_style":"","show_share_counter":"0","show_view_counter":"0","show_featured":"1","show_post_meta":"1","show_post_author":"1","show_post_author_image":"1","show_post_date":"1","post_date_format":"","post_date_format_custom":"","show_post_category":"1","show_post_reading_time":"0","post_reading_time_wpm":"","show_zoom_button":"0","zoom_button_out_step":"1","zoom_button_in_step":"1","show_post_tag":"1","show_prev_next_post":"1","show_popup_post":"1","number_popup_post":"1","show_author_box":"0","show_post_related":"0","show_inline_post_related":"0"}],"override_image_size":"0","image_override":[{"single_post_thumbnail_size":"","single_post_gallery_size":""}],"trending_post":"0","trending_post_position":"","trending_post_label":"","sponsored_post":"0","sponsored_post_label":"","sponsored_post_name":"","sponsored_post_url":"","sponsored_post_logo_enable":"0","sponsored_post_logo":"","sponsored_post_desc":"","disable_ad":"0"},"jnews_primary_category":{"id":"","hide":""},"footnotes":""},"categories":[9],"tags":[223,251,13,155],"class_list":["post-12824","post","type-post","status-publish","format-standard","has-post-thumbnail","hentry","category-news","tag-beats","tag-powerbeats-pro","tag-techpatient","tag-zubehoer"],"yoast_head":"<!-- This site is optimized with the Yoast SEO Premium plugin v27.5 (Yoast SEO v27.5) - https:\/\/yoast.com\/product\/yoast-seo-premium-wordpress\/ -->\n<title>Powerbeats Pro ab sofort in neuen Farben erh\u00e4ltlich Apfelpatient<\/title>\n<meta name=\"description\" content=\"Apple gab Ende Mai bekannt, Powerbeats Pro in vier neuen Farben anbieten zu wollen. Nun sind die bekannten Kopfh\u00f6rer in den neuen Sommerfarben erh\u00e4ltlich.\" \/>\n<meta name=\"robots\" content=\"index, follow, max-snippet:-1, max-image-preview:large, max-video-preview:-1\" \/>\n<link rel=\"canonical\" href=\"https:\/\/www.apfelpatient.de\/en\/news\/powerbeats-pro-now-available-in-new-colors\" \/>\n<meta property=\"og:locale\" content=\"en_US\" \/>\n<meta property=\"og:type\" content=\"article\" \/>\n<meta property=\"og:title\" content=\"Powerbeats Pro ab sofort in neuen Farben erh\u00e4ltlich\" \/>\n<meta property=\"og:description\" content=\"Apple gab Ende Mai bekannt, Powerbeats Pro in vier neuen Farben anbieten zu wollen. Nun sind die bekannten Kopfh\u00f6rer in den neuen Sommerfarben erh\u00e4ltlich.\" \/>\n<meta property=\"og:url\" content=\"https:\/\/www.apfelpatient.de\/en\/news\/powerbeats-pro-now-available-in-new-colors\" \/>\n<meta property=\"og:site_name\" content=\"Apfelpatient\" \/>\n<meta property=\"article:publisher\" content=\"https:\/\/www.facebook.com\/apfelpatientOfficial\" \/>\n<meta property=\"article:author\" content=\"https:\/\/www.facebook.com\/apfelpatientOfficial\" \/>\n<meta property=\"article:published_time\" content=\"2020-06-09T16:40:49+00:00\" \/>\n<meta property=\"article:modified_time\" content=\"2024-10-29T08:42:49+00:00\" \/>\n<meta property=\"og:image\" content=\"https:\/\/www.apfelpatient.de\/wp-content\/uploads\/2020\/05\/Bildschirmfoto-2020-05-29-um-20.12.17.png\" \/>\n\t<meta property=\"og:image:width\" content=\"1564\" \/>\n\t<meta property=\"og:image:height\" content=\"776\" \/>\n\t<meta property=\"og:image:type\" content=\"image\/png\" \/>\n<meta name=\"author\" content=\"Milan\" \/>\n<meta name=\"twitter:card\" content=\"summary_large_image\" \/>\n<meta name=\"twitter:description\" content=\"Apple gab Ende Mai bekannt, Powerbeats Pro in vier neuen Farben anbieten zu wollen. Nun sind die bekannten Kopfh\u00f6rer in den neuen Sommerfarben erh\u00e4ltlich.\" \/>\n<meta name=\"twitter:label1\" content=\"Written by\" \/>\n\t<meta name=\"twitter:data1\" content=\"Milan\" \/>\n\t<meta name=\"twitter:label2\" content=\"Est. reading time\" \/>\n\t<meta name=\"twitter:data2\" content=\"4 minutes\" \/>\n<script type=\"application\/ld+json\" class=\"yoast-schema-graph\">{\"@context\":\"https:\\\/\\\/schema.org\",\"@graph\":[{\"@type\":\"NewsArticle\",\"@id\":\"https:\\\/\\\/www.apfelpatient.de\\\/news\\\/powerbeats-pro-ab-sofort-in-neuen-farben-erhaeltlich#article\",\"isPartOf\":{\"@id\":\"https:\\\/\\\/www.apfelpatient.de\\\/news\\\/powerbeats-pro-ab-sofort-in-neuen-farben-erhaeltlich\"},\"author\":{\"@type\":\"Organization\",\"@id\":\"https:\\\/\\\/www.apfelpatient.de\\\/en\\\/#organization\",\"name\":\"Apfelpatient\",\"url\":\"https:\\\/\\\/www.apfelpatient.de\\\/en\\\/\"},\"headline\":\"Powerbeats Pro ab sofort in neuen Farben erh\u00e4ltlich\",\"datePublished\":\"2020-06-09T16:40:49+00:00\",\"dateModified\":\"2024-10-29T08:42:49+00:00\",\"mainEntityOfPage\":{\"@id\":\"https:\\\/\\\/www.apfelpatient.de\\\/news\\\/powerbeats-pro-ab-sofort-in-neuen-farben-erhaeltlich\"},\"wordCount\":328,\"publisher\":{\"@type\":\"Organization\",\"@id\":\"https:\\\/\\\/www.apfelpatient.de\\\/en\\\/#organization\",\"name\":\"Apfelpatient\",\"url\":\"https:\\\/\\\/www.apfelpatient.de\\\/en\\\/\"},\"image\":{\"@id\":\"https:\\\/\\\/www.apfelpatient.de\\\/news\\\/powerbeats-pro-ab-sofort-in-neuen-farben-erhaeltlich#primaryimage\"},\"thumbnailUrl\":\"https:\\\/\\\/www.apfelpatient.de\\\/wp-content\\\/uploads\\\/2020\\\/05\\\/Bildschirmfoto-2020-05-29-um-20.12.17.png\",\"keywords\":[\"Beats\",\"Powerbeats Pro\",\"TechPatient\",\"Zubeh\u00f6r\"],\"articleSection\":\"News\",\"inLanguage\":\"en-US\",\"copyrightYear\":\"2020\",\"copyrightHolder\":{\"@id\":\"https:\\\/\\\/www.apfelpatient.de\\\/en\\\/#organization\"}},{\"@type\":\"WebPage\",\"@id\":\"https:\\\/\\\/www.apfelpatient.de\\\/news\\\/powerbeats-pro-ab-sofort-in-neuen-farben-erhaeltlich\",\"url\":\"https:\\\/\\\/www.apfelpatient.de\\\/news\\\/powerbeats-pro-ab-sofort-in-neuen-farben-erhaeltlich\",\"name\":\"Powerbeats Pro ab sofort in neuen Farben erh\u00e4ltlich Apfelpatient\",\"isPartOf\":{\"@id\":\"https:\\\/\\\/www.apfelpatient.de\\\/#website\"},\"primaryImageOfPage\":{\"@id\":\"https:\\\/\\\/www.apfelpatient.de\\\/news\\\/powerbeats-pro-ab-sofort-in-neuen-farben-erhaeltlich#primaryimage\"},\"image\":{\"@id\":\"https:\\\/\\\/www.apfelpatient.de\\\/news\\\/powerbeats-pro-ab-sofort-in-neuen-farben-erhaeltlich#primaryimage\"},\"thumbnailUrl\":\"https:\\\/\\\/www.apfelpatient.de\\\/wp-content\\\/uploads\\\/2020\\\/05\\\/Bildschirmfoto-2020-05-29-um-20.12.17.png\",\"datePublished\":\"2020-06-09T16:40:49+00:00\",\"dateModified\":\"2024-10-29T08:42:49+00:00\",\"description\":\"Apple gab Ende Mai bekannt, Powerbeats Pro in vier neuen Farben anbieten zu wollen. Nun sind die bekannten Kopfh\u00f6rer in den neuen Sommerfarben erh\u00e4ltlich.\",\"breadcrumb\":{\"@id\":\"https:\\\/\\\/www.apfelpatient.de\\\/news\\\/powerbeats-pro-ab-sofort-in-neuen-farben-erhaeltlich#breadcrumb\"},\"inLanguage\":\"en-US\",\"potentialAction\":[{\"@type\":\"ReadAction\",\"target\":[\"https:\\\/\\\/www.apfelpatient.de\\\/news\\\/powerbeats-pro-ab-sofort-in-neuen-farben-erhaeltlich\"]}]},{\"@type\":\"ImageObject\",\"inLanguage\":\"en-US\",\"@id\":\"https:\\\/\\\/www.apfelpatient.de\\\/news\\\/powerbeats-pro-ab-sofort-in-neuen-farben-erhaeltlich#primaryimage\",\"url\":\"https:\\\/\\\/www.apfelpatient.de\\\/wp-content\\\/uploads\\\/2020\\\/05\\\/Bildschirmfoto-2020-05-29-um-20.12.17.png\",\"contentUrl\":\"https:\\\/\\\/www.apfelpatient.de\\\/wp-content\\\/uploads\\\/2020\\\/05\\\/Bildschirmfoto-2020-05-29-um-20.12.17.png\",\"width\":1564,\"height\":776,\"caption\":\"Bild: Apple\"},{\"@type\":\"BreadcrumbList\",\"@id\":\"https:\\\/\\\/www.apfelpatient.de\\\/news\\\/powerbeats-pro-ab-sofort-in-neuen-farben-erhaeltlich#breadcrumb\",\"itemListElement\":[{\"@type\":\"ListItem\",\"position\":1,\"name\":\"Startseite\",\"item\":\"https:\\\/\\\/www.apfelpatient.de\\\/\"},{\"@type\":\"ListItem\",\"position\":2,\"name\":\"Powerbeats Pro ab sofort in neuen Farben erh\u00e4ltlich\"}]},{\"@type\":\"WebSite\",\"@id\":\"https:\\\/\\\/www.apfelpatient.de\\\/#website\",\"url\":\"https:\\\/\\\/www.apfelpatient.de\\\/\",\"name\":\"Apfelpatient\",\"description\":\"Alles rund um Apple!\",\"publisher\":{\"@type\":\"Organization\",\"@id\":\"https:\\\/\\\/www.apfelpatient.de\\\/en\\\/#organization\",\"name\":\"Apfelpatient\",\"url\":\"https:\\\/\\\/www.apfelpatient.de\\\/en\\\/\"},\"alternateName\":\"Apfelpatient\",\"potentialAction\":[{\"@type\":\"SearchAction\",\"target\":{\"@type\":\"EntryPoint\",\"urlTemplate\":\"https:\\\/\\\/www.apfelpatient.de\\\/?s={search_term_string}\"},\"query-input\":{\"@type\":\"PropertyValueSpecification\",\"valueRequired\":true,\"valueName\":\"search_term_string\"}}],\"inLanguage\":\"en-US\"},{\"@type\":[\"Person\",\"Organization\"],\"@id\":\"https:\\\/\\\/www.apfelpatient.de\\\/#\\\/schema\\\/person\\\/7dc56ad6c8e9824b76d2c08d4c140e13\",\"name\":\"Milan\",\"logo\":{\"@id\":\"https:\\\/\\\/www.apfelpatient.de\\\/#\\\/schema\\\/person\\\/image\\\/\"},\"description\":\"Hallo und herzlich willkommen auf meinem Technik-Blog! Als gro\u00dfer Apple-Fan berichte ich hier \u00fcber alles, was mit Apple zu tun hat: von den neuesten News und spannenden Ger\u00fcchten \u00fcber hilfreiche Tipps und Tricks bis hin zu ausf\u00fchrlichen Produkttests. Wenn du genauso technikbegeistert bist wie ich, bist du hier genau richtig!\",\"sameAs\":[\"https:\\\/\\\/www.facebook.com\\\/apfelpatientOfficial\",\"https:\\\/\\\/www.linkedin.com\\\/in\\\/milan-jovicic-42aa0231b\"],\"url\":\"https:\\\/\\\/www.apfelpatient.de\\\/en\\\/author\\\/apfeladmin\"}]}<\/script>\n<!-- \/ Yoast SEO Premium plugin. -->","yoast_head_json":{"title":"Powerbeats Pro now available in new colors Apfelpatient","description":"At the end of May, Apple announced that it would be offering Powerbeats Pro in four new colors. The well-known headphones are now available in the new summer colors.","robots":{"index":"index","follow":"follow","max-snippet":"max-snippet:-1","max-image-preview":"max-image-preview:large","max-video-preview":"max-video-preview:-1"},"canonical":"https:\/\/www.apfelpatient.de\/en\/news\/powerbeats-pro-now-available-in-new-colors","og_locale":"en_US","og_type":"article","og_title":"Powerbeats Pro ab sofort in neuen Farben erh\u00e4ltlich","og_description":"Apple gab Ende Mai bekannt, Powerbeats Pro in vier neuen Farben anbieten zu wollen. Nun sind die bekannten Kopfh\u00f6rer in den neuen Sommerfarben erh\u00e4ltlich.","og_url":"https:\/\/www.apfelpatient.de\/en\/news\/powerbeats-pro-now-available-in-new-colors","og_site_name":"Apfelpatient","article_publisher":"https:\/\/www.facebook.com\/apfelpatientOfficial","article_author":"https:\/\/www.facebook.com\/apfelpatientOfficial","article_published_time":"2020-06-09T16:40:49+00:00","article_modified_time":"2024-10-29T08:42:49+00:00","og_image":[{"width":1564,"height":776,"url":"https:\/\/www.apfelpatient.de\/wp-content\/uploads\/2020\/05\/Bildschirmfoto-2020-05-29-um-20.12.17.png","type":"image\/png"}],"author":"Milan","twitter_card":"summary_large_image","twitter_description":"Apple gab Ende Mai bekannt, Powerbeats Pro in vier neuen Farben anbieten zu wollen. Nun sind die bekannten Kopfh\u00f6rer in den neuen Sommerfarben erh\u00e4ltlich.","twitter_misc":{"Written by":"Milan","Est. reading time":"4 minutes"},"schema":{"@context":"https:\/\/schema.org","@graph":[{"@type":"NewsArticle","@id":"https:\/\/www.apfelpatient.de\/news\/powerbeats-pro-ab-sofort-in-neuen-farben-erhaeltlich#article","isPartOf":{"@id":"https:\/\/www.apfelpatient.de\/news\/powerbeats-pro-ab-sofort-in-neuen-farben-erhaeltlich"},"author":{"@type":"Organization","@id":"https:\/\/www.apfelpatient.de\/en\/#organization","name":"Apfelpatient","url":"https:\/\/www.apfelpatient.de\/en\/"},"headline":"Powerbeats Pro ab sofort in neuen Farben erh\u00e4ltlich","datePublished":"2020-06-09T16:40:49+00:00","dateModified":"2024-10-29T08:42:49+00:00","mainEntityOfPage":{"@id":"https:\/\/www.apfelpatient.de\/news\/powerbeats-pro-ab-sofort-in-neuen-farben-erhaeltlich"},"wordCount":328,"publisher":{"@type":"Organization","@id":"https:\/\/www.apfelpatient.de\/en\/#organization","name":"Apfelpatient","url":"https:\/\/www.apfelpatient.de\/en\/"},"image":{"@id":"https:\/\/www.apfelpatient.de\/news\/powerbeats-pro-ab-sofort-in-neuen-farben-erhaeltlich#primaryimage"},"thumbnailUrl":"https:\/\/www.apfelpatient.de\/wp-content\/uploads\/2020\/05\/Bildschirmfoto-2020-05-29-um-20.12.17.png","keywords":["Beats","Powerbeats Pro","TechPatient","Zubeh\u00f6r"],"articleSection":"News","inLanguage":"en-US","copyrightYear":"2020","copyrightHolder":{"@id":"https:\/\/www.apfelpatient.de\/en\/#organization"}},{"@type":"WebPage","@id":"https:\/\/www.apfelpatient.de\/news\/powerbeats-pro-ab-sofort-in-neuen-farben-erhaeltlich","url":"https:\/\/www.apfelpatient.de\/news\/powerbeats-pro-ab-sofort-in-neuen-farben-erhaeltlich","name":"Powerbeats Pro now available in new colors Apfelpatient","isPartOf":{"@id":"https:\/\/www.apfelpatient.de\/#website"},"primaryImageOfPage":{"@id":"https:\/\/www.apfelpatient.de\/news\/powerbeats-pro-ab-sofort-in-neuen-farben-erhaeltlich#primaryimage"},"image":{"@id":"https:\/\/www.apfelpatient.de\/news\/powerbeats-pro-ab-sofort-in-neuen-farben-erhaeltlich#primaryimage"},"thumbnailUrl":"https:\/\/www.apfelpatient.de\/wp-content\/uploads\/2020\/05\/Bildschirmfoto-2020-05-29-um-20.12.17.png","datePublished":"2020-06-09T16:40:49+00:00","dateModified":"2024-10-29T08:42:49+00:00","description":"At the end of May, Apple announced that it would be offering Powerbeats Pro in four new colors. The well-known headphones are now available in the new summer colors.","breadcrumb":{"@id":"https:\/\/www.apfelpatient.de\/news\/powerbeats-pro-ab-sofort-in-neuen-farben-erhaeltlich#breadcrumb"},"inLanguage":"en-US","potentialAction":[{"@type":"ReadAction","target":["https:\/\/www.apfelpatient.de\/news\/powerbeats-pro-ab-sofort-in-neuen-farben-erhaeltlich"]}]},{"@type":"ImageObject","inLanguage":"en-US","@id":"https:\/\/www.apfelpatient.de\/news\/powerbeats-pro-ab-sofort-in-neuen-farben-erhaeltlich#primaryimage","url":"https:\/\/www.apfelpatient.de\/wp-content\/uploads\/2020\/05\/Bildschirmfoto-2020-05-29-um-20.12.17.png","contentUrl":"https:\/\/www.apfelpatient.de\/wp-content\/uploads\/2020\/05\/Bildschirmfoto-2020-05-29-um-20.12.17.png","width":1564,"height":776,"caption":"Bild: Apple"},{"@type":"BreadcrumbList","@id":"https:\/\/www.apfelpatient.de\/news\/powerbeats-pro-ab-sofort-in-neuen-farben-erhaeltlich#breadcrumb","itemListElement":[{"@type":"ListItem","position":1,"name":"Startseite","item":"https:\/\/www.apfelpatient.de\/"},{"@type":"ListItem","position":2,"name":"Powerbeats Pro ab sofort in neuen Farben erh\u00e4ltlich"}]},{"@type":"WebSite","@id":"https:\/\/www.apfelpatient.de\/#website","url":"https:\/\/www.apfelpatient.de\/","name":"apple patient","description":"Everything about Apple!","publisher":{"@type":"Organization","@id":"https:\/\/www.apfelpatient.de\/en\/#organization","name":"Apfelpatient","url":"https:\/\/www.apfelpatient.de\/en\/"},"alternateName":"Apfelpatient","potentialAction":[{"@type":"SearchAction","target":{"@type":"EntryPoint","urlTemplate":"https:\/\/www.apfelpatient.de\/?s={search_term_string}"},"query-input":{"@type":"PropertyValueSpecification","valueRequired":true,"valueName":"search_term_string"}}],"inLanguage":"en-US"},{"@type":["Person","Organization"],"@id":"https:\/\/www.apfelpatient.de\/#\/schema\/person\/7dc56ad6c8e9824b76d2c08d4c140e13","name":"Milan","logo":{"@id":"https:\/\/www.apfelpatient.de\/#\/schema\/person\/image\/"},"description":"Hello and welcome to my technology blog! As a big Apple fan, I report on everything to do with Apple: from the latest news and exciting rumors to helpful tips and tricks and detailed product tests. If you are as enthusiastic about technology as I am, you have come to the right place!","sameAs":["https:\/\/www.facebook.com\/apfelpatientOfficial","https:\/\/www.linkedin.com\/in\/milan-jovicic-42aa0231b"],"url":"https:\/\/www.apfelpatient.de\/en\/author\/apfeladmin"}]}},"_links":{"self":[{"href":"https:\/\/www.apfelpatient.de\/en\/wp-json\/wp\/v2\/posts\/12824","targetHints":{"allow":["GET"]}}],"collection":[{"href":"https:\/\/www.apfelpatient.de\/en\/wp-json\/wp\/v2\/posts"}],"about":[{"href":"https:\/\/www.apfelpatient.de\/en\/wp-json\/wp\/v2\/types\/post"}],"author":[{"embeddable":true,"href":"https:\/\/www.apfelpatient.de\/en\/wp-json\/wp\/v2\/users\/2"}],"replies":[{"embeddable":true,"href":"https:\/\/www.apfelpatient.de\/en\/wp-json\/wp\/v2\/comments?post=12824"}],"version-history":[{"count":0,"href":"https:\/\/www.apfelpatient.de\/en\/wp-json\/wp\/v2\/posts\/12824\/revisions"}],"wp:featuredmedia":[{"embeddable":true,"href":"https:\/\/www.apfelpatient.de\/en\/wp-json\/wp\/v2\/media\/12627"}],"wp:attachment":[{"href":"https:\/\/www.apfelpatient.de\/en\/wp-json\/wp\/v2\/media?parent=12824"}],"wp:term":[{"taxonomy":"category","embeddable":true,"href":"https:\/\/www.apfelpatient.de\/en\/wp-json\/wp\/v2\/categories?post=12824"},{"taxonomy":"post_tag","embeddable":true,"href":"https:\/\/www.apfelpatient.de\/en\/wp-json\/wp\/v2\/tags?post=12824"}],"curies":[{"name":"wp","href":"https:\/\/api.w.org\/{rel}","templated":true}]}}