{"id":12820,"date":"2020-06-09T18:14:31","date_gmt":"2020-06-09T16:14:31","guid":{"rendered":"https:\/\/www.apfelpatient.de\/?p=12820"},"modified":"2025-02-06T08:00:53","modified_gmt":"2025-02-06T07:00:53","slug":"iphone-12-mass-production-could-start-soon","status":"publish","type":"post","link":"https:\/\/www.apfelpatient.de\/en\/rumors\/iphone-12-massenproduktion-koennte-bald-anlaufen","title":{"rendered":"iPhone 12: Mass production could start soon"},"content":{"rendered":"<p class=\"has-drop-cap\"><strong>As WWDC 2020 draws closer and rumors about new Mac hardware increase, iPhone 12 <a href=\"https:\/\/www.apfelpatient.de\/en\/day\/iphone-12\" class=\"ek-link\"><span style=\"text-decoration: underline;\" class=\"ek-underline\">reports<\/span><\/a> to pause for now \u2013 until today.&nbsp;<\/strong><\/p>\n\n\n\n<p>A new <a href=\"https:\/\/www.digitimes.com\/newregister\/join.asp?view=snapshots&amp;#s9\" class=\"ek-link\"><span style=\"text-decoration: underline;\" class=\"ek-underline\">DigiTimes<\/span><\/a> According to reports, things are now becoming more concrete around the iPhone 12 development. The Taiwanese news site explained that Apple has reached the second phase of its &quot;EVT&quot; - or &quot;Engineering Validation and Testing&quot; phase. The process could be completed by the end of June. This means that mass production could start in July. It remains unclear whether this really applies to all four models. According to reports, the iPhone 12 Pro Max had problems with the antenna design, which is why the device could be the last to appear.&nbsp;<\/p>\n\n\n\n<h3 class=\"wp-block-heading\" id=\"h-apple-keynote-im-september-oder-oktober\">Apple Keynote in September or October?<\/h3>\n\n\n\n\n\n\n\n<p>In addition, observers have already suggested that the iPhone 12 series could be released in stages in October or November. If, contrary to expectations, all four devices go into mass production in July, there is a possibility that the entire lineup will debut at the same time. However, it remains to be seen when Apple will actually present the devices. Some believe that due to the delays, the keynote could be held in October instead of September. However, there are indications that the presentation could take place in September despite all the circumstances. So it remains exciting as always!<em> (Photo by Pierre-Olivier \/ Bigstockphoto)<\/em><\/p>\n\n\n\n<ul class=\"wp-block-list\">\n<li><a class=\"ek-link\" href=\"https:\/\/www.apfelpatient.de\/en\/rumors\/iphone-2021-smart-connector-instead-of-lightning-port\"><span class=\"ek-underline\" style=\"text-decoration: underline;\">iPhone 2021: Smart Connector instead of Lightning port<\/span><\/a><\/li>\n<\/ul>\n\n\n\n<p><a href=\"https:\/\/www.awin1.com\/cread.php?s=2622994&amp;v=11660&amp;q=387604&amp;r=636583\">\n    <img decoding=\"async\" alt=\"Awin Ads\" src=\"https:\/\/www.awin1.com\/cshow.php?s=2622994&amp;v=11660&amp;q=387604&amp;r=636583\" border=\"0\">\n<\/a><\/p>\n\n\n\n<h6 class=\"wp-block-heading translation-block\" id=\"h-kennt-ihr-schon-unsere-amazon-storefront-dort-findet-ihr-eine-handverlesene-auswahl-von-diversen-produkten-f-r-euer-iphone-und-co-viel-spa-beim-st-bern\"><em>Have you already visited our Amazon Storefront? There you&#039;ll find a hand-picked selection of various products for your iPhone and other devices \u2013 <span class=\"has-inline-color has-vivid-red-color\"><a href=\"https:\/\/www.amazon.de\/shop\/apfelpatientofficial\" class=\"ek-link\" data-wpel-link=\"exclude\" rel=\"follow noopener\" target=\"_self\"><span style=\"text-decoration: underline\" class=\"ek-underline\">enjoy browsing<\/span><\/a> !<\/span><\/em><\/h6>\n\n\n\n\n\n<h6 class=\"wp-block-heading translation-block\" id=\"h-der-beitrag-enthalt-partnerlinks\">This post contains <a data-type=\"URL\" data-id=\"https:\/\/www.apfelpatient.de\/partnerprogramm\" href=\"https:\/\/www.apfelpatient.de\/en\/partner-program\" data-wpel-link=\"internal\" target=\"_self\">affiliate links<\/a>.<\/h6>","protected":false},"excerpt":{"rendered":"<p>As WWDC 2020 draws closer and rumors surrounding new Mac hardware increase, iPhone 12 reports seem to be on pause for now.<\/p>","protected":false},"author":2,"featured_media":12819,"comment_status":"closed","ping_status":"closed","sticky":false,"template":"","format":"standard","meta":{"jnews-multi-image_gallery":[],"jnews_single_post":{"subtitle":"","format":"standard","video":"","gallery":"","source_name":"","source_url":"","via_name":"","via_url":"","override":[{"single_blog_custom":"","sidebar":"","second_sidebar":"","share_position":"","share_float_style":"","post_date_format":"","post_date_format_custom":"","post_reading_time_wpm":"","zoom_button_out_step":"1","zoom_button_in_step":"1","number_popup_post":"1"}],"image_override":[{"single_post_thumbnail_size":"","single_post_gallery_size":""}],"trending_post_position":"","trending_post_label":"","sponsored_post_label":"","sponsored_post_name":"","sponsored_post_url":"","sponsored_post_logo":"","sponsored_post_desc":""},"jnews_primary_category":{"id":"274"},"footnotes":""},"categories":[25],"tags":[8,321,254],"class_list":["post-12820","post","type-post","status-publish","format-standard","has-post-thumbnail","hentry","category-rumors","tag-iphone","tag-iphone-12","tag-iphone-2020"],"yoast_head":"<!-- This site is optimized with the Yoast SEO Premium plugin v27.5 (Yoast SEO v27.5) - https:\/\/yoast.com\/product\/yoast-seo-premium-wordpress\/ -->\n<title>iPhone 12: Massenproduktion k\u00f6nnte bald anlaufen Apfelpatient<\/title>\n<meta name=\"description\" content=\"W\u00e4hrend die WWDC 2020 immer n\u00e4her kommt und Ger\u00fcchte rund um neue Mac-Hardware zunehmen, scheinen iPhone 12 Berichte derzeit zu pausieren.\" \/>\n<meta name=\"robots\" content=\"index, follow, max-snippet:-1, max-image-preview:large, max-video-preview:-1\" \/>\n<link rel=\"canonical\" href=\"https:\/\/www.apfelpatient.de\/en\/rumors\/iphone-12-mass-production-could-start-soon\" \/>\n<meta property=\"og:locale\" content=\"en_US\" \/>\n<meta property=\"og:type\" content=\"article\" \/>\n<meta property=\"og:title\" content=\"iPhone 12: Massenproduktion k\u00f6nnte bald anlaufen\" \/>\n<meta property=\"og:description\" content=\"W\u00e4hrend die WWDC 2020 immer n\u00e4her kommt und Ger\u00fcchte rund um neue Mac-Hardware zunehmen, scheinen iPhone 12 Berichte derzeit zu pausieren.\" \/>\n<meta property=\"og:url\" content=\"https:\/\/www.apfelpatient.de\/en\/rumors\/iphone-12-mass-production-could-start-soon\" \/>\n<meta property=\"og:site_name\" content=\"Apfelpatient\" \/>\n<meta property=\"article:publisher\" content=\"https:\/\/www.facebook.com\/apfelpatientOfficial\" \/>\n<meta property=\"article:author\" content=\"https:\/\/www.facebook.com\/apfelpatientOfficial\" \/>\n<meta property=\"article:published_time\" content=\"2020-06-09T16:14:31+00:00\" \/>\n<meta property=\"article:modified_time\" content=\"2025-02-06T07:00:53+00:00\" \/>\n<meta property=\"og:image\" content=\"https:\/\/www.apfelpatient.de\/wp-content\/uploads\/2020\/06\/bigstock-Packaging-Of-The-New-Iphone-Se-368361277.jpg\" \/>\n\t<meta property=\"og:image:width\" content=\"1600\" \/>\n\t<meta property=\"og:image:height\" content=\"1067\" \/>\n\t<meta property=\"og:image:type\" content=\"image\/jpeg\" \/>\n<meta name=\"author\" content=\"Milan\" \/>\n<meta name=\"twitter:card\" content=\"summary_large_image\" \/>\n<meta name=\"twitter:description\" content=\"W\u00e4hrend die WWDC 2020 immer n\u00e4her kommt und Ger\u00fcchte rund um neue Mac-Hardware zunehmen, scheinen iPhone 12 Berichte derzeit zu pausieren.\" \/>\n<meta name=\"twitter:label1\" content=\"Written by\" \/>\n\t<meta name=\"twitter:data1\" content=\"Milan\" \/>\n\t<meta name=\"twitter:label2\" content=\"Est. reading time\" \/>\n\t<meta name=\"twitter:data2\" content=\"4 minutes\" \/>\n<script type=\"application\/ld+json\" class=\"yoast-schema-graph\">{\"@context\":\"https:\\\/\\\/schema.org\",\"@graph\":[{\"@type\":\"NewsArticle\",\"@id\":\"https:\\\/\\\/www.apfelpatient.de\\\/rumors\\\/iphone-12-massenproduktion-koennte-bald-anlaufen#article\",\"isPartOf\":{\"@id\":\"https:\\\/\\\/www.apfelpatient.de\\\/rumors\\\/iphone-12-massenproduktion-koennte-bald-anlaufen\"},\"author\":{\"@type\":\"Organization\",\"@id\":\"https:\\\/\\\/www.apfelpatient.de\\\/en\\\/#organization\",\"name\":\"Apfelpatient\",\"url\":\"https:\\\/\\\/www.apfelpatient.de\\\/en\\\/\"},\"headline\":\"iPhone 12: Massenproduktion k\u00f6nnte bald anlaufen\",\"datePublished\":\"2020-06-09T16:14:31+00:00\",\"dateModified\":\"2025-02-06T07:00:53+00:00\",\"mainEntityOfPage\":{\"@id\":\"https:\\\/\\\/www.apfelpatient.de\\\/rumors\\\/iphone-12-massenproduktion-koennte-bald-anlaufen\"},\"wordCount\":236,\"publisher\":{\"@type\":\"Organization\",\"@id\":\"https:\\\/\\\/www.apfelpatient.de\\\/en\\\/#organization\",\"name\":\"Apfelpatient\",\"url\":\"https:\\\/\\\/www.apfelpatient.de\\\/en\\\/\"},\"image\":{\"@id\":\"https:\\\/\\\/www.apfelpatient.de\\\/rumors\\\/iphone-12-massenproduktion-koennte-bald-anlaufen#primaryimage\"},\"thumbnailUrl\":\"https:\\\/\\\/www.apfelpatient.de\\\/wp-content\\\/uploads\\\/2020\\\/06\\\/bigstock-Packaging-Of-The-New-Iphone-Se-368361277.jpg\",\"keywords\":[\"iPhone\",\"iPhone 12\",\"iPhone 2020\"],\"articleSection\":\"Rumors\",\"inLanguage\":\"en-US\",\"copyrightYear\":\"2020\",\"copyrightHolder\":{\"@id\":\"https:\\\/\\\/www.apfelpatient.de\\\/en\\\/#organization\"}},{\"@type\":\"WebPage\",\"@id\":\"https:\\\/\\\/www.apfelpatient.de\\\/rumors\\\/iphone-12-massenproduktion-koennte-bald-anlaufen\",\"url\":\"https:\\\/\\\/www.apfelpatient.de\\\/rumors\\\/iphone-12-massenproduktion-koennte-bald-anlaufen\",\"name\":\"iPhone 12: Massenproduktion k\u00f6nnte bald anlaufen Apfelpatient\",\"isPartOf\":{\"@id\":\"https:\\\/\\\/www.apfelpatient.de\\\/#website\"},\"primaryImageOfPage\":{\"@id\":\"https:\\\/\\\/www.apfelpatient.de\\\/rumors\\\/iphone-12-massenproduktion-koennte-bald-anlaufen#primaryimage\"},\"image\":{\"@id\":\"https:\\\/\\\/www.apfelpatient.de\\\/rumors\\\/iphone-12-massenproduktion-koennte-bald-anlaufen#primaryimage\"},\"thumbnailUrl\":\"https:\\\/\\\/www.apfelpatient.de\\\/wp-content\\\/uploads\\\/2020\\\/06\\\/bigstock-Packaging-Of-The-New-Iphone-Se-368361277.jpg\",\"datePublished\":\"2020-06-09T16:14:31+00:00\",\"dateModified\":\"2025-02-06T07:00:53+00:00\",\"description\":\"W\u00e4hrend die WWDC 2020 immer n\u00e4her kommt und Ger\u00fcchte rund um neue Mac-Hardware zunehmen, scheinen iPhone 12 Berichte derzeit zu pausieren.\",\"breadcrumb\":{\"@id\":\"https:\\\/\\\/www.apfelpatient.de\\\/rumors\\\/iphone-12-massenproduktion-koennte-bald-anlaufen#breadcrumb\"},\"inLanguage\":\"en-US\",\"potentialAction\":[{\"@type\":\"ReadAction\",\"target\":[\"https:\\\/\\\/www.apfelpatient.de\\\/rumors\\\/iphone-12-massenproduktion-koennte-bald-anlaufen\"]}]},{\"@type\":\"ImageObject\",\"inLanguage\":\"en-US\",\"@id\":\"https:\\\/\\\/www.apfelpatient.de\\\/rumors\\\/iphone-12-massenproduktion-koennte-bald-anlaufen#primaryimage\",\"url\":\"https:\\\/\\\/www.apfelpatient.de\\\/wp-content\\\/uploads\\\/2020\\\/06\\\/bigstock-Packaging-Of-The-New-Iphone-Se-368361277.jpg\",\"contentUrl\":\"https:\\\/\\\/www.apfelpatient.de\\\/wp-content\\\/uploads\\\/2020\\\/06\\\/bigstock-Packaging-Of-The-New-Iphone-Se-368361277.jpg\",\"width\":1600,\"height\":1067,\"caption\":\"Paris, France - May 14, 2020: packaging of the new black iPhone SE 2020 from the multinational company Apple during the days of its studio release on a white background\"},{\"@type\":\"BreadcrumbList\",\"@id\":\"https:\\\/\\\/www.apfelpatient.de\\\/rumors\\\/iphone-12-massenproduktion-koennte-bald-anlaufen#breadcrumb\",\"itemListElement\":[{\"@type\":\"ListItem\",\"position\":1,\"name\":\"Startseite\",\"item\":\"https:\\\/\\\/www.apfelpatient.de\\\/\"},{\"@type\":\"ListItem\",\"position\":2,\"name\":\"iPhone 12: Massenproduktion k\u00f6nnte bald anlaufen\"}]},{\"@type\":\"WebSite\",\"@id\":\"https:\\\/\\\/www.apfelpatient.de\\\/#website\",\"url\":\"https:\\\/\\\/www.apfelpatient.de\\\/\",\"name\":\"Apfelpatient\",\"description\":\"Alles rund um Apple!\",\"publisher\":{\"@type\":\"Organization\",\"@id\":\"https:\\\/\\\/www.apfelpatient.de\\\/en\\\/#organization\",\"name\":\"Apfelpatient\",\"url\":\"https:\\\/\\\/www.apfelpatient.de\\\/en\\\/\"},\"alternateName\":\"Apfelpatient\",\"potentialAction\":[{\"@type\":\"SearchAction\",\"target\":{\"@type\":\"EntryPoint\",\"urlTemplate\":\"https:\\\/\\\/www.apfelpatient.de\\\/?s={search_term_string}\"},\"query-input\":{\"@type\":\"PropertyValueSpecification\",\"valueRequired\":true,\"valueName\":\"search_term_string\"}}],\"inLanguage\":\"en-US\"},{\"@type\":[\"Person\",\"Organization\"],\"@id\":\"https:\\\/\\\/www.apfelpatient.de\\\/#\\\/schema\\\/person\\\/7dc56ad6c8e9824b76d2c08d4c140e13\",\"name\":\"Milan\",\"logo\":{\"@id\":\"https:\\\/\\\/www.apfelpatient.de\\\/#\\\/schema\\\/person\\\/image\\\/\"},\"description\":\"Hallo und herzlich willkommen auf meinem Technik-Blog! Als gro\u00dfer Apple-Fan berichte ich hier \u00fcber alles, was mit Apple zu tun hat: von den neuesten News und spannenden Ger\u00fcchten \u00fcber hilfreiche Tipps und Tricks bis hin zu ausf\u00fchrlichen Produkttests. Wenn du genauso technikbegeistert bist wie ich, bist du hier genau richtig!\",\"sameAs\":[\"https:\\\/\\\/www.facebook.com\\\/apfelpatientOfficial\",\"https:\\\/\\\/www.linkedin.com\\\/in\\\/milan-jovicic-42aa0231b\"],\"url\":\"https:\\\/\\\/www.apfelpatient.de\\\/en\\\/author\\\/apfeladmin\"}]}<\/script>\n<!-- \/ Yoast SEO Premium plugin. -->","yoast_head_json":{"title":"iPhone 12: Mass production could start soon Apfelpatient","description":"As WWDC 2020 draws closer and rumors surrounding new Mac hardware increase, iPhone 12 reports seem to be on pause for now.","robots":{"index":"index","follow":"follow","max-snippet":"max-snippet:-1","max-image-preview":"max-image-preview:large","max-video-preview":"max-video-preview:-1"},"canonical":"https:\/\/www.apfelpatient.de\/en\/rumors\/iphone-12-mass-production-could-start-soon","og_locale":"en_US","og_type":"article","og_title":"iPhone 12: Massenproduktion k\u00f6nnte bald anlaufen","og_description":"W\u00e4hrend die WWDC 2020 immer n\u00e4her kommt und Ger\u00fcchte rund um neue Mac-Hardware zunehmen, scheinen iPhone 12 Berichte derzeit zu pausieren.","og_url":"https:\/\/www.apfelpatient.de\/en\/rumors\/iphone-12-mass-production-could-start-soon","og_site_name":"Apfelpatient","article_publisher":"https:\/\/www.facebook.com\/apfelpatientOfficial","article_author":"https:\/\/www.facebook.com\/apfelpatientOfficial","article_published_time":"2020-06-09T16:14:31+00:00","article_modified_time":"2025-02-06T07:00:53+00:00","og_image":[{"width":1600,"height":1067,"url":"https:\/\/www.apfelpatient.de\/wp-content\/uploads\/2020\/06\/bigstock-Packaging-Of-The-New-Iphone-Se-368361277.jpg","type":"image\/jpeg"}],"author":"Milan","twitter_card":"summary_large_image","twitter_description":"W\u00e4hrend die WWDC 2020 immer n\u00e4her kommt und Ger\u00fcchte rund um neue Mac-Hardware zunehmen, scheinen iPhone 12 Berichte derzeit zu pausieren.","twitter_misc":{"Written by":"Milan","Est. reading time":"4 minutes"},"schema":{"@context":"https:\/\/schema.org","@graph":[{"@type":"NewsArticle","@id":"https:\/\/www.apfelpatient.de\/rumors\/iphone-12-massenproduktion-koennte-bald-anlaufen#article","isPartOf":{"@id":"https:\/\/www.apfelpatient.de\/rumors\/iphone-12-massenproduktion-koennte-bald-anlaufen"},"author":{"@type":"Organization","@id":"https:\/\/www.apfelpatient.de\/en\/#organization","name":"Apfelpatient","url":"https:\/\/www.apfelpatient.de\/en\/"},"headline":"iPhone 12: Massenproduktion k\u00f6nnte bald anlaufen","datePublished":"2020-06-09T16:14:31+00:00","dateModified":"2025-02-06T07:00:53+00:00","mainEntityOfPage":{"@id":"https:\/\/www.apfelpatient.de\/rumors\/iphone-12-massenproduktion-koennte-bald-anlaufen"},"wordCount":236,"publisher":{"@type":"Organization","@id":"https:\/\/www.apfelpatient.de\/en\/#organization","name":"Apfelpatient","url":"https:\/\/www.apfelpatient.de\/en\/"},"image":{"@id":"https:\/\/www.apfelpatient.de\/rumors\/iphone-12-massenproduktion-koennte-bald-anlaufen#primaryimage"},"thumbnailUrl":"https:\/\/www.apfelpatient.de\/wp-content\/uploads\/2020\/06\/bigstock-Packaging-Of-The-New-Iphone-Se-368361277.jpg","keywords":["iPhone","iPhone 12","iPhone 2020"],"articleSection":"Rumors","inLanguage":"en-US","copyrightYear":"2020","copyrightHolder":{"@id":"https:\/\/www.apfelpatient.de\/en\/#organization"}},{"@type":"WebPage","@id":"https:\/\/www.apfelpatient.de\/rumors\/iphone-12-massenproduktion-koennte-bald-anlaufen","url":"https:\/\/www.apfelpatient.de\/rumors\/iphone-12-massenproduktion-koennte-bald-anlaufen","name":"iPhone 12: Mass production could start soon Apfelpatient","isPartOf":{"@id":"https:\/\/www.apfelpatient.de\/#website"},"primaryImageOfPage":{"@id":"https:\/\/www.apfelpatient.de\/rumors\/iphone-12-massenproduktion-koennte-bald-anlaufen#primaryimage"},"image":{"@id":"https:\/\/www.apfelpatient.de\/rumors\/iphone-12-massenproduktion-koennte-bald-anlaufen#primaryimage"},"thumbnailUrl":"https:\/\/www.apfelpatient.de\/wp-content\/uploads\/2020\/06\/bigstock-Packaging-Of-The-New-Iphone-Se-368361277.jpg","datePublished":"2020-06-09T16:14:31+00:00","dateModified":"2025-02-06T07:00:53+00:00","description":"As WWDC 2020 draws closer and rumors surrounding new Mac hardware increase, iPhone 12 reports seem to be on pause for now.","breadcrumb":{"@id":"https:\/\/www.apfelpatient.de\/rumors\/iphone-12-massenproduktion-koennte-bald-anlaufen#breadcrumb"},"inLanguage":"en-US","potentialAction":[{"@type":"ReadAction","target":["https:\/\/www.apfelpatient.de\/rumors\/iphone-12-massenproduktion-koennte-bald-anlaufen"]}]},{"@type":"ImageObject","inLanguage":"en-US","@id":"https:\/\/www.apfelpatient.de\/rumors\/iphone-12-massenproduktion-koennte-bald-anlaufen#primaryimage","url":"https:\/\/www.apfelpatient.de\/wp-content\/uploads\/2020\/06\/bigstock-Packaging-Of-The-New-Iphone-Se-368361277.jpg","contentUrl":"https:\/\/www.apfelpatient.de\/wp-content\/uploads\/2020\/06\/bigstock-Packaging-Of-The-New-Iphone-Se-368361277.jpg","width":1600,"height":1067,"caption":"Paris, France - May 14, 2020: packaging of the new black iPhone SE 2020 from the multinational company Apple during the days of its studio release on a white background"},{"@type":"BreadcrumbList","@id":"https:\/\/www.apfelpatient.de\/rumors\/iphone-12-massenproduktion-koennte-bald-anlaufen#breadcrumb","itemListElement":[{"@type":"ListItem","position":1,"name":"Startseite","item":"https:\/\/www.apfelpatient.de\/"},{"@type":"ListItem","position":2,"name":"iPhone 12: Massenproduktion k\u00f6nnte bald anlaufen"}]},{"@type":"WebSite","@id":"https:\/\/www.apfelpatient.de\/#website","url":"https:\/\/www.apfelpatient.de\/","name":"apple patient","description":"Everything about Apple!","publisher":{"@type":"Organization","@id":"https:\/\/www.apfelpatient.de\/en\/#organization","name":"Apfelpatient","url":"https:\/\/www.apfelpatient.de\/en\/"},"alternateName":"Apfelpatient","potentialAction":[{"@type":"SearchAction","target":{"@type":"EntryPoint","urlTemplate":"https:\/\/www.apfelpatient.de\/?s={search_term_string}"},"query-input":{"@type":"PropertyValueSpecification","valueRequired":true,"valueName":"search_term_string"}}],"inLanguage":"en-US"},{"@type":["Person","Organization"],"@id":"https:\/\/www.apfelpatient.de\/#\/schema\/person\/7dc56ad6c8e9824b76d2c08d4c140e13","name":"Milan","logo":{"@id":"https:\/\/www.apfelpatient.de\/#\/schema\/person\/image\/"},"description":"Hello and welcome to my technology blog! As a big Apple fan, I report on everything to do with Apple: from the latest news and exciting rumors to helpful tips and tricks and detailed product tests. If you are as enthusiastic about technology as I am, you have come to the right place!","sameAs":["https:\/\/www.facebook.com\/apfelpatientOfficial","https:\/\/www.linkedin.com\/in\/milan-jovicic-42aa0231b"],"url":"https:\/\/www.apfelpatient.de\/en\/author\/apfeladmin"}]}},"_links":{"self":[{"href":"https:\/\/www.apfelpatient.de\/en\/wp-json\/wp\/v2\/posts\/12820","targetHints":{"allow":["GET"]}}],"collection":[{"href":"https:\/\/www.apfelpatient.de\/en\/wp-json\/wp\/v2\/posts"}],"about":[{"href":"https:\/\/www.apfelpatient.de\/en\/wp-json\/wp\/v2\/types\/post"}],"author":[{"embeddable":true,"href":"https:\/\/www.apfelpatient.de\/en\/wp-json\/wp\/v2\/users\/2"}],"replies":[{"embeddable":true,"href":"https:\/\/www.apfelpatient.de\/en\/wp-json\/wp\/v2\/comments?post=12820"}],"version-history":[{"count":0,"href":"https:\/\/www.apfelpatient.de\/en\/wp-json\/wp\/v2\/posts\/12820\/revisions"}],"wp:featuredmedia":[{"embeddable":true,"href":"https:\/\/www.apfelpatient.de\/en\/wp-json\/wp\/v2\/media\/12819"}],"wp:attachment":[{"href":"https:\/\/www.apfelpatient.de\/en\/wp-json\/wp\/v2\/media?parent=12820"}],"wp:term":[{"taxonomy":"category","embeddable":true,"href":"https:\/\/www.apfelpatient.de\/en\/wp-json\/wp\/v2\/categories?post=12820"},{"taxonomy":"post_tag","embeddable":true,"href":"https:\/\/www.apfelpatient.de\/en\/wp-json\/wp\/v2\/tags?post=12820"}],"curies":[{"name":"wp","href":"https:\/\/api.w.org\/{rel}","templated":true}]}}