{"id":12815,"date":"2020-06-09T16:53:50","date_gmt":"2020-06-09T14:53:50","guid":{"rendered":"https:\/\/www.apfelpatient.de\/?p=12815"},"modified":"2025-04-09T09:19:02","modified_gmt":"2025-04-09T07:19:02","slug":"wwdc-2020-apple-plans-imac-in-new-design","status":"publish","type":"post","link":"https:\/\/www.apfelpatient.de\/en\/rumors\/wwdc-2020-apple-plant-imac-in-neuem-design","title":{"rendered":"WWDC 2020: Apple plans iMac with a new design"},"content":{"rendered":"<p class=\"has-drop-cap\"><strong>Fans of the iMac have been eagerly awaiting a redesign for years. Now the wait might actually be over.&nbsp;<\/strong><\/p>\n\n\n\n<p>If you believe the <a href=\"https:\/\/twitter.com\/SonnyDickson\/status\/1270339867491184644?s=20\" class=\"ek-link\"><span style=\"text-decoration: underline;\" class=\"ek-underline\">leaker<\/span><\/a> Sonny Dickson, Apple will introduce a brand new iMac at WWDC 2020. But the new <a href=\"https:\/\/www.apple.com\/de\/imac\/\" class=\"ek-link\"><span style=\"text-decoration: underline;\" class=\"ek-underline\">desktop computer<\/span><\/a> is not only supposed to get a major update on the inside. The housing design of the iMac was last revised in 2012. Now Apple is said to have an iMac in the pipeline that has a slim frame and is reminiscent of the Apple Pro Display XDR. At the same time, the design is based on the current iPad Pro. It is also said that the device will be released with Apple&#039;s T2 security chip and a pure SSD configuration.&nbsp;<\/p>\n\n\n\n<h3 class=\"wp-block-heading\" id=\"h-kommen-intels-comet-lake-chips-zum-einsatz\">Will Intel\u2019s \u201cComet Lake\u201d chips be used?<\/h3>\n\n\n\n\n\n\n\n<p>According to Dickson, the completely redesigned model will receive graphics processors from AMD&#039;s Navi family, which was introduced last year. However, rumors about an upcoming update are not new. The leaker CoinX already announced an update in March. At that time, however, he did not reveal any details about the equipment. In the processor area, Intel&#039;s new <a href=\"https:\/\/www.apfelpatient.de\/en\/news\/imac-intel-introduces-comet-lake-processors\" class=\"ek-link\"><span style=\"text-decoration: underline;\" class=\"ek-underline\">featured<\/span><\/a> \u201cComet Lake\u201d chips are used. It remains unclear whether Apple will update both models at the same time, as some previous reports have caused confusion. It was claimed that the 23\u2033 device would not receive an update until autumn. You can find out more about WWDC 2020 <a href=\"https:\/\/www.apfelpatient.de\/en\/generally\/wwdc-2020-everything-we-know-about-ios-14\" class=\"ek-link\"><span style=\"text-decoration: underline;\" class=\"ek-underline\">read here<\/span><\/a>. <em>(Photo by Ruslan Ivantsov \/ Bigstockphoto)<\/em><\/p>\n\n\n\n<!-- START ADVERTISER: Bitdefender DE from awin.com -->\n\n<a href=\"https:\/\/www.awin1.com\/cread.php?s=2459917&amp;v=11660&amp;q=387604&amp;r=636583\">\n    \n<\/a>\n\n<!-- END ADVERTISER: Bitdefender DE from awin.com -->\n\n\n\n<h6 class=\"wp-block-heading translation-block\" id=\"h-kennt-ihr-schon-unsere-amazon-storefront-dort-findet-ihr-eine-handverlesene-auswahl-von-diversen-produkten-f-r-euer-iphone-und-co-viel-spa-beim-st-bern\"><em>Have you already visited our Amazon Storefront? There you&#039;ll find a hand-picked selection of various products for your iPhone and other devices \u2013 <span class=\"has-inline-color has-vivid-red-color\"><a href=\"https:\/\/www.amazon.de\/shop\/apfelpatientofficial\" class=\"ek-link\" data-wpel-link=\"exclude\" rel=\"follow noopener\" target=\"_self\"><span style=\"text-decoration: underline\" class=\"ek-underline\">enjoy browsing<\/span><\/a> !<\/span><\/em><\/h6>\n\n\n\n\n\n<h6 class=\"wp-block-heading translation-block\" id=\"h-der-beitrag-enthalt-partnerlinks\">This post contains <a data-type=\"URL\" data-id=\"https:\/\/www.apfelpatient.de\/partnerprogramm\" href=\"https:\/\/www.apfelpatient.de\/en\/partner-program\" data-wpel-link=\"internal\" target=\"_self\">affiliate links<\/a>.<\/h6>","protected":false},"excerpt":{"rendered":"<p>Fans of the iMac have been eagerly awaiting a redesign for years. Now the wait might actually be over. <\/p>","protected":false},"author":2,"featured_media":12816,"comment_status":"closed","ping_status":"closed","sticky":false,"template":"","format":"standard","meta":{"jnews-multi-image_gallery":[],"jnews_single_post":{"subtitle":"","format":"standard","video":"","gallery":"","source_name":"","source_url":"","via_name":"","via_url":"","override":[{"single_blog_custom":"","sidebar":"","second_sidebar":"","share_position":"","share_float_style":"","post_date_format":"","post_date_format_custom":"","post_reading_time_wpm":"","zoom_button_out_step":"1","zoom_button_in_step":"1","number_popup_post":"1"}],"image_override":[{"single_post_thumbnail_size":"","single_post_gallery_size":""}],"trending_post_position":"","trending_post_label":"","sponsored_post_label":"","sponsored_post_name":"","sponsored_post_url":"","sponsored_post_logo":"","sponsored_post_desc":""},"jnews_primary_category":{"id":"274"},"footnotes":""},"categories":[25],"tags":[40,203,320],"class_list":["post-12815","post","type-post","status-publish","format-standard","has-post-thumbnail","hentry","category-rumors","tag-mac","tag-wwdc","tag-wwdc-2020"],"yoast_head":"<!-- This site is optimized with the Yoast SEO Premium plugin v27.5 (Yoast SEO v27.5) - https:\/\/yoast.com\/product\/yoast-seo-premium-wordpress\/ -->\n<title>WWDC 2020: Apple plant iMac in neuem Design Apfelpatient<\/title>\n<meta name=\"description\" content=\"Fans des iMac warten schon seit Jahren sehns\u00fcchtig auf ein Re-Design. Nun k\u00f6nnte das Warten tats\u00e4chlich ein Ende haben.\" \/>\n<meta name=\"robots\" content=\"index, follow, max-snippet:-1, max-image-preview:large, max-video-preview:-1\" \/>\n<link rel=\"canonical\" href=\"https:\/\/www.apfelpatient.de\/en\/rumors\/wwdc-2020-apple-plans-imac-in-new-design\" \/>\n<meta property=\"og:locale\" content=\"en_US\" \/>\n<meta property=\"og:type\" content=\"article\" \/>\n<meta property=\"og:title\" content=\"WWDC 2020: Apple plant iMac in neuem Design\" \/>\n<meta property=\"og:description\" content=\"Fans des iMac warten schon seit Jahren sehns\u00fcchtig auf ein Re-Design. Nun k\u00f6nnte das Warten tats\u00e4chlich ein Ende haben.\" \/>\n<meta property=\"og:url\" content=\"https:\/\/www.apfelpatient.de\/en\/rumors\/wwdc-2020-apple-plans-imac-in-new-design\" \/>\n<meta property=\"og:site_name\" content=\"Apfelpatient\" \/>\n<meta property=\"article:publisher\" content=\"https:\/\/www.facebook.com\/apfelpatientOfficial\" \/>\n<meta property=\"article:author\" content=\"https:\/\/www.facebook.com\/apfelpatientOfficial\" \/>\n<meta property=\"article:published_time\" content=\"2020-06-09T14:53:50+00:00\" \/>\n<meta property=\"article:modified_time\" content=\"2025-04-09T07:19:02+00:00\" \/>\n<meta property=\"og:image\" content=\"https:\/\/www.apfelpatient.de\/wp-content\/uploads\/2020\/06\/bigstock-UKRAINE-RIVNE-December-170848463.jpg\" \/>\n\t<meta property=\"og:image:width\" content=\"1600\" \/>\n\t<meta property=\"og:image:height\" content=\"1067\" \/>\n\t<meta property=\"og:image:type\" content=\"image\/jpeg\" \/>\n<meta name=\"author\" content=\"Milan\" \/>\n<meta name=\"twitter:card\" content=\"summary_large_image\" \/>\n<meta name=\"twitter:description\" content=\"Fans des iMac warten schon seit Jahren sehns\u00fcchtig auf ein Re-Design. Nun k\u00f6nnte das Warten tats\u00e4chlich ein Ende haben.\" \/>\n<meta name=\"twitter:label1\" content=\"Written by\" \/>\n\t<meta name=\"twitter:data1\" content=\"Milan\" \/>\n\t<meta name=\"twitter:label2\" content=\"Est. reading time\" \/>\n\t<meta name=\"twitter:data2\" content=\"4 minutes\" \/>\n<script type=\"application\/ld+json\" class=\"yoast-schema-graph\">{\"@context\":\"https:\\\/\\\/schema.org\",\"@graph\":[{\"@type\":\"NewsArticle\",\"@id\":\"https:\\\/\\\/www.apfelpatient.de\\\/rumors\\\/wwdc-2020-apple-plant-imac-in-neuem-design#article\",\"isPartOf\":{\"@id\":\"https:\\\/\\\/www.apfelpatient.de\\\/rumors\\\/wwdc-2020-apple-plant-imac-in-neuem-design\"},\"author\":{\"@type\":\"Organization\",\"@id\":\"https:\\\/\\\/www.apfelpatient.de\\\/en\\\/#organization\",\"name\":\"Apfelpatient\",\"url\":\"https:\\\/\\\/www.apfelpatient.de\\\/en\\\/\"},\"headline\":\"WWDC 2020: Apple plant iMac in neuem Design\",\"datePublished\":\"2020-06-09T14:53:50+00:00\",\"dateModified\":\"2025-04-09T07:19:02+00:00\",\"mainEntityOfPage\":{\"@id\":\"https:\\\/\\\/www.apfelpatient.de\\\/rumors\\\/wwdc-2020-apple-plant-imac-in-neuem-design\"},\"wordCount\":247,\"publisher\":{\"@type\":\"Organization\",\"@id\":\"https:\\\/\\\/www.apfelpatient.de\\\/en\\\/#organization\",\"name\":\"Apfelpatient\",\"url\":\"https:\\\/\\\/www.apfelpatient.de\\\/en\\\/\"},\"image\":{\"@id\":\"https:\\\/\\\/www.apfelpatient.de\\\/rumors\\\/wwdc-2020-apple-plant-imac-in-neuem-design#primaryimage\"},\"thumbnailUrl\":\"https:\\\/\\\/www.apfelpatient.de\\\/wp-content\\\/uploads\\\/2020\\\/06\\\/bigstock-UKRAINE-RIVNE-December-170848463.jpg\",\"keywords\":[\"Mac\",\"WWDC\",\"WWDC 2020\"],\"articleSection\":\"Rumors\",\"inLanguage\":\"en-US\",\"copyrightYear\":\"2020\",\"copyrightHolder\":{\"@id\":\"https:\\\/\\\/www.apfelpatient.de\\\/en\\\/#organization\"}},{\"@type\":\"WebPage\",\"@id\":\"https:\\\/\\\/www.apfelpatient.de\\\/rumors\\\/wwdc-2020-apple-plant-imac-in-neuem-design\",\"url\":\"https:\\\/\\\/www.apfelpatient.de\\\/rumors\\\/wwdc-2020-apple-plant-imac-in-neuem-design\",\"name\":\"WWDC 2020: Apple plant iMac in neuem Design Apfelpatient\",\"isPartOf\":{\"@id\":\"https:\\\/\\\/www.apfelpatient.de\\\/#website\"},\"primaryImageOfPage\":{\"@id\":\"https:\\\/\\\/www.apfelpatient.de\\\/rumors\\\/wwdc-2020-apple-plant-imac-in-neuem-design#primaryimage\"},\"image\":{\"@id\":\"https:\\\/\\\/www.apfelpatient.de\\\/rumors\\\/wwdc-2020-apple-plant-imac-in-neuem-design#primaryimage\"},\"thumbnailUrl\":\"https:\\\/\\\/www.apfelpatient.de\\\/wp-content\\\/uploads\\\/2020\\\/06\\\/bigstock-UKRAINE-RIVNE-December-170848463.jpg\",\"datePublished\":\"2020-06-09T14:53:50+00:00\",\"dateModified\":\"2025-04-09T07:19:02+00:00\",\"description\":\"Fans des iMac warten schon seit Jahren sehns\u00fcchtig auf ein Re-Design. Nun k\u00f6nnte das Warten tats\u00e4chlich ein Ende haben.\",\"breadcrumb\":{\"@id\":\"https:\\\/\\\/www.apfelpatient.de\\\/rumors\\\/wwdc-2020-apple-plant-imac-in-neuem-design#breadcrumb\"},\"inLanguage\":\"en-US\",\"potentialAction\":[{\"@type\":\"ReadAction\",\"target\":[\"https:\\\/\\\/www.apfelpatient.de\\\/rumors\\\/wwdc-2020-apple-plant-imac-in-neuem-design\"]}]},{\"@type\":\"ImageObject\",\"inLanguage\":\"en-US\",\"@id\":\"https:\\\/\\\/www.apfelpatient.de\\\/rumors\\\/wwdc-2020-apple-plant-imac-in-neuem-design#primaryimage\",\"url\":\"https:\\\/\\\/www.apfelpatient.de\\\/wp-content\\\/uploads\\\/2020\\\/06\\\/bigstock-UKRAINE-RIVNE-December-170848463.jpg\",\"contentUrl\":\"https:\\\/\\\/www.apfelpatient.de\\\/wp-content\\\/uploads\\\/2020\\\/06\\\/bigstock-UKRAINE-RIVNE-December-170848463.jpg\",\"width\":1600,\"height\":1067,\"caption\":\"UKRAINE, RIVNE, December 2, 2016. Apple Computer iMac 27 retina display 5K keyboard and magic mouse on black table.\"},{\"@type\":\"BreadcrumbList\",\"@id\":\"https:\\\/\\\/www.apfelpatient.de\\\/rumors\\\/wwdc-2020-apple-plant-imac-in-neuem-design#breadcrumb\",\"itemListElement\":[{\"@type\":\"ListItem\",\"position\":1,\"name\":\"Startseite\",\"item\":\"https:\\\/\\\/www.apfelpatient.de\\\/\"},{\"@type\":\"ListItem\",\"position\":2,\"name\":\"WWDC 2020: Apple plant iMac in neuem Design\"}]},{\"@type\":\"WebSite\",\"@id\":\"https:\\\/\\\/www.apfelpatient.de\\\/#website\",\"url\":\"https:\\\/\\\/www.apfelpatient.de\\\/\",\"name\":\"Apfelpatient\",\"description\":\"Alles rund um Apple!\",\"publisher\":{\"@type\":\"Organization\",\"@id\":\"https:\\\/\\\/www.apfelpatient.de\\\/en\\\/#organization\",\"name\":\"Apfelpatient\",\"url\":\"https:\\\/\\\/www.apfelpatient.de\\\/en\\\/\"},\"alternateName\":\"Apfelpatient\",\"potentialAction\":[{\"@type\":\"SearchAction\",\"target\":{\"@type\":\"EntryPoint\",\"urlTemplate\":\"https:\\\/\\\/www.apfelpatient.de\\\/?s={search_term_string}\"},\"query-input\":{\"@type\":\"PropertyValueSpecification\",\"valueRequired\":true,\"valueName\":\"search_term_string\"}}],\"inLanguage\":\"en-US\"},{\"@type\":[\"Person\",\"Organization\"],\"@id\":\"https:\\\/\\\/www.apfelpatient.de\\\/#\\\/schema\\\/person\\\/7dc56ad6c8e9824b76d2c08d4c140e13\",\"name\":\"Milan\",\"logo\":{\"@id\":\"https:\\\/\\\/www.apfelpatient.de\\\/#\\\/schema\\\/person\\\/image\\\/\"},\"description\":\"Hallo und herzlich willkommen auf meinem Technik-Blog! Als gro\u00dfer Apple-Fan berichte ich hier \u00fcber alles, was mit Apple zu tun hat: von den neuesten News und spannenden Ger\u00fcchten \u00fcber hilfreiche Tipps und Tricks bis hin zu ausf\u00fchrlichen Produkttests. Wenn du genauso technikbegeistert bist wie ich, bist du hier genau richtig!\",\"sameAs\":[\"https:\\\/\\\/www.facebook.com\\\/apfelpatientOfficial\",\"https:\\\/\\\/www.linkedin.com\\\/in\\\/milan-jovicic-42aa0231b\"],\"url\":\"https:\\\/\\\/www.apfelpatient.de\\\/en\\\/author\\\/apfeladmin\"}]}<\/script>\n<!-- \/ Yoast SEO Premium plugin. -->","yoast_head_json":{"title":"WWDC 2020: Apple plans iMac in new design Apfelpatient","description":"Fans of the iMac have been eagerly awaiting a redesign for years. Now the wait might actually be over.","robots":{"index":"index","follow":"follow","max-snippet":"max-snippet:-1","max-image-preview":"max-image-preview:large","max-video-preview":"max-video-preview:-1"},"canonical":"https:\/\/www.apfelpatient.de\/en\/rumors\/wwdc-2020-apple-plans-imac-in-new-design","og_locale":"en_US","og_type":"article","og_title":"WWDC 2020: Apple plant iMac in neuem Design","og_description":"Fans des iMac warten schon seit Jahren sehns\u00fcchtig auf ein Re-Design. Nun k\u00f6nnte das Warten tats\u00e4chlich ein Ende haben.","og_url":"https:\/\/www.apfelpatient.de\/en\/rumors\/wwdc-2020-apple-plans-imac-in-new-design","og_site_name":"Apfelpatient","article_publisher":"https:\/\/www.facebook.com\/apfelpatientOfficial","article_author":"https:\/\/www.facebook.com\/apfelpatientOfficial","article_published_time":"2020-06-09T14:53:50+00:00","article_modified_time":"2025-04-09T07:19:02+00:00","og_image":[{"width":1600,"height":1067,"url":"https:\/\/www.apfelpatient.de\/wp-content\/uploads\/2020\/06\/bigstock-UKRAINE-RIVNE-December-170848463.jpg","type":"image\/jpeg"}],"author":"Milan","twitter_card":"summary_large_image","twitter_description":"Fans des iMac warten schon seit Jahren sehns\u00fcchtig auf ein Re-Design. Nun k\u00f6nnte das Warten tats\u00e4chlich ein Ende haben.","twitter_misc":{"Written by":"Milan","Est. reading time":"4 minutes"},"schema":{"@context":"https:\/\/schema.org","@graph":[{"@type":"NewsArticle","@id":"https:\/\/www.apfelpatient.de\/rumors\/wwdc-2020-apple-plant-imac-in-neuem-design#article","isPartOf":{"@id":"https:\/\/www.apfelpatient.de\/rumors\/wwdc-2020-apple-plant-imac-in-neuem-design"},"author":{"@type":"Organization","@id":"https:\/\/www.apfelpatient.de\/en\/#organization","name":"Apfelpatient","url":"https:\/\/www.apfelpatient.de\/en\/"},"headline":"WWDC 2020: Apple plant iMac in neuem Design","datePublished":"2020-06-09T14:53:50+00:00","dateModified":"2025-04-09T07:19:02+00:00","mainEntityOfPage":{"@id":"https:\/\/www.apfelpatient.de\/rumors\/wwdc-2020-apple-plant-imac-in-neuem-design"},"wordCount":247,"publisher":{"@type":"Organization","@id":"https:\/\/www.apfelpatient.de\/en\/#organization","name":"Apfelpatient","url":"https:\/\/www.apfelpatient.de\/en\/"},"image":{"@id":"https:\/\/www.apfelpatient.de\/rumors\/wwdc-2020-apple-plant-imac-in-neuem-design#primaryimage"},"thumbnailUrl":"https:\/\/www.apfelpatient.de\/wp-content\/uploads\/2020\/06\/bigstock-UKRAINE-RIVNE-December-170848463.jpg","keywords":["Mac","WWDC","WWDC 2020"],"articleSection":"Rumors","inLanguage":"en-US","copyrightYear":"2020","copyrightHolder":{"@id":"https:\/\/www.apfelpatient.de\/en\/#organization"}},{"@type":"WebPage","@id":"https:\/\/www.apfelpatient.de\/rumors\/wwdc-2020-apple-plant-imac-in-neuem-design","url":"https:\/\/www.apfelpatient.de\/rumors\/wwdc-2020-apple-plant-imac-in-neuem-design","name":"WWDC 2020: Apple plans iMac in new design Apfelpatient","isPartOf":{"@id":"https:\/\/www.apfelpatient.de\/#website"},"primaryImageOfPage":{"@id":"https:\/\/www.apfelpatient.de\/rumors\/wwdc-2020-apple-plant-imac-in-neuem-design#primaryimage"},"image":{"@id":"https:\/\/www.apfelpatient.de\/rumors\/wwdc-2020-apple-plant-imac-in-neuem-design#primaryimage"},"thumbnailUrl":"https:\/\/www.apfelpatient.de\/wp-content\/uploads\/2020\/06\/bigstock-UKRAINE-RIVNE-December-170848463.jpg","datePublished":"2020-06-09T14:53:50+00:00","dateModified":"2025-04-09T07:19:02+00:00","description":"Fans of the iMac have been eagerly awaiting a redesign for years. Now the wait might actually be over.","breadcrumb":{"@id":"https:\/\/www.apfelpatient.de\/rumors\/wwdc-2020-apple-plant-imac-in-neuem-design#breadcrumb"},"inLanguage":"en-US","potentialAction":[{"@type":"ReadAction","target":["https:\/\/www.apfelpatient.de\/rumors\/wwdc-2020-apple-plant-imac-in-neuem-design"]}]},{"@type":"ImageObject","inLanguage":"en-US","@id":"https:\/\/www.apfelpatient.de\/rumors\/wwdc-2020-apple-plant-imac-in-neuem-design#primaryimage","url":"https:\/\/www.apfelpatient.de\/wp-content\/uploads\/2020\/06\/bigstock-UKRAINE-RIVNE-December-170848463.jpg","contentUrl":"https:\/\/www.apfelpatient.de\/wp-content\/uploads\/2020\/06\/bigstock-UKRAINE-RIVNE-December-170848463.jpg","width":1600,"height":1067,"caption":"UKRAINE, RIVNE, December 2, 2016. Apple Computer iMac 27 retina display 5K keyboard and magic mouse on black table."},{"@type":"BreadcrumbList","@id":"https:\/\/www.apfelpatient.de\/rumors\/wwdc-2020-apple-plant-imac-in-neuem-design#breadcrumb","itemListElement":[{"@type":"ListItem","position":1,"name":"Startseite","item":"https:\/\/www.apfelpatient.de\/"},{"@type":"ListItem","position":2,"name":"WWDC 2020: Apple plant iMac in neuem Design"}]},{"@type":"WebSite","@id":"https:\/\/www.apfelpatient.de\/#website","url":"https:\/\/www.apfelpatient.de\/","name":"apple patient","description":"Everything about Apple!","publisher":{"@type":"Organization","@id":"https:\/\/www.apfelpatient.de\/en\/#organization","name":"Apfelpatient","url":"https:\/\/www.apfelpatient.de\/en\/"},"alternateName":"Apfelpatient","potentialAction":[{"@type":"SearchAction","target":{"@type":"EntryPoint","urlTemplate":"https:\/\/www.apfelpatient.de\/?s={search_term_string}"},"query-input":{"@type":"PropertyValueSpecification","valueRequired":true,"valueName":"search_term_string"}}],"inLanguage":"en-US"},{"@type":["Person","Organization"],"@id":"https:\/\/www.apfelpatient.de\/#\/schema\/person\/7dc56ad6c8e9824b76d2c08d4c140e13","name":"Milan","logo":{"@id":"https:\/\/www.apfelpatient.de\/#\/schema\/person\/image\/"},"description":"Hello and welcome to my technology blog! As a big Apple fan, I report on everything to do with Apple: from the latest news and exciting rumors to helpful tips and tricks and detailed product tests. If you are as enthusiastic about technology as I am, you have come to the right place!","sameAs":["https:\/\/www.facebook.com\/apfelpatientOfficial","https:\/\/www.linkedin.com\/in\/milan-jovicic-42aa0231b"],"url":"https:\/\/www.apfelpatient.de\/en\/author\/apfeladmin"}]}},"_links":{"self":[{"href":"https:\/\/www.apfelpatient.de\/en\/wp-json\/wp\/v2\/posts\/12815","targetHints":{"allow":["GET"]}}],"collection":[{"href":"https:\/\/www.apfelpatient.de\/en\/wp-json\/wp\/v2\/posts"}],"about":[{"href":"https:\/\/www.apfelpatient.de\/en\/wp-json\/wp\/v2\/types\/post"}],"author":[{"embeddable":true,"href":"https:\/\/www.apfelpatient.de\/en\/wp-json\/wp\/v2\/users\/2"}],"replies":[{"embeddable":true,"href":"https:\/\/www.apfelpatient.de\/en\/wp-json\/wp\/v2\/comments?post=12815"}],"version-history":[{"count":0,"href":"https:\/\/www.apfelpatient.de\/en\/wp-json\/wp\/v2\/posts\/12815\/revisions"}],"wp:featuredmedia":[{"embeddable":true,"href":"https:\/\/www.apfelpatient.de\/en\/wp-json\/wp\/v2\/media\/12816"}],"wp:attachment":[{"href":"https:\/\/www.apfelpatient.de\/en\/wp-json\/wp\/v2\/media?parent=12815"}],"wp:term":[{"taxonomy":"category","embeddable":true,"href":"https:\/\/www.apfelpatient.de\/en\/wp-json\/wp\/v2\/categories?post=12815"},{"taxonomy":"post_tag","embeddable":true,"href":"https:\/\/www.apfelpatient.de\/en\/wp-json\/wp\/v2\/tags?post=12815"}],"curies":[{"name":"wp","href":"https:\/\/api.w.org\/{rel}","templated":true}]}}