{"id":12812,"date":"2020-06-09T14:44:49","date_gmt":"2020-06-09T12:44:49","guid":{"rendered":"https:\/\/www.apfelpatient.de\/?p=12812"},"modified":"2020-06-09T14:44:49","modified_gmt":"2020-06-09T12:44:49","slug":"apple-plans-to-unveil-arm-mac-chip-at-wwdc-2020","status":"publish","type":"post","link":"https:\/\/www.apfelpatient.de\/en\/rumors\/apple-plant-an-der-wwdc-2020-arm-mac-chip-vorzustellen","title":{"rendered":"Apple plans to unveil ARM Mac chip at WWDC 2020"},"content":{"rendered":"<p class=\"has-drop-cap\"><strong>The next World Wide Developer Conference (WWDC 2020) will start in just under two weeks. iOS 14, iPadOS 14, tvOS 14, watchOS 7 and macOS 10.16 are expected. But in addition to software, hardware will also be presented.<\/strong><\/p>\n\n\n\n<p>A new <a href=\"https:\/\/www.bloomberg.com\/news\/articles\/2020-06-09\/apple-plans-to-announce-move-to-its-own-mac-chips-at-wwdc\" rel=\"nofollow\" class=\"ek-link\"><span style=\"text-decoration: underline;\" class=\"ek-underline\">Bloomberg<\/span><\/a> According to reports, Apple is expected to announce the transition from Intel to its own ARM chips at this year&#039;s WWDC 2020. Since Apple has already enjoyed great success with the A-series chips for iPhone and iPad, the company now wants to make a breakthrough in the laptop and desktop sector. The plan is to announce the new chips on June 22nd. However, the first ARM device is not expected until 2021. This would give developers enough time to complete their software. According to Bloomberg, it is a 12-core ARM chip that has undergone the 5-nanometer manufacturing process. Compared to Intel&#039;s current chip series for MacBook Air devices, Apple&#039;s creation is said to be more powerful.&nbsp;<\/p>\n\n\n\n<h3 class=\"wp-block-heading\">Is the MacBook coming back with 12\u2033?<\/h3>\n\n\n\n\n\n\n\n<p>Cupertino wants to improve both the performance and energy efficiency of MacBooks with the new ARM chips. But the cost factor should also be reduced as a result. Apple&#039;s roadmap calls for converting the MacBook series to ARM first, before the desktop devices follow. But which notebook could the company start with? The anonymous Twitter account @L0vetodream believes it knows the answer. Some time ago, it announced a new 12-inch MacBook. The device is said to use the new ARM chip architecture and will debut next year. We will soon see whether today&#039;s report is correct.&nbsp;<em>(Image: Apple)<\/em><\/p>\n\n\n\n<ul class=\"wp-block-list\"><li><a href=\"https:\/\/www.apfelpatient.de\/en\/generally\/wwdc-2020-everything-we-know-about-ios-14\" class=\"ek-link\"><span style=\"text-decoration: underline;\" class=\"ek-underline\">WWDC 2020: Everything we know about iOS 14<\/span><\/a><\/li><\/ul>\n\n\n\n<h6 class=\"wp-block-heading translation-block\" id=\"h-kennt-ihr-schon-unsere-amazon-storefront-dort-findet-ihr-eine-handverlesene-auswahl-von-diversen-produkten-f-r-euer-iphone-und-co-viel-spa-beim-st-bern\"><em>Have you already visited our Amazon Storefront? There you&#039;ll find a hand-picked selection of various products for your iPhone and other devices \u2013 <span class=\"has-inline-color has-vivid-red-color\"><a href=\"https:\/\/www.amazon.de\/shop\/apfelpatientofficial\" class=\"ek-link\" data-wpel-link=\"exclude\" rel=\"follow noopener\" target=\"_self\"><span style=\"text-decoration: underline\" class=\"ek-underline\">enjoy browsing<\/span><\/a> !<\/span><\/em><\/h6>\n\n\n\n\n\n<h6 class=\"wp-block-heading translation-block\" id=\"h-der-beitrag-enthalt-partnerlinks\">This post contains <a data-type=\"URL\" data-id=\"https:\/\/www.apfelpatient.de\/partnerprogramm\" href=\"https:\/\/www.apfelpatient.de\/en\/partner-program\" data-wpel-link=\"internal\" target=\"_self\">affiliate links<\/a>.<\/h6>","protected":false},"excerpt":{"rendered":"<p>Apple plans to usher in the transition from Intel to in-house ARM chips at this year&#039;s WWDC 2020.<\/p>","protected":false},"author":2,"featured_media":12095,"comment_status":"closed","ping_status":"closed","sticky":false,"template":"","format":"standard","meta":{"jnews-multi-image_gallery":[],"jnews_single_post":{"subtitle":"","format":"standard","video":"","gallery":"","source_name":"","source_url":"","via_name":"","via_url":"","override":[{"single_blog_custom":"","sidebar":"","second_sidebar":"","share_position":"","share_float_style":"","post_date_format":"","post_date_format_custom":"","post_reading_time_wpm":"","zoom_button_out_step":"1","zoom_button_in_step":"1","number_popup_post":"1"}],"image_override":[{"single_post_thumbnail_size":"","single_post_gallery_size":""}],"trending_post_position":"","trending_post_label":"","sponsored_post_label":"","sponsored_post_name":"","sponsored_post_url":"","sponsored_post_logo":"","sponsored_post_desc":""},"jnews_primary_category":{"id":"274"},"footnotes":""},"categories":[25],"tags":[40,203,320],"class_list":["post-12812","post","type-post","status-publish","format-standard","has-post-thumbnail","hentry","category-rumors","tag-mac","tag-wwdc","tag-wwdc-2020"],"yoast_head":"<!-- This site is optimized with the Yoast SEO Premium plugin v27.5 (Yoast SEO v27.5) - https:\/\/yoast.com\/product\/yoast-seo-premium-wordpress\/ -->\n<title>Apple plant an der WWDC 2020 ARM-Mac-Chip vorzustellen Apfelpatient<\/title>\n<meta name=\"description\" content=\"Apple plant im Rahmen der diesj\u00e4hrigen WWDC 2020 den \u00dcbergang von Intel zu hauseigenen ARM-Chips einzul\u00e4uten.\" \/>\n<meta name=\"robots\" content=\"index, follow, max-snippet:-1, max-image-preview:large, max-video-preview:-1\" \/>\n<link rel=\"canonical\" href=\"https:\/\/www.apfelpatient.de\/en\/rumors\/apple-plans-to-unveil-arm-mac-chip-at-wwdc-2020\" \/>\n<meta property=\"og:locale\" content=\"en_US\" \/>\n<meta property=\"og:type\" content=\"article\" \/>\n<meta property=\"og:title\" content=\"Apple plant an der WWDC 2020 ARM-Mac-Chip vorzustellen\" \/>\n<meta property=\"og:description\" content=\"Apple plant im Rahmen der diesj\u00e4hrigen WWDC 2020 den \u00dcbergang von Intel zu hauseigenen ARM-Chips einzul\u00e4uten.\" \/>\n<meta property=\"og:url\" content=\"https:\/\/www.apfelpatient.de\/en\/rumors\/apple-plans-to-unveil-arm-mac-chip-at-wwdc-2020\" \/>\n<meta property=\"og:site_name\" content=\"Apfelpatient\" \/>\n<meta property=\"article:publisher\" content=\"https:\/\/www.facebook.com\/apfelpatientOfficial\" \/>\n<meta property=\"article:author\" content=\"https:\/\/www.facebook.com\/apfelpatientOfficial\" \/>\n<meta property=\"article:published_time\" content=\"2020-06-09T12:44:49+00:00\" \/>\n<meta property=\"og:image\" content=\"https:\/\/www.apfelpatient.de\/wp-content\/uploads\/2020\/05\/apple_wwdc-announcement_ready-set-code-3_05052020_big.jpg.large_2x.jpg\" \/>\n\t<meta property=\"og:image:width\" content=\"1960\" \/>\n\t<meta property=\"og:image:height\" content=\"1102\" \/>\n\t<meta property=\"og:image:type\" content=\"image\/jpeg\" \/>\n<meta name=\"author\" content=\"Milan\" \/>\n<meta name=\"twitter:card\" content=\"summary_large_image\" \/>\n<meta name=\"twitter:description\" content=\"Apple plant im Rahmen der diesj\u00e4hrigen WWDC 2020 den \u00dcbergang von Intel zu hauseigenen ARM-Chips einzul\u00e4uten.\" \/>\n<meta name=\"twitter:label1\" content=\"Written by\" \/>\n\t<meta name=\"twitter:data1\" content=\"Milan\" \/>\n\t<meta name=\"twitter:label2\" content=\"Est. reading time\" \/>\n\t<meta name=\"twitter:data2\" content=\"1 minute\" \/>\n<script type=\"application\/ld+json\" class=\"yoast-schema-graph\">{\"@context\":\"https:\\\/\\\/schema.org\",\"@graph\":[{\"@type\":\"NewsArticle\",\"@id\":\"https:\\\/\\\/www.apfelpatient.de\\\/rumors\\\/apple-plant-an-der-wwdc-2020-arm-mac-chip-vorzustellen#article\",\"isPartOf\":{\"@id\":\"https:\\\/\\\/www.apfelpatient.de\\\/rumors\\\/apple-plant-an-der-wwdc-2020-arm-mac-chip-vorzustellen\"},\"author\":{\"@type\":\"Organization\",\"@id\":\"https:\\\/\\\/www.apfelpatient.de\\\/en\\\/#organization\",\"name\":\"Apfelpatient\",\"url\":\"https:\\\/\\\/www.apfelpatient.de\\\/en\\\/\"},\"headline\":\"Apple plant an der WWDC 2020 ARM-Mac-Chip vorzustellen\",\"datePublished\":\"2020-06-09T12:44:49+00:00\",\"mainEntityOfPage\":{\"@id\":\"https:\\\/\\\/www.apfelpatient.de\\\/rumors\\\/apple-plant-an-der-wwdc-2020-arm-mac-chip-vorzustellen\"},\"wordCount\":276,\"publisher\":{\"@type\":\"Organization\",\"@id\":\"https:\\\/\\\/www.apfelpatient.de\\\/en\\\/#organization\",\"name\":\"Apfelpatient\",\"url\":\"https:\\\/\\\/www.apfelpatient.de\\\/en\\\/\"},\"image\":{\"@id\":\"https:\\\/\\\/www.apfelpatient.de\\\/rumors\\\/apple-plant-an-der-wwdc-2020-arm-mac-chip-vorzustellen#primaryimage\"},\"thumbnailUrl\":\"https:\\\/\\\/www.apfelpatient.de\\\/wp-content\\\/uploads\\\/2020\\\/05\\\/apple_wwdc-announcement_ready-set-code-3_05052020_big.jpg.large_2x.jpg\",\"keywords\":[\"Mac\",\"WWDC\",\"WWDC 2020\"],\"articleSection\":\"Rumors\",\"inLanguage\":\"en-US\",\"copyrightYear\":\"2020\",\"copyrightHolder\":{\"@id\":\"https:\\\/\\\/www.apfelpatient.de\\\/en\\\/#organization\"}},{\"@type\":\"WebPage\",\"@id\":\"https:\\\/\\\/www.apfelpatient.de\\\/rumors\\\/apple-plant-an-der-wwdc-2020-arm-mac-chip-vorzustellen\",\"url\":\"https:\\\/\\\/www.apfelpatient.de\\\/rumors\\\/apple-plant-an-der-wwdc-2020-arm-mac-chip-vorzustellen\",\"name\":\"Apple plant an der WWDC 2020 ARM-Mac-Chip vorzustellen Apfelpatient\",\"isPartOf\":{\"@id\":\"https:\\\/\\\/www.apfelpatient.de\\\/#website\"},\"primaryImageOfPage\":{\"@id\":\"https:\\\/\\\/www.apfelpatient.de\\\/rumors\\\/apple-plant-an-der-wwdc-2020-arm-mac-chip-vorzustellen#primaryimage\"},\"image\":{\"@id\":\"https:\\\/\\\/www.apfelpatient.de\\\/rumors\\\/apple-plant-an-der-wwdc-2020-arm-mac-chip-vorzustellen#primaryimage\"},\"thumbnailUrl\":\"https:\\\/\\\/www.apfelpatient.de\\\/wp-content\\\/uploads\\\/2020\\\/05\\\/apple_wwdc-announcement_ready-set-code-3_05052020_big.jpg.large_2x.jpg\",\"datePublished\":\"2020-06-09T12:44:49+00:00\",\"description\":\"Apple plant im Rahmen der diesj\u00e4hrigen WWDC 2020 den \u00dcbergang von Intel zu hauseigenen ARM-Chips einzul\u00e4uten.\",\"breadcrumb\":{\"@id\":\"https:\\\/\\\/www.apfelpatient.de\\\/rumors\\\/apple-plant-an-der-wwdc-2020-arm-mac-chip-vorzustellen#breadcrumb\"},\"inLanguage\":\"en-US\",\"potentialAction\":[{\"@type\":\"ReadAction\",\"target\":[\"https:\\\/\\\/www.apfelpatient.de\\\/rumors\\\/apple-plant-an-der-wwdc-2020-arm-mac-chip-vorzustellen\"]}]},{\"@type\":\"ImageObject\",\"inLanguage\":\"en-US\",\"@id\":\"https:\\\/\\\/www.apfelpatient.de\\\/rumors\\\/apple-plant-an-der-wwdc-2020-arm-mac-chip-vorzustellen#primaryimage\",\"url\":\"https:\\\/\\\/www.apfelpatient.de\\\/wp-content\\\/uploads\\\/2020\\\/05\\\/apple_wwdc-announcement_ready-set-code-3_05052020_big.jpg.large_2x.jpg\",\"contentUrl\":\"https:\\\/\\\/www.apfelpatient.de\\\/wp-content\\\/uploads\\\/2020\\\/05\\\/apple_wwdc-announcement_ready-set-code-3_05052020_big.jpg.large_2x.jpg\",\"width\":1960,\"height\":1102,\"caption\":\"Bild: Apple\"},{\"@type\":\"BreadcrumbList\",\"@id\":\"https:\\\/\\\/www.apfelpatient.de\\\/rumors\\\/apple-plant-an-der-wwdc-2020-arm-mac-chip-vorzustellen#breadcrumb\",\"itemListElement\":[{\"@type\":\"ListItem\",\"position\":1,\"name\":\"Startseite\",\"item\":\"https:\\\/\\\/www.apfelpatient.de\\\/\"},{\"@type\":\"ListItem\",\"position\":2,\"name\":\"Apple plant an der WWDC 2020 ARM-Mac-Chip vorzustellen\"}]},{\"@type\":\"WebSite\",\"@id\":\"https:\\\/\\\/www.apfelpatient.de\\\/#website\",\"url\":\"https:\\\/\\\/www.apfelpatient.de\\\/\",\"name\":\"Apfelpatient\",\"description\":\"Alles rund um Apple!\",\"publisher\":{\"@type\":\"Organization\",\"@id\":\"https:\\\/\\\/www.apfelpatient.de\\\/en\\\/#organization\",\"name\":\"Apfelpatient\",\"url\":\"https:\\\/\\\/www.apfelpatient.de\\\/en\\\/\"},\"alternateName\":\"Apfelpatient\",\"potentialAction\":[{\"@type\":\"SearchAction\",\"target\":{\"@type\":\"EntryPoint\",\"urlTemplate\":\"https:\\\/\\\/www.apfelpatient.de\\\/?s={search_term_string}\"},\"query-input\":{\"@type\":\"PropertyValueSpecification\",\"valueRequired\":true,\"valueName\":\"search_term_string\"}}],\"inLanguage\":\"en-US\"},{\"@type\":[\"Person\",\"Organization\"],\"@id\":\"https:\\\/\\\/www.apfelpatient.de\\\/#\\\/schema\\\/person\\\/7dc56ad6c8e9824b76d2c08d4c140e13\",\"name\":\"Milan\",\"logo\":{\"@id\":\"https:\\\/\\\/www.apfelpatient.de\\\/#\\\/schema\\\/person\\\/image\\\/\"},\"description\":\"Hallo und herzlich willkommen auf meinem Technik-Blog! Als gro\u00dfer Apple-Fan berichte ich hier \u00fcber alles, was mit Apple zu tun hat: von den neuesten News und spannenden Ger\u00fcchten \u00fcber hilfreiche Tipps und Tricks bis hin zu ausf\u00fchrlichen Produkttests. Wenn du genauso technikbegeistert bist wie ich, bist du hier genau richtig!\",\"sameAs\":[\"https:\\\/\\\/www.facebook.com\\\/apfelpatientOfficial\",\"https:\\\/\\\/www.linkedin.com\\\/in\\\/milan-jovicic-42aa0231b\"],\"url\":\"https:\\\/\\\/www.apfelpatient.de\\\/en\\\/author\\\/apfeladmin\"}]}<\/script>\n<!-- \/ Yoast SEO Premium plugin. -->","yoast_head_json":{"title":"Apple plans to unveil ARM Mac chip at WWDC 2020 Apfelpatient","description":"Apple plans to usher in the transition from Intel to in-house ARM chips at this year&#039;s WWDC 2020.","robots":{"index":"index","follow":"follow","max-snippet":"max-snippet:-1","max-image-preview":"max-image-preview:large","max-video-preview":"max-video-preview:-1"},"canonical":"https:\/\/www.apfelpatient.de\/en\/rumors\/apple-plans-to-unveil-arm-mac-chip-at-wwdc-2020","og_locale":"en_US","og_type":"article","og_title":"Apple plant an der WWDC 2020 ARM-Mac-Chip vorzustellen","og_description":"Apple plant im Rahmen der diesj\u00e4hrigen WWDC 2020 den \u00dcbergang von Intel zu hauseigenen ARM-Chips einzul\u00e4uten.","og_url":"https:\/\/www.apfelpatient.de\/en\/rumors\/apple-plans-to-unveil-arm-mac-chip-at-wwdc-2020","og_site_name":"Apfelpatient","article_publisher":"https:\/\/www.facebook.com\/apfelpatientOfficial","article_author":"https:\/\/www.facebook.com\/apfelpatientOfficial","article_published_time":"2020-06-09T12:44:49+00:00","og_image":[{"width":1960,"height":1102,"url":"https:\/\/www.apfelpatient.de\/wp-content\/uploads\/2020\/05\/apple_wwdc-announcement_ready-set-code-3_05052020_big.jpg.large_2x.jpg","type":"image\/jpeg"}],"author":"Milan","twitter_card":"summary_large_image","twitter_description":"Apple plant im Rahmen der diesj\u00e4hrigen WWDC 2020 den \u00dcbergang von Intel zu hauseigenen ARM-Chips einzul\u00e4uten.","twitter_misc":{"Written by":"Milan","Est. reading time":"1 minute"},"schema":{"@context":"https:\/\/schema.org","@graph":[{"@type":"NewsArticle","@id":"https:\/\/www.apfelpatient.de\/rumors\/apple-plant-an-der-wwdc-2020-arm-mac-chip-vorzustellen#article","isPartOf":{"@id":"https:\/\/www.apfelpatient.de\/rumors\/apple-plant-an-der-wwdc-2020-arm-mac-chip-vorzustellen"},"author":{"@type":"Organization","@id":"https:\/\/www.apfelpatient.de\/en\/#organization","name":"Apfelpatient","url":"https:\/\/www.apfelpatient.de\/en\/"},"headline":"Apple plant an der WWDC 2020 ARM-Mac-Chip vorzustellen","datePublished":"2020-06-09T12:44:49+00:00","mainEntityOfPage":{"@id":"https:\/\/www.apfelpatient.de\/rumors\/apple-plant-an-der-wwdc-2020-arm-mac-chip-vorzustellen"},"wordCount":276,"publisher":{"@type":"Organization","@id":"https:\/\/www.apfelpatient.de\/en\/#organization","name":"Apfelpatient","url":"https:\/\/www.apfelpatient.de\/en\/"},"image":{"@id":"https:\/\/www.apfelpatient.de\/rumors\/apple-plant-an-der-wwdc-2020-arm-mac-chip-vorzustellen#primaryimage"},"thumbnailUrl":"https:\/\/www.apfelpatient.de\/wp-content\/uploads\/2020\/05\/apple_wwdc-announcement_ready-set-code-3_05052020_big.jpg.large_2x.jpg","keywords":["Mac","WWDC","WWDC 2020"],"articleSection":"Rumors","inLanguage":"en-US","copyrightYear":"2020","copyrightHolder":{"@id":"https:\/\/www.apfelpatient.de\/en\/#organization"}},{"@type":"WebPage","@id":"https:\/\/www.apfelpatient.de\/rumors\/apple-plant-an-der-wwdc-2020-arm-mac-chip-vorzustellen","url":"https:\/\/www.apfelpatient.de\/rumors\/apple-plant-an-der-wwdc-2020-arm-mac-chip-vorzustellen","name":"Apple plans to unveil ARM Mac chip at WWDC 2020 Apfelpatient","isPartOf":{"@id":"https:\/\/www.apfelpatient.de\/#website"},"primaryImageOfPage":{"@id":"https:\/\/www.apfelpatient.de\/rumors\/apple-plant-an-der-wwdc-2020-arm-mac-chip-vorzustellen#primaryimage"},"image":{"@id":"https:\/\/www.apfelpatient.de\/rumors\/apple-plant-an-der-wwdc-2020-arm-mac-chip-vorzustellen#primaryimage"},"thumbnailUrl":"https:\/\/www.apfelpatient.de\/wp-content\/uploads\/2020\/05\/apple_wwdc-announcement_ready-set-code-3_05052020_big.jpg.large_2x.jpg","datePublished":"2020-06-09T12:44:49+00:00","description":"Apple plans to usher in the transition from Intel to in-house ARM chips at this year&#039;s WWDC 2020.","breadcrumb":{"@id":"https:\/\/www.apfelpatient.de\/rumors\/apple-plant-an-der-wwdc-2020-arm-mac-chip-vorzustellen#breadcrumb"},"inLanguage":"en-US","potentialAction":[{"@type":"ReadAction","target":["https:\/\/www.apfelpatient.de\/rumors\/apple-plant-an-der-wwdc-2020-arm-mac-chip-vorzustellen"]}]},{"@type":"ImageObject","inLanguage":"en-US","@id":"https:\/\/www.apfelpatient.de\/rumors\/apple-plant-an-der-wwdc-2020-arm-mac-chip-vorzustellen#primaryimage","url":"https:\/\/www.apfelpatient.de\/wp-content\/uploads\/2020\/05\/apple_wwdc-announcement_ready-set-code-3_05052020_big.jpg.large_2x.jpg","contentUrl":"https:\/\/www.apfelpatient.de\/wp-content\/uploads\/2020\/05\/apple_wwdc-announcement_ready-set-code-3_05052020_big.jpg.large_2x.jpg","width":1960,"height":1102,"caption":"Bild: Apple"},{"@type":"BreadcrumbList","@id":"https:\/\/www.apfelpatient.de\/rumors\/apple-plant-an-der-wwdc-2020-arm-mac-chip-vorzustellen#breadcrumb","itemListElement":[{"@type":"ListItem","position":1,"name":"Startseite","item":"https:\/\/www.apfelpatient.de\/"},{"@type":"ListItem","position":2,"name":"Apple plant an der WWDC 2020 ARM-Mac-Chip vorzustellen"}]},{"@type":"WebSite","@id":"https:\/\/www.apfelpatient.de\/#website","url":"https:\/\/www.apfelpatient.de\/","name":"apple patient","description":"Everything about Apple!","publisher":{"@type":"Organization","@id":"https:\/\/www.apfelpatient.de\/en\/#organization","name":"Apfelpatient","url":"https:\/\/www.apfelpatient.de\/en\/"},"alternateName":"Apfelpatient","potentialAction":[{"@type":"SearchAction","target":{"@type":"EntryPoint","urlTemplate":"https:\/\/www.apfelpatient.de\/?s={search_term_string}"},"query-input":{"@type":"PropertyValueSpecification","valueRequired":true,"valueName":"search_term_string"}}],"inLanguage":"en-US"},{"@type":["Person","Organization"],"@id":"https:\/\/www.apfelpatient.de\/#\/schema\/person\/7dc56ad6c8e9824b76d2c08d4c140e13","name":"Milan","logo":{"@id":"https:\/\/www.apfelpatient.de\/#\/schema\/person\/image\/"},"description":"Hello and welcome to my technology blog! As a big Apple fan, I report on everything to do with Apple: from the latest news and exciting rumors to helpful tips and tricks and detailed product tests. If you are as enthusiastic about technology as I am, you have come to the right place!","sameAs":["https:\/\/www.facebook.com\/apfelpatientOfficial","https:\/\/www.linkedin.com\/in\/milan-jovicic-42aa0231b"],"url":"https:\/\/www.apfelpatient.de\/en\/author\/apfeladmin"}]}},"_links":{"self":[{"href":"https:\/\/www.apfelpatient.de\/en\/wp-json\/wp\/v2\/posts\/12812","targetHints":{"allow":["GET"]}}],"collection":[{"href":"https:\/\/www.apfelpatient.de\/en\/wp-json\/wp\/v2\/posts"}],"about":[{"href":"https:\/\/www.apfelpatient.de\/en\/wp-json\/wp\/v2\/types\/post"}],"author":[{"embeddable":true,"href":"https:\/\/www.apfelpatient.de\/en\/wp-json\/wp\/v2\/users\/2"}],"replies":[{"embeddable":true,"href":"https:\/\/www.apfelpatient.de\/en\/wp-json\/wp\/v2\/comments?post=12812"}],"version-history":[{"count":0,"href":"https:\/\/www.apfelpatient.de\/en\/wp-json\/wp\/v2\/posts\/12812\/revisions"}],"wp:featuredmedia":[{"embeddable":true,"href":"https:\/\/www.apfelpatient.de\/en\/wp-json\/wp\/v2\/media\/12095"}],"wp:attachment":[{"href":"https:\/\/www.apfelpatient.de\/en\/wp-json\/wp\/v2\/media?parent=12812"}],"wp:term":[{"taxonomy":"category","embeddable":true,"href":"https:\/\/www.apfelpatient.de\/en\/wp-json\/wp\/v2\/categories?post=12812"},{"taxonomy":"post_tag","embeddable":true,"href":"https:\/\/www.apfelpatient.de\/en\/wp-json\/wp\/v2\/tags?post=12812"}],"curies":[{"name":"wp","href":"https:\/\/api.w.org\/{rel}","templated":true}]}}